{"id":11129,"date":"2025-10-22T16:00:05","date_gmt":"2025-10-22T14:00:05","guid":{"rendered":"https:\/\/www.triathlon.barcelona\/?p=11129"},"modified":"2025-10-22T15:57:44","modified_gmt":"2025-10-22T13:57:44","slug":"barcelona-acull-el-challenge-barcelona-triatlo-2025-amb-nova-distancia-middle-per-primer-cop-a-la-seva-historia","status":"publish","type":"post","link":"https:\/\/www.triathlon.barcelona\/ca\/barcelona-acull-el-challenge-barcelona-triatlo-2025-amb-nova-distancia-middle-per-primer-cop-a-la-seva-historia\/","title":{"rendered":"Barcelona acull el Challenge Barcelona Triatl\u00f3 2025 amb nova dist\u00e0ncia Middle per primer cop a la seva hist\u00f2ria"},"content":{"rendered":"<p><strong>La prova internacional de triatl\u00f3 se celebrar\u00e0 els dies 25 i 26 d\u2019octubre a la platja de la Mar Bella.<\/strong><!--more--><br \/>\n<strong>La <em>Middle Distance<\/em>, gran novetat d\u2019aquest 2025, consolida la capital catalana com a referent internacional del triatl\u00f3.<\/strong><br \/>\n<strong>M\u00e9s de 70 triatletes professionals formaran part d\u2019aquesta edici\u00f3 que tindr\u00e0 un 35% de participaci\u00f3 internacional.<\/strong><br \/>\n<strong>La TRIEXPO acollir\u00e0 m\u00e9s de 20 marques del sector i el projecte Triatl\u00f3 Sense Fronteres reafirma el comprom\u00eds inclusiu de la prova.<\/strong><br \/>\n<strong>Retransmissi\u00f3 en directe de la prova amb un programa especial el diumenge 26 que podr\u00e0 seguir-se a la tele, web, <em>app<\/em> i YouTube de betev\u00e9 i a la plataforma La Xarxa+.<\/strong><\/p>\n<p>El Challenge Barcelona Triatl\u00f3 2025 se celebrar\u00e0 el cap de setmana del 25 i 26 d\u2019octubre i reunir\u00e0 prop de 3.000 triatletes de tot el m\u00f3n. La cita, que es consolida com un dels esdeveniments esportius de la ciutat, tornar\u00e0 a tenir com a centre neur\u00e0lgic el CEM La Mar Bella, des d\u2019on es desenvoluparan totes les proves i activitats del cap de setmana. La gran novetat d\u2019aquesta edici\u00f3 \u00e9s la incorporaci\u00f3, per primera vegada, de la <em>Middle Distance<\/em>, una modalitat de mitja dist\u00e0ncia que combina 1.900 metres de nataci\u00f3, 88 quil\u00f2metres de ciclisme i 21 quil\u00f2metres de cursa a peu. Concretament, en el segment de bicicleta d\u2019aquesta modalitat sortir\u00e0 i arribar\u00e0 a Barcelona i passar\u00e0 per Sant Adri\u00e0 del Bes\u00f2s, Badalona, Montgat, El Masnou, Premi\u00e0 de Mar, Vilassar de Mar, Cabrera de Mar i Matar\u00f3. Amb aquest format, Barcelona fa un pas endavant per situar-se entre les grans capitals internacionals del triatl\u00f3.<\/p>\n<p>El regidor d\u2019Esports, David Escud\u00e9, ha recordat que aquesta ser\u00e0 una edici\u00f3 hist\u00f2rica: \u201cAquest cap de setmana, Barcelona viur\u00e0 un triatl\u00f3 molt diferent de totes les altres edicions viscudes fins ara. S\u2019ha treballat molt intensament per oferir aquesta nova modalitat de mitja dist\u00e0ncia que ser\u00e0 un salt qualitatiu per al Challenge Barcelona Triatl\u00f3. Arribar fins a Matar\u00f3 en el tram ciclista implica un repte organitzatiu molt gran, per\u00f2 estem conven\u00e7uts que valdr\u00e0 la pena i que ser\u00e0 un al\u00b7licient enorme tant pels i les participants com per a tota la ciutadania que segueix aquesta prova i que podr\u00e0 gaudir de l\u2019espectacle i de l\u2019emoci\u00f3 en primera persona als carrers de la nostra ciutat\u201d.<\/p>\n<p><strong>Un circuit ciclista de 88 km entre Barcelona i Matar\u00f3<\/strong><\/p>\n<p>La <em>Middle Distance<\/em> estrena un nou recorregut ciclista de 88 km que connecta Barcelona amb Matar\u00f3, combinant trams r\u00e0pids i esc\u00e8nics a la costa amb un final urb\u00e0 dins la ciutat. El circuit es divideix en tres parts: un tram d\u2019enlla\u00e7 de 9 km entre Barcelona i Montgat, dues voltes de 32 km entre Montgat i Matar\u00f3, i un tram final de 15 km de retorn cap al CEM La Mar Bella.<\/p>\n<p>Despr\u00e9s de gaireb\u00e9 dos anys de treball i coordinaci\u00f3 institucional, l\u2019organitzaci\u00f3 ha dissenyat un recorregut segur, competitiu i visualment atractiu que consolida el Challenge Barcelona Triatl\u00f3 com una de les proves de mitja dist\u00e0ncia m\u00e9s destacades del calendari europeu.<\/p>\n<p><strong>Participaci\u00f3 internacional i femenina en augment<\/strong><\/p>\n<p>L\u2019edici\u00f3 2025 comptar\u00e0 amb m\u00e9s de 70 triatletes professionals i una destacada pres\u00e8ncia internacional (35%), amb representants de m\u00e9s de 65 pa\u00efsos. La pres\u00e8ncia femenina es mant\u00e9 propera al 30% del total d\u2019inscrits, consolidant la tend\u00e8ncia creixent de dones triatletes en la competici\u00f3.<\/p>\n<p><strong>Totes les dist\u00e0ncies i modalitats<\/strong><\/p>\n<p>El programa del Challenge Barcelona Triatl\u00f3 2025 inclour\u00e0 diferents proves per a tots els nivells:<\/p>\n<p><strong><em>Middle Distance<\/em><\/strong> (26 d\u2019octubre): 1.900 m nataci\u00f3, 88 km ciclisme i 21 km cursa a peu.<br \/>\n<strong><em>Sprint Distance<\/em><\/strong> (26 d\u2019octubre): 750 m nataci\u00f3, 20 km ciclisme i 5 km cursa a peu.<br \/>\n<strong><em>Junior Challenge<\/em><\/strong> (26 d\u2019octubre): 300 m nataci\u00f3, 7 km ciclisme i 1,5 km cursa a peu.<br \/>\n<strong><em>Aquathlon<\/em><\/strong> (25 d\u2019octubre): 750 m nataci\u00f3 i 5 km cursa a peu.<br \/>\n<strong><em>Open Water<\/em><\/strong> (25 d\u2019octubre): 1.900 m o 3.800 m de nataci\u00f3.<\/p>\n<p>Les proves de dissabte, l\u2019<em>Aquathlon<\/em> i les <em>Open Water<\/em>, permetran viure un ambient esportiu durant tot el cap de setmana a la zona de la Mar Bella.<\/p>\n<p><strong>Premis i reconeixements<\/strong><\/p>\n<p>El Challenge Barcelona Triatl\u00f3 2025 repartir\u00e0 25.000 euros en premis per a la categoria <em>PRO Middle Distance<\/em>, amb guardons econ\u00f2mics per als sis primers classificats (homes i dones).<\/p>\n<p>A m\u00e9s, es lliuraran trofeus per categories i inscripcions gratu\u00eftes per al Challenge Gda\u0144sk 2026 als tres primers classificats de grups d\u2019edat de la <em>Middle Distance<\/em>.<\/p>\n<p><strong>TRIEXPO: La fira m\u00e9s gran del triatl\u00f3 arriba a Barcelona<\/strong><\/p>\n<p>La TRIEXPO tornar\u00e0 a omplir la pista del CEM La Mar Bella amb m\u00e9s de 20 marques l\u00edders del sector, oferint les darreres novetats en material esportiu, nutrici\u00f3 i tecnologia per a triatletes. Estar\u00e0 oberta al p\u00fablic el divendres 24 d\u2019octubre (de 15 a 19 h) i el dissabte 25 d\u2019octubre (de 9 a 18 h), amb acc\u00e9s gratu\u00eft.<\/p>\n<p><strong>Junior Challenge: per a joves d\u2019entre 12 i 17 anys<\/strong><\/p>\n<p>Com ja va passar en l\u2019edici\u00f3 de 2023, el Challenge Barcelona Triatl\u00f3 torna a oferir una opci\u00f3 per als m\u00e9s joves amb l\u2019objectiu de promocionar i fer arribar aquesta prova als i les adolescents mentre gaudeixen del millor escenari i amb la m\u00e0xima seguretat. Aix\u00ed, els nois i noies d\u2019entre 12 i 17 anys participaran amb una dist\u00e0ncia <em>Super Sprint<\/em> amb els mateixos serveis que els adults.<\/p>\n<p><strong>Triatl\u00f3 Sense Fronteres: inclusi\u00f3 i esport per a tothom<\/strong><\/p>\n<p>Un any m\u00e9s, el projecte Triatl\u00f3 Sense Fronteres reafirma el comprom\u00eds del Challenge Barcelona Triatl\u00f3 amb la inclusi\u00f3 social i la igualtat d\u2019oportunitats. L\u2019edici\u00f3 2025 comptar\u00e0 amb la participaci\u00f3 d\u2019esportistes amb discapacitat intel\u00b7lectual, que han seguit un programa d\u2019entrenaments adaptats amb el suport de professionals especialitzats.<\/p>\n<p>El projecte es desenvolupa amb la col\u00b7laboraci\u00f3 de la Federaci\u00f3 ACELL i el suport de la Fundaci\u00f3 \u201cla Caixa\u201d, que renova la seva implicaci\u00f3 per fomentar la diversitat i l\u2019esport accessible per a tothom.<\/p>\n<p><strong>Un esdeveniment consolidat a la ciutat<\/strong><\/p>\n<p>Amb prop de 3.000 participants i un ampli dispositiu, el Challenge Barcelona Triatl\u00f3 2025 es consolida com una cita ineludible del calendari esportiu de la ciutat i un referent internacional en el m\u00f3n del triatl\u00f3.<\/p>\n","protected":false},"excerpt":{"rendered":"<p>La prova internacional de triatl\u00f3 se celebrar\u00e0 els dies 25 i 26 d\u2019octubre a la platja de la Mar Bella.<\/p>\n","protected":false},"author":1,"featured_media":11133,"comment_status":"closed","ping_status":"closed","sticky":false,"template":"","format":"standard","meta":{"_monsterinsights_skip_tracking":false,"site-sidebar-layout":"default","site-content-layout":"","ast-site-content-layout":"default","site-content-style":"default","site-sidebar-style":"default","ast-global-header-display":"","ast-banner-title-visibility":"","ast-main-header-display":"","ast-hfb-above-header-display":"","ast-hfb-below-header-display":"","ast-hfb-mobile-header-display":"","site-post-title":"","ast-breadcrumbs-content":"","ast-featured-img":"","footer-sml-layout":"","ast-disable-related-posts":"","theme-transparent-header-meta":"default","adv-header-id-meta":"","stick-header-meta":"default","header-above-stick-meta":"","header-main-stick-meta":"","header-below-stick-meta":"","astra-migrate-meta-layouts":"set","ast-page-background-enabled":"default","ast-page-background-meta":{"desktop":{"background-color":"","background-image":"","background-repeat":"repeat","background-position":"center center","background-size":"auto","background-attachment":"scroll","background-type":"","background-media":"","overlay-type":"","overlay-color":"","overlay-opacity":"","overlay-gradient":""},"tablet":{"background-color":"","background-image":"","background-repeat":"repeat","background-position":"center center","background-size":"auto","background-attachment":"scroll","background-type":"","background-media":"","overlay-type":"","overlay-color":"","overlay-opacity":"","overlay-gradient":""},"mobile":{"background-color":"","background-image":"","background-repeat":"repeat","background-position":"center center","background-size":"auto","background-attachment":"scroll","background-type":"","background-media":"","overlay-type":"","overlay-color":"","overlay-opacity":"","overlay-gradient":""}},"ast-content-background-meta":{"desktop":{"background-color":"var(--ast-global-color-5)","background-image":"","background-repeat":"repeat","background-position":"center center","background-size":"auto","background-attachment":"scroll","background-type":"","background-media":"","overlay-type":"","overlay-color":"","overlay-opacity":"","overlay-gradient":""},"tablet":{"background-color":"var(--ast-global-color-5)","background-image":"","background-repeat":"repeat","background-position":"center center","background-size":"auto","background-attachment":"scroll","background-type":"","background-media":"","overlay-type":"","overlay-color":"","overlay-opacity":"","overlay-gradient":""},"mobile":{"background-color":"var(--ast-global-color-5)","background-image":"","background-repeat":"repeat","background-position":"center center","background-size":"auto","background-attachment":"scroll","background-type":"","background-media":"","overlay-type":"","overlay-color":"","overlay-opacity":"","overlay-gradient":""}},"footnotes":""},"categories":[1],"tags":[],"class_list":["post-11129","post","type-post","status-publish","format-standard","has-post-thumbnail","hentry","category-noticies"],"yoast_head":"<!-- This site is optimized with the Yoast SEO plugin v27.1 - https:\/\/yoast.com\/product\/yoast-seo-wordpress\/ -->\n<title>Barcelona acull el Challenge Barcelona Triatl\u00f3 2025 amb nova dist\u00e0ncia Middle per primer cop a la seva hist\u00f2ria - Challenge Barcelona Triatl\u00f3<\/title>\n<meta name=\"robots\" content=\"index, follow, max-snippet:-1, max-image-preview:large, max-video-preview:-1\" \/>\n<link rel=\"canonical\" href=\"https:\/\/www.triathlon.barcelona\/ca\/barcelona-acull-el-challenge-barcelona-triatlo-2025-amb-nova-distancia-middle-per-primer-cop-a-la-seva-historia\/\" \/>\n<meta property=\"og:locale\" content=\"ca_ES\" \/>\n<meta property=\"og:type\" content=\"article\" \/>\n<meta property=\"og:title\" content=\"Barcelona acull el Challenge Barcelona Triatl\u00f3 2025 amb nova dist\u00e0ncia Middle per primer cop a la seva hist\u00f2ria - Challenge Barcelona Triatl\u00f3\" \/>\n<meta property=\"og:description\" content=\"La prova internacional de triatl\u00f3 se celebrar\u00e0 els dies 25 i 26 d\u2019octubre a la platja de la Mar Bella.\" \/>\n<meta property=\"og:url\" content=\"https:\/\/www.triathlon.barcelona\/ca\/barcelona-acull-el-challenge-barcelona-triatlo-2025-amb-nova-distancia-middle-per-primer-cop-a-la-seva-historia\/\" \/>\n<meta property=\"og:site_name\" content=\"Challenge Barcelona Triatl\u00f3\" \/>\n<meta property=\"article:publisher\" content=\"https:\/\/www.facebook.com\/barcelonatriathlon\" \/>\n<meta property=\"article:published_time\" content=\"2025-10-22T14:00:05+00:00\" \/>\n<meta property=\"og:image\" content=\"https:\/\/www.triathlon.barcelona\/wp-content\/uploads\/2025\/10\/251022-3000atletes-chbcn2025.jpg\" \/>\n\t<meta property=\"og:image:width\" content=\"1920\" \/>\n\t<meta property=\"og:image:height\" content=\"1280\" \/>\n\t<meta property=\"og:image:type\" content=\"image\/jpeg\" \/>\n<meta name=\"author\" content=\"david\" \/>\n<meta name=\"twitter:card\" content=\"summary_large_image\" \/>\n<meta name=\"twitter:creator\" content=\"@bcn_triathlon\" \/>\n<meta name=\"twitter:site\" content=\"@bcn_triathlon\" \/>\n<meta name=\"twitter:label1\" content=\"Escrit per\" \/>\n\t<meta name=\"twitter:data1\" content=\"david\" \/>\n\t<meta name=\"twitter:label2\" content=\"Temps estimat de lectura\" \/>\n\t<meta name=\"twitter:data2\" content=\"6 minuts\" \/>\n<script type=\"application\/ld+json\" class=\"yoast-schema-graph\">{\"@context\":\"https:\/\/schema.org\",\"@graph\":[{\"@type\":\"Article\",\"@id\":\"https:\/\/www.triathlon.barcelona\/ca\/barcelona-acull-el-challenge-barcelona-triatlo-2025-amb-nova-distancia-middle-per-primer-cop-a-la-seva-historia\/#article\",\"isPartOf\":{\"@id\":\"https:\/\/www.triathlon.barcelona\/ca\/barcelona-acull-el-challenge-barcelona-triatlo-2025-amb-nova-distancia-middle-per-primer-cop-a-la-seva-historia\/\"},\"author\":{\"name\":\"david\",\"@id\":\"https:\/\/www.triathlon.barcelona\/ca\/#\/schema\/person\/812f46a7af75bae5296e42e5b503d1e6\"},\"headline\":\"Barcelona acull el Challenge Barcelona Triatl\u00f3 2025 amb nova dist\u00e0ncia Middle per primer cop a la seva hist\u00f2ria\",\"datePublished\":\"2025-10-22T14:00:05+00:00\",\"mainEntityOfPage\":{\"@id\":\"https:\/\/www.triathlon.barcelona\/ca\/barcelona-acull-el-challenge-barcelona-triatlo-2025-amb-nova-distancia-middle-per-primer-cop-a-la-seva-historia\/\"},\"wordCount\":1027,\"publisher\":{\"@id\":\"https:\/\/www.triathlon.barcelona\/ca\/#organization\"},\"image\":{\"@id\":\"https:\/\/www.triathlon.barcelona\/ca\/barcelona-acull-el-challenge-barcelona-triatlo-2025-amb-nova-distancia-middle-per-primer-cop-a-la-seva-historia\/#primaryimage\"},\"thumbnailUrl\":\"https:\/\/www.triathlon.barcelona\/wp-content\/uploads\/2025\/10\/251022-3000atletes-chbcn2025.jpg\",\"articleSection\":[\"Not\u00edcies\"],\"inLanguage\":\"ca\"},{\"@type\":\"WebPage\",\"@id\":\"https:\/\/www.triathlon.barcelona\/ca\/barcelona-acull-el-challenge-barcelona-triatlo-2025-amb-nova-distancia-middle-per-primer-cop-a-la-seva-historia\/\",\"url\":\"https:\/\/www.triathlon.barcelona\/ca\/barcelona-acull-el-challenge-barcelona-triatlo-2025-amb-nova-distancia-middle-per-primer-cop-a-la-seva-historia\/\",\"name\":\"Barcelona acull el Challenge Barcelona Triatl\u00f3 2025 amb nova dist\u00e0ncia Middle per primer cop a la seva hist\u00f2ria - Challenge Barcelona Triatl\u00f3\",\"isPartOf\":{\"@id\":\"https:\/\/www.triathlon.barcelona\/ca\/#website\"},\"primaryImageOfPage\":{\"@id\":\"https:\/\/www.triathlon.barcelona\/ca\/barcelona-acull-el-challenge-barcelona-triatlo-2025-amb-nova-distancia-middle-per-primer-cop-a-la-seva-historia\/#primaryimage\"},\"image\":{\"@id\":\"https:\/\/www.triathlon.barcelona\/ca\/barcelona-acull-el-challenge-barcelona-triatlo-2025-amb-nova-distancia-middle-per-primer-cop-a-la-seva-historia\/#primaryimage\"},\"thumbnailUrl\":\"https:\/\/www.triathlon.barcelona\/wp-content\/uploads\/2025\/10\/251022-3000atletes-chbcn2025.jpg\",\"datePublished\":\"2025-10-22T14:00:05+00:00\",\"breadcrumb\":{\"@id\":\"https:\/\/www.triathlon.barcelona\/ca\/barcelona-acull-el-challenge-barcelona-triatlo-2025-amb-nova-distancia-middle-per-primer-cop-a-la-seva-historia\/#breadcrumb\"},\"inLanguage\":\"ca\",\"potentialAction\":[{\"@type\":\"ReadAction\",\"target\":[\"https:\/\/www.triathlon.barcelona\/ca\/barcelona-acull-el-challenge-barcelona-triatlo-2025-amb-nova-distancia-middle-per-primer-cop-a-la-seva-historia\/\"]}]},{\"@type\":\"ImageObject\",\"inLanguage\":\"ca\",\"@id\":\"https:\/\/www.triathlon.barcelona\/ca\/barcelona-acull-el-challenge-barcelona-triatlo-2025-amb-nova-distancia-middle-per-primer-cop-a-la-seva-historia\/#primaryimage\",\"url\":\"https:\/\/www.triathlon.barcelona\/wp-content\/uploads\/2025\/10\/251022-3000atletes-chbcn2025.jpg\",\"contentUrl\":\"https:\/\/www.triathlon.barcelona\/wp-content\/uploads\/2025\/10\/251022-3000atletes-chbcn2025.jpg\",\"width\":1920,\"height\":1280},{\"@type\":\"BreadcrumbList\",\"@id\":\"https:\/\/www.triathlon.barcelona\/ca\/barcelona-acull-el-challenge-barcelona-triatlo-2025-amb-nova-distancia-middle-per-primer-cop-a-la-seva-historia\/#breadcrumb\",\"itemListElement\":[{\"@type\":\"ListItem\",\"position\":1,\"name\":\"Inicio\",\"item\":\"https:\/\/www.triathlon.barcelona\/ca\/\"},{\"@type\":\"ListItem\",\"position\":2,\"name\":\"Barcelona acull el Challenge Barcelona Triatl\u00f3 2025 amb nova dist\u00e0ncia Middle per primer cop a la seva hist\u00f2ria\"}]},{\"@type\":\"WebSite\",\"@id\":\"https:\/\/www.triathlon.barcelona\/ca\/#website\",\"url\":\"https:\/\/www.triathlon.barcelona\/ca\/\",\"name\":\"Challenge Barcelona Triathlon\",\"description\":\"\",\"publisher\":{\"@id\":\"https:\/\/www.triathlon.barcelona\/ca\/#organization\"},\"alternateName\":\"Challenge Barcelona\",\"potentialAction\":[{\"@type\":\"SearchAction\",\"target\":{\"@type\":\"EntryPoint\",\"urlTemplate\":\"https:\/\/www.triathlon.barcelona\/ca\/?s={search_term_string}\"},\"query-input\":{\"@type\":\"PropertyValueSpecification\",\"valueRequired\":true,\"valueName\":\"search_term_string\"}}],\"inLanguage\":\"ca\"},{\"@type\":\"Organization\",\"@id\":\"https:\/\/www.triathlon.barcelona\/ca\/#organization\",\"name\":\"Challenge Barcelona Triathlon\",\"alternateName\":\"Challenge Barcelona\",\"url\":\"https:\/\/www.triathlon.barcelona\/ca\/\",\"logo\":{\"@type\":\"ImageObject\",\"inLanguage\":\"ca\",\"@id\":\"https:\/\/www.triathlon.barcelona\/ca\/#\/schema\/logo\/image\/\",\"url\":\"https:\/\/www.triathlon.barcelona\/wp-content\/uploads\/2024\/06\/logo-challenge-barcelona.png\",\"contentUrl\":\"https:\/\/www.triathlon.barcelona\/wp-content\/uploads\/2024\/06\/logo-challenge-barcelona.png\",\"width\":3209,\"height\":729,\"caption\":\"Challenge Barcelona Triathlon\"},\"image\":{\"@id\":\"https:\/\/www.triathlon.barcelona\/ca\/#\/schema\/logo\/image\/\"},\"sameAs\":[\"https:\/\/www.facebook.com\/barcelonatriathlon\",\"https:\/\/x.com\/bcn_triathlon\",\"https:\/\/www.instagram.com\/barcelonatriathlon\/\"]},{\"@type\":\"Person\",\"@id\":\"https:\/\/www.triathlon.barcelona\/ca\/#\/schema\/person\/812f46a7af75bae5296e42e5b503d1e6\",\"name\":\"david\",\"image\":{\"@type\":\"ImageObject\",\"inLanguage\":\"ca\",\"@id\":\"https:\/\/www.triathlon.barcelona\/ca\/#\/schema\/person\/image\/\",\"url\":\"https:\/\/secure.gravatar.com\/avatar\/f3b6b2a94c48d199ba05b31c711ca66bc5650a0dc06074dd63ae046df043d8e8?s=96&d=mm&r=g\",\"contentUrl\":\"https:\/\/secure.gravatar.com\/avatar\/f3b6b2a94c48d199ba05b31c711ca66bc5650a0dc06074dd63ae046df043d8e8?s=96&d=mm&r=g\",\"caption\":\"david\"},\"sameAs\":[\"https:\/\/www.triathlon.barcelona\"],\"url\":\"https:\/\/www.triathlon.barcelona\/ca\/author\/david\/\"}]}<\/script>\n<!-- \/ Yoast SEO plugin. -->","yoast_head_json":{"title":"Barcelona acull el Challenge Barcelona Triatl\u00f3 2025 amb nova dist\u00e0ncia Middle per primer cop a la seva hist\u00f2ria - Challenge Barcelona Triatl\u00f3","robots":{"index":"index","follow":"follow","max-snippet":"max-snippet:-1","max-image-preview":"max-image-preview:large","max-video-preview":"max-video-preview:-1"},"canonical":"https:\/\/www.triathlon.barcelona\/ca\/barcelona-acull-el-challenge-barcelona-triatlo-2025-amb-nova-distancia-middle-per-primer-cop-a-la-seva-historia\/","og_locale":"ca_ES","og_type":"article","og_title":"Barcelona acull el Challenge Barcelona Triatl\u00f3 2025 amb nova dist\u00e0ncia Middle per primer cop a la seva hist\u00f2ria - Challenge Barcelona Triatl\u00f3","og_description":"La prova internacional de triatl\u00f3 se celebrar\u00e0 els dies 25 i 26 d\u2019octubre a la platja de la Mar Bella.","og_url":"https:\/\/www.triathlon.barcelona\/ca\/barcelona-acull-el-challenge-barcelona-triatlo-2025-amb-nova-distancia-middle-per-primer-cop-a-la-seva-historia\/","og_site_name":"Challenge Barcelona Triatl\u00f3","article_publisher":"https:\/\/www.facebook.com\/barcelonatriathlon","article_published_time":"2025-10-22T14:00:05+00:00","og_image":[{"width":1920,"height":1280,"url":"https:\/\/www.triathlon.barcelona\/wp-content\/uploads\/2025\/10\/251022-3000atletes-chbcn2025.jpg","type":"image\/jpeg"}],"author":"david","twitter_card":"summary_large_image","twitter_creator":"@bcn_triathlon","twitter_site":"@bcn_triathlon","twitter_misc":{"Escrit per":"david","Temps estimat de lectura":"6 minuts"},"schema":{"@context":"https:\/\/schema.org","@graph":[{"@type":"Article","@id":"https:\/\/www.triathlon.barcelona\/ca\/barcelona-acull-el-challenge-barcelona-triatlo-2025-amb-nova-distancia-middle-per-primer-cop-a-la-seva-historia\/#article","isPartOf":{"@id":"https:\/\/www.triathlon.barcelona\/ca\/barcelona-acull-el-challenge-barcelona-triatlo-2025-amb-nova-distancia-middle-per-primer-cop-a-la-seva-historia\/"},"author":{"name":"david","@id":"https:\/\/www.triathlon.barcelona\/ca\/#\/schema\/person\/812f46a7af75bae5296e42e5b503d1e6"},"headline":"Barcelona acull el Challenge Barcelona Triatl\u00f3 2025 amb nova dist\u00e0ncia Middle per primer cop a la seva hist\u00f2ria","datePublished":"2025-10-22T14:00:05+00:00","mainEntityOfPage":{"@id":"https:\/\/www.triathlon.barcelona\/ca\/barcelona-acull-el-challenge-barcelona-triatlo-2025-amb-nova-distancia-middle-per-primer-cop-a-la-seva-historia\/"},"wordCount":1027,"publisher":{"@id":"https:\/\/www.triathlon.barcelona\/ca\/#organization"},"image":{"@id":"https:\/\/www.triathlon.barcelona\/ca\/barcelona-acull-el-challenge-barcelona-triatlo-2025-amb-nova-distancia-middle-per-primer-cop-a-la-seva-historia\/#primaryimage"},"thumbnailUrl":"https:\/\/www.triathlon.barcelona\/wp-content\/uploads\/2025\/10\/251022-3000atletes-chbcn2025.jpg","articleSection":["Not\u00edcies"],"inLanguage":"ca"},{"@type":"WebPage","@id":"https:\/\/www.triathlon.barcelona\/ca\/barcelona-acull-el-challenge-barcelona-triatlo-2025-amb-nova-distancia-middle-per-primer-cop-a-la-seva-historia\/","url":"https:\/\/www.triathlon.barcelona\/ca\/barcelona-acull-el-challenge-barcelona-triatlo-2025-amb-nova-distancia-middle-per-primer-cop-a-la-seva-historia\/","name":"Barcelona acull el Challenge Barcelona Triatl\u00f3 2025 amb nova dist\u00e0ncia Middle per primer cop a la seva hist\u00f2ria - Challenge Barcelona Triatl\u00f3","isPartOf":{"@id":"https:\/\/www.triathlon.barcelona\/ca\/#website"},"primaryImageOfPage":{"@id":"https:\/\/www.triathlon.barcelona\/ca\/barcelona-acull-el-challenge-barcelona-triatlo-2025-amb-nova-distancia-middle-per-primer-cop-a-la-seva-historia\/#primaryimage"},"image":{"@id":"https:\/\/www.triathlon.barcelona\/ca\/barcelona-acull-el-challenge-barcelona-triatlo-2025-amb-nova-distancia-middle-per-primer-cop-a-la-seva-historia\/#primaryimage"},"thumbnailUrl":"https:\/\/www.triathlon.barcelona\/wp-content\/uploads\/2025\/10\/251022-3000atletes-chbcn2025.jpg","datePublished":"2025-10-22T14:00:05+00:00","breadcrumb":{"@id":"https:\/\/www.triathlon.barcelona\/ca\/barcelona-acull-el-challenge-barcelona-triatlo-2025-amb-nova-distancia-middle-per-primer-cop-a-la-seva-historia\/#breadcrumb"},"inLanguage":"ca","potentialAction":[{"@type":"ReadAction","target":["https:\/\/www.triathlon.barcelona\/ca\/barcelona-acull-el-challenge-barcelona-triatlo-2025-amb-nova-distancia-middle-per-primer-cop-a-la-seva-historia\/"]}]},{"@type":"ImageObject","inLanguage":"ca","@id":"https:\/\/www.triathlon.barcelona\/ca\/barcelona-acull-el-challenge-barcelona-triatlo-2025-amb-nova-distancia-middle-per-primer-cop-a-la-seva-historia\/#primaryimage","url":"https:\/\/www.triathlon.barcelona\/wp-content\/uploads\/2025\/10\/251022-3000atletes-chbcn2025.jpg","contentUrl":"https:\/\/www.triathlon.barcelona\/wp-content\/uploads\/2025\/10\/251022-3000atletes-chbcn2025.jpg","width":1920,"height":1280},{"@type":"BreadcrumbList","@id":"https:\/\/www.triathlon.barcelona\/ca\/barcelona-acull-el-challenge-barcelona-triatlo-2025-amb-nova-distancia-middle-per-primer-cop-a-la-seva-historia\/#breadcrumb","itemListElement":[{"@type":"ListItem","position":1,"name":"Inicio","item":"https:\/\/www.triathlon.barcelona\/ca\/"},{"@type":"ListItem","position":2,"name":"Barcelona acull el Challenge Barcelona Triatl\u00f3 2025 amb nova dist\u00e0ncia Middle per primer cop a la seva hist\u00f2ria"}]},{"@type":"WebSite","@id":"https:\/\/www.triathlon.barcelona\/ca\/#website","url":"https:\/\/www.triathlon.barcelona\/ca\/","name":"Challenge Barcelona Triathlon","description":"","publisher":{"@id":"https:\/\/www.triathlon.barcelona\/ca\/#organization"},"alternateName":"Challenge Barcelona","potentialAction":[{"@type":"SearchAction","target":{"@type":"EntryPoint","urlTemplate":"https:\/\/www.triathlon.barcelona\/ca\/?s={search_term_string}"},"query-input":{"@type":"PropertyValueSpecification","valueRequired":true,"valueName":"search_term_string"}}],"inLanguage":"ca"},{"@type":"Organization","@id":"https:\/\/www.triathlon.barcelona\/ca\/#organization","name":"Challenge Barcelona Triathlon","alternateName":"Challenge Barcelona","url":"https:\/\/www.triathlon.barcelona\/ca\/","logo":{"@type":"ImageObject","inLanguage":"ca","@id":"https:\/\/www.triathlon.barcelona\/ca\/#\/schema\/logo\/image\/","url":"https:\/\/www.triathlon.barcelona\/wp-content\/uploads\/2024\/06\/logo-challenge-barcelona.png","contentUrl":"https:\/\/www.triathlon.barcelona\/wp-content\/uploads\/2024\/06\/logo-challenge-barcelona.png","width":3209,"height":729,"caption":"Challenge Barcelona Triathlon"},"image":{"@id":"https:\/\/www.triathlon.barcelona\/ca\/#\/schema\/logo\/image\/"},"sameAs":["https:\/\/www.facebook.com\/barcelonatriathlon","https:\/\/x.com\/bcn_triathlon","https:\/\/www.instagram.com\/barcelonatriathlon\/"]},{"@type":"Person","@id":"https:\/\/www.triathlon.barcelona\/ca\/#\/schema\/person\/812f46a7af75bae5296e42e5b503d1e6","name":"david","image":{"@type":"ImageObject","inLanguage":"ca","@id":"https:\/\/www.triathlon.barcelona\/ca\/#\/schema\/person\/image\/","url":"https:\/\/secure.gravatar.com\/avatar\/f3b6b2a94c48d199ba05b31c711ca66bc5650a0dc06074dd63ae046df043d8e8?s=96&d=mm&r=g","contentUrl":"https:\/\/secure.gravatar.com\/avatar\/f3b6b2a94c48d199ba05b31c711ca66bc5650a0dc06074dd63ae046df043d8e8?s=96&d=mm&r=g","caption":"david"},"sameAs":["https:\/\/www.triathlon.barcelona"],"url":"https:\/\/www.triathlon.barcelona\/ca\/author\/david\/"}]}},"_links":{"self":[{"href":"https:\/\/www.triathlon.barcelona\/ca\/wp-json\/wp\/v2\/posts\/11129","targetHints":{"allow":["GET"]}}],"collection":[{"href":"https:\/\/www.triathlon.barcelona\/ca\/wp-json\/wp\/v2\/posts"}],"about":[{"href":"https:\/\/www.triathlon.barcelona\/ca\/wp-json\/wp\/v2\/types\/post"}],"author":[{"embeddable":true,"href":"https:\/\/www.triathlon.barcelona\/ca\/wp-json\/wp\/v2\/users\/1"}],"replies":[{"embeddable":true,"href":"https:\/\/www.triathlon.barcelona\/ca\/wp-json\/wp\/v2\/comments?post=11129"}],"version-history":[{"count":3,"href":"https:\/\/www.triathlon.barcelona\/ca\/wp-json\/wp\/v2\/posts\/11129\/revisions"}],"predecessor-version":[{"id":11132,"href":"https:\/\/www.triathlon.barcelona\/ca\/wp-json\/wp\/v2\/posts\/11129\/revisions\/11132"}],"wp:featuredmedia":[{"embeddable":true,"href":"https:\/\/www.triathlon.barcelona\/ca\/wp-json\/wp\/v2\/media\/11133"}],"wp:attachment":[{"href":"https:\/\/www.triathlon.barcelona\/ca\/wp-json\/wp\/v2\/media?parent=11129"}],"wp:term":[{"taxonomy":"category","embeddable":true,"href":"https:\/\/www.triathlon.barcelona\/ca\/wp-json\/wp\/v2\/categories?post=11129"},{"taxonomy":"post_tag","embeddable":true,"href":"https:\/\/www.triathlon.barcelona\/ca\/wp-json\/wp\/v2\/tags?post=11129"}],"curies":[{"name":"wp","href":"https:\/\/api.w.org\/{rel}","templated":true}]}}