{"id":11391,"date":"2025-10-26T14:55:07","date_gmt":"2025-10-26T13:55:07","guid":{"rendered":"https:\/\/www.triathlon.barcelona\/noticies\/2025\/10\/jamie-riddle-i-cathia-schar-simposen-al-challenge-barcelona-triatlo-2025-en-una-edicio-marcada-per-lepica\/"},"modified":"2025-10-26T15:12:40","modified_gmt":"2025-10-26T14:12:40","slug":"jamie-riddle-i-cathia-schar-simposen-al-challenge-barcelona-triatlo-2025-en-una-edicio-marcada-per-lepica","status":"publish","type":"post","link":"https:\/\/www.triathlon.barcelona\/ca\/jamie-riddle-i-cathia-schar-simposen-al-challenge-barcelona-triatlo-2025-en-una-edicio-marcada-per-lepica\/","title":{"rendered":"Jamie Riddle i Cathia Sch\u00e4r s\u2019imposen al Challenge Barcelona Triatl\u00f3 2025 en una edici\u00f3 marcada per l\u2019\u00e8pica"},"content":{"rendered":"<p><strong>La cita ha reunit prop de 3.000 participants i consolida Barcelona com a referent internacional del triatl\u00f3.<\/strong><!--more--><br \/>\n<strong>La pluja converteix la jornada en una de les edicions m\u00e9s dures i emocionants dels \u00faltims anys.<\/strong><br \/>\n<strong>La <em>Sprint Distance<\/em>, el <em>Junior Challenge<\/em>, l\u2019<em>Aquathlon<\/em> i les proves <em>Open Water<\/em> completen un cap de setmana amb gran \u00e8xit de participaci\u00f3.<\/strong><\/p>\n<p>El Challenge Barcelona Triatl\u00f3 2025 ha viscut una edici\u00f3 \u00e8pica aquest cap de setmana, marcada per la pluja i el fred durant bona part del mat\u00ed de diumenge, que no han fet m\u00e9s que refor\u00e7ar l\u2019esperit de superaci\u00f3 dels prop de 3.000 triatletes vinguts d\u2019arreu del m\u00f3n. El mal temps ha acompanyat la sortida de la nataci\u00f3 i gran part del segment ciclista, per\u00f2 el sol ha tornat a sortir just quan els primers classificats de la <em>Middle Distance<\/em> han creuat la l\u00ednia d\u2019arribada al Passeig Mar\u00edtim del Bogatell.<\/p>\n<p>David Escud\u00e9, regidor d\u2019Esports de l\u2019Ajuntament de Barcelona, ha declarat que \u201caquesta edici\u00f3 del Challenge Barcelona Triatl\u00f3 2025 ha estat, sens dubte, una de les m\u00e9s \u00e8piques que recordem. La pluja i les condicions meteorol\u00f2giques adverses no han fet m\u00e9s que demostrar l\u2019esperit de superaci\u00f3 i la passi\u00f3 que defineixen aquest esport i els i les seves participants. Enguany, a m\u00e9s, hem viscut un moment molt especial amb la incorporaci\u00f3 per primera vegada de la dist\u00e0ncia Middle, que consolida Barcelona com una ciutat de refer\u00e8ncia internacional en el m\u00f3n del triatl\u00f3 i de l\u2019esport en general. Vull felicitar tots els i les triatletes, organitzaci\u00f3, voluntariat i cossos de seguretat que han fet possible aquesta prova tan intensa i emocionant. Barcelona continua demostrant que \u00e9s una ciutat que viu, sent i estima l\u2019esport\u201d.<\/p>\n<p><strong>Jamie Riddle i Cathia Sch\u00e4r, campions de la <em>Middle Distance<\/em><\/strong><\/p>\n<p>L\u2019atleta sud-afric\u00e0 Jamie Riddle (03:36:39) i la su\u00efssa Cathia Sch\u00e4r (04:07:29) s\u2019han proclamat campions de la <em>Middle Distance<\/em>, la gran novetat d\u2019aquesta edici\u00f3 i dist\u00e0ncia reina de la prova.<\/p>\n<p>Riddle ha dominat la cursa des del segment ciclista, on ha obert un ampli avantatge sobre els seus perseguidors, mentre que Sch\u00e4r, que ja venia de guanyar a Challenge Peguera-Mallorca, ha confirmat el seu gran estat de forma amb una remuntada espectacular a la cursa a peu.<\/p>\n<p>La cursa ha recorregut un exigent i r\u00e0pid circuit de ciclisme de 88 km entre Barcelona i Matar\u00f3, amb un final urb\u00e0 dins la ciutat que ha ofert imatges espectaculars de la Sagrada Fam\u00edlia i del litoral barcelon\u00ed.<\/p>\n<p><strong>\u00c8xit de participaci\u00f3 en totes les dist\u00e0ncies<\/strong><\/p>\n<p>La jornada de diumenge tamb\u00e9 ha coronat els campions de la <em>Sprint Distance<\/em>, amb vict\u00f2ria per a Tian Dens\u030ca (01:04:12) i Daria Mayer (01:14:33), mentre que al <em>Junior Challenge<\/em> s\u2019han imposat Jorge Ezquerro (00:26:28) i Ariadna Ivars (00:28:38), demostrant el relleu generacional i el futur del triatl\u00f3 catal\u00e0.<\/p>\n<p>El dissabte 25 d\u2019octubre ja s\u2019havien disputat les proves <em>Aquathlon<\/em> i <em>Open Water<\/em>, que van inaugurar el cap de setmana esportiu amb una gran participaci\u00f3 i un ambient festiu a la platja de la Mar Bella.<\/p>\n<p>Els guanyadors van ser:<\/p>\n<p><em>Aquathlon<\/em>: Rub\u00e9n Aguilar (00:32:52) i Ilbilge Ulukoy (00:36:33)<br \/>\n<em>Open Water <\/em>900 m: Enrique Garcia (00:30:18) i Kendelle Murphy (00:30:27)<br \/>\n<em>Open Water <\/em>800 m: Flip Ospaly (00:55:18) i Verkindt Chlo\u00e9 (01:03:19)<\/p>\n<p><strong>Un cap de setmana d\u2019esport, passi\u00f3 i ciutat<\/strong><\/p>\n<p>L\u2019edici\u00f3 2025 ha estat tamb\u00e9 la m\u00e9s internacional fins ara, amb un 35% de participaci\u00f3 estrangera i m\u00e9s de 70 triatletes professionals presents a la l\u00ednia de sortida.<\/p>\n<p>A m\u00e9s, prop d\u2019un 30% de la participaci\u00f3 han estat dones, consolidant la pres\u00e8ncia femenina en totes les dist\u00e0ncies i modalitats.<\/p>\n<p>La TRIEXPO, instal\u00b7lada al CEM La Mar Bella, ha comptat amb la participaci\u00f3 de m\u00e9s de 20 marques del sector i milers de visitants, mentre que el projecte <em>Triatl\u00f3 Sense Fronteres<\/em> ha tornat a emocionar el p\u00fablic amb la participaci\u00f3 d\u2019esportistes amb diversitat funcional, reafirmant el comprom\u00eds del Challenge Barcelona amb la inclusi\u00f3 i l\u2019esport per a tothom.<\/p>\n<p><strong>Premis i reconeixements<\/strong><\/p>\n<p>La <em>Middle Distance<\/em> ha repartit 25.000 euros en premis en met\u00e0l\u00b7lic per als sis primers classificats i classificades de la categoria professional. A m\u00e9s, els sis primers i les sis primeres classificades de grups d\u2019edat han rebut una inscripci\u00f3 gratu\u00efta per al Challenge Gda\u0144sk 2026, refor\u00e7ant el vincle internacional del circuit mundial de triatlons Challenge Family.<\/p>\n<p>Amb aquesta edici\u00f3, el Challenge Barcelona Triatl\u00f3 es consolida com un esdeveniment esportiu de refer\u00e8ncia al calendari europeu i una aut\u00e8ntica festa de l\u2019esport, la superaci\u00f3 i la ciutat.<\/p>\n<p>&nbsp;<\/p>\n<p><a href=\"https:\/\/www.triathlon.barcelona\/ca\/atletes\/informacio-prova\/classificacions\/\" target=\"_blank\" rel=\"noopener\">Resultats del Challenge Barcelona Triatl\u00f3 2025<\/a><\/p>\n<p><a href=\"https:\/\/www.dropbox.com\/scl\/fo\/xi7ovwl5i7jjrp7the4ax\/ADyUIwKQPVaLK9u3lvdsan0?rlkey=nzzgryjarcjn28pcx2bi1xorr&amp;st=zr1bdxr4&amp;dl=0\" target=\"_blank\" rel=\"noopener\">Fotografies del Challenge Barcelona Triatl\u00f3 2025<\/a><\/p>\n","protected":false},"excerpt":{"rendered":"<p>La cita ha reunit prop de 3.000 participants i consolida Barcelona com a referent internacional del triatl\u00f3.<\/p>\n","protected":false},"author":1,"featured_media":11392,"comment_status":"closed","ping_status":"closed","sticky":false,"template":"","format":"standard","meta":{"_monsterinsights_skip_tracking":false,"site-sidebar-layout":"default","site-content-layout":"","ast-site-content-layout":"default","site-content-style":"default","site-sidebar-style":"default","ast-global-header-display":"","ast-banner-title-visibility":"","ast-main-header-display":"","ast-hfb-above-header-display":"","ast-hfb-below-header-display":"","ast-hfb-mobile-header-display":"","site-post-title":"","ast-breadcrumbs-content":"","ast-featured-img":"","footer-sml-layout":"","ast-disable-related-posts":"","theme-transparent-header-meta":"default","adv-header-id-meta":"","stick-header-meta":"default","header-above-stick-meta":"","header-main-stick-meta":"","header-below-stick-meta":"","astra-migrate-meta-layouts":"set","ast-page-background-enabled":"default","ast-page-background-meta":{"desktop":{"background-color":"","background-image":"","background-repeat":"repeat","background-position":"center center","background-size":"auto","background-attachment":"scroll","background-type":"","background-media":"","overlay-type":"","overlay-color":"","overlay-opacity":"","overlay-gradient":""},"tablet":{"background-color":"","background-image":"","background-repeat":"repeat","background-position":"center center","background-size":"auto","background-attachment":"scroll","background-type":"","background-media":"","overlay-type":"","overlay-color":"","overlay-opacity":"","overlay-gradient":""},"mobile":{"background-color":"","background-image":"","background-repeat":"repeat","background-position":"center center","background-size":"auto","background-attachment":"scroll","background-type":"","background-media":"","overlay-type":"","overlay-color":"","overlay-opacity":"","overlay-gradient":""}},"ast-content-background-meta":{"desktop":{"background-color":"var(--ast-global-color-5)","background-image":"","background-repeat":"repeat","background-position":"center center","background-size":"auto","background-attachment":"scroll","background-type":"","background-media":"","overlay-type":"","overlay-color":"","overlay-opacity":"","overlay-gradient":""},"tablet":{"background-color":"var(--ast-global-color-5)","background-image":"","background-repeat":"repeat","background-position":"center center","background-size":"auto","background-attachment":"scroll","background-type":"","background-media":"","overlay-type":"","overlay-color":"","overlay-opacity":"","overlay-gradient":""},"mobile":{"background-color":"var(--ast-global-color-5)","background-image":"","background-repeat":"repeat","background-position":"center center","background-size":"auto","background-attachment":"scroll","background-type":"","background-media":"","overlay-type":"","overlay-color":"","overlay-opacity":"","overlay-gradient":""}},"footnotes":""},"categories":[1],"tags":[],"class_list":["post-11391","post","type-post","status-publish","format-standard","has-post-thumbnail","hentry","category-noticies"],"yoast_head":"<!-- This site is optimized with the Yoast SEO plugin v27.1 - https:\/\/yoast.com\/product\/yoast-seo-wordpress\/ -->\n<title>Jamie Riddle i Cathia Sch\u00e4r s\u2019imposen al Challenge Barcelona Triatl\u00f3 2025 en una edici\u00f3 marcada per l\u2019\u00e8pica - Challenge Barcelona Triatl\u00f3<\/title>\n<meta name=\"robots\" content=\"index, follow, max-snippet:-1, max-image-preview:large, max-video-preview:-1\" \/>\n<link rel=\"canonical\" href=\"https:\/\/www.triathlon.barcelona\/ca\/jamie-riddle-i-cathia-schar-simposen-al-challenge-barcelona-triatlo-2025-en-una-edicio-marcada-per-lepica\/\" \/>\n<meta property=\"og:locale\" content=\"ca_ES\" \/>\n<meta property=\"og:type\" content=\"article\" \/>\n<meta property=\"og:title\" content=\"Jamie Riddle i Cathia Sch\u00e4r s\u2019imposen al Challenge Barcelona Triatl\u00f3 2025 en una edici\u00f3 marcada per l\u2019\u00e8pica - Challenge Barcelona Triatl\u00f3\" \/>\n<meta property=\"og:description\" content=\"La cita ha reunit prop de 3.000 participants i consolida Barcelona com a referent internacional del triatl\u00f3.\" \/>\n<meta property=\"og:url\" content=\"https:\/\/www.triathlon.barcelona\/ca\/jamie-riddle-i-cathia-schar-simposen-al-challenge-barcelona-triatlo-2025-en-una-edicio-marcada-per-lepica\/\" \/>\n<meta property=\"og:site_name\" content=\"Challenge Barcelona Triatl\u00f3\" \/>\n<meta property=\"article:publisher\" content=\"https:\/\/www.facebook.com\/barcelonatriathlon\" \/>\n<meta property=\"article:published_time\" content=\"2025-10-26T13:55:07+00:00\" \/>\n<meta property=\"article:modified_time\" content=\"2025-10-26T14:12:40+00:00\" \/>\n<meta property=\"og:image\" content=\"https:\/\/www.triathlon.barcelona\/wp-content\/uploads\/2025\/10\/251026-winners-chbcn2025.jpg\" \/>\n\t<meta property=\"og:image:width\" content=\"1920\" \/>\n\t<meta property=\"og:image:height\" content=\"1280\" \/>\n\t<meta property=\"og:image:type\" content=\"image\/jpeg\" \/>\n<meta name=\"author\" content=\"david\" \/>\n<meta name=\"twitter:card\" content=\"summary_large_image\" \/>\n<meta name=\"twitter:creator\" content=\"@bcn_triathlon\" \/>\n<meta name=\"twitter:site\" content=\"@bcn_triathlon\" \/>\n<meta name=\"twitter:label1\" content=\"Escrit per\" \/>\n\t<meta name=\"twitter:data1\" content=\"david\" \/>\n\t<meta name=\"twitter:label2\" content=\"Temps estimat de lectura\" \/>\n\t<meta name=\"twitter:data2\" content=\"5 minuts\" \/>\n<script type=\"application\/ld+json\" class=\"yoast-schema-graph\">{\"@context\":\"https:\/\/schema.org\",\"@graph\":[{\"@type\":\"Article\",\"@id\":\"https:\/\/www.triathlon.barcelona\/ca\/jamie-riddle-i-cathia-schar-simposen-al-challenge-barcelona-triatlo-2025-en-una-edicio-marcada-per-lepica\/#article\",\"isPartOf\":{\"@id\":\"https:\/\/www.triathlon.barcelona\/ca\/jamie-riddle-i-cathia-schar-simposen-al-challenge-barcelona-triatlo-2025-en-una-edicio-marcada-per-lepica\/\"},\"author\":{\"name\":\"david\",\"@id\":\"https:\/\/www.triathlon.barcelona\/ca\/#\/schema\/person\/812f46a7af75bae5296e42e5b503d1e6\"},\"headline\":\"Jamie Riddle i Cathia Sch\u00e4r s\u2019imposen al Challenge Barcelona Triatl\u00f3 2025 en una edici\u00f3 marcada per l\u2019\u00e8pica\",\"datePublished\":\"2025-10-26T13:55:07+00:00\",\"dateModified\":\"2025-10-26T14:12:40+00:00\",\"mainEntityOfPage\":{\"@id\":\"https:\/\/www.triathlon.barcelona\/ca\/jamie-riddle-i-cathia-schar-simposen-al-challenge-barcelona-triatlo-2025-en-una-edicio-marcada-per-lepica\/\"},\"wordCount\":796,\"publisher\":{\"@id\":\"https:\/\/www.triathlon.barcelona\/ca\/#organization\"},\"image\":{\"@id\":\"https:\/\/www.triathlon.barcelona\/ca\/jamie-riddle-i-cathia-schar-simposen-al-challenge-barcelona-triatlo-2025-en-una-edicio-marcada-per-lepica\/#primaryimage\"},\"thumbnailUrl\":\"https:\/\/www.triathlon.barcelona\/wp-content\/uploads\/2025\/10\/251026-winners-chbcn2025.jpg\",\"articleSection\":[\"Not\u00edcies\"],\"inLanguage\":\"ca\"},{\"@type\":\"WebPage\",\"@id\":\"https:\/\/www.triathlon.barcelona\/ca\/jamie-riddle-i-cathia-schar-simposen-al-challenge-barcelona-triatlo-2025-en-una-edicio-marcada-per-lepica\/\",\"url\":\"https:\/\/www.triathlon.barcelona\/ca\/jamie-riddle-i-cathia-schar-simposen-al-challenge-barcelona-triatlo-2025-en-una-edicio-marcada-per-lepica\/\",\"name\":\"Jamie Riddle i Cathia Sch\u00e4r s\u2019imposen al Challenge Barcelona Triatl\u00f3 2025 en una edici\u00f3 marcada per l\u2019\u00e8pica - Challenge Barcelona Triatl\u00f3\",\"isPartOf\":{\"@id\":\"https:\/\/www.triathlon.barcelona\/ca\/#website\"},\"primaryImageOfPage\":{\"@id\":\"https:\/\/www.triathlon.barcelona\/ca\/jamie-riddle-i-cathia-schar-simposen-al-challenge-barcelona-triatlo-2025-en-una-edicio-marcada-per-lepica\/#primaryimage\"},\"image\":{\"@id\":\"https:\/\/www.triathlon.barcelona\/ca\/jamie-riddle-i-cathia-schar-simposen-al-challenge-barcelona-triatlo-2025-en-una-edicio-marcada-per-lepica\/#primaryimage\"},\"thumbnailUrl\":\"https:\/\/www.triathlon.barcelona\/wp-content\/uploads\/2025\/10\/251026-winners-chbcn2025.jpg\",\"datePublished\":\"2025-10-26T13:55:07+00:00\",\"dateModified\":\"2025-10-26T14:12:40+00:00\",\"breadcrumb\":{\"@id\":\"https:\/\/www.triathlon.barcelona\/ca\/jamie-riddle-i-cathia-schar-simposen-al-challenge-barcelona-triatlo-2025-en-una-edicio-marcada-per-lepica\/#breadcrumb\"},\"inLanguage\":\"ca\",\"potentialAction\":[{\"@type\":\"ReadAction\",\"target\":[\"https:\/\/www.triathlon.barcelona\/ca\/jamie-riddle-i-cathia-schar-simposen-al-challenge-barcelona-triatlo-2025-en-una-edicio-marcada-per-lepica\/\"]}]},{\"@type\":\"ImageObject\",\"inLanguage\":\"ca\",\"@id\":\"https:\/\/www.triathlon.barcelona\/ca\/jamie-riddle-i-cathia-schar-simposen-al-challenge-barcelona-triatlo-2025-en-una-edicio-marcada-per-lepica\/#primaryimage\",\"url\":\"https:\/\/www.triathlon.barcelona\/wp-content\/uploads\/2025\/10\/251026-winners-chbcn2025.jpg\",\"contentUrl\":\"https:\/\/www.triathlon.barcelona\/wp-content\/uploads\/2025\/10\/251026-winners-chbcn2025.jpg\",\"width\":1920,\"height\":1280},{\"@type\":\"BreadcrumbList\",\"@id\":\"https:\/\/www.triathlon.barcelona\/ca\/jamie-riddle-i-cathia-schar-simposen-al-challenge-barcelona-triatlo-2025-en-una-edicio-marcada-per-lepica\/#breadcrumb\",\"itemListElement\":[{\"@type\":\"ListItem\",\"position\":1,\"name\":\"Inicio\",\"item\":\"https:\/\/www.triathlon.barcelona\/ca\/\"},{\"@type\":\"ListItem\",\"position\":2,\"name\":\"Jamie Riddle i Cathia Sch\u00e4r s\u2019imposen al Challenge Barcelona Triatl\u00f3 2025 en una edici\u00f3 marcada per l\u2019\u00e8pica\"}]},{\"@type\":\"WebSite\",\"@id\":\"https:\/\/www.triathlon.barcelona\/ca\/#website\",\"url\":\"https:\/\/www.triathlon.barcelona\/ca\/\",\"name\":\"Challenge Barcelona Triathlon\",\"description\":\"\",\"publisher\":{\"@id\":\"https:\/\/www.triathlon.barcelona\/ca\/#organization\"},\"alternateName\":\"Challenge Barcelona\",\"potentialAction\":[{\"@type\":\"SearchAction\",\"target\":{\"@type\":\"EntryPoint\",\"urlTemplate\":\"https:\/\/www.triathlon.barcelona\/ca\/?s={search_term_string}\"},\"query-input\":{\"@type\":\"PropertyValueSpecification\",\"valueRequired\":true,\"valueName\":\"search_term_string\"}}],\"inLanguage\":\"ca\"},{\"@type\":\"Organization\",\"@id\":\"https:\/\/www.triathlon.barcelona\/ca\/#organization\",\"name\":\"Challenge Barcelona Triathlon\",\"alternateName\":\"Challenge Barcelona\",\"url\":\"https:\/\/www.triathlon.barcelona\/ca\/\",\"logo\":{\"@type\":\"ImageObject\",\"inLanguage\":\"ca\",\"@id\":\"https:\/\/www.triathlon.barcelona\/ca\/#\/schema\/logo\/image\/\",\"url\":\"https:\/\/www.triathlon.barcelona\/wp-content\/uploads\/2024\/06\/logo-challenge-barcelona.png\",\"contentUrl\":\"https:\/\/www.triathlon.barcelona\/wp-content\/uploads\/2024\/06\/logo-challenge-barcelona.png\",\"width\":3209,\"height\":729,\"caption\":\"Challenge Barcelona Triathlon\"},\"image\":{\"@id\":\"https:\/\/www.triathlon.barcelona\/ca\/#\/schema\/logo\/image\/\"},\"sameAs\":[\"https:\/\/www.facebook.com\/barcelonatriathlon\",\"https:\/\/x.com\/bcn_triathlon\",\"https:\/\/www.instagram.com\/barcelonatriathlon\/\"]},{\"@type\":\"Person\",\"@id\":\"https:\/\/www.triathlon.barcelona\/ca\/#\/schema\/person\/812f46a7af75bae5296e42e5b503d1e6\",\"name\":\"david\",\"image\":{\"@type\":\"ImageObject\",\"inLanguage\":\"ca\",\"@id\":\"https:\/\/www.triathlon.barcelona\/ca\/#\/schema\/person\/image\/\",\"url\":\"https:\/\/secure.gravatar.com\/avatar\/f3b6b2a94c48d199ba05b31c711ca66bc5650a0dc06074dd63ae046df043d8e8?s=96&d=mm&r=g\",\"contentUrl\":\"https:\/\/secure.gravatar.com\/avatar\/f3b6b2a94c48d199ba05b31c711ca66bc5650a0dc06074dd63ae046df043d8e8?s=96&d=mm&r=g\",\"caption\":\"david\"},\"sameAs\":[\"https:\/\/www.triathlon.barcelona\"],\"url\":\"https:\/\/www.triathlon.barcelona\/ca\/author\/david\/\"}]}<\/script>\n<!-- \/ Yoast SEO plugin. -->","yoast_head_json":{"title":"Jamie Riddle i Cathia Sch\u00e4r s\u2019imposen al Challenge Barcelona Triatl\u00f3 2025 en una edici\u00f3 marcada per l\u2019\u00e8pica - Challenge Barcelona Triatl\u00f3","robots":{"index":"index","follow":"follow","max-snippet":"max-snippet:-1","max-image-preview":"max-image-preview:large","max-video-preview":"max-video-preview:-1"},"canonical":"https:\/\/www.triathlon.barcelona\/ca\/jamie-riddle-i-cathia-schar-simposen-al-challenge-barcelona-triatlo-2025-en-una-edicio-marcada-per-lepica\/","og_locale":"ca_ES","og_type":"article","og_title":"Jamie Riddle i Cathia Sch\u00e4r s\u2019imposen al Challenge Barcelona Triatl\u00f3 2025 en una edici\u00f3 marcada per l\u2019\u00e8pica - Challenge Barcelona Triatl\u00f3","og_description":"La cita ha reunit prop de 3.000 participants i consolida Barcelona com a referent internacional del triatl\u00f3.","og_url":"https:\/\/www.triathlon.barcelona\/ca\/jamie-riddle-i-cathia-schar-simposen-al-challenge-barcelona-triatlo-2025-en-una-edicio-marcada-per-lepica\/","og_site_name":"Challenge Barcelona Triatl\u00f3","article_publisher":"https:\/\/www.facebook.com\/barcelonatriathlon","article_published_time":"2025-10-26T13:55:07+00:00","article_modified_time":"2025-10-26T14:12:40+00:00","og_image":[{"width":1920,"height":1280,"url":"https:\/\/www.triathlon.barcelona\/wp-content\/uploads\/2025\/10\/251026-winners-chbcn2025.jpg","type":"image\/jpeg"}],"author":"david","twitter_card":"summary_large_image","twitter_creator":"@bcn_triathlon","twitter_site":"@bcn_triathlon","twitter_misc":{"Escrit per":"david","Temps estimat de lectura":"5 minuts"},"schema":{"@context":"https:\/\/schema.org","@graph":[{"@type":"Article","@id":"https:\/\/www.triathlon.barcelona\/ca\/jamie-riddle-i-cathia-schar-simposen-al-challenge-barcelona-triatlo-2025-en-una-edicio-marcada-per-lepica\/#article","isPartOf":{"@id":"https:\/\/www.triathlon.barcelona\/ca\/jamie-riddle-i-cathia-schar-simposen-al-challenge-barcelona-triatlo-2025-en-una-edicio-marcada-per-lepica\/"},"author":{"name":"david","@id":"https:\/\/www.triathlon.barcelona\/ca\/#\/schema\/person\/812f46a7af75bae5296e42e5b503d1e6"},"headline":"Jamie Riddle i Cathia Sch\u00e4r s\u2019imposen al Challenge Barcelona Triatl\u00f3 2025 en una edici\u00f3 marcada per l\u2019\u00e8pica","datePublished":"2025-10-26T13:55:07+00:00","dateModified":"2025-10-26T14:12:40+00:00","mainEntityOfPage":{"@id":"https:\/\/www.triathlon.barcelona\/ca\/jamie-riddle-i-cathia-schar-simposen-al-challenge-barcelona-triatlo-2025-en-una-edicio-marcada-per-lepica\/"},"wordCount":796,"publisher":{"@id":"https:\/\/www.triathlon.barcelona\/ca\/#organization"},"image":{"@id":"https:\/\/www.triathlon.barcelona\/ca\/jamie-riddle-i-cathia-schar-simposen-al-challenge-barcelona-triatlo-2025-en-una-edicio-marcada-per-lepica\/#primaryimage"},"thumbnailUrl":"https:\/\/www.triathlon.barcelona\/wp-content\/uploads\/2025\/10\/251026-winners-chbcn2025.jpg","articleSection":["Not\u00edcies"],"inLanguage":"ca"},{"@type":"WebPage","@id":"https:\/\/www.triathlon.barcelona\/ca\/jamie-riddle-i-cathia-schar-simposen-al-challenge-barcelona-triatlo-2025-en-una-edicio-marcada-per-lepica\/","url":"https:\/\/www.triathlon.barcelona\/ca\/jamie-riddle-i-cathia-schar-simposen-al-challenge-barcelona-triatlo-2025-en-una-edicio-marcada-per-lepica\/","name":"Jamie Riddle i Cathia Sch\u00e4r s\u2019imposen al Challenge Barcelona Triatl\u00f3 2025 en una edici\u00f3 marcada per l\u2019\u00e8pica - Challenge Barcelona Triatl\u00f3","isPartOf":{"@id":"https:\/\/www.triathlon.barcelona\/ca\/#website"},"primaryImageOfPage":{"@id":"https:\/\/www.triathlon.barcelona\/ca\/jamie-riddle-i-cathia-schar-simposen-al-challenge-barcelona-triatlo-2025-en-una-edicio-marcada-per-lepica\/#primaryimage"},"image":{"@id":"https:\/\/www.triathlon.barcelona\/ca\/jamie-riddle-i-cathia-schar-simposen-al-challenge-barcelona-triatlo-2025-en-una-edicio-marcada-per-lepica\/#primaryimage"},"thumbnailUrl":"https:\/\/www.triathlon.barcelona\/wp-content\/uploads\/2025\/10\/251026-winners-chbcn2025.jpg","datePublished":"2025-10-26T13:55:07+00:00","dateModified":"2025-10-26T14:12:40+00:00","breadcrumb":{"@id":"https:\/\/www.triathlon.barcelona\/ca\/jamie-riddle-i-cathia-schar-simposen-al-challenge-barcelona-triatlo-2025-en-una-edicio-marcada-per-lepica\/#breadcrumb"},"inLanguage":"ca","potentialAction":[{"@type":"ReadAction","target":["https:\/\/www.triathlon.barcelona\/ca\/jamie-riddle-i-cathia-schar-simposen-al-challenge-barcelona-triatlo-2025-en-una-edicio-marcada-per-lepica\/"]}]},{"@type":"ImageObject","inLanguage":"ca","@id":"https:\/\/www.triathlon.barcelona\/ca\/jamie-riddle-i-cathia-schar-simposen-al-challenge-barcelona-triatlo-2025-en-una-edicio-marcada-per-lepica\/#primaryimage","url":"https:\/\/www.triathlon.barcelona\/wp-content\/uploads\/2025\/10\/251026-winners-chbcn2025.jpg","contentUrl":"https:\/\/www.triathlon.barcelona\/wp-content\/uploads\/2025\/10\/251026-winners-chbcn2025.jpg","width":1920,"height":1280},{"@type":"BreadcrumbList","@id":"https:\/\/www.triathlon.barcelona\/ca\/jamie-riddle-i-cathia-schar-simposen-al-challenge-barcelona-triatlo-2025-en-una-edicio-marcada-per-lepica\/#breadcrumb","itemListElement":[{"@type":"ListItem","position":1,"name":"Inicio","item":"https:\/\/www.triathlon.barcelona\/ca\/"},{"@type":"ListItem","position":2,"name":"Jamie Riddle i Cathia Sch\u00e4r s\u2019imposen al Challenge Barcelona Triatl\u00f3 2025 en una edici\u00f3 marcada per l\u2019\u00e8pica"}]},{"@type":"WebSite","@id":"https:\/\/www.triathlon.barcelona\/ca\/#website","url":"https:\/\/www.triathlon.barcelona\/ca\/","name":"Challenge Barcelona Triathlon","description":"","publisher":{"@id":"https:\/\/www.triathlon.barcelona\/ca\/#organization"},"alternateName":"Challenge Barcelona","potentialAction":[{"@type":"SearchAction","target":{"@type":"EntryPoint","urlTemplate":"https:\/\/www.triathlon.barcelona\/ca\/?s={search_term_string}"},"query-input":{"@type":"PropertyValueSpecification","valueRequired":true,"valueName":"search_term_string"}}],"inLanguage":"ca"},{"@type":"Organization","@id":"https:\/\/www.triathlon.barcelona\/ca\/#organization","name":"Challenge Barcelona Triathlon","alternateName":"Challenge Barcelona","url":"https:\/\/www.triathlon.barcelona\/ca\/","logo":{"@type":"ImageObject","inLanguage":"ca","@id":"https:\/\/www.triathlon.barcelona\/ca\/#\/schema\/logo\/image\/","url":"https:\/\/www.triathlon.barcelona\/wp-content\/uploads\/2024\/06\/logo-challenge-barcelona.png","contentUrl":"https:\/\/www.triathlon.barcelona\/wp-content\/uploads\/2024\/06\/logo-challenge-barcelona.png","width":3209,"height":729,"caption":"Challenge Barcelona Triathlon"},"image":{"@id":"https:\/\/www.triathlon.barcelona\/ca\/#\/schema\/logo\/image\/"},"sameAs":["https:\/\/www.facebook.com\/barcelonatriathlon","https:\/\/x.com\/bcn_triathlon","https:\/\/www.instagram.com\/barcelonatriathlon\/"]},{"@type":"Person","@id":"https:\/\/www.triathlon.barcelona\/ca\/#\/schema\/person\/812f46a7af75bae5296e42e5b503d1e6","name":"david","image":{"@type":"ImageObject","inLanguage":"ca","@id":"https:\/\/www.triathlon.barcelona\/ca\/#\/schema\/person\/image\/","url":"https:\/\/secure.gravatar.com\/avatar\/f3b6b2a94c48d199ba05b31c711ca66bc5650a0dc06074dd63ae046df043d8e8?s=96&d=mm&r=g","contentUrl":"https:\/\/secure.gravatar.com\/avatar\/f3b6b2a94c48d199ba05b31c711ca66bc5650a0dc06074dd63ae046df043d8e8?s=96&d=mm&r=g","caption":"david"},"sameAs":["https:\/\/www.triathlon.barcelona"],"url":"https:\/\/www.triathlon.barcelona\/ca\/author\/david\/"}]}},"_links":{"self":[{"href":"https:\/\/www.triathlon.barcelona\/ca\/wp-json\/wp\/v2\/posts\/11391","targetHints":{"allow":["GET"]}}],"collection":[{"href":"https:\/\/www.triathlon.barcelona\/ca\/wp-json\/wp\/v2\/posts"}],"about":[{"href":"https:\/\/www.triathlon.barcelona\/ca\/wp-json\/wp\/v2\/types\/post"}],"author":[{"embeddable":true,"href":"https:\/\/www.triathlon.barcelona\/ca\/wp-json\/wp\/v2\/users\/1"}],"replies":[{"embeddable":true,"href":"https:\/\/www.triathlon.barcelona\/ca\/wp-json\/wp\/v2\/comments?post=11391"}],"version-history":[{"count":2,"href":"https:\/\/www.triathlon.barcelona\/ca\/wp-json\/wp\/v2\/posts\/11391\/revisions"}],"predecessor-version":[{"id":11400,"href":"https:\/\/www.triathlon.barcelona\/ca\/wp-json\/wp\/v2\/posts\/11391\/revisions\/11400"}],"wp:featuredmedia":[{"embeddable":true,"href":"https:\/\/www.triathlon.barcelona\/ca\/wp-json\/wp\/v2\/media\/11392"}],"wp:attachment":[{"href":"https:\/\/www.triathlon.barcelona\/ca\/wp-json\/wp\/v2\/media?parent=11391"}],"wp:term":[{"taxonomy":"category","embeddable":true,"href":"https:\/\/www.triathlon.barcelona\/ca\/wp-json\/wp\/v2\/categories?post=11391"},{"taxonomy":"post_tag","embeddable":true,"href":"https:\/\/www.triathlon.barcelona\/ca\/wp-json\/wp\/v2\/tags?post=11391"}],"curies":[{"name":"wp","href":"https:\/\/api.w.org\/{rel}","templated":true}]}}