{"id":11824,"date":"2025-10-29T07:00:49","date_gmt":"2025-10-29T06:00:49","guid":{"rendered":"https:\/\/www.triathlon.barcelona\/?p=11824"},"modified":"2025-11-18T06:53:03","modified_gmt":"2025-11-18T05:53:03","slug":"triatlo-sense-fronteres-emociona-barcelona-en-una-edicio-2025-marcada-per-la-inclusio-i-la-superacio-personal","status":"publish","type":"post","link":"https:\/\/www.triathlon.barcelona\/ca\/triatlo-sense-fronteres-emociona-barcelona-en-una-edicio-2025-marcada-per-la-inclusio-i-la-superacio-personal\/","title":{"rendered":"Triatl\u00f3 Sense Fronteres emociona Barcelona en una edici\u00f3 2025 marcada per la inclusi\u00f3 i la superaci\u00f3 personal"},"content":{"rendered":"<p><strong>41 esportistes de la Federaci\u00f3 ACELL completen el seu gran repte despr\u00e9s de quatre mesos d\u2019entrenaments adaptats i participen en la jornada del 26 d\u2019octubre, juntament amb prop de 3.000 triatletes<\/strong><!--more--><\/p>\n<p>El Challenge Barcelona Triatl\u00f3 2025 ha tornat a demostrar que l\u2019esport \u00e9s una eina de transformaci\u00f3 social amb una nova edici\u00f3 del projecte <em>Triatl\u00f3 Sense Fronteres<\/em>, que reafirma el comprom\u00eds de l\u2019esdeveniment amb la inclusi\u00f3 i la igualtat d\u2019oportunitats. Enguany, un total de <strong>41 esportistes amb discapacitat intel\u00b7lectual<\/strong> de la <strong>Federaci\u00f3 ACELL<\/strong> van participar a les proves del diumenge 26 d\u2019octubre, vivint una jornada plena d\u2019emoci\u00f3, esfor\u00e7 i reconeixement col\u00b7lectiu.<\/p>\n<p><strong>Un projecte consolidat: pres\u00e8ncia en Sprint Relleus i Sprint Parelles<\/strong><\/p>\n<p>Les persones participants d\u2019aquesta edici\u00f3 es van repartir entre:<br \/>\n33 esportistes en la modalitat Sprint Relleus (11 equips)<br \/>\n8 esportistes en la modalitat Sprint Parelles (4 parelles)<\/p>\n<p>Tots ells i elles van compartir circuit amb prop de 3.000 triatletes inscrits a les dist\u00e0ncies Middle Distance, Sprint Distance i Junior Challenge.<\/p>\n<p><strong>Quatre mesos d\u2019entrenaments adaptats<\/strong><\/p>\n<p>Durant quatre mesos, els i les esportistes de la Federaci\u00f3 ACELL han seguit un <strong>programa d\u2019entrenaments adaptats<\/strong> amb l\u2019acompanyament t\u00e8cnic del club <strong>PROAM<\/strong>, amb sessions espec\u00edfiques de nataci\u00f3, ciclisme, cursa a peu i transicions.<\/p>\n<p>Aquest proc\u00e9s ha estat clau per garantir que els participants arribessin preparats, segurs i amb la confian\u00e7a necess\u00e0ria per afrontar la competici\u00f3.<\/p>\n<p><strong>Una jornada plena d\u2019energia i emoci\u00f3<\/strong><\/p>\n<p>La jornada del 26 d\u2019octubre, marcada inicialment per la pluja i un ambient m\u00e9s fred del previst, va posar a prova la determinaci\u00f3 de tots els i les participants. Malgrat les condicions meteorol\u00f2giques adverses, els 41 esportistes del projecte <em>Triatl\u00f3 Sense Fronteres<\/em> van completar la prova amb una gran demostraci\u00f3 d\u2019esperit de superaci\u00f3, suport mutu i entusiasme.<\/p>\n<p>L\u2019arribada a meta, envoltada d\u2019aplaudiments del p\u00fablic, familiars i voluntariat, es va convertir en un dels moments m\u00e9s emotius del cap de setmana.<\/p>\n<div class=\"ast-oembed-container \" style=\"height: 100%;\"><iframe title=\"Triatl\u00f3 Sense Fronteres (Resum dia de la competici\u00f3) 2025\" width=\"500\" height=\"281\" src=\"https:\/\/www.youtube.com\/embed\/SqXSSALKzGQ?feature=oembed\" frameborder=\"0\" allow=\"accelerometer; autoplay; clipboard-write; encrypted-media; gyroscope; picture-in-picture; web-share\" referrerpolicy=\"strict-origin-when-cross-origin\" allowfullscreen><\/iframe><\/div>\n<p><strong>Un comprom\u00eds ferm amb la inclusi\u00f3<\/strong><\/p>\n<p>Impulsat pel <strong>Challenge Barcelona Triatl\u00f3<\/strong>, la <strong>Federaci\u00f3 ACELL<\/strong> i amb el suport de la <strong>Fundaci\u00f3 \u201cla Caixa\u201d<\/strong>, el projecte <em>Triatl\u00f3 Sense Fronteres<\/em> consolida una aposta clara per la inclusi\u00f3. L\u2019objectiu \u00e9s garantir que esportistes amb necessitats especials tinguin l\u2019oportunitat de participar en igualtat de condicions i gaudir d\u2019una experi\u00e8ncia esportiva completa, accessible i segura.<\/p>\n<p>Amb l\u2019\u00e8xit d\u2019aquesta edici\u00f3, el Challenge Barcelona Triatl\u00f3 reafirma el seu comprom\u00eds de continuar fent cr\u00e9ixer aquesta iniciativa, impulsant un triatl\u00f3 que reflecteixi els valors de diversitat, superaci\u00f3 i inclusi\u00f3 que defineixen l\u2019esport.<\/p>\n","protected":false},"excerpt":{"rendered":"<p>41 esportistes de la Federaci\u00f3 ACELL completen el seu gran repte despr\u00e9s de quatre mesos d\u2019entrenaments adaptats i participen en la jornada del 26 d\u2019octubre, juntament amb prop de 3.000 triatletes<\/p>\n","protected":false},"author":1,"featured_media":11825,"comment_status":"closed","ping_status":"closed","sticky":false,"template":"","format":"standard","meta":{"_monsterinsights_skip_tracking":false,"site-sidebar-layout":"default","site-content-layout":"","ast-site-content-layout":"default","site-content-style":"default","site-sidebar-style":"default","ast-global-header-display":"","ast-banner-title-visibility":"","ast-main-header-display":"","ast-hfb-above-header-display":"","ast-hfb-below-header-display":"","ast-hfb-mobile-header-display":"","site-post-title":"","ast-breadcrumbs-content":"","ast-featured-img":"","footer-sml-layout":"","ast-disable-related-posts":"","theme-transparent-header-meta":"default","adv-header-id-meta":"","stick-header-meta":"default","header-above-stick-meta":"","header-main-stick-meta":"","header-below-stick-meta":"","astra-migrate-meta-layouts":"set","ast-page-background-enabled":"default","ast-page-background-meta":{"desktop":{"background-color":"","background-image":"","background-repeat":"repeat","background-position":"center center","background-size":"auto","background-attachment":"scroll","background-type":"","background-media":"","overlay-type":"","overlay-color":"","overlay-opacity":"","overlay-gradient":""},"tablet":{"background-color":"","background-image":"","background-repeat":"repeat","background-position":"center center","background-size":"auto","background-attachment":"scroll","background-type":"","background-media":"","overlay-type":"","overlay-color":"","overlay-opacity":"","overlay-gradient":""},"mobile":{"background-color":"","background-image":"","background-repeat":"repeat","background-position":"center center","background-size":"auto","background-attachment":"scroll","background-type":"","background-media":"","overlay-type":"","overlay-color":"","overlay-opacity":"","overlay-gradient":""}},"ast-content-background-meta":{"desktop":{"background-color":"var(--ast-global-color-5)","background-image":"","background-repeat":"repeat","background-position":"center center","background-size":"auto","background-attachment":"scroll","background-type":"","background-media":"","overlay-type":"","overlay-color":"","overlay-opacity":"","overlay-gradient":""},"tablet":{"background-color":"var(--ast-global-color-5)","background-image":"","background-repeat":"repeat","background-position":"center center","background-size":"auto","background-attachment":"scroll","background-type":"","background-media":"","overlay-type":"","overlay-color":"","overlay-opacity":"","overlay-gradient":""},"mobile":{"background-color":"var(--ast-global-color-5)","background-image":"","background-repeat":"repeat","background-position":"center center","background-size":"auto","background-attachment":"scroll","background-type":"","background-media":"","overlay-type":"","overlay-color":"","overlay-opacity":"","overlay-gradient":""}},"footnotes":""},"categories":[1],"tags":[],"class_list":["post-11824","post","type-post","status-publish","format-standard","has-post-thumbnail","hentry","category-noticies"],"yoast_head":"<!-- This site is optimized with the Yoast SEO plugin v27.1 - https:\/\/yoast.com\/product\/yoast-seo-wordpress\/ -->\n<title>Triatl\u00f3 Sense Fronteres emociona Barcelona en una edici\u00f3 2025 marcada per la inclusi\u00f3 i la superaci\u00f3 personal - Challenge Barcelona Triatl\u00f3<\/title>\n<meta name=\"robots\" content=\"index, follow, max-snippet:-1, max-image-preview:large, max-video-preview:-1\" \/>\n<link rel=\"canonical\" href=\"https:\/\/www.triathlon.barcelona\/ca\/triatlo-sense-fronteres-emociona-barcelona-en-una-edicio-2025-marcada-per-la-inclusio-i-la-superacio-personal\/\" \/>\n<meta property=\"og:locale\" content=\"ca_ES\" \/>\n<meta property=\"og:type\" content=\"article\" \/>\n<meta property=\"og:title\" content=\"Triatl\u00f3 Sense Fronteres emociona Barcelona en una edici\u00f3 2025 marcada per la inclusi\u00f3 i la superaci\u00f3 personal - Challenge Barcelona Triatl\u00f3\" \/>\n<meta property=\"og:description\" content=\"41 esportistes de la Federaci\u00f3 ACELL completen el seu gran repte despr\u00e9s de quatre mesos d\u2019entrenaments adaptats i participen en la jornada del 26 d\u2019octubre, juntament amb prop de 3.000 triatletes\" \/>\n<meta property=\"og:url\" content=\"https:\/\/www.triathlon.barcelona\/ca\/triatlo-sense-fronteres-emociona-barcelona-en-una-edicio-2025-marcada-per-la-inclusio-i-la-superacio-personal\/\" \/>\n<meta property=\"og:site_name\" content=\"Challenge Barcelona Triatl\u00f3\" \/>\n<meta property=\"article:publisher\" content=\"https:\/\/www.facebook.com\/barcelonatriathlon\" \/>\n<meta property=\"article:published_time\" content=\"2025-10-29T06:00:49+00:00\" \/>\n<meta property=\"article:modified_time\" content=\"2025-11-18T05:53:03+00:00\" \/>\n<meta property=\"og:image\" content=\"https:\/\/www.triathlon.barcelona\/wp-content\/uploads\/2025\/11\/251029-triatlosensefronteres-chbcn2025.jpg\" \/>\n\t<meta property=\"og:image:width\" content=\"1920\" \/>\n\t<meta property=\"og:image:height\" content=\"1280\" \/>\n\t<meta property=\"og:image:type\" content=\"image\/jpeg\" \/>\n<meta name=\"author\" content=\"david\" \/>\n<meta name=\"twitter:card\" content=\"summary_large_image\" \/>\n<meta name=\"twitter:creator\" content=\"@bcn_triathlon\" \/>\n<meta name=\"twitter:site\" content=\"@bcn_triathlon\" \/>\n<meta name=\"twitter:label1\" content=\"Escrit per\" \/>\n\t<meta name=\"twitter:data1\" content=\"david\" \/>\n\t<meta name=\"twitter:label2\" content=\"Temps estimat de lectura\" \/>\n\t<meta name=\"twitter:data2\" content=\"3 minuts\" \/>\n<script type=\"application\/ld+json\" class=\"yoast-schema-graph\">{\"@context\":\"https:\/\/schema.org\",\"@graph\":[{\"@type\":\"Article\",\"@id\":\"https:\/\/www.triathlon.barcelona\/ca\/triatlo-sense-fronteres-emociona-barcelona-en-una-edicio-2025-marcada-per-la-inclusio-i-la-superacio-personal\/#article\",\"isPartOf\":{\"@id\":\"https:\/\/www.triathlon.barcelona\/ca\/triatlo-sense-fronteres-emociona-barcelona-en-una-edicio-2025-marcada-per-la-inclusio-i-la-superacio-personal\/\"},\"author\":{\"name\":\"david\",\"@id\":\"https:\/\/www.triathlon.barcelona\/ca\/#\/schema\/person\/812f46a7af75bae5296e42e5b503d1e6\"},\"headline\":\"Triatl\u00f3 Sense Fronteres emociona Barcelona en una edici\u00f3 2025 marcada per la inclusi\u00f3 i la superaci\u00f3 personal\",\"datePublished\":\"2025-10-29T06:00:49+00:00\",\"dateModified\":\"2025-11-18T05:53:03+00:00\",\"mainEntityOfPage\":{\"@id\":\"https:\/\/www.triathlon.barcelona\/ca\/triatlo-sense-fronteres-emociona-barcelona-en-una-edicio-2025-marcada-per-la-inclusio-i-la-superacio-personal\/\"},\"wordCount\":454,\"publisher\":{\"@id\":\"https:\/\/www.triathlon.barcelona\/ca\/#organization\"},\"image\":{\"@id\":\"https:\/\/www.triathlon.barcelona\/ca\/triatlo-sense-fronteres-emociona-barcelona-en-una-edicio-2025-marcada-per-la-inclusio-i-la-superacio-personal\/#primaryimage\"},\"thumbnailUrl\":\"https:\/\/www.triathlon.barcelona\/wp-content\/uploads\/2025\/11\/251029-triatlosensefronteres-chbcn2025.jpg\",\"articleSection\":[\"Not\u00edcies\"],\"inLanguage\":\"ca\"},{\"@type\":\"WebPage\",\"@id\":\"https:\/\/www.triathlon.barcelona\/ca\/triatlo-sense-fronteres-emociona-barcelona-en-una-edicio-2025-marcada-per-la-inclusio-i-la-superacio-personal\/\",\"url\":\"https:\/\/www.triathlon.barcelona\/ca\/triatlo-sense-fronteres-emociona-barcelona-en-una-edicio-2025-marcada-per-la-inclusio-i-la-superacio-personal\/\",\"name\":\"Triatl\u00f3 Sense Fronteres emociona Barcelona en una edici\u00f3 2025 marcada per la inclusi\u00f3 i la superaci\u00f3 personal - Challenge Barcelona Triatl\u00f3\",\"isPartOf\":{\"@id\":\"https:\/\/www.triathlon.barcelona\/ca\/#website\"},\"primaryImageOfPage\":{\"@id\":\"https:\/\/www.triathlon.barcelona\/ca\/triatlo-sense-fronteres-emociona-barcelona-en-una-edicio-2025-marcada-per-la-inclusio-i-la-superacio-personal\/#primaryimage\"},\"image\":{\"@id\":\"https:\/\/www.triathlon.barcelona\/ca\/triatlo-sense-fronteres-emociona-barcelona-en-una-edicio-2025-marcada-per-la-inclusio-i-la-superacio-personal\/#primaryimage\"},\"thumbnailUrl\":\"https:\/\/www.triathlon.barcelona\/wp-content\/uploads\/2025\/11\/251029-triatlosensefronteres-chbcn2025.jpg\",\"datePublished\":\"2025-10-29T06:00:49+00:00\",\"dateModified\":\"2025-11-18T05:53:03+00:00\",\"breadcrumb\":{\"@id\":\"https:\/\/www.triathlon.barcelona\/ca\/triatlo-sense-fronteres-emociona-barcelona-en-una-edicio-2025-marcada-per-la-inclusio-i-la-superacio-personal\/#breadcrumb\"},\"inLanguage\":\"ca\",\"potentialAction\":[{\"@type\":\"ReadAction\",\"target\":[\"https:\/\/www.triathlon.barcelona\/ca\/triatlo-sense-fronteres-emociona-barcelona-en-una-edicio-2025-marcada-per-la-inclusio-i-la-superacio-personal\/\"]}]},{\"@type\":\"ImageObject\",\"inLanguage\":\"ca\",\"@id\":\"https:\/\/www.triathlon.barcelona\/ca\/triatlo-sense-fronteres-emociona-barcelona-en-una-edicio-2025-marcada-per-la-inclusio-i-la-superacio-personal\/#primaryimage\",\"url\":\"https:\/\/www.triathlon.barcelona\/wp-content\/uploads\/2025\/11\/251029-triatlosensefronteres-chbcn2025.jpg\",\"contentUrl\":\"https:\/\/www.triathlon.barcelona\/wp-content\/uploads\/2025\/11\/251029-triatlosensefronteres-chbcn2025.jpg\",\"width\":1920,\"height\":1280},{\"@type\":\"BreadcrumbList\",\"@id\":\"https:\/\/www.triathlon.barcelona\/ca\/triatlo-sense-fronteres-emociona-barcelona-en-una-edicio-2025-marcada-per-la-inclusio-i-la-superacio-personal\/#breadcrumb\",\"itemListElement\":[{\"@type\":\"ListItem\",\"position\":1,\"name\":\"Inicio\",\"item\":\"https:\/\/www.triathlon.barcelona\/ca\/\"},{\"@type\":\"ListItem\",\"position\":2,\"name\":\"Triatl\u00f3 Sense Fronteres emociona Barcelona en una edici\u00f3 2025 marcada per la inclusi\u00f3 i la superaci\u00f3 personal\"}]},{\"@type\":\"WebSite\",\"@id\":\"https:\/\/www.triathlon.barcelona\/ca\/#website\",\"url\":\"https:\/\/www.triathlon.barcelona\/ca\/\",\"name\":\"Challenge Barcelona Triathlon\",\"description\":\"\",\"publisher\":{\"@id\":\"https:\/\/www.triathlon.barcelona\/ca\/#organization\"},\"alternateName\":\"Challenge Barcelona\",\"potentialAction\":[{\"@type\":\"SearchAction\",\"target\":{\"@type\":\"EntryPoint\",\"urlTemplate\":\"https:\/\/www.triathlon.barcelona\/ca\/?s={search_term_string}\"},\"query-input\":{\"@type\":\"PropertyValueSpecification\",\"valueRequired\":true,\"valueName\":\"search_term_string\"}}],\"inLanguage\":\"ca\"},{\"@type\":\"Organization\",\"@id\":\"https:\/\/www.triathlon.barcelona\/ca\/#organization\",\"name\":\"Challenge Barcelona Triathlon\",\"alternateName\":\"Challenge Barcelona\",\"url\":\"https:\/\/www.triathlon.barcelona\/ca\/\",\"logo\":{\"@type\":\"ImageObject\",\"inLanguage\":\"ca\",\"@id\":\"https:\/\/www.triathlon.barcelona\/ca\/#\/schema\/logo\/image\/\",\"url\":\"https:\/\/www.triathlon.barcelona\/wp-content\/uploads\/2024\/06\/logo-challenge-barcelona.png\",\"contentUrl\":\"https:\/\/www.triathlon.barcelona\/wp-content\/uploads\/2024\/06\/logo-challenge-barcelona.png\",\"width\":3209,\"height\":729,\"caption\":\"Challenge Barcelona Triathlon\"},\"image\":{\"@id\":\"https:\/\/www.triathlon.barcelona\/ca\/#\/schema\/logo\/image\/\"},\"sameAs\":[\"https:\/\/www.facebook.com\/barcelonatriathlon\",\"https:\/\/x.com\/bcn_triathlon\",\"https:\/\/www.instagram.com\/barcelonatriathlon\/\"]},{\"@type\":\"Person\",\"@id\":\"https:\/\/www.triathlon.barcelona\/ca\/#\/schema\/person\/812f46a7af75bae5296e42e5b503d1e6\",\"name\":\"david\",\"image\":{\"@type\":\"ImageObject\",\"inLanguage\":\"ca\",\"@id\":\"https:\/\/www.triathlon.barcelona\/ca\/#\/schema\/person\/image\/\",\"url\":\"https:\/\/secure.gravatar.com\/avatar\/f3b6b2a94c48d199ba05b31c711ca66bc5650a0dc06074dd63ae046df043d8e8?s=96&d=mm&r=g\",\"contentUrl\":\"https:\/\/secure.gravatar.com\/avatar\/f3b6b2a94c48d199ba05b31c711ca66bc5650a0dc06074dd63ae046df043d8e8?s=96&d=mm&r=g\",\"caption\":\"david\"},\"sameAs\":[\"https:\/\/www.triathlon.barcelona\"],\"url\":\"https:\/\/www.triathlon.barcelona\/ca\/author\/david\/\"}]}<\/script>\n<!-- \/ Yoast SEO plugin. -->","yoast_head_json":{"title":"Triatl\u00f3 Sense Fronteres emociona Barcelona en una edici\u00f3 2025 marcada per la inclusi\u00f3 i la superaci\u00f3 personal - Challenge Barcelona Triatl\u00f3","robots":{"index":"index","follow":"follow","max-snippet":"max-snippet:-1","max-image-preview":"max-image-preview:large","max-video-preview":"max-video-preview:-1"},"canonical":"https:\/\/www.triathlon.barcelona\/ca\/triatlo-sense-fronteres-emociona-barcelona-en-una-edicio-2025-marcada-per-la-inclusio-i-la-superacio-personal\/","og_locale":"ca_ES","og_type":"article","og_title":"Triatl\u00f3 Sense Fronteres emociona Barcelona en una edici\u00f3 2025 marcada per la inclusi\u00f3 i la superaci\u00f3 personal - Challenge Barcelona Triatl\u00f3","og_description":"41 esportistes de la Federaci\u00f3 ACELL completen el seu gran repte despr\u00e9s de quatre mesos d\u2019entrenaments adaptats i participen en la jornada del 26 d\u2019octubre, juntament amb prop de 3.000 triatletes","og_url":"https:\/\/www.triathlon.barcelona\/ca\/triatlo-sense-fronteres-emociona-barcelona-en-una-edicio-2025-marcada-per-la-inclusio-i-la-superacio-personal\/","og_site_name":"Challenge Barcelona Triatl\u00f3","article_publisher":"https:\/\/www.facebook.com\/barcelonatriathlon","article_published_time":"2025-10-29T06:00:49+00:00","article_modified_time":"2025-11-18T05:53:03+00:00","og_image":[{"width":1920,"height":1280,"url":"https:\/\/www.triathlon.barcelona\/wp-content\/uploads\/2025\/11\/251029-triatlosensefronteres-chbcn2025.jpg","type":"image\/jpeg"}],"author":"david","twitter_card":"summary_large_image","twitter_creator":"@bcn_triathlon","twitter_site":"@bcn_triathlon","twitter_misc":{"Escrit per":"david","Temps estimat de lectura":"3 minuts"},"schema":{"@context":"https:\/\/schema.org","@graph":[{"@type":"Article","@id":"https:\/\/www.triathlon.barcelona\/ca\/triatlo-sense-fronteres-emociona-barcelona-en-una-edicio-2025-marcada-per-la-inclusio-i-la-superacio-personal\/#article","isPartOf":{"@id":"https:\/\/www.triathlon.barcelona\/ca\/triatlo-sense-fronteres-emociona-barcelona-en-una-edicio-2025-marcada-per-la-inclusio-i-la-superacio-personal\/"},"author":{"name":"david","@id":"https:\/\/www.triathlon.barcelona\/ca\/#\/schema\/person\/812f46a7af75bae5296e42e5b503d1e6"},"headline":"Triatl\u00f3 Sense Fronteres emociona Barcelona en una edici\u00f3 2025 marcada per la inclusi\u00f3 i la superaci\u00f3 personal","datePublished":"2025-10-29T06:00:49+00:00","dateModified":"2025-11-18T05:53:03+00:00","mainEntityOfPage":{"@id":"https:\/\/www.triathlon.barcelona\/ca\/triatlo-sense-fronteres-emociona-barcelona-en-una-edicio-2025-marcada-per-la-inclusio-i-la-superacio-personal\/"},"wordCount":454,"publisher":{"@id":"https:\/\/www.triathlon.barcelona\/ca\/#organization"},"image":{"@id":"https:\/\/www.triathlon.barcelona\/ca\/triatlo-sense-fronteres-emociona-barcelona-en-una-edicio-2025-marcada-per-la-inclusio-i-la-superacio-personal\/#primaryimage"},"thumbnailUrl":"https:\/\/www.triathlon.barcelona\/wp-content\/uploads\/2025\/11\/251029-triatlosensefronteres-chbcn2025.jpg","articleSection":["Not\u00edcies"],"inLanguage":"ca"},{"@type":"WebPage","@id":"https:\/\/www.triathlon.barcelona\/ca\/triatlo-sense-fronteres-emociona-barcelona-en-una-edicio-2025-marcada-per-la-inclusio-i-la-superacio-personal\/","url":"https:\/\/www.triathlon.barcelona\/ca\/triatlo-sense-fronteres-emociona-barcelona-en-una-edicio-2025-marcada-per-la-inclusio-i-la-superacio-personal\/","name":"Triatl\u00f3 Sense Fronteres emociona Barcelona en una edici\u00f3 2025 marcada per la inclusi\u00f3 i la superaci\u00f3 personal - Challenge Barcelona Triatl\u00f3","isPartOf":{"@id":"https:\/\/www.triathlon.barcelona\/ca\/#website"},"primaryImageOfPage":{"@id":"https:\/\/www.triathlon.barcelona\/ca\/triatlo-sense-fronteres-emociona-barcelona-en-una-edicio-2025-marcada-per-la-inclusio-i-la-superacio-personal\/#primaryimage"},"image":{"@id":"https:\/\/www.triathlon.barcelona\/ca\/triatlo-sense-fronteres-emociona-barcelona-en-una-edicio-2025-marcada-per-la-inclusio-i-la-superacio-personal\/#primaryimage"},"thumbnailUrl":"https:\/\/www.triathlon.barcelona\/wp-content\/uploads\/2025\/11\/251029-triatlosensefronteres-chbcn2025.jpg","datePublished":"2025-10-29T06:00:49+00:00","dateModified":"2025-11-18T05:53:03+00:00","breadcrumb":{"@id":"https:\/\/www.triathlon.barcelona\/ca\/triatlo-sense-fronteres-emociona-barcelona-en-una-edicio-2025-marcada-per-la-inclusio-i-la-superacio-personal\/#breadcrumb"},"inLanguage":"ca","potentialAction":[{"@type":"ReadAction","target":["https:\/\/www.triathlon.barcelona\/ca\/triatlo-sense-fronteres-emociona-barcelona-en-una-edicio-2025-marcada-per-la-inclusio-i-la-superacio-personal\/"]}]},{"@type":"ImageObject","inLanguage":"ca","@id":"https:\/\/www.triathlon.barcelona\/ca\/triatlo-sense-fronteres-emociona-barcelona-en-una-edicio-2025-marcada-per-la-inclusio-i-la-superacio-personal\/#primaryimage","url":"https:\/\/www.triathlon.barcelona\/wp-content\/uploads\/2025\/11\/251029-triatlosensefronteres-chbcn2025.jpg","contentUrl":"https:\/\/www.triathlon.barcelona\/wp-content\/uploads\/2025\/11\/251029-triatlosensefronteres-chbcn2025.jpg","width":1920,"height":1280},{"@type":"BreadcrumbList","@id":"https:\/\/www.triathlon.barcelona\/ca\/triatlo-sense-fronteres-emociona-barcelona-en-una-edicio-2025-marcada-per-la-inclusio-i-la-superacio-personal\/#breadcrumb","itemListElement":[{"@type":"ListItem","position":1,"name":"Inicio","item":"https:\/\/www.triathlon.barcelona\/ca\/"},{"@type":"ListItem","position":2,"name":"Triatl\u00f3 Sense Fronteres emociona Barcelona en una edici\u00f3 2025 marcada per la inclusi\u00f3 i la superaci\u00f3 personal"}]},{"@type":"WebSite","@id":"https:\/\/www.triathlon.barcelona\/ca\/#website","url":"https:\/\/www.triathlon.barcelona\/ca\/","name":"Challenge Barcelona Triathlon","description":"","publisher":{"@id":"https:\/\/www.triathlon.barcelona\/ca\/#organization"},"alternateName":"Challenge Barcelona","potentialAction":[{"@type":"SearchAction","target":{"@type":"EntryPoint","urlTemplate":"https:\/\/www.triathlon.barcelona\/ca\/?s={search_term_string}"},"query-input":{"@type":"PropertyValueSpecification","valueRequired":true,"valueName":"search_term_string"}}],"inLanguage":"ca"},{"@type":"Organization","@id":"https:\/\/www.triathlon.barcelona\/ca\/#organization","name":"Challenge Barcelona Triathlon","alternateName":"Challenge Barcelona","url":"https:\/\/www.triathlon.barcelona\/ca\/","logo":{"@type":"ImageObject","inLanguage":"ca","@id":"https:\/\/www.triathlon.barcelona\/ca\/#\/schema\/logo\/image\/","url":"https:\/\/www.triathlon.barcelona\/wp-content\/uploads\/2024\/06\/logo-challenge-barcelona.png","contentUrl":"https:\/\/www.triathlon.barcelona\/wp-content\/uploads\/2024\/06\/logo-challenge-barcelona.png","width":3209,"height":729,"caption":"Challenge Barcelona Triathlon"},"image":{"@id":"https:\/\/www.triathlon.barcelona\/ca\/#\/schema\/logo\/image\/"},"sameAs":["https:\/\/www.facebook.com\/barcelonatriathlon","https:\/\/x.com\/bcn_triathlon","https:\/\/www.instagram.com\/barcelonatriathlon\/"]},{"@type":"Person","@id":"https:\/\/www.triathlon.barcelona\/ca\/#\/schema\/person\/812f46a7af75bae5296e42e5b503d1e6","name":"david","image":{"@type":"ImageObject","inLanguage":"ca","@id":"https:\/\/www.triathlon.barcelona\/ca\/#\/schema\/person\/image\/","url":"https:\/\/secure.gravatar.com\/avatar\/f3b6b2a94c48d199ba05b31c711ca66bc5650a0dc06074dd63ae046df043d8e8?s=96&d=mm&r=g","contentUrl":"https:\/\/secure.gravatar.com\/avatar\/f3b6b2a94c48d199ba05b31c711ca66bc5650a0dc06074dd63ae046df043d8e8?s=96&d=mm&r=g","caption":"david"},"sameAs":["https:\/\/www.triathlon.barcelona"],"url":"https:\/\/www.triathlon.barcelona\/ca\/author\/david\/"}]}},"_links":{"self":[{"href":"https:\/\/www.triathlon.barcelona\/ca\/wp-json\/wp\/v2\/posts\/11824","targetHints":{"allow":["GET"]}}],"collection":[{"href":"https:\/\/www.triathlon.barcelona\/ca\/wp-json\/wp\/v2\/posts"}],"about":[{"href":"https:\/\/www.triathlon.barcelona\/ca\/wp-json\/wp\/v2\/types\/post"}],"author":[{"embeddable":true,"href":"https:\/\/www.triathlon.barcelona\/ca\/wp-json\/wp\/v2\/users\/1"}],"replies":[{"embeddable":true,"href":"https:\/\/www.triathlon.barcelona\/ca\/wp-json\/wp\/v2\/comments?post=11824"}],"version-history":[{"count":3,"href":"https:\/\/www.triathlon.barcelona\/ca\/wp-json\/wp\/v2\/posts\/11824\/revisions"}],"predecessor-version":[{"id":11828,"href":"https:\/\/www.triathlon.barcelona\/ca\/wp-json\/wp\/v2\/posts\/11824\/revisions\/11828"}],"wp:featuredmedia":[{"embeddable":true,"href":"https:\/\/www.triathlon.barcelona\/ca\/wp-json\/wp\/v2\/media\/11825"}],"wp:attachment":[{"href":"https:\/\/www.triathlon.barcelona\/ca\/wp-json\/wp\/v2\/media?parent=11824"}],"wp:term":[{"taxonomy":"category","embeddable":true,"href":"https:\/\/www.triathlon.barcelona\/ca\/wp-json\/wp\/v2\/categories?post=11824"},{"taxonomy":"post_tag","embeddable":true,"href":"https:\/\/www.triathlon.barcelona\/ca\/wp-json\/wp\/v2\/tags?post=11824"}],"curies":[{"name":"wp","href":"https:\/\/api.w.org\/{rel}","templated":true}]}}