{"id":12323,"date":"2026-06-09T13:40:48","date_gmt":"2026-06-09T11:40:48","guid":{"rendered":"https:\/\/www.triathlon.barcelona\/?p=12323"},"modified":"2026-06-09T13:51:45","modified_gmt":"2026-06-09T11:51:45","slug":"el-cami-a-la-meta-es-mes-fort-finisher-continua-un-any-mes-confiant-en-el-triatlo-de-barcelona","status":"publish","type":"post","link":"https:\/\/www.triathlon.barcelona\/ca\/el-cami-a-la-meta-es-mes-fort-finisher-continua-un-any-mes-confiant-en-el-triatlo-de-barcelona\/","title":{"rendered":"El cam\u00ed a la meta \u00e9s m\u00e9s fort: Finisher continua un any m\u00e9s confiant en el Triatl\u00f3 de Barcelona"},"content":{"rendered":"<p data-path-to-node=\"7\">Tenim una gran not\u00edcia per a tota la comunitat de <b data-path-to-node=\"7\" data-index-in-node=\"50\">Triathlon Barcelona<\/b>! Ens fa molta il\u00b7lusi\u00f3 confirmar que <a href=\"https:\/\/www.finisher.es\/\"><b data-path-to-node=\"7\" data-index-in-node=\"107\">Finisher<\/b><\/a>, la marca de refer\u00e8ncia en salut i nutrici\u00f3 esportiva de Laboratoris Kern Pharma, continua un any m\u00e9s confiant en el Triatl\u00f3 de Barcelona com a patrocinador oficial del nostre projecte i dels pr\u00f2xims esdeveniments.<\/p>\n<p data-path-to-node=\"7\"><!--more--><\/p>\n<p data-path-to-node=\"8\">Per a nosaltres, mantenir aquesta uni\u00f3 \u00e9s un motiu d&#8217;orgull. Significa seguir fent cam\u00ed de la m\u00e0 d&#8217;experts que entenen, exactament igual que tu i que nosaltres, el sacrifici, la disciplina i la passi\u00f3 que es necessiten per creuar aquesta ansiada l\u00ednia de meta.<\/p>\n<h3 data-path-to-node=\"10\">Una alian\u00e7a dissenyada per potenciar el teu rendiment<\/h3>\n<p>&nbsp;<\/p>\n<p data-path-to-node=\"11\">Si una cosa sabem els triatletes, \u00e9s que l&#8217;entrenament constant i la fortalesa mental nom\u00e9s s\u00f3n dues potes de la taula. La tercera, i sovint la que marca la difer\u00e8ncia entre patir un \u00abmur\u00bb o aconseguir una marca personal, \u00e9s la <b data-path-to-node=\"11\" data-index-in-node=\"228\">nutrici\u00f3 i la suplementaci\u00f3 intel\u00b7ligent<\/b>.<\/p>\n<p data-path-to-node=\"12\">Gr\u00e0cies a la continu\u00eftat de Finisher, els nostres atletes seguiran comptant amb el suport d&#8217;una gamma de productes d&#8217;alta qualitat cient\u00edfica, dissenyats espec\u00edficament per a:<\/p>\n<p data-path-to-node=\"13,0,0\"><b data-path-to-node=\"13,0,0\" data-index-in-node=\"0\">Optimitzar l&#8217;energia:<\/b> Abans i durant els entrenaments i competicions m\u00e9s exigents.<\/p>\n<p data-path-to-node=\"13,1,0\"><b data-path-to-node=\"13,1,0\" data-index-in-node=\"0\">Afavorir una recuperaci\u00f3 r\u00e0pida:<\/b> Un aspecte efectiu i vital per poder rendir al m\u00e0xim l&#8217;endem\u00e0.<\/p>\n<p data-path-to-node=\"13,2,0\"><b data-path-to-node=\"13,2,0\" data-index-in-node=\"0\">Cuidar la salut articular i muscular:<\/b> Clau per prevenir lesions en disciplines tan exigents com la nataci\u00f3, el ciclisme i la cursa a peu.<\/p>\n<p data-path-to-node=\"13,2,0\"><i style=\"font-weight: inherit;\" data-path-to-node=\"14,0\" data-index-in-node=\"0\">\u00abCreuar la meta no \u00e9s nom\u00e9s una q\u00fcesti\u00f3 de cames, \u00e9s una q\u00fcesti\u00f3 d&#8217;estrat\u00e8gia. I Finisher seguir\u00e0 sent la nostra millor estrat\u00e8gia nutricional una temporada m\u00e9s.\u00bb<\/i><\/p>\n<p data-path-to-node=\"14,0\"><a href=\"https:\/\/www.finisher.es\/productos\/\"><img fetchpriority=\"high\" decoding=\"async\" class=\"wp-image-12325 size-full aligncenter\" src=\"https:\/\/www.triathlon.barcelona\/wp-content\/uploads\/2026\/06\/Captura-de-pantalla-2026-06-05-105550.png\" alt=\"\" width=\"866\" height=\"211\" srcset=\"https:\/\/www.triathlon.barcelona\/wp-content\/uploads\/2026\/06\/Captura-de-pantalla-2026-06-05-105550.png 866w, https:\/\/www.triathlon.barcelona\/wp-content\/uploads\/2026\/06\/Captura-de-pantalla-2026-06-05-105550-300x73.png 300w, https:\/\/www.triathlon.barcelona\/wp-content\/uploads\/2026\/06\/Captura-de-pantalla-2026-06-05-105550-768x187.png 768w\" sizes=\"(max-width: 866px) 100vw, 866px\" \/><\/a><\/p>\n<h3 data-path-to-node=\"16\">Qu\u00e8 significa aix\u00f2 per a tu?<\/h3>\n<p>&nbsp;<\/p>\n<p data-path-to-node=\"17\">Com a part activa de la comunitat de Triathlon Barcelona, et beneficiar\u00e0s directament d&#8217;aquest acord de renovaci\u00f3. Durant aquest any podr\u00e0s gaudir de:<\/p>\n<p data-path-to-node=\"18,0,0\"><b data-path-to-node=\"18,0,0\" data-index-in-node=\"0\">Descomptes directes amb la teva inscripci\u00f3:<\/b> Si t&#8217;inscrius, rebr\u00e0s autom\u00e0ticament amb el teu justificant descomptes en nutrici\u00f3 esportiva Finisher per comen\u00e7ar a preparar la teva cursa des d&#8217;ara mateix.<\/p>\n<p data-path-to-node=\"18,1,0\"><b data-path-to-node=\"18,1,0\" data-index-in-node=\"0\">Punts d&#8217;avituallament i nutrici\u00f3 top:<\/b> En els nostres esdeveniments i entrenaments oficials, els productes Finisher estaran preparats per donar-te aquest plus d&#8217;energia just quan les forces comencin a flaquejar.<\/p>\n<p data-path-to-node=\"18,2,0\"><b data-path-to-node=\"18,2,0\" data-index-in-node=\"0\">Contingut expert i formaci\u00f3:<\/b> Prepararem articles al blog, tallers i consells pr\u00e0ctics de la m\u00e0 dels especialistes de la marca perqu\u00e8 aprenguis a planificar la teva suplementaci\u00f3 de cara als objectius de la temporada.<\/p>\n<p data-path-to-node=\"18,3,0\"><b data-path-to-node=\"18,3,0\" data-index-in-node=\"0\">Sortejos i avantatges exclusius:<\/b> Estigues molt atent a les nostres xarxes socials, perqu\u00e8 llan\u00e7arem sorpreses i promocions pensades exclusivament per a tu.<\/p>\n<h3 data-path-to-node=\"20\">Seguim sumant junts!<\/h3>\n<p>&nbsp;<\/p>\n<p data-path-to-node=\"21\">Volem agrair profundament a tot l&#8217;equip de <b data-path-to-node=\"21\" data-index-in-node=\"43\">Finisher<\/b> que continu\u00ef fent costat a Triathlon Barcelona un any m\u00e9s, demostrant el seu comprom\u00eds ferm amb l&#8217;esport base i d&#8217;alt rendiment a la nostra ciutat.<\/p>\n<p data-path-to-node=\"22\">Prepara les teves vambes, ajusta la bicicleta i comen\u00e7a a nedar amb m\u00e9s for\u00e7a que mai. Amb el nostre aliat de confian\u00e7a al costat, el cam\u00ed cap a la meta ser\u00e0, sens dubte, un viatge espectacular.<\/p>\n<p data-path-to-node=\"23\"><b data-path-to-node=\"23\" data-index-in-node=\"0\">A pels teus objectius, Finisher!<\/b><\/p>\n<p data-path-to-node=\"25\"><i data-path-to-node=\"25\" data-index-in-node=\"0\">Has provat ja algun dels productes de Finisher? Deixa&#8217;ns als comentaris quin \u00e9s el teu gel o barreta imprescindible per als entrenaments llargs.<\/i><\/p>\n","protected":false},"excerpt":{"rendered":"<p>Tenim una gran not\u00edcia per a tota la comunitat de Triathlon Barcelona! Ens fa molta il\u00b7lusi\u00f3 confirmar que Finisher, la marca de refer\u00e8ncia en salut i nutrici\u00f3 esportiva de Laboratoris Kern Pharma, continua un any m\u00e9s confiant en el Triatl\u00f3 de Barcelona com a patrocinador oficial del nostre projecte i dels pr\u00f2xims esdeveniments.<\/p>\n","protected":false},"author":6,"featured_media":12330,"comment_status":"closed","ping_status":"closed","sticky":false,"template":"","format":"standard","meta":{"_monsterinsights_skip_tracking":false,"site-sidebar-layout":"default","site-content-layout":"","ast-site-content-layout":"default","site-content-style":"default","site-sidebar-style":"default","ast-global-header-display":"","ast-banner-title-visibility":"","ast-main-header-display":"","ast-hfb-above-header-display":"","ast-hfb-below-header-display":"","ast-hfb-mobile-header-display":"","site-post-title":"","ast-breadcrumbs-content":"","ast-featured-img":"","footer-sml-layout":"","ast-disable-related-posts":"","theme-transparent-header-meta":"default","adv-header-id-meta":"","stick-header-meta":"default","header-above-stick-meta":"","header-main-stick-meta":"","header-below-stick-meta":"","astra-migrate-meta-layouts":"set","ast-page-background-enabled":"default","ast-page-background-meta":{"desktop":{"background-color":"","background-image":"","background-repeat":"repeat","background-position":"center center","background-size":"auto","background-attachment":"scroll","background-type":"","background-media":"","overlay-type":"","overlay-color":"","overlay-opacity":"","overlay-gradient":""},"tablet":{"background-color":"","background-image":"","background-repeat":"repeat","background-position":"center center","background-size":"auto","background-attachment":"scroll","background-type":"","background-media":"","overlay-type":"","overlay-color":"","overlay-opacity":"","overlay-gradient":""},"mobile":{"background-color":"","background-image":"","background-repeat":"repeat","background-position":"center center","background-size":"auto","background-attachment":"scroll","background-type":"","background-media":"","overlay-type":"","overlay-color":"","overlay-opacity":"","overlay-gradient":""}},"ast-content-background-meta":{"desktop":{"background-color":"var(--ast-global-color-5)","background-image":"","background-repeat":"repeat","background-position":"center center","background-size":"auto","background-attachment":"scroll","background-type":"","background-media":"","overlay-type":"","overlay-color":"","overlay-opacity":"","overlay-gradient":""},"tablet":{"background-color":"var(--ast-global-color-5)","background-image":"","background-repeat":"repeat","background-position":"center center","background-size":"auto","background-attachment":"scroll","background-type":"","background-media":"","overlay-type":"","overlay-color":"","overlay-opacity":"","overlay-gradient":""},"mobile":{"background-color":"var(--ast-global-color-5)","background-image":"","background-repeat":"repeat","background-position":"center center","background-size":"auto","background-attachment":"scroll","background-type":"","background-media":"","overlay-type":"","overlay-color":"","overlay-opacity":"","overlay-gradient":""}},"footnotes":""},"categories":[1],"tags":[],"class_list":["post-12323","post","type-post","status-publish","format-standard","has-post-thumbnail","hentry","category-noticies"],"yoast_head":"<!-- This site is optimized with the Yoast SEO plugin v27.1 - https:\/\/yoast.com\/product\/yoast-seo-wordpress\/ -->\n<title>El cam\u00ed a la meta \u00e9s m\u00e9s fort: Finisher continua un any m\u00e9s confiant en el Triatl\u00f3 de Barcelona - Challenge Barcelona Triatl\u00f3<\/title>\n<meta name=\"robots\" content=\"index, follow, max-snippet:-1, max-image-preview:large, max-video-preview:-1\" \/>\n<link rel=\"canonical\" href=\"https:\/\/www.triathlon.barcelona\/ca\/el-cami-a-la-meta-es-mes-fort-finisher-continua-un-any-mes-confiant-en-el-triatlo-de-barcelona\/\" \/>\n<meta property=\"og:locale\" content=\"ca_ES\" \/>\n<meta property=\"og:type\" content=\"article\" \/>\n<meta property=\"og:title\" content=\"El cam\u00ed a la meta \u00e9s m\u00e9s fort: Finisher continua un any m\u00e9s confiant en el Triatl\u00f3 de Barcelona - Challenge Barcelona Triatl\u00f3\" \/>\n<meta property=\"og:description\" content=\"Tenim una gran not\u00edcia per a tota la comunitat de Triathlon Barcelona! Ens fa molta il\u00b7lusi\u00f3 confirmar que Finisher, la marca de refer\u00e8ncia en salut i nutrici\u00f3 esportiva de Laboratoris Kern Pharma, continua un any m\u00e9s confiant en el Triatl\u00f3 de Barcelona com a patrocinador oficial del nostre projecte i dels pr\u00f2xims esdeveniments.\" \/>\n<meta property=\"og:url\" content=\"https:\/\/www.triathlon.barcelona\/ca\/el-cami-a-la-meta-es-mes-fort-finisher-continua-un-any-mes-confiant-en-el-triatlo-de-barcelona\/\" \/>\n<meta property=\"og:site_name\" content=\"Challenge Barcelona Triatl\u00f3\" \/>\n<meta property=\"article:publisher\" content=\"https:\/\/www.facebook.com\/barcelonatriathlon\" \/>\n<meta property=\"article:published_time\" content=\"2026-06-09T11:40:48+00:00\" \/>\n<meta property=\"article:modified_time\" content=\"2026-06-09T11:51:45+00:00\" \/>\n<meta property=\"og:image\" content=\"https:\/\/www.triathlon.barcelona\/wp-content\/uploads\/2026\/06\/Diseno-sin-titulo-1.png\" \/>\n\t<meta property=\"og:image:width\" content=\"1920\" \/>\n\t<meta property=\"og:image:height\" content=\"1280\" \/>\n\t<meta property=\"og:image:type\" content=\"image\/png\" \/>\n<meta name=\"author\" content=\"info@wefeelevents.com\" \/>\n<meta name=\"twitter:card\" content=\"summary_large_image\" \/>\n<meta name=\"twitter:creator\" content=\"@bcn_triathlon\" \/>\n<meta name=\"twitter:site\" content=\"@bcn_triathlon\" \/>\n<meta name=\"twitter:label1\" content=\"Escrit per\" \/>\n\t<meta name=\"twitter:data1\" content=\"info@wefeelevents.com\" \/>\n\t<meta name=\"twitter:label2\" content=\"Temps estimat de lectura\" \/>\n\t<meta name=\"twitter:data2\" content=\"4 minuts\" \/>\n<script type=\"application\/ld+json\" class=\"yoast-schema-graph\">{\"@context\":\"https:\/\/schema.org\",\"@graph\":[{\"@type\":\"Article\",\"@id\":\"https:\/\/www.triathlon.barcelona\/ca\/el-cami-a-la-meta-es-mes-fort-finisher-continua-un-any-mes-confiant-en-el-triatlo-de-barcelona\/#article\",\"isPartOf\":{\"@id\":\"https:\/\/www.triathlon.barcelona\/ca\/el-cami-a-la-meta-es-mes-fort-finisher-continua-un-any-mes-confiant-en-el-triatlo-de-barcelona\/\"},\"author\":{\"name\":\"info@wefeelevents.com\",\"@id\":\"https:\/\/www.triathlon.barcelona\/ca\/#\/schema\/person\/02815cd13c1dfac064a7be145c04c170\"},\"headline\":\"El cam\u00ed a la meta \u00e9s m\u00e9s fort: Finisher continua un any m\u00e9s confiant en el Triatl\u00f3 de Barcelona\",\"datePublished\":\"2026-06-09T11:40:48+00:00\",\"dateModified\":\"2026-06-09T11:51:45+00:00\",\"mainEntityOfPage\":{\"@id\":\"https:\/\/www.triathlon.barcelona\/ca\/el-cami-a-la-meta-es-mes-fort-finisher-continua-un-any-mes-confiant-en-el-triatlo-de-barcelona\/\"},\"wordCount\":573,\"publisher\":{\"@id\":\"https:\/\/www.triathlon.barcelona\/ca\/#organization\"},\"image\":{\"@id\":\"https:\/\/www.triathlon.barcelona\/ca\/el-cami-a-la-meta-es-mes-fort-finisher-continua-un-any-mes-confiant-en-el-triatlo-de-barcelona\/#primaryimage\"},\"thumbnailUrl\":\"https:\/\/www.triathlon.barcelona\/wp-content\/uploads\/2026\/06\/Diseno-sin-titulo-1.png\",\"articleSection\":[\"Not\u00edcies\"],\"inLanguage\":\"ca\"},{\"@type\":\"WebPage\",\"@id\":\"https:\/\/www.triathlon.barcelona\/ca\/el-cami-a-la-meta-es-mes-fort-finisher-continua-un-any-mes-confiant-en-el-triatlo-de-barcelona\/\",\"url\":\"https:\/\/www.triathlon.barcelona\/ca\/el-cami-a-la-meta-es-mes-fort-finisher-continua-un-any-mes-confiant-en-el-triatlo-de-barcelona\/\",\"name\":\"El cam\u00ed a la meta \u00e9s m\u00e9s fort: Finisher continua un any m\u00e9s confiant en el Triatl\u00f3 de Barcelona - Challenge Barcelona Triatl\u00f3\",\"isPartOf\":{\"@id\":\"https:\/\/www.triathlon.barcelona\/ca\/#website\"},\"primaryImageOfPage\":{\"@id\":\"https:\/\/www.triathlon.barcelona\/ca\/el-cami-a-la-meta-es-mes-fort-finisher-continua-un-any-mes-confiant-en-el-triatlo-de-barcelona\/#primaryimage\"},\"image\":{\"@id\":\"https:\/\/www.triathlon.barcelona\/ca\/el-cami-a-la-meta-es-mes-fort-finisher-continua-un-any-mes-confiant-en-el-triatlo-de-barcelona\/#primaryimage\"},\"thumbnailUrl\":\"https:\/\/www.triathlon.barcelona\/wp-content\/uploads\/2026\/06\/Diseno-sin-titulo-1.png\",\"datePublished\":\"2026-06-09T11:40:48+00:00\",\"dateModified\":\"2026-06-09T11:51:45+00:00\",\"breadcrumb\":{\"@id\":\"https:\/\/www.triathlon.barcelona\/ca\/el-cami-a-la-meta-es-mes-fort-finisher-continua-un-any-mes-confiant-en-el-triatlo-de-barcelona\/#breadcrumb\"},\"inLanguage\":\"ca\",\"potentialAction\":[{\"@type\":\"ReadAction\",\"target\":[\"https:\/\/www.triathlon.barcelona\/ca\/el-cami-a-la-meta-es-mes-fort-finisher-continua-un-any-mes-confiant-en-el-triatlo-de-barcelona\/\"]}]},{\"@type\":\"ImageObject\",\"inLanguage\":\"ca\",\"@id\":\"https:\/\/www.triathlon.barcelona\/ca\/el-cami-a-la-meta-es-mes-fort-finisher-continua-un-any-mes-confiant-en-el-triatlo-de-barcelona\/#primaryimage\",\"url\":\"https:\/\/www.triathlon.barcelona\/wp-content\/uploads\/2026\/06\/Diseno-sin-titulo-1.png\",\"contentUrl\":\"https:\/\/www.triathlon.barcelona\/wp-content\/uploads\/2026\/06\/Diseno-sin-titulo-1.png\",\"width\":1920,\"height\":1280},{\"@type\":\"BreadcrumbList\",\"@id\":\"https:\/\/www.triathlon.barcelona\/ca\/el-cami-a-la-meta-es-mes-fort-finisher-continua-un-any-mes-confiant-en-el-triatlo-de-barcelona\/#breadcrumb\",\"itemListElement\":[{\"@type\":\"ListItem\",\"position\":1,\"name\":\"Inicio\",\"item\":\"https:\/\/www.triathlon.barcelona\/ca\/\"},{\"@type\":\"ListItem\",\"position\":2,\"name\":\"El cam\u00ed a la meta \u00e9s m\u00e9s fort: Finisher continua un any m\u00e9s confiant en el Triatl\u00f3 de Barcelona\"}]},{\"@type\":\"WebSite\",\"@id\":\"https:\/\/www.triathlon.barcelona\/ca\/#website\",\"url\":\"https:\/\/www.triathlon.barcelona\/ca\/\",\"name\":\"Challenge Barcelona Triathlon\",\"description\":\"\",\"publisher\":{\"@id\":\"https:\/\/www.triathlon.barcelona\/ca\/#organization\"},\"alternateName\":\"Challenge Barcelona\",\"potentialAction\":[{\"@type\":\"SearchAction\",\"target\":{\"@type\":\"EntryPoint\",\"urlTemplate\":\"https:\/\/www.triathlon.barcelona\/ca\/?s={search_term_string}\"},\"query-input\":{\"@type\":\"PropertyValueSpecification\",\"valueRequired\":true,\"valueName\":\"search_term_string\"}}],\"inLanguage\":\"ca\"},{\"@type\":\"Organization\",\"@id\":\"https:\/\/www.triathlon.barcelona\/ca\/#organization\",\"name\":\"Challenge Barcelona Triathlon\",\"alternateName\":\"Challenge Barcelona\",\"url\":\"https:\/\/www.triathlon.barcelona\/ca\/\",\"logo\":{\"@type\":\"ImageObject\",\"inLanguage\":\"ca\",\"@id\":\"https:\/\/www.triathlon.barcelona\/ca\/#\/schema\/logo\/image\/\",\"url\":\"https:\/\/www.triathlon.barcelona\/wp-content\/uploads\/2024\/06\/logo-challenge-barcelona.png\",\"contentUrl\":\"https:\/\/www.triathlon.barcelona\/wp-content\/uploads\/2024\/06\/logo-challenge-barcelona.png\",\"width\":3209,\"height\":729,\"caption\":\"Challenge Barcelona Triathlon\"},\"image\":{\"@id\":\"https:\/\/www.triathlon.barcelona\/ca\/#\/schema\/logo\/image\/\"},\"sameAs\":[\"https:\/\/www.facebook.com\/barcelonatriathlon\",\"https:\/\/x.com\/bcn_triathlon\",\"https:\/\/www.instagram.com\/barcelonatriathlon\/\"]},{\"@type\":\"Person\",\"@id\":\"https:\/\/www.triathlon.barcelona\/ca\/#\/schema\/person\/02815cd13c1dfac064a7be145c04c170\",\"name\":\"info@wefeelevents.com\",\"image\":{\"@type\":\"ImageObject\",\"inLanguage\":\"ca\",\"@id\":\"https:\/\/www.triathlon.barcelona\/ca\/#\/schema\/person\/image\/\",\"url\":\"https:\/\/secure.gravatar.com\/avatar\/7f11c2a7e050e06fa209186d020b84dbac8ca1915133329e8b9fc9986c4ddfe4?s=96&d=mm&r=g\",\"contentUrl\":\"https:\/\/secure.gravatar.com\/avatar\/7f11c2a7e050e06fa209186d020b84dbac8ca1915133329e8b9fc9986c4ddfe4?s=96&d=mm&r=g\",\"caption\":\"info@wefeelevents.com\"},\"url\":\"https:\/\/www.triathlon.barcelona\/ca\/author\/infowefeelevents-com\/\"}]}<\/script>\n<!-- \/ Yoast SEO plugin. -->","yoast_head_json":{"title":"El cam\u00ed a la meta \u00e9s m\u00e9s fort: Finisher continua un any m\u00e9s confiant en el Triatl\u00f3 de Barcelona - Challenge Barcelona Triatl\u00f3","robots":{"index":"index","follow":"follow","max-snippet":"max-snippet:-1","max-image-preview":"max-image-preview:large","max-video-preview":"max-video-preview:-1"},"canonical":"https:\/\/www.triathlon.barcelona\/ca\/el-cami-a-la-meta-es-mes-fort-finisher-continua-un-any-mes-confiant-en-el-triatlo-de-barcelona\/","og_locale":"ca_ES","og_type":"article","og_title":"El cam\u00ed a la meta \u00e9s m\u00e9s fort: Finisher continua un any m\u00e9s confiant en el Triatl\u00f3 de Barcelona - Challenge Barcelona Triatl\u00f3","og_description":"Tenim una gran not\u00edcia per a tota la comunitat de Triathlon Barcelona! Ens fa molta il\u00b7lusi\u00f3 confirmar que Finisher, la marca de refer\u00e8ncia en salut i nutrici\u00f3 esportiva de Laboratoris Kern Pharma, continua un any m\u00e9s confiant en el Triatl\u00f3 de Barcelona com a patrocinador oficial del nostre projecte i dels pr\u00f2xims esdeveniments.","og_url":"https:\/\/www.triathlon.barcelona\/ca\/el-cami-a-la-meta-es-mes-fort-finisher-continua-un-any-mes-confiant-en-el-triatlo-de-barcelona\/","og_site_name":"Challenge Barcelona Triatl\u00f3","article_publisher":"https:\/\/www.facebook.com\/barcelonatriathlon","article_published_time":"2026-06-09T11:40:48+00:00","article_modified_time":"2026-06-09T11:51:45+00:00","og_image":[{"width":1920,"height":1280,"url":"https:\/\/www.triathlon.barcelona\/wp-content\/uploads\/2026\/06\/Diseno-sin-titulo-1.png","type":"image\/png"}],"author":"info@wefeelevents.com","twitter_card":"summary_large_image","twitter_creator":"@bcn_triathlon","twitter_site":"@bcn_triathlon","twitter_misc":{"Escrit per":"info@wefeelevents.com","Temps estimat de lectura":"4 minuts"},"schema":{"@context":"https:\/\/schema.org","@graph":[{"@type":"Article","@id":"https:\/\/www.triathlon.barcelona\/ca\/el-cami-a-la-meta-es-mes-fort-finisher-continua-un-any-mes-confiant-en-el-triatlo-de-barcelona\/#article","isPartOf":{"@id":"https:\/\/www.triathlon.barcelona\/ca\/el-cami-a-la-meta-es-mes-fort-finisher-continua-un-any-mes-confiant-en-el-triatlo-de-barcelona\/"},"author":{"name":"info@wefeelevents.com","@id":"https:\/\/www.triathlon.barcelona\/ca\/#\/schema\/person\/02815cd13c1dfac064a7be145c04c170"},"headline":"El cam\u00ed a la meta \u00e9s m\u00e9s fort: Finisher continua un any m\u00e9s confiant en el Triatl\u00f3 de Barcelona","datePublished":"2026-06-09T11:40:48+00:00","dateModified":"2026-06-09T11:51:45+00:00","mainEntityOfPage":{"@id":"https:\/\/www.triathlon.barcelona\/ca\/el-cami-a-la-meta-es-mes-fort-finisher-continua-un-any-mes-confiant-en-el-triatlo-de-barcelona\/"},"wordCount":573,"publisher":{"@id":"https:\/\/www.triathlon.barcelona\/ca\/#organization"},"image":{"@id":"https:\/\/www.triathlon.barcelona\/ca\/el-cami-a-la-meta-es-mes-fort-finisher-continua-un-any-mes-confiant-en-el-triatlo-de-barcelona\/#primaryimage"},"thumbnailUrl":"https:\/\/www.triathlon.barcelona\/wp-content\/uploads\/2026\/06\/Diseno-sin-titulo-1.png","articleSection":["Not\u00edcies"],"inLanguage":"ca"},{"@type":"WebPage","@id":"https:\/\/www.triathlon.barcelona\/ca\/el-cami-a-la-meta-es-mes-fort-finisher-continua-un-any-mes-confiant-en-el-triatlo-de-barcelona\/","url":"https:\/\/www.triathlon.barcelona\/ca\/el-cami-a-la-meta-es-mes-fort-finisher-continua-un-any-mes-confiant-en-el-triatlo-de-barcelona\/","name":"El cam\u00ed a la meta \u00e9s m\u00e9s fort: Finisher continua un any m\u00e9s confiant en el Triatl\u00f3 de Barcelona - Challenge Barcelona Triatl\u00f3","isPartOf":{"@id":"https:\/\/www.triathlon.barcelona\/ca\/#website"},"primaryImageOfPage":{"@id":"https:\/\/www.triathlon.barcelona\/ca\/el-cami-a-la-meta-es-mes-fort-finisher-continua-un-any-mes-confiant-en-el-triatlo-de-barcelona\/#primaryimage"},"image":{"@id":"https:\/\/www.triathlon.barcelona\/ca\/el-cami-a-la-meta-es-mes-fort-finisher-continua-un-any-mes-confiant-en-el-triatlo-de-barcelona\/#primaryimage"},"thumbnailUrl":"https:\/\/www.triathlon.barcelona\/wp-content\/uploads\/2026\/06\/Diseno-sin-titulo-1.png","datePublished":"2026-06-09T11:40:48+00:00","dateModified":"2026-06-09T11:51:45+00:00","breadcrumb":{"@id":"https:\/\/www.triathlon.barcelona\/ca\/el-cami-a-la-meta-es-mes-fort-finisher-continua-un-any-mes-confiant-en-el-triatlo-de-barcelona\/#breadcrumb"},"inLanguage":"ca","potentialAction":[{"@type":"ReadAction","target":["https:\/\/www.triathlon.barcelona\/ca\/el-cami-a-la-meta-es-mes-fort-finisher-continua-un-any-mes-confiant-en-el-triatlo-de-barcelona\/"]}]},{"@type":"ImageObject","inLanguage":"ca","@id":"https:\/\/www.triathlon.barcelona\/ca\/el-cami-a-la-meta-es-mes-fort-finisher-continua-un-any-mes-confiant-en-el-triatlo-de-barcelona\/#primaryimage","url":"https:\/\/www.triathlon.barcelona\/wp-content\/uploads\/2026\/06\/Diseno-sin-titulo-1.png","contentUrl":"https:\/\/www.triathlon.barcelona\/wp-content\/uploads\/2026\/06\/Diseno-sin-titulo-1.png","width":1920,"height":1280},{"@type":"BreadcrumbList","@id":"https:\/\/www.triathlon.barcelona\/ca\/el-cami-a-la-meta-es-mes-fort-finisher-continua-un-any-mes-confiant-en-el-triatlo-de-barcelona\/#breadcrumb","itemListElement":[{"@type":"ListItem","position":1,"name":"Inicio","item":"https:\/\/www.triathlon.barcelona\/ca\/"},{"@type":"ListItem","position":2,"name":"El cam\u00ed a la meta \u00e9s m\u00e9s fort: Finisher continua un any m\u00e9s confiant en el Triatl\u00f3 de Barcelona"}]},{"@type":"WebSite","@id":"https:\/\/www.triathlon.barcelona\/ca\/#website","url":"https:\/\/www.triathlon.barcelona\/ca\/","name":"Challenge Barcelona Triathlon","description":"","publisher":{"@id":"https:\/\/www.triathlon.barcelona\/ca\/#organization"},"alternateName":"Challenge Barcelona","potentialAction":[{"@type":"SearchAction","target":{"@type":"EntryPoint","urlTemplate":"https:\/\/www.triathlon.barcelona\/ca\/?s={search_term_string}"},"query-input":{"@type":"PropertyValueSpecification","valueRequired":true,"valueName":"search_term_string"}}],"inLanguage":"ca"},{"@type":"Organization","@id":"https:\/\/www.triathlon.barcelona\/ca\/#organization","name":"Challenge Barcelona Triathlon","alternateName":"Challenge Barcelona","url":"https:\/\/www.triathlon.barcelona\/ca\/","logo":{"@type":"ImageObject","inLanguage":"ca","@id":"https:\/\/www.triathlon.barcelona\/ca\/#\/schema\/logo\/image\/","url":"https:\/\/www.triathlon.barcelona\/wp-content\/uploads\/2024\/06\/logo-challenge-barcelona.png","contentUrl":"https:\/\/www.triathlon.barcelona\/wp-content\/uploads\/2024\/06\/logo-challenge-barcelona.png","width":3209,"height":729,"caption":"Challenge Barcelona Triathlon"},"image":{"@id":"https:\/\/www.triathlon.barcelona\/ca\/#\/schema\/logo\/image\/"},"sameAs":["https:\/\/www.facebook.com\/barcelonatriathlon","https:\/\/x.com\/bcn_triathlon","https:\/\/www.instagram.com\/barcelonatriathlon\/"]},{"@type":"Person","@id":"https:\/\/www.triathlon.barcelona\/ca\/#\/schema\/person\/02815cd13c1dfac064a7be145c04c170","name":"info@wefeelevents.com","image":{"@type":"ImageObject","inLanguage":"ca","@id":"https:\/\/www.triathlon.barcelona\/ca\/#\/schema\/person\/image\/","url":"https:\/\/secure.gravatar.com\/avatar\/7f11c2a7e050e06fa209186d020b84dbac8ca1915133329e8b9fc9986c4ddfe4?s=96&d=mm&r=g","contentUrl":"https:\/\/secure.gravatar.com\/avatar\/7f11c2a7e050e06fa209186d020b84dbac8ca1915133329e8b9fc9986c4ddfe4?s=96&d=mm&r=g","caption":"info@wefeelevents.com"},"url":"https:\/\/www.triathlon.barcelona\/ca\/author\/infowefeelevents-com\/"}]}},"_links":{"self":[{"href":"https:\/\/www.triathlon.barcelona\/ca\/wp-json\/wp\/v2\/posts\/12323","targetHints":{"allow":["GET"]}}],"collection":[{"href":"https:\/\/www.triathlon.barcelona\/ca\/wp-json\/wp\/v2\/posts"}],"about":[{"href":"https:\/\/www.triathlon.barcelona\/ca\/wp-json\/wp\/v2\/types\/post"}],"author":[{"embeddable":true,"href":"https:\/\/www.triathlon.barcelona\/ca\/wp-json\/wp\/v2\/users\/6"}],"replies":[{"embeddable":true,"href":"https:\/\/www.triathlon.barcelona\/ca\/wp-json\/wp\/v2\/comments?post=12323"}],"version-history":[{"count":8,"href":"https:\/\/www.triathlon.barcelona\/ca\/wp-json\/wp\/v2\/posts\/12323\/revisions"}],"predecessor-version":[{"id":12351,"href":"https:\/\/www.triathlon.barcelona\/ca\/wp-json\/wp\/v2\/posts\/12323\/revisions\/12351"}],"wp:featuredmedia":[{"embeddable":true,"href":"https:\/\/www.triathlon.barcelona\/ca\/wp-json\/wp\/v2\/media\/12330"}],"wp:attachment":[{"href":"https:\/\/www.triathlon.barcelona\/ca\/wp-json\/wp\/v2\/media?parent=12323"}],"wp:term":[{"taxonomy":"category","embeddable":true,"href":"https:\/\/www.triathlon.barcelona\/ca\/wp-json\/wp\/v2\/categories?post=12323"},{"taxonomy":"post_tag","embeddable":true,"href":"https:\/\/www.triathlon.barcelona\/ca\/wp-json\/wp\/v2\/tags?post=12323"}],"curies":[{"name":"wp","href":"https:\/\/api.w.org\/{rel}","templated":true}]}}