{"id":12365,"date":"2026-07-08T09:26:04","date_gmt":"2026-07-08T07:26:04","guid":{"rendered":"https:\/\/www.triathlon.barcelona\/?p=12365"},"modified":"2026-07-08T09:26:04","modified_gmt":"2026-07-08T07:26:04","slug":"esport-sense-barreres-el-challenge-barcelona-triatlo-renova-el-seu-compromis-amb-el-projecte-triatlo-sense-fronteres","status":"publish","type":"post","link":"https:\/\/www.triathlon.barcelona\/ca\/esport-sense-barreres-el-challenge-barcelona-triatlo-renova-el-seu-compromis-amb-el-projecte-triatlo-sense-fronteres\/","title":{"rendered":"Esport sense barreres: El Challenge Barcelona Triatl\u00f3 renova el seu comprom\u00eds amb el projecte &#8216;Triatl\u00f3 sense fronteres&#8217;"},"content":{"rendered":"<p data-path-to-node=\"7\">El triatl\u00f3 \u00e9s superaci\u00f3, disciplina, esfor\u00e7 i, per sobre de tot, comunitat. Amb aquesta premissa com a bandera, el <b data-path-to-node=\"5\" data-index-in-node=\"115\">Challenge Barcelona Triatl\u00f3<\/b> referma un any m\u00e9s el seu vessant m\u00e9s hum\u00e0 i inclusiu apostant de nou pel projecte <b data-path-to-node=\"5\" data-index-in-node=\"226\">&#8216;Triatl\u00f3 sense fronteres&#8217;<\/b>, una iniciativa que demostra que a la l\u00ednia de meta hi cabem tots.<\/p>\n<p data-path-to-node=\"7\"><!--more--><\/p>\n<p data-path-to-node=\"6\">Aquest projecte, plenament consolidat en el calendari de l&#8217;esdeveniment, t\u00e9 com a gran objectiu apropar la pr\u00e0ctica d&#8217;aquest esport a persones amb discapacitat intel\u00b7lectual, oferint-los un espai segur, adaptat i competitiu on poder gaudir de la m\u00e0gia de la nataci\u00f3, el ciclisme i la cursa a peu.<\/p>\n<h3 data-path-to-node=\"8\"><\/h3>\n<h3 data-path-to-node=\"8\">Una col\u00b7laboraci\u00f3 que transforma vides<\/h3>\n<p data-path-to-node=\"9\">L&#8217;\u00e8xit d&#8217;una iniciativa d&#8217;aquesta magnitud no seria possible sense el treball conjunt d&#8217;entitats compromeses. El projecte es desenvolupa gr\u00e0cies a la col\u00b7laboraci\u00f3 de la <b data-path-to-node=\"9\" data-index-in-node=\"170\">Federaci\u00f3 ACELL &#8211; Special Olympics<\/b>, instituci\u00f3 que aporta tota la seva experi\u00e8ncia t\u00e8cnica i humana per garantir que l&#8217;adaptaci\u00f3 de la prova compleixi amb els m\u00e0xims est\u00e0ndards de qualitat i seguretat esportiva.<\/p>\n<p data-path-to-node=\"10\">Aix\u00ed mateix, el projecte rep un impuls vital gr\u00e0cies al suport decidit de la <b data-path-to-node=\"10\" data-index-in-node=\"77\">Fundaci\u00f3 \u00abla Caixa\u00bb a trav\u00e9s de CaixaBank<\/b>, l&#8217;acompanyament de la qual permet destinar recursos essencials per a la log\u00edstica, la preparaci\u00f3 dels atletes i el desenvolupament d&#8217;una jornada memorable per a tots els participants.<\/p>\n<p data-path-to-node=\"10\"><i style=\"font-weight: inherit;\" data-path-to-node=\"11,0\" data-index-in-node=\"0\">\u00abL&#8217;esport t\u00e9 el poder de transformar la societat, de trencar estigmes i de crear ponts. &#8216;Triatl\u00f3 sense fronteres&#8217; \u00e9s l&#8217;exemple perfecte que, quan unim forces, no hi ha cap l\u00edmit que no es pugui superar.\u00bb<\/i><\/p>\n<h3 data-path-to-node=\"13\"><\/h3>\n<h3 data-path-to-node=\"13\">Inclusi\u00f3 real en un escenari internacional<\/h3>\n<p data-path-to-node=\"14\">A trav\u00e9s de &#8216;Triatl\u00f3 sense fronteres&#8217;, els i les esportistes de la <b data-path-to-node=\"14\" data-index-in-node=\"67\">Federaci\u00f3 ACELL &#8211; Special Olympics<\/b> no nom\u00e9s participen en una activitat paral\u00b7lela, sin\u00f3 que formen part de la gran festa de l&#8217;esport de Barcelona, compartint escenari, circuits i l&#8217;escalf del p\u00fablic amb triatletes d&#8217;arreu del m\u00f3n. Aquesta integraci\u00f3 real \u00e9s el que fa que el Challenge Barcelona sigui molt m\u00e9s que una competici\u00f3 de primer nivell.<\/p>\n<p data-path-to-node=\"15\">Des de l&#8217;organitzaci\u00f3, volem agrair de tot cor a la <b data-path-to-node=\"15\" data-index-in-node=\"52\">Federaci\u00f3 ACELL &#8211; Special Olympics<\/b> i a la <b data-path-to-node=\"15\" data-index-in-node=\"94\">Fundaci\u00f3 \u00abla Caixa\u00bb a trav\u00e9s de CaixaBank<\/b> la seva confian\u00e7a renovada. Gr\u00e0cies per creure un any m\u00e9s que el cam\u00ed cap a la meta \u00e9s m\u00e9s bonic si el fem junts i sense barreres.<\/p>\n<p data-path-to-node=\"17\"><i data-path-to-node=\"17\" data-index-in-node=\"0\">T&#8217;esperem a la l\u00ednia de meta per rebre aquests grans campions com es mereixen. Vine a viure l&#8217;emoci\u00f3 d&#8217;un triatl\u00f3 de veritat!<\/i><\/p>\n<div class=\"ast-oembed-container \" style=\"height: 100%;\"><iframe title=\"Triatl\u00f3 Sense Fronteres (Resum dia de la competici\u00f3) 2025\" width=\"500\" height=\"281\" src=\"https:\/\/www.youtube.com\/embed\/SqXSSALKzGQ?start=2&amp;feature=oembed\" frameborder=\"0\" allow=\"accelerometer; autoplay; clipboard-write; encrypted-media; gyroscope; picture-in-picture; web-share\" referrerpolicy=\"strict-origin-when-cross-origin\" allowfullscreen><\/iframe><\/div>\n<p data-path-to-node=\"19\">\n","protected":false},"excerpt":{"rendered":"<p>El triatl\u00f3 \u00e9s superaci\u00f3, disciplina, esfor\u00e7 i, per sobre de tot, comunitat. Amb aquesta premissa com a bandera, el Challenge Barcelona Triatl\u00f3 referma un any m\u00e9s el seu vessant m\u00e9s hum\u00e0 i inclusiu apostant de nou pel projecte &#8216;Triatl\u00f3 sense fronteres&#8217;, una iniciativa que demostra que a la l\u00ednia de meta hi cabem tots.<\/p>\n","protected":false},"author":6,"featured_media":12366,"comment_status":"closed","ping_status":"closed","sticky":false,"template":"","format":"standard","meta":{"_monsterinsights_skip_tracking":false,"site-sidebar-layout":"default","site-content-layout":"","ast-site-content-layout":"default","site-content-style":"default","site-sidebar-style":"default","ast-global-header-display":"","ast-banner-title-visibility":"","ast-main-header-display":"","ast-hfb-above-header-display":"","ast-hfb-below-header-display":"","ast-hfb-mobile-header-display":"","site-post-title":"","ast-breadcrumbs-content":"","ast-featured-img":"","footer-sml-layout":"","ast-disable-related-posts":"","theme-transparent-header-meta":"default","adv-header-id-meta":"","stick-header-meta":"default","header-above-stick-meta":"","header-main-stick-meta":"","header-below-stick-meta":"","astra-migrate-meta-layouts":"set","ast-page-background-enabled":"default","ast-page-background-meta":{"desktop":{"background-color":"","background-image":"","background-repeat":"repeat","background-position":"center center","background-size":"auto","background-attachment":"scroll","background-type":"","background-media":"","overlay-type":"","overlay-color":"","overlay-opacity":"","overlay-gradient":""},"tablet":{"background-color":"","background-image":"","background-repeat":"repeat","background-position":"center center","background-size":"auto","background-attachment":"scroll","background-type":"","background-media":"","overlay-type":"","overlay-color":"","overlay-opacity":"","overlay-gradient":""},"mobile":{"background-color":"","background-image":"","background-repeat":"repeat","background-position":"center center","background-size":"auto","background-attachment":"scroll","background-type":"","background-media":"","overlay-type":"","overlay-color":"","overlay-opacity":"","overlay-gradient":""}},"ast-content-background-meta":{"desktop":{"background-color":"var(--ast-global-color-5)","background-image":"","background-repeat":"repeat","background-position":"center center","background-size":"auto","background-attachment":"scroll","background-type":"","background-media":"","overlay-type":"","overlay-color":"","overlay-opacity":"","overlay-gradient":""},"tablet":{"background-color":"var(--ast-global-color-5)","background-image":"","background-repeat":"repeat","background-position":"center center","background-size":"auto","background-attachment":"scroll","background-type":"","background-media":"","overlay-type":"","overlay-color":"","overlay-opacity":"","overlay-gradient":""},"mobile":{"background-color":"var(--ast-global-color-5)","background-image":"","background-repeat":"repeat","background-position":"center center","background-size":"auto","background-attachment":"scroll","background-type":"","background-media":"","overlay-type":"","overlay-color":"","overlay-opacity":"","overlay-gradient":""}},"footnotes":""},"categories":[1],"tags":[],"class_list":["post-12365","post","type-post","status-publish","format-standard","has-post-thumbnail","hentry","category-noticies"],"yoast_head":"<!-- This site is optimized with the Yoast SEO plugin v27.1 - https:\/\/yoast.com\/product\/yoast-seo-wordpress\/ -->\n<title>Esport sense barreres: El Challenge Barcelona Triatl\u00f3 renova el seu comprom\u00eds amb el projecte &#039;Triatl\u00f3 sense fronteres&#039; - Challenge Barcelona Triatl\u00f3<\/title>\n<meta name=\"robots\" content=\"index, follow, max-snippet:-1, max-image-preview:large, max-video-preview:-1\" \/>\n<link rel=\"canonical\" href=\"https:\/\/www.triathlon.barcelona\/ca\/esport-sense-barreres-el-challenge-barcelona-triatlo-renova-el-seu-compromis-amb-el-projecte-triatlo-sense-fronteres\/\" \/>\n<meta property=\"og:locale\" content=\"ca_ES\" \/>\n<meta property=\"og:type\" content=\"article\" \/>\n<meta property=\"og:title\" content=\"Esport sense barreres: El Challenge Barcelona Triatl\u00f3 renova el seu comprom\u00eds amb el projecte &#039;Triatl\u00f3 sense fronteres&#039; - Challenge Barcelona Triatl\u00f3\" \/>\n<meta property=\"og:description\" content=\"El triatl\u00f3 \u00e9s superaci\u00f3, disciplina, esfor\u00e7 i, per sobre de tot, comunitat. Amb aquesta premissa com a bandera, el Challenge Barcelona Triatl\u00f3 referma un any m\u00e9s el seu vessant m\u00e9s hum\u00e0 i inclusiu apostant de nou pel projecte &#8216;Triatl\u00f3 sense fronteres&#8217;, una iniciativa que demostra que a la l\u00ednia de meta hi cabem tots.\" \/>\n<meta property=\"og:url\" content=\"https:\/\/www.triathlon.barcelona\/ca\/esport-sense-barreres-el-challenge-barcelona-triatlo-renova-el-seu-compromis-amb-el-projecte-triatlo-sense-fronteres\/\" \/>\n<meta property=\"og:site_name\" content=\"Challenge Barcelona Triatl\u00f3\" \/>\n<meta property=\"article:publisher\" content=\"https:\/\/www.facebook.com\/barcelonatriathlon\" \/>\n<meta property=\"article:published_time\" content=\"2026-07-08T07:26:04+00:00\" \/>\n<meta property=\"og:image\" content=\"https:\/\/www.triathlon.barcelona\/wp-content\/uploads\/2026\/07\/Diseno-sin-titulo.png\" \/>\n\t<meta property=\"og:image:width\" content=\"1920\" \/>\n\t<meta property=\"og:image:height\" content=\"1280\" \/>\n\t<meta property=\"og:image:type\" content=\"image\/png\" \/>\n<meta name=\"author\" content=\"info@wefeelevents.com\" \/>\n<meta name=\"twitter:card\" content=\"summary_large_image\" \/>\n<meta name=\"twitter:creator\" content=\"@bcn_triathlon\" \/>\n<meta name=\"twitter:site\" content=\"@bcn_triathlon\" \/>\n<meta name=\"twitter:label1\" content=\"Escrit per\" \/>\n\t<meta name=\"twitter:data1\" content=\"info@wefeelevents.com\" \/>\n\t<meta name=\"twitter:label2\" content=\"Temps estimat de lectura\" \/>\n\t<meta name=\"twitter:data2\" content=\"3 minuts\" \/>\n<script type=\"application\/ld+json\" class=\"yoast-schema-graph\">{\"@context\":\"https:\/\/schema.org\",\"@graph\":[{\"@type\":\"Article\",\"@id\":\"https:\/\/www.triathlon.barcelona\/ca\/esport-sense-barreres-el-challenge-barcelona-triatlo-renova-el-seu-compromis-amb-el-projecte-triatlo-sense-fronteres\/#article\",\"isPartOf\":{\"@id\":\"https:\/\/www.triathlon.barcelona\/ca\/esport-sense-barreres-el-challenge-barcelona-triatlo-renova-el-seu-compromis-amb-el-projecte-triatlo-sense-fronteres\/\"},\"author\":{\"name\":\"info@wefeelevents.com\",\"@id\":\"https:\/\/www.triathlon.barcelona\/ca\/#\/schema\/person\/02815cd13c1dfac064a7be145c04c170\"},\"headline\":\"Esport sense barreres: El Challenge Barcelona Triatl\u00f3 renova el seu comprom\u00eds amb el projecte &#8216;Triatl\u00f3 sense fronteres&#8217;\",\"datePublished\":\"2026-07-08T07:26:04+00:00\",\"mainEntityOfPage\":{\"@id\":\"https:\/\/www.triathlon.barcelona\/ca\/esport-sense-barreres-el-challenge-barcelona-triatlo-renova-el-seu-compromis-amb-el-projecte-triatlo-sense-fronteres\/\"},\"wordCount\":468,\"publisher\":{\"@id\":\"https:\/\/www.triathlon.barcelona\/ca\/#organization\"},\"image\":{\"@id\":\"https:\/\/www.triathlon.barcelona\/ca\/esport-sense-barreres-el-challenge-barcelona-triatlo-renova-el-seu-compromis-amb-el-projecte-triatlo-sense-fronteres\/#primaryimage\"},\"thumbnailUrl\":\"https:\/\/www.triathlon.barcelona\/wp-content\/uploads\/2026\/07\/Diseno-sin-titulo.png\",\"articleSection\":[\"Not\u00edcies\"],\"inLanguage\":\"ca\"},{\"@type\":\"WebPage\",\"@id\":\"https:\/\/www.triathlon.barcelona\/ca\/esport-sense-barreres-el-challenge-barcelona-triatlo-renova-el-seu-compromis-amb-el-projecte-triatlo-sense-fronteres\/\",\"url\":\"https:\/\/www.triathlon.barcelona\/ca\/esport-sense-barreres-el-challenge-barcelona-triatlo-renova-el-seu-compromis-amb-el-projecte-triatlo-sense-fronteres\/\",\"name\":\"Esport sense barreres: El Challenge Barcelona Triatl\u00f3 renova el seu comprom\u00eds amb el projecte 'Triatl\u00f3 sense fronteres' - Challenge Barcelona Triatl\u00f3\",\"isPartOf\":{\"@id\":\"https:\/\/www.triathlon.barcelona\/ca\/#website\"},\"primaryImageOfPage\":{\"@id\":\"https:\/\/www.triathlon.barcelona\/ca\/esport-sense-barreres-el-challenge-barcelona-triatlo-renova-el-seu-compromis-amb-el-projecte-triatlo-sense-fronteres\/#primaryimage\"},\"image\":{\"@id\":\"https:\/\/www.triathlon.barcelona\/ca\/esport-sense-barreres-el-challenge-barcelona-triatlo-renova-el-seu-compromis-amb-el-projecte-triatlo-sense-fronteres\/#primaryimage\"},\"thumbnailUrl\":\"https:\/\/www.triathlon.barcelona\/wp-content\/uploads\/2026\/07\/Diseno-sin-titulo.png\",\"datePublished\":\"2026-07-08T07:26:04+00:00\",\"breadcrumb\":{\"@id\":\"https:\/\/www.triathlon.barcelona\/ca\/esport-sense-barreres-el-challenge-barcelona-triatlo-renova-el-seu-compromis-amb-el-projecte-triatlo-sense-fronteres\/#breadcrumb\"},\"inLanguage\":\"ca\",\"potentialAction\":[{\"@type\":\"ReadAction\",\"target\":[\"https:\/\/www.triathlon.barcelona\/ca\/esport-sense-barreres-el-challenge-barcelona-triatlo-renova-el-seu-compromis-amb-el-projecte-triatlo-sense-fronteres\/\"]}]},{\"@type\":\"ImageObject\",\"inLanguage\":\"ca\",\"@id\":\"https:\/\/www.triathlon.barcelona\/ca\/esport-sense-barreres-el-challenge-barcelona-triatlo-renova-el-seu-compromis-amb-el-projecte-triatlo-sense-fronteres\/#primaryimage\",\"url\":\"https:\/\/www.triathlon.barcelona\/wp-content\/uploads\/2026\/07\/Diseno-sin-titulo.png\",\"contentUrl\":\"https:\/\/www.triathlon.barcelona\/wp-content\/uploads\/2026\/07\/Diseno-sin-titulo.png\",\"width\":1920,\"height\":1280,\"caption\":\"triatl\u00f3 sense fronteres\"},{\"@type\":\"BreadcrumbList\",\"@id\":\"https:\/\/www.triathlon.barcelona\/ca\/esport-sense-barreres-el-challenge-barcelona-triatlo-renova-el-seu-compromis-amb-el-projecte-triatlo-sense-fronteres\/#breadcrumb\",\"itemListElement\":[{\"@type\":\"ListItem\",\"position\":1,\"name\":\"Inicio\",\"item\":\"https:\/\/www.triathlon.barcelona\/ca\/\"},{\"@type\":\"ListItem\",\"position\":2,\"name\":\"Esport sense barreres: El Challenge Barcelona Triatl\u00f3 renova el seu comprom\u00eds amb el projecte &#8216;Triatl\u00f3 sense fronteres&#8217;\"}]},{\"@type\":\"WebSite\",\"@id\":\"https:\/\/www.triathlon.barcelona\/ca\/#website\",\"url\":\"https:\/\/www.triathlon.barcelona\/ca\/\",\"name\":\"Challenge Barcelona Triathlon\",\"description\":\"\",\"publisher\":{\"@id\":\"https:\/\/www.triathlon.barcelona\/ca\/#organization\"},\"alternateName\":\"Challenge Barcelona\",\"potentialAction\":[{\"@type\":\"SearchAction\",\"target\":{\"@type\":\"EntryPoint\",\"urlTemplate\":\"https:\/\/www.triathlon.barcelona\/ca\/?s={search_term_string}\"},\"query-input\":{\"@type\":\"PropertyValueSpecification\",\"valueRequired\":true,\"valueName\":\"search_term_string\"}}],\"inLanguage\":\"ca\"},{\"@type\":\"Organization\",\"@id\":\"https:\/\/www.triathlon.barcelona\/ca\/#organization\",\"name\":\"Challenge Barcelona Triathlon\",\"alternateName\":\"Challenge Barcelona\",\"url\":\"https:\/\/www.triathlon.barcelona\/ca\/\",\"logo\":{\"@type\":\"ImageObject\",\"inLanguage\":\"ca\",\"@id\":\"https:\/\/www.triathlon.barcelona\/ca\/#\/schema\/logo\/image\/\",\"url\":\"https:\/\/www.triathlon.barcelona\/wp-content\/uploads\/2024\/06\/logo-challenge-barcelona.png\",\"contentUrl\":\"https:\/\/www.triathlon.barcelona\/wp-content\/uploads\/2024\/06\/logo-challenge-barcelona.png\",\"width\":3209,\"height\":729,\"caption\":\"Challenge Barcelona Triathlon\"},\"image\":{\"@id\":\"https:\/\/www.triathlon.barcelona\/ca\/#\/schema\/logo\/image\/\"},\"sameAs\":[\"https:\/\/www.facebook.com\/barcelonatriathlon\",\"https:\/\/x.com\/bcn_triathlon\",\"https:\/\/www.instagram.com\/barcelonatriathlon\/\"]},{\"@type\":\"Person\",\"@id\":\"https:\/\/www.triathlon.barcelona\/ca\/#\/schema\/person\/02815cd13c1dfac064a7be145c04c170\",\"name\":\"info@wefeelevents.com\",\"image\":{\"@type\":\"ImageObject\",\"inLanguage\":\"ca\",\"@id\":\"https:\/\/www.triathlon.barcelona\/ca\/#\/schema\/person\/image\/\",\"url\":\"https:\/\/secure.gravatar.com\/avatar\/7f11c2a7e050e06fa209186d020b84dbac8ca1915133329e8b9fc9986c4ddfe4?s=96&d=mm&r=g\",\"contentUrl\":\"https:\/\/secure.gravatar.com\/avatar\/7f11c2a7e050e06fa209186d020b84dbac8ca1915133329e8b9fc9986c4ddfe4?s=96&d=mm&r=g\",\"caption\":\"info@wefeelevents.com\"},\"url\":\"https:\/\/www.triathlon.barcelona\/ca\/author\/infowefeelevents-com\/\"}]}<\/script>\n<!-- \/ Yoast SEO plugin. -->","yoast_head_json":{"title":"Esport sense barreres: El Challenge Barcelona Triatl\u00f3 renova el seu comprom\u00eds amb el projecte 'Triatl\u00f3 sense fronteres' - Challenge Barcelona Triatl\u00f3","robots":{"index":"index","follow":"follow","max-snippet":"max-snippet:-1","max-image-preview":"max-image-preview:large","max-video-preview":"max-video-preview:-1"},"canonical":"https:\/\/www.triathlon.barcelona\/ca\/esport-sense-barreres-el-challenge-barcelona-triatlo-renova-el-seu-compromis-amb-el-projecte-triatlo-sense-fronteres\/","og_locale":"ca_ES","og_type":"article","og_title":"Esport sense barreres: El Challenge Barcelona Triatl\u00f3 renova el seu comprom\u00eds amb el projecte 'Triatl\u00f3 sense fronteres' - Challenge Barcelona Triatl\u00f3","og_description":"El triatl\u00f3 \u00e9s superaci\u00f3, disciplina, esfor\u00e7 i, per sobre de tot, comunitat. Amb aquesta premissa com a bandera, el Challenge Barcelona Triatl\u00f3 referma un any m\u00e9s el seu vessant m\u00e9s hum\u00e0 i inclusiu apostant de nou pel projecte &#8216;Triatl\u00f3 sense fronteres&#8217;, una iniciativa que demostra que a la l\u00ednia de meta hi cabem tots.","og_url":"https:\/\/www.triathlon.barcelona\/ca\/esport-sense-barreres-el-challenge-barcelona-triatlo-renova-el-seu-compromis-amb-el-projecte-triatlo-sense-fronteres\/","og_site_name":"Challenge Barcelona Triatl\u00f3","article_publisher":"https:\/\/www.facebook.com\/barcelonatriathlon","article_published_time":"2026-07-08T07:26:04+00:00","og_image":[{"width":1920,"height":1280,"url":"https:\/\/www.triathlon.barcelona\/wp-content\/uploads\/2026\/07\/Diseno-sin-titulo.png","type":"image\/png"}],"author":"info@wefeelevents.com","twitter_card":"summary_large_image","twitter_creator":"@bcn_triathlon","twitter_site":"@bcn_triathlon","twitter_misc":{"Escrit per":"info@wefeelevents.com","Temps estimat de lectura":"3 minuts"},"schema":{"@context":"https:\/\/schema.org","@graph":[{"@type":"Article","@id":"https:\/\/www.triathlon.barcelona\/ca\/esport-sense-barreres-el-challenge-barcelona-triatlo-renova-el-seu-compromis-amb-el-projecte-triatlo-sense-fronteres\/#article","isPartOf":{"@id":"https:\/\/www.triathlon.barcelona\/ca\/esport-sense-barreres-el-challenge-barcelona-triatlo-renova-el-seu-compromis-amb-el-projecte-triatlo-sense-fronteres\/"},"author":{"name":"info@wefeelevents.com","@id":"https:\/\/www.triathlon.barcelona\/ca\/#\/schema\/person\/02815cd13c1dfac064a7be145c04c170"},"headline":"Esport sense barreres: El Challenge Barcelona Triatl\u00f3 renova el seu comprom\u00eds amb el projecte &#8216;Triatl\u00f3 sense fronteres&#8217;","datePublished":"2026-07-08T07:26:04+00:00","mainEntityOfPage":{"@id":"https:\/\/www.triathlon.barcelona\/ca\/esport-sense-barreres-el-challenge-barcelona-triatlo-renova-el-seu-compromis-amb-el-projecte-triatlo-sense-fronteres\/"},"wordCount":468,"publisher":{"@id":"https:\/\/www.triathlon.barcelona\/ca\/#organization"},"image":{"@id":"https:\/\/www.triathlon.barcelona\/ca\/esport-sense-barreres-el-challenge-barcelona-triatlo-renova-el-seu-compromis-amb-el-projecte-triatlo-sense-fronteres\/#primaryimage"},"thumbnailUrl":"https:\/\/www.triathlon.barcelona\/wp-content\/uploads\/2026\/07\/Diseno-sin-titulo.png","articleSection":["Not\u00edcies"],"inLanguage":"ca"},{"@type":"WebPage","@id":"https:\/\/www.triathlon.barcelona\/ca\/esport-sense-barreres-el-challenge-barcelona-triatlo-renova-el-seu-compromis-amb-el-projecte-triatlo-sense-fronteres\/","url":"https:\/\/www.triathlon.barcelona\/ca\/esport-sense-barreres-el-challenge-barcelona-triatlo-renova-el-seu-compromis-amb-el-projecte-triatlo-sense-fronteres\/","name":"Esport sense barreres: El Challenge Barcelona Triatl\u00f3 renova el seu comprom\u00eds amb el projecte 'Triatl\u00f3 sense fronteres' - Challenge Barcelona Triatl\u00f3","isPartOf":{"@id":"https:\/\/www.triathlon.barcelona\/ca\/#website"},"primaryImageOfPage":{"@id":"https:\/\/www.triathlon.barcelona\/ca\/esport-sense-barreres-el-challenge-barcelona-triatlo-renova-el-seu-compromis-amb-el-projecte-triatlo-sense-fronteres\/#primaryimage"},"image":{"@id":"https:\/\/www.triathlon.barcelona\/ca\/esport-sense-barreres-el-challenge-barcelona-triatlo-renova-el-seu-compromis-amb-el-projecte-triatlo-sense-fronteres\/#primaryimage"},"thumbnailUrl":"https:\/\/www.triathlon.barcelona\/wp-content\/uploads\/2026\/07\/Diseno-sin-titulo.png","datePublished":"2026-07-08T07:26:04+00:00","breadcrumb":{"@id":"https:\/\/www.triathlon.barcelona\/ca\/esport-sense-barreres-el-challenge-barcelona-triatlo-renova-el-seu-compromis-amb-el-projecte-triatlo-sense-fronteres\/#breadcrumb"},"inLanguage":"ca","potentialAction":[{"@type":"ReadAction","target":["https:\/\/www.triathlon.barcelona\/ca\/esport-sense-barreres-el-challenge-barcelona-triatlo-renova-el-seu-compromis-amb-el-projecte-triatlo-sense-fronteres\/"]}]},{"@type":"ImageObject","inLanguage":"ca","@id":"https:\/\/www.triathlon.barcelona\/ca\/esport-sense-barreres-el-challenge-barcelona-triatlo-renova-el-seu-compromis-amb-el-projecte-triatlo-sense-fronteres\/#primaryimage","url":"https:\/\/www.triathlon.barcelona\/wp-content\/uploads\/2026\/07\/Diseno-sin-titulo.png","contentUrl":"https:\/\/www.triathlon.barcelona\/wp-content\/uploads\/2026\/07\/Diseno-sin-titulo.png","width":1920,"height":1280,"caption":"triatl\u00f3 sense fronteres"},{"@type":"BreadcrumbList","@id":"https:\/\/www.triathlon.barcelona\/ca\/esport-sense-barreres-el-challenge-barcelona-triatlo-renova-el-seu-compromis-amb-el-projecte-triatlo-sense-fronteres\/#breadcrumb","itemListElement":[{"@type":"ListItem","position":1,"name":"Inicio","item":"https:\/\/www.triathlon.barcelona\/ca\/"},{"@type":"ListItem","position":2,"name":"Esport sense barreres: El Challenge Barcelona Triatl\u00f3 renova el seu comprom\u00eds amb el projecte &#8216;Triatl\u00f3 sense fronteres&#8217;"}]},{"@type":"WebSite","@id":"https:\/\/www.triathlon.barcelona\/ca\/#website","url":"https:\/\/www.triathlon.barcelona\/ca\/","name":"Challenge Barcelona Triathlon","description":"","publisher":{"@id":"https:\/\/www.triathlon.barcelona\/ca\/#organization"},"alternateName":"Challenge Barcelona","potentialAction":[{"@type":"SearchAction","target":{"@type":"EntryPoint","urlTemplate":"https:\/\/www.triathlon.barcelona\/ca\/?s={search_term_string}"},"query-input":{"@type":"PropertyValueSpecification","valueRequired":true,"valueName":"search_term_string"}}],"inLanguage":"ca"},{"@type":"Organization","@id":"https:\/\/www.triathlon.barcelona\/ca\/#organization","name":"Challenge Barcelona Triathlon","alternateName":"Challenge Barcelona","url":"https:\/\/www.triathlon.barcelona\/ca\/","logo":{"@type":"ImageObject","inLanguage":"ca","@id":"https:\/\/www.triathlon.barcelona\/ca\/#\/schema\/logo\/image\/","url":"https:\/\/www.triathlon.barcelona\/wp-content\/uploads\/2024\/06\/logo-challenge-barcelona.png","contentUrl":"https:\/\/www.triathlon.barcelona\/wp-content\/uploads\/2024\/06\/logo-challenge-barcelona.png","width":3209,"height":729,"caption":"Challenge Barcelona Triathlon"},"image":{"@id":"https:\/\/www.triathlon.barcelona\/ca\/#\/schema\/logo\/image\/"},"sameAs":["https:\/\/www.facebook.com\/barcelonatriathlon","https:\/\/x.com\/bcn_triathlon","https:\/\/www.instagram.com\/barcelonatriathlon\/"]},{"@type":"Person","@id":"https:\/\/www.triathlon.barcelona\/ca\/#\/schema\/person\/02815cd13c1dfac064a7be145c04c170","name":"info@wefeelevents.com","image":{"@type":"ImageObject","inLanguage":"ca","@id":"https:\/\/www.triathlon.barcelona\/ca\/#\/schema\/person\/image\/","url":"https:\/\/secure.gravatar.com\/avatar\/7f11c2a7e050e06fa209186d020b84dbac8ca1915133329e8b9fc9986c4ddfe4?s=96&d=mm&r=g","contentUrl":"https:\/\/secure.gravatar.com\/avatar\/7f11c2a7e050e06fa209186d020b84dbac8ca1915133329e8b9fc9986c4ddfe4?s=96&d=mm&r=g","caption":"info@wefeelevents.com"},"url":"https:\/\/www.triathlon.barcelona\/ca\/author\/infowefeelevents-com\/"}]}},"_links":{"self":[{"href":"https:\/\/www.triathlon.barcelona\/ca\/wp-json\/wp\/v2\/posts\/12365","targetHints":{"allow":["GET"]}}],"collection":[{"href":"https:\/\/www.triathlon.barcelona\/ca\/wp-json\/wp\/v2\/posts"}],"about":[{"href":"https:\/\/www.triathlon.barcelona\/ca\/wp-json\/wp\/v2\/types\/post"}],"author":[{"embeddable":true,"href":"https:\/\/www.triathlon.barcelona\/ca\/wp-json\/wp\/v2\/users\/6"}],"replies":[{"embeddable":true,"href":"https:\/\/www.triathlon.barcelona\/ca\/wp-json\/wp\/v2\/comments?post=12365"}],"version-history":[{"count":11,"href":"https:\/\/www.triathlon.barcelona\/ca\/wp-json\/wp\/v2\/posts\/12365\/revisions"}],"predecessor-version":[{"id":12377,"href":"https:\/\/www.triathlon.barcelona\/ca\/wp-json\/wp\/v2\/posts\/12365\/revisions\/12377"}],"wp:featuredmedia":[{"embeddable":true,"href":"https:\/\/www.triathlon.barcelona\/ca\/wp-json\/wp\/v2\/media\/12366"}],"wp:attachment":[{"href":"https:\/\/www.triathlon.barcelona\/ca\/wp-json\/wp\/v2\/media?parent=12365"}],"wp:term":[{"taxonomy":"category","embeddable":true,"href":"https:\/\/www.triathlon.barcelona\/ca\/wp-json\/wp\/v2\/categories?post=12365"},{"taxonomy":"post_tag","embeddable":true,"href":"https:\/\/www.triathlon.barcelona\/ca\/wp-json\/wp\/v2\/tags?post=12365"}],"curies":[{"name":"wp","href":"https:\/\/api.w.org\/{rel}","templated":true}]}}