{"id":12412,"date":"2026-08-05T13:19:07","date_gmt":"2026-08-05T11:19:07","guid":{"rendered":"https:\/\/www.triathlon.barcelona\/?p=12412"},"modified":"2026-08-05T13:24:51","modified_gmt":"2026-08-05T11:24:51","slug":"davima-rent-a-car-continua-un-any-mes-com-a-patrocinador-oficial-de-mobilitat-de-triathlon-barcelona","status":"publish","type":"post","link":"https:\/\/www.triathlon.barcelona\/ca\/davima-rent-a-car-continua-un-any-mes-com-a-patrocinador-oficial-de-mobilitat-de-triathlon-barcelona\/","title":{"rendered":"Davima Rent a Car continua un any m\u00e9s com a patrocinador oficial de mobilitat de Triathlon Barcelona"},"content":{"rendered":"<p data-path-to-node=\"7\">Seguim consolidant les aliances que fan possible la gran festa del triatl\u00f3 a la nostra ciutat! A <b data-path-to-node=\"7\" data-index-in-node=\"97\">Triathlon Barcelona<\/b> ens satisf\u00e0 enormement confirmar que <b data-path-to-node=\"7\" data-index-in-node=\"154\">Davima Rent a Car<\/b> renova el seu comprom\u00eds com a <b data-path-to-node=\"7\" data-index-in-node=\"202\">patrocinador oficial de mobilitat<\/b> del nostre projecte i dels propers esdeveniments.<\/p>\n<p data-path-to-node=\"7\"><!--more--><\/p>\n<p data-path-to-node=\"8\">En un esport on la log\u00edstica i la puntualitat marquen la difer\u00e8ncia, seguir comptant amb un partner de transport \u00e0gil, eficient i abocat amb l&#8217;esport \u00e9s una garantia absoluta. Davima continua al nostre costat per assegurar que tant l&#8217;organitzaci\u00f3 com els mateixos participants gaudeixin de les m\u00e0ximes facilitats en els seus despla\u00e7aments.<\/p>\n<h3 data-path-to-node=\"10\">Log\u00edstica d&#8217;alt nivell i mobilitat sobre rodes<\/h3>\n<p data-path-to-node=\"11\">Rere la m\u00e0gia d&#8217;un esdeveniment de la magnitud del Challenge Barcelona Triatl\u00f3 hi ha un desplegament operatiu descomunal: transport de material t\u00e8cnic, infraestructures, muntatges de boxes i trasllats de l&#8217;equip. Gr\u00e0cies a la completa flota de vehicles de c\u00e0rrega, furgonetes i turismes de Davima Rent a Car, garantim una operativa fluida, puntual i adaptada a les m\u00e0ximes exig\u00e8ncies de la prova.<\/p>\n<p data-path-to-node=\"12\">A m\u00e9s, aquesta alian\u00e7a renova el vincle amb una companyia que porta en el seu ADN una profunda vocaci\u00f3 de suport a l&#8217;esport i una estreta relaci\u00f3 amb la passi\u00f3 triatleta.<\/p>\n<p data-path-to-node=\"12\"><i style=\"font-weight: inherit;\" data-path-to-node=\"13,0\" data-index-in-node=\"0\">\u00abEn el triatl\u00f3 cada transici\u00f3 compta. Seguir comptant amb Davima com a patrocinador oficial ens dona la tranquil\u00b7litat de tenir resolta la transici\u00f3 m\u00e9s important: la mobilitat i log\u00edstica de tot el nostre esdeveniment una temporada m\u00e9s.\u00bb<\/i><\/p>\n<p data-path-to-node=\"12\"><img decoding=\"async\" class=\"size-medium wp-image-12416 aligncenter\" src=\"https:\/\/www.triathlon.barcelona\/wp-content\/uploads\/2026\/07\/Captura-de-pantalla-2026-08-05-131228-300x132.png\" alt=\"\" width=\"300\" height=\"132\" srcset=\"https:\/\/www.triathlon.barcelona\/wp-content\/uploads\/2026\/07\/Captura-de-pantalla-2026-08-05-131228-300x132.png 300w, https:\/\/www.triathlon.barcelona\/wp-content\/uploads\/2026\/07\/Captura-de-pantalla-2026-08-05-131228-768x337.png 768w, https:\/\/www.triathlon.barcelona\/wp-content\/uploads\/2026\/07\/Captura-de-pantalla-2026-08-05-131228.png 904w\" sizes=\"(max-width: 300px) 100vw, 300px\" \/><\/p>\n<h3 data-path-to-node=\"15\">Avantatges i facilitats per als nostres participants<\/h3>\n<p data-path-to-node=\"16\">Sabem que viatjar amb la bicicleta, el neopr\u00e8 i tot l&#8217;equipament t\u00e8cnic pot ser tot un repte per als triatletes que es desplacen des d&#8217;altres punts de la geografia nacional i internacional. Gr\u00e0cies a la continu\u00eftat d&#8217;aquesta col\u00b7laboraci\u00f3, els nostres participants podran seguir gaudint de:<\/p>\n<ul data-path-to-node=\"17\">\n<li>\n<p data-path-to-node=\"17,0,0\"><b data-path-to-node=\"17,0,0\" data-index-in-node=\"0\">Solucions de mobilitat a mida:<\/b> Ampla varietat de vehicles de lloguer (des de turismes fins a furgonetes de passatgers de 9 places i vehicles de c\u00e0rrega) ideals per viatjar en grup o amb tot el material esportiu c\u00f2modament.<\/p>\n<\/li>\n<li>\n<p data-path-to-node=\"17,1,0\"><b data-path-to-node=\"17,1,0\" data-index-in-node=\"0\">Ubicaci\u00f3 estrat\u00e8gica:<\/b> Oficines clau i serveis de lliurament per facilitar la recollida i devoluci\u00f3 de vehicles tant a l&#8217;arribada a Barcelona com a prop de les principals vies de transport.<\/p>\n<\/li>\n<li>\n<p data-path-to-node=\"17,2,0\"><b data-path-to-node=\"17,2,0\" data-index-in-node=\"0\">Opcions exclusives per a la comunitat:<\/b> Promocions especials i avantatges en el lloguer de vehicles i campeers per a atletes inscrits i acompanyants.<\/p>\n<\/li>\n<\/ul>\n<h3 data-path-to-node=\"19\">Seguim rodant junts!<\/h3>\n<p data-path-to-node=\"20\">Volem agrair sincerament a tot l&#8217;equip de <b data-path-to-node=\"20\" data-index-in-node=\"42\">Davima Rent a Car<\/b> la seva confian\u00e7a renovada en Triathlon Barcelona i el seu comprom\u00eds continuat amb l&#8217;esport de qualitat a la nostra ciutat.<\/p>\n<p data-path-to-node=\"22\"><i data-path-to-node=\"22\" data-index-in-node=\"0\">Et mef\u00e0s a Barcelona per competir? Visita la secci\u00f3 de serveis de la nostra web per con\u00e8ixer totes les opcions de mobilitat amb Davima. Ens veiem a boxes!<\/i><\/p>\n<p data-path-to-node=\"22\">\n","protected":false},"excerpt":{"rendered":"<p>Seguim consolidant les aliances que fan possible la gran festa del triatl\u00f3 a la nostra ciutat! A Triathlon Barcelona ens satisf\u00e0 enormement confirmar que Davima Rent a Car renova el seu comprom\u00eds com a patrocinador oficial de mobilitat del nostre projecte i dels propers esdeveniments.<\/p>\n","protected":false},"author":6,"featured_media":12417,"comment_status":"closed","ping_status":"closed","sticky":false,"template":"","format":"standard","meta":{"_monsterinsights_skip_tracking":false,"site-sidebar-layout":"default","site-content-layout":"","ast-site-content-layout":"default","site-content-style":"default","site-sidebar-style":"default","ast-global-header-display":"","ast-banner-title-visibility":"","ast-main-header-display":"","ast-hfb-above-header-display":"","ast-hfb-below-header-display":"","ast-hfb-mobile-header-display":"","site-post-title":"","ast-breadcrumbs-content":"","ast-featured-img":"","footer-sml-layout":"","ast-disable-related-posts":"","theme-transparent-header-meta":"default","adv-header-id-meta":"","stick-header-meta":"default","header-above-stick-meta":"","header-main-stick-meta":"","header-below-stick-meta":"","astra-migrate-meta-layouts":"set","ast-page-background-enabled":"default","ast-page-background-meta":{"desktop":{"background-color":"","background-image":"","background-repeat":"repeat","background-position":"center center","background-size":"auto","background-attachment":"scroll","background-type":"","background-media":"","overlay-type":"","overlay-color":"","overlay-opacity":"","overlay-gradient":""},"tablet":{"background-color":"","background-image":"","background-repeat":"repeat","background-position":"center center","background-size":"auto","background-attachment":"scroll","background-type":"","background-media":"","overlay-type":"","overlay-color":"","overlay-opacity":"","overlay-gradient":""},"mobile":{"background-color":"","background-image":"","background-repeat":"repeat","background-position":"center center","background-size":"auto","background-attachment":"scroll","background-type":"","background-media":"","overlay-type":"","overlay-color":"","overlay-opacity":"","overlay-gradient":""}},"ast-content-background-meta":{"desktop":{"background-color":"var(--ast-global-color-5)","background-image":"","background-repeat":"repeat","background-position":"center center","background-size":"auto","background-attachment":"scroll","background-type":"","background-media":"","overlay-type":"","overlay-color":"","overlay-opacity":"","overlay-gradient":""},"tablet":{"background-color":"var(--ast-global-color-5)","background-image":"","background-repeat":"repeat","background-position":"center center","background-size":"auto","background-attachment":"scroll","background-type":"","background-media":"","overlay-type":"","overlay-color":"","overlay-opacity":"","overlay-gradient":""},"mobile":{"background-color":"var(--ast-global-color-5)","background-image":"","background-repeat":"repeat","background-position":"center center","background-size":"auto","background-attachment":"scroll","background-type":"","background-media":"","overlay-type":"","overlay-color":"","overlay-opacity":"","overlay-gradient":""}},"footnotes":""},"categories":[1],"tags":[],"class_list":["post-12412","post","type-post","status-publish","format-standard","has-post-thumbnail","hentry","category-noticies"],"yoast_head":"<!-- This site is optimized with the Yoast SEO plugin v27.1 - https:\/\/yoast.com\/product\/yoast-seo-wordpress\/ -->\n<title>Davima Rent a Car continua un any m\u00e9s com a patrocinador oficial de mobilitat de Triathlon Barcelona - Challenge Barcelona Triatl\u00f3<\/title>\n<meta name=\"robots\" content=\"index, follow, max-snippet:-1, max-image-preview:large, max-video-preview:-1\" \/>\n<link rel=\"canonical\" href=\"https:\/\/www.triathlon.barcelona\/ca\/davima-rent-a-car-continua-un-any-mes-com-a-patrocinador-oficial-de-mobilitat-de-triathlon-barcelona\/\" \/>\n<meta property=\"og:locale\" content=\"ca_ES\" \/>\n<meta property=\"og:type\" content=\"article\" \/>\n<meta property=\"og:title\" content=\"Davima Rent a Car continua un any m\u00e9s com a patrocinador oficial de mobilitat de Triathlon Barcelona - Challenge Barcelona Triatl\u00f3\" \/>\n<meta property=\"og:description\" content=\"Seguim consolidant les aliances que fan possible la gran festa del triatl\u00f3 a la nostra ciutat! A Triathlon Barcelona ens satisf\u00e0 enormement confirmar que Davima Rent a Car renova el seu comprom\u00eds com a patrocinador oficial de mobilitat del nostre projecte i dels propers esdeveniments.\" \/>\n<meta property=\"og:url\" content=\"https:\/\/www.triathlon.barcelona\/ca\/davima-rent-a-car-continua-un-any-mes-com-a-patrocinador-oficial-de-mobilitat-de-triathlon-barcelona\/\" \/>\n<meta property=\"og:site_name\" content=\"Challenge Barcelona Triatl\u00f3\" \/>\n<meta property=\"article:publisher\" content=\"https:\/\/www.facebook.com\/barcelonatriathlon\" \/>\n<meta property=\"article:published_time\" content=\"2026-08-05T11:19:07+00:00\" \/>\n<meta property=\"article:modified_time\" content=\"2026-08-05T11:24:51+00:00\" \/>\n<meta property=\"og:image\" content=\"https:\/\/www.triathlon.barcelona\/wp-content\/uploads\/2026\/08\/PORTADA-BLOG-TRIATHLON.png\" \/>\n\t<meta property=\"og:image:width\" content=\"1920\" \/>\n\t<meta property=\"og:image:height\" content=\"1280\" \/>\n\t<meta property=\"og:image:type\" content=\"image\/png\" \/>\n<meta name=\"author\" content=\"info@wefeelevents.com\" \/>\n<meta name=\"twitter:card\" content=\"summary_large_image\" \/>\n<meta name=\"twitter:creator\" content=\"@bcn_triathlon\" \/>\n<meta name=\"twitter:site\" content=\"@bcn_triathlon\" \/>\n<meta name=\"twitter:label1\" content=\"Escrit per\" \/>\n\t<meta name=\"twitter:data1\" content=\"info@wefeelevents.com\" \/>\n\t<meta name=\"twitter:label2\" content=\"Temps estimat de lectura\" \/>\n\t<meta name=\"twitter:data2\" content=\"3 minuts\" \/>\n<script type=\"application\/ld+json\" class=\"yoast-schema-graph\">{\"@context\":\"https:\/\/schema.org\",\"@graph\":[{\"@type\":\"Article\",\"@id\":\"https:\/\/www.triathlon.barcelona\/ca\/davima-rent-a-car-continua-un-any-mes-com-a-patrocinador-oficial-de-mobilitat-de-triathlon-barcelona\/#article\",\"isPartOf\":{\"@id\":\"https:\/\/www.triathlon.barcelona\/ca\/davima-rent-a-car-continua-un-any-mes-com-a-patrocinador-oficial-de-mobilitat-de-triathlon-barcelona\/\"},\"author\":{\"name\":\"info@wefeelevents.com\",\"@id\":\"https:\/\/www.triathlon.barcelona\/ca\/#\/schema\/person\/02815cd13c1dfac064a7be145c04c170\"},\"headline\":\"Davima Rent a Car continua un any m\u00e9s com a patrocinador oficial de mobilitat de Triathlon Barcelona\",\"datePublished\":\"2026-08-05T11:19:07+00:00\",\"dateModified\":\"2026-08-05T11:24:51+00:00\",\"mainEntityOfPage\":{\"@id\":\"https:\/\/www.triathlon.barcelona\/ca\/davima-rent-a-car-continua-un-any-mes-com-a-patrocinador-oficial-de-mobilitat-de-triathlon-barcelona\/\"},\"wordCount\":496,\"publisher\":{\"@id\":\"https:\/\/www.triathlon.barcelona\/ca\/#organization\"},\"image\":{\"@id\":\"https:\/\/www.triathlon.barcelona\/ca\/davima-rent-a-car-continua-un-any-mes-com-a-patrocinador-oficial-de-mobilitat-de-triathlon-barcelona\/#primaryimage\"},\"thumbnailUrl\":\"https:\/\/www.triathlon.barcelona\/wp-content\/uploads\/2026\/08\/PORTADA-BLOG-TRIATHLON.png\",\"articleSection\":[\"Not\u00edcies\"],\"inLanguage\":\"ca\"},{\"@type\":\"WebPage\",\"@id\":\"https:\/\/www.triathlon.barcelona\/ca\/davima-rent-a-car-continua-un-any-mes-com-a-patrocinador-oficial-de-mobilitat-de-triathlon-barcelona\/\",\"url\":\"https:\/\/www.triathlon.barcelona\/ca\/davima-rent-a-car-continua-un-any-mes-com-a-patrocinador-oficial-de-mobilitat-de-triathlon-barcelona\/\",\"name\":\"Davima Rent a Car continua un any m\u00e9s com a patrocinador oficial de mobilitat de Triathlon Barcelona - Challenge Barcelona Triatl\u00f3\",\"isPartOf\":{\"@id\":\"https:\/\/www.triathlon.barcelona\/ca\/#website\"},\"primaryImageOfPage\":{\"@id\":\"https:\/\/www.triathlon.barcelona\/ca\/davima-rent-a-car-continua-un-any-mes-com-a-patrocinador-oficial-de-mobilitat-de-triathlon-barcelona\/#primaryimage\"},\"image\":{\"@id\":\"https:\/\/www.triathlon.barcelona\/ca\/davima-rent-a-car-continua-un-any-mes-com-a-patrocinador-oficial-de-mobilitat-de-triathlon-barcelona\/#primaryimage\"},\"thumbnailUrl\":\"https:\/\/www.triathlon.barcelona\/wp-content\/uploads\/2026\/08\/PORTADA-BLOG-TRIATHLON.png\",\"datePublished\":\"2026-08-05T11:19:07+00:00\",\"dateModified\":\"2026-08-05T11:24:51+00:00\",\"breadcrumb\":{\"@id\":\"https:\/\/www.triathlon.barcelona\/ca\/davima-rent-a-car-continua-un-any-mes-com-a-patrocinador-oficial-de-mobilitat-de-triathlon-barcelona\/#breadcrumb\"},\"inLanguage\":\"ca\",\"potentialAction\":[{\"@type\":\"ReadAction\",\"target\":[\"https:\/\/www.triathlon.barcelona\/ca\/davima-rent-a-car-continua-un-any-mes-com-a-patrocinador-oficial-de-mobilitat-de-triathlon-barcelona\/\"]}]},{\"@type\":\"ImageObject\",\"inLanguage\":\"ca\",\"@id\":\"https:\/\/www.triathlon.barcelona\/ca\/davima-rent-a-car-continua-un-any-mes-com-a-patrocinador-oficial-de-mobilitat-de-triathlon-barcelona\/#primaryimage\",\"url\":\"https:\/\/www.triathlon.barcelona\/wp-content\/uploads\/2026\/08\/PORTADA-BLOG-TRIATHLON.png\",\"contentUrl\":\"https:\/\/www.triathlon.barcelona\/wp-content\/uploads\/2026\/08\/PORTADA-BLOG-TRIATHLON.png\",\"width\":1920,\"height\":1280},{\"@type\":\"BreadcrumbList\",\"@id\":\"https:\/\/www.triathlon.barcelona\/ca\/davima-rent-a-car-continua-un-any-mes-com-a-patrocinador-oficial-de-mobilitat-de-triathlon-barcelona\/#breadcrumb\",\"itemListElement\":[{\"@type\":\"ListItem\",\"position\":1,\"name\":\"Inicio\",\"item\":\"https:\/\/www.triathlon.barcelona\/ca\/\"},{\"@type\":\"ListItem\",\"position\":2,\"name\":\"Davima Rent a Car continua un any m\u00e9s com a patrocinador oficial de mobilitat de Triathlon Barcelona\"}]},{\"@type\":\"WebSite\",\"@id\":\"https:\/\/www.triathlon.barcelona\/ca\/#website\",\"url\":\"https:\/\/www.triathlon.barcelona\/ca\/\",\"name\":\"Challenge Barcelona Triathlon\",\"description\":\"\",\"publisher\":{\"@id\":\"https:\/\/www.triathlon.barcelona\/ca\/#organization\"},\"alternateName\":\"Challenge Barcelona\",\"potentialAction\":[{\"@type\":\"SearchAction\",\"target\":{\"@type\":\"EntryPoint\",\"urlTemplate\":\"https:\/\/www.triathlon.barcelona\/ca\/?s={search_term_string}\"},\"query-input\":{\"@type\":\"PropertyValueSpecification\",\"valueRequired\":true,\"valueName\":\"search_term_string\"}}],\"inLanguage\":\"ca\"},{\"@type\":\"Organization\",\"@id\":\"https:\/\/www.triathlon.barcelona\/ca\/#organization\",\"name\":\"Challenge Barcelona Triathlon\",\"alternateName\":\"Challenge Barcelona\",\"url\":\"https:\/\/www.triathlon.barcelona\/ca\/\",\"logo\":{\"@type\":\"ImageObject\",\"inLanguage\":\"ca\",\"@id\":\"https:\/\/www.triathlon.barcelona\/ca\/#\/schema\/logo\/image\/\",\"url\":\"https:\/\/www.triathlon.barcelona\/wp-content\/uploads\/2024\/06\/logo-challenge-barcelona.png\",\"contentUrl\":\"https:\/\/www.triathlon.barcelona\/wp-content\/uploads\/2024\/06\/logo-challenge-barcelona.png\",\"width\":3209,\"height\":729,\"caption\":\"Challenge Barcelona Triathlon\"},\"image\":{\"@id\":\"https:\/\/www.triathlon.barcelona\/ca\/#\/schema\/logo\/image\/\"},\"sameAs\":[\"https:\/\/www.facebook.com\/barcelonatriathlon\",\"https:\/\/x.com\/bcn_triathlon\",\"https:\/\/www.instagram.com\/barcelonatriathlon\/\"]},{\"@type\":\"Person\",\"@id\":\"https:\/\/www.triathlon.barcelona\/ca\/#\/schema\/person\/02815cd13c1dfac064a7be145c04c170\",\"name\":\"info@wefeelevents.com\",\"image\":{\"@type\":\"ImageObject\",\"inLanguage\":\"ca\",\"@id\":\"https:\/\/www.triathlon.barcelona\/ca\/#\/schema\/person\/image\/\",\"url\":\"https:\/\/secure.gravatar.com\/avatar\/7f11c2a7e050e06fa209186d020b84dbac8ca1915133329e8b9fc9986c4ddfe4?s=96&d=mm&r=g\",\"contentUrl\":\"https:\/\/secure.gravatar.com\/avatar\/7f11c2a7e050e06fa209186d020b84dbac8ca1915133329e8b9fc9986c4ddfe4?s=96&d=mm&r=g\",\"caption\":\"info@wefeelevents.com\"},\"url\":\"https:\/\/www.triathlon.barcelona\/ca\/author\/infowefeelevents-com\/\"}]}<\/script>\n<!-- \/ Yoast SEO plugin. -->","yoast_head_json":{"title":"Davima Rent a Car continua un any m\u00e9s com a patrocinador oficial de mobilitat de Triathlon Barcelona - Challenge Barcelona Triatl\u00f3","robots":{"index":"index","follow":"follow","max-snippet":"max-snippet:-1","max-image-preview":"max-image-preview:large","max-video-preview":"max-video-preview:-1"},"canonical":"https:\/\/www.triathlon.barcelona\/ca\/davima-rent-a-car-continua-un-any-mes-com-a-patrocinador-oficial-de-mobilitat-de-triathlon-barcelona\/","og_locale":"ca_ES","og_type":"article","og_title":"Davima Rent a Car continua un any m\u00e9s com a patrocinador oficial de mobilitat de Triathlon Barcelona - Challenge Barcelona Triatl\u00f3","og_description":"Seguim consolidant les aliances que fan possible la gran festa del triatl\u00f3 a la nostra ciutat! A Triathlon Barcelona ens satisf\u00e0 enormement confirmar que Davima Rent a Car renova el seu comprom\u00eds com a patrocinador oficial de mobilitat del nostre projecte i dels propers esdeveniments.","og_url":"https:\/\/www.triathlon.barcelona\/ca\/davima-rent-a-car-continua-un-any-mes-com-a-patrocinador-oficial-de-mobilitat-de-triathlon-barcelona\/","og_site_name":"Challenge Barcelona Triatl\u00f3","article_publisher":"https:\/\/www.facebook.com\/barcelonatriathlon","article_published_time":"2026-08-05T11:19:07+00:00","article_modified_time":"2026-08-05T11:24:51+00:00","og_image":[{"width":1920,"height":1280,"url":"https:\/\/www.triathlon.barcelona\/wp-content\/uploads\/2026\/08\/PORTADA-BLOG-TRIATHLON.png","type":"image\/png"}],"author":"info@wefeelevents.com","twitter_card":"summary_large_image","twitter_creator":"@bcn_triathlon","twitter_site":"@bcn_triathlon","twitter_misc":{"Escrit per":"info@wefeelevents.com","Temps estimat de lectura":"3 minuts"},"schema":{"@context":"https:\/\/schema.org","@graph":[{"@type":"Article","@id":"https:\/\/www.triathlon.barcelona\/ca\/davima-rent-a-car-continua-un-any-mes-com-a-patrocinador-oficial-de-mobilitat-de-triathlon-barcelona\/#article","isPartOf":{"@id":"https:\/\/www.triathlon.barcelona\/ca\/davima-rent-a-car-continua-un-any-mes-com-a-patrocinador-oficial-de-mobilitat-de-triathlon-barcelona\/"},"author":{"name":"info@wefeelevents.com","@id":"https:\/\/www.triathlon.barcelona\/ca\/#\/schema\/person\/02815cd13c1dfac064a7be145c04c170"},"headline":"Davima Rent a Car continua un any m\u00e9s com a patrocinador oficial de mobilitat de Triathlon Barcelona","datePublished":"2026-08-05T11:19:07+00:00","dateModified":"2026-08-05T11:24:51+00:00","mainEntityOfPage":{"@id":"https:\/\/www.triathlon.barcelona\/ca\/davima-rent-a-car-continua-un-any-mes-com-a-patrocinador-oficial-de-mobilitat-de-triathlon-barcelona\/"},"wordCount":496,"publisher":{"@id":"https:\/\/www.triathlon.barcelona\/ca\/#organization"},"image":{"@id":"https:\/\/www.triathlon.barcelona\/ca\/davima-rent-a-car-continua-un-any-mes-com-a-patrocinador-oficial-de-mobilitat-de-triathlon-barcelona\/#primaryimage"},"thumbnailUrl":"https:\/\/www.triathlon.barcelona\/wp-content\/uploads\/2026\/08\/PORTADA-BLOG-TRIATHLON.png","articleSection":["Not\u00edcies"],"inLanguage":"ca"},{"@type":"WebPage","@id":"https:\/\/www.triathlon.barcelona\/ca\/davima-rent-a-car-continua-un-any-mes-com-a-patrocinador-oficial-de-mobilitat-de-triathlon-barcelona\/","url":"https:\/\/www.triathlon.barcelona\/ca\/davima-rent-a-car-continua-un-any-mes-com-a-patrocinador-oficial-de-mobilitat-de-triathlon-barcelona\/","name":"Davima Rent a Car continua un any m\u00e9s com a patrocinador oficial de mobilitat de Triathlon Barcelona - Challenge Barcelona Triatl\u00f3","isPartOf":{"@id":"https:\/\/www.triathlon.barcelona\/ca\/#website"},"primaryImageOfPage":{"@id":"https:\/\/www.triathlon.barcelona\/ca\/davima-rent-a-car-continua-un-any-mes-com-a-patrocinador-oficial-de-mobilitat-de-triathlon-barcelona\/#primaryimage"},"image":{"@id":"https:\/\/www.triathlon.barcelona\/ca\/davima-rent-a-car-continua-un-any-mes-com-a-patrocinador-oficial-de-mobilitat-de-triathlon-barcelona\/#primaryimage"},"thumbnailUrl":"https:\/\/www.triathlon.barcelona\/wp-content\/uploads\/2026\/08\/PORTADA-BLOG-TRIATHLON.png","datePublished":"2026-08-05T11:19:07+00:00","dateModified":"2026-08-05T11:24:51+00:00","breadcrumb":{"@id":"https:\/\/www.triathlon.barcelona\/ca\/davima-rent-a-car-continua-un-any-mes-com-a-patrocinador-oficial-de-mobilitat-de-triathlon-barcelona\/#breadcrumb"},"inLanguage":"ca","potentialAction":[{"@type":"ReadAction","target":["https:\/\/www.triathlon.barcelona\/ca\/davima-rent-a-car-continua-un-any-mes-com-a-patrocinador-oficial-de-mobilitat-de-triathlon-barcelona\/"]}]},{"@type":"ImageObject","inLanguage":"ca","@id":"https:\/\/www.triathlon.barcelona\/ca\/davima-rent-a-car-continua-un-any-mes-com-a-patrocinador-oficial-de-mobilitat-de-triathlon-barcelona\/#primaryimage","url":"https:\/\/www.triathlon.barcelona\/wp-content\/uploads\/2026\/08\/PORTADA-BLOG-TRIATHLON.png","contentUrl":"https:\/\/www.triathlon.barcelona\/wp-content\/uploads\/2026\/08\/PORTADA-BLOG-TRIATHLON.png","width":1920,"height":1280},{"@type":"BreadcrumbList","@id":"https:\/\/www.triathlon.barcelona\/ca\/davima-rent-a-car-continua-un-any-mes-com-a-patrocinador-oficial-de-mobilitat-de-triathlon-barcelona\/#breadcrumb","itemListElement":[{"@type":"ListItem","position":1,"name":"Inicio","item":"https:\/\/www.triathlon.barcelona\/ca\/"},{"@type":"ListItem","position":2,"name":"Davima Rent a Car continua un any m\u00e9s com a patrocinador oficial de mobilitat de Triathlon Barcelona"}]},{"@type":"WebSite","@id":"https:\/\/www.triathlon.barcelona\/ca\/#website","url":"https:\/\/www.triathlon.barcelona\/ca\/","name":"Challenge Barcelona Triathlon","description":"","publisher":{"@id":"https:\/\/www.triathlon.barcelona\/ca\/#organization"},"alternateName":"Challenge Barcelona","potentialAction":[{"@type":"SearchAction","target":{"@type":"EntryPoint","urlTemplate":"https:\/\/www.triathlon.barcelona\/ca\/?s={search_term_string}"},"query-input":{"@type":"PropertyValueSpecification","valueRequired":true,"valueName":"search_term_string"}}],"inLanguage":"ca"},{"@type":"Organization","@id":"https:\/\/www.triathlon.barcelona\/ca\/#organization","name":"Challenge Barcelona Triathlon","alternateName":"Challenge Barcelona","url":"https:\/\/www.triathlon.barcelona\/ca\/","logo":{"@type":"ImageObject","inLanguage":"ca","@id":"https:\/\/www.triathlon.barcelona\/ca\/#\/schema\/logo\/image\/","url":"https:\/\/www.triathlon.barcelona\/wp-content\/uploads\/2024\/06\/logo-challenge-barcelona.png","contentUrl":"https:\/\/www.triathlon.barcelona\/wp-content\/uploads\/2024\/06\/logo-challenge-barcelona.png","width":3209,"height":729,"caption":"Challenge Barcelona Triathlon"},"image":{"@id":"https:\/\/www.triathlon.barcelona\/ca\/#\/schema\/logo\/image\/"},"sameAs":["https:\/\/www.facebook.com\/barcelonatriathlon","https:\/\/x.com\/bcn_triathlon","https:\/\/www.instagram.com\/barcelonatriathlon\/"]},{"@type":"Person","@id":"https:\/\/www.triathlon.barcelona\/ca\/#\/schema\/person\/02815cd13c1dfac064a7be145c04c170","name":"info@wefeelevents.com","image":{"@type":"ImageObject","inLanguage":"ca","@id":"https:\/\/www.triathlon.barcelona\/ca\/#\/schema\/person\/image\/","url":"https:\/\/secure.gravatar.com\/avatar\/7f11c2a7e050e06fa209186d020b84dbac8ca1915133329e8b9fc9986c4ddfe4?s=96&d=mm&r=g","contentUrl":"https:\/\/secure.gravatar.com\/avatar\/7f11c2a7e050e06fa209186d020b84dbac8ca1915133329e8b9fc9986c4ddfe4?s=96&d=mm&r=g","caption":"info@wefeelevents.com"},"url":"https:\/\/www.triathlon.barcelona\/ca\/author\/infowefeelevents-com\/"}]}},"_links":{"self":[{"href":"https:\/\/www.triathlon.barcelona\/ca\/wp-json\/wp\/v2\/posts\/12412","targetHints":{"allow":["GET"]}}],"collection":[{"href":"https:\/\/www.triathlon.barcelona\/ca\/wp-json\/wp\/v2\/posts"}],"about":[{"href":"https:\/\/www.triathlon.barcelona\/ca\/wp-json\/wp\/v2\/types\/post"}],"author":[{"embeddable":true,"href":"https:\/\/www.triathlon.barcelona\/ca\/wp-json\/wp\/v2\/users\/6"}],"replies":[{"embeddable":true,"href":"https:\/\/www.triathlon.barcelona\/ca\/wp-json\/wp\/v2\/comments?post=12412"}],"version-history":[{"count":4,"href":"https:\/\/www.triathlon.barcelona\/ca\/wp-json\/wp\/v2\/posts\/12412\/revisions"}],"predecessor-version":[{"id":12420,"href":"https:\/\/www.triathlon.barcelona\/ca\/wp-json\/wp\/v2\/posts\/12412\/revisions\/12420"}],"wp:featuredmedia":[{"embeddable":true,"href":"https:\/\/www.triathlon.barcelona\/ca\/wp-json\/wp\/v2\/media\/12417"}],"wp:attachment":[{"href":"https:\/\/www.triathlon.barcelona\/ca\/wp-json\/wp\/v2\/media?parent=12412"}],"wp:term":[{"taxonomy":"category","embeddable":true,"href":"https:\/\/www.triathlon.barcelona\/ca\/wp-json\/wp\/v2\/categories?post=12412"},{"taxonomy":"post_tag","embeddable":true,"href":"https:\/\/www.triathlon.barcelona\/ca\/wp-json\/wp\/v2\/tags?post=12412"}],"curies":[{"name":"wp","href":"https:\/\/api.w.org\/{rel}","templated":true}]}}