{"id":6078,"date":"2023-03-06T23:01:23","date_gmt":"2023-03-06T22:01:23","guid":{"rendered":"https:\/\/www.triathlon.barcelona\/?p=6078"},"modified":"2023-03-09T23:21:48","modified_gmt":"2023-03-09T22:21:48","slug":"arriba-una-barcelona-triathlon-mes-internacional-amb-la-incorporacio-al-circuit-challenge-family","status":"publish","type":"post","link":"https:\/\/www.triathlon.barcelona\/ca\/arriba-una-barcelona-triathlon-mes-internacional-amb-la-incorporacio-al-circuit-challenge-family\/","title":{"rendered":"Arriba una Barcelona Triathlon m\u00e9s internacional amb la incorporaci\u00f3 al circuit Challenge Family"},"content":{"rendered":"\r\n<p class=\"wp-block-paragraph\"><strong>La principal s\u00e8rie mundial de triatlons aterra a la ciutat amb l\u2019objectiu de potenciar la Barcelona Triathlon internacionalment, ampliant els premis fins a 25.000\u20ac per a la nova prova Elit Short<\/strong><!--more--><\/p>\r\n<p><strong>El diumenge 8 d\u2019octubre ser\u00e0 la data de la Challenge Barcelona Triathlon que obre les seves inscripcions aquest dijous 9 de mar\u00e7 a les 14:00 hores<\/strong><\/p>\r\n<p>La Barcelona Triathlon se suma a la marca global de triatl\u00f3 Challenge Family amb l\u2019objectiu de potenciar i internacionalitzar encara m\u00e9s una de les proves m\u00e9s emblem\u00e0tiques del calendari esportiu. Amb aquesta nova alian\u00e7a, la prova canvia de nom i passar\u00e0 a anomenar-se <strong><em>Challenge Barcelona Triathlon.<\/em><\/strong><\/p>\r\n<p>El nou projecte s\u2019ha presentat avui en una roda de premsa que ha comptat amb la pres\u00e8ncia del regidor d\u2019Esports de l\u2019Ajuntament de Barcelona, <strong>David Escud\u00e9<\/strong>, el CEO de Challenge Family, <strong>Jort Vlam<\/strong>, el director esportiu de la Challenge Barcelona Triathlon, <strong>Eloi Moragues<\/strong>, i els triatletes professionals, <strong>Judith Corach\u00e1n<\/strong> i <strong>Albert Parre\u00f1o<\/strong>.<\/p>\r\n<p>La Challenge Barcelona Triathlon 2023 se celebrar\u00e0 el diumenge 8 d\u2019octubre i obrir\u00e0 inscripcions aquest dijous 9 de mar\u00e7 a les 14:00 hores. Des d\u2019avui, aquesta prova entra a formar part del calendari anual de Challenge Family, sumant-se aix\u00ed a les m\u00e9s de 35 proves de triatl\u00f3 de la franqu\u00edcia a m\u00e9s de 27 pa\u00efsos de tot el m\u00f3n.<\/p>\r\n<p>El regidor d\u2019Esports, <strong>David Escud\u00e9<\/strong>, ha mostrat la seva satisfacci\u00f3 per aquesta alian\u00e7a: \u201cArriba una nova etapa de la triatl\u00f3 de Barcelona! Que la nostra prova entri a formar part de la Challenge Family implica fer un pas enorme per la internacionalitzaci\u00f3 de la competici\u00f3 i, tamb\u00e9, incrementar el nombre d\u2019atletes professionals que vindran a la nostra ciutat amb la nova modalitat Elit Short. El 8 d\u2019octubre la ciutadania gaudir\u00e0 d\u2019un gran espectacle esportiu, ple d\u2019emocions i en el millor escenari del m\u00f3n\u201d.<\/p>\r\n<p>Per la seva part, el CEO de Challenge Family, <strong>Jort Vlam<\/strong>, ha declarat: \u201cEstic encantat d&#8217;estar avui aqu\u00ed a Barcelona per l\u2019anunci d\u2019aquesta prova que ser\u00e0 una experi\u00e8ncia com cap altra en aquesta impressionant ciutat. La nova dist\u00e0ncia curta dirigida a atletes professionals promet molta emoci\u00f3. A m\u00e9s, tindrem tot tipus de modalitats i dist\u00e0ncies que representen a la perfecci\u00f3 el nostre lema \u2018tot per l&#8217;atleta\u2019. Volem agrair a l&#8217;Ajuntament de Barcelona el seu suport per fer-ho realitat i tenim moltes ganes de treballar amb l&#8217;experimentat equip de Challenge Barcelona Triathlon per crear un esdeveniment espectacular per atletes de tot el m\u00f3n\u00bb.<\/p>\r\n<p>&nbsp;<\/p>\r\n<p><strong>Nova modalitat professional: Elit Short <\/strong><\/p>\r\n<p>Enguany la prova incorpora com a gran novetat la <strong>modalitat Elit Short<\/strong> amb 25.000 euros de premis. Es disputar\u00e0 sota les dist\u00e0ncies de 1.500 metres de nataci\u00f3, 60 quil\u00f2metres de bicicleta i 16 quil\u00f2metres de cursa a peu. Ser\u00e0 exclusiva per els i les triatletes professionals i puntuable pel <strong>World Challenge Bonus<\/strong>, una iniciativa on la franqu\u00edcia ofereix als i les atletes d\u2019elit l&#8217;oportunitat de competir per un r\u00e0nquing amb una bossa de premis de 125.000 euros. Per altra banda, la prova tamb\u00e9 ser\u00e0 puntuable pel <strong>Ranking de la PTO<\/strong>, l\u2019Organitzaci\u00f3 de Triatletes Professionals, i aquesta modalitat Short tamb\u00e9 ser\u00e0 classificat\u00f2ria pel <strong>The Championship de Challenge Family<\/strong>, un campionat anual que reuneix als i les millors triatletes del m\u00f3n a Samorin (Eslovaquia).<\/p>\r\n<p>Pel que fa a la resta de modalitats, la Challenge Barcelona Triathlon tornar\u00e0 a comptar amb les seg\u00fcents dist\u00e0ncies:<\/p>\r\n<ul>\r\n<li><strong>Ol\u00edmpica<\/strong>: 1.500 metres de recorregut de nataci\u00f3, 40 quil\u00f2metres de circuit de ciclisme i 10 quil\u00f2metres del tram de la cursa a peu.<\/li>\r\n<li><strong>Sprint<\/strong>: 750 metres de recorregut de nataci\u00f3 amb 1 volta, 20 quil\u00f2metres de circuit de ciclisme amb 2 voltes i 5 quil\u00f2metres del tram de la cursa a peu amb 1 volta.<\/li>\r\n<li><strong>Super Sprint<\/strong>: 300 metres de recorregut de nataci\u00f3 amb 1 volta, 7 quil\u00f2metres de circuit de ciclisme a 1 volta i 2,5 quil\u00f2metres del tram de la cursa a peu amb 1 volta.<\/li>\r\n<\/ul>\r\n<p>Com en la darrera edici\u00f3, la participaci\u00f3 pot ser individual o fins i tot en parelles. Les dist\u00e0ncies Sprint i Ol\u00edmpica, tamb\u00e9 es podran fer en format relleus, de forma que si no es vol practicar les 3 disciplines, es pugui compartir la prova amb 1 o 2 companys.<\/p>\r\n<p>El director esportiu de la prova, <strong>Eloi Moragues, <\/strong>ha afegit: \u201cL&#8217;acord entre Challenge Family i Barcelona Triathlon \u00e9s la millor opci\u00f3 perqu\u00e8 aquest esdeveniment esportiu sigui m\u00e9s internacional, m\u00e9s medi\u00e0tic i amb m\u00e9s participants, fent un salt qualitatiu i situant la ciutat de Barcelona com a referent en triatl\u00f3 a nivell mundial. \u00c9s la millor alian\u00e7a per aconseguir una cursa \u00fanica en un entorn meravell\u00f3s on els i les triatletes en gaudiran\u00bb.<\/p>\r\n<p>A l\u2019acte de presentaci\u00f3 de la Challenge Barcelona Triathlon tamb\u00e9 han participat els triatletes professionals <strong>Judith Corach\u00e1n<\/strong> i\u00a0 <strong>Albert Parre\u00f1o<\/strong>. \u201cQue Barcelona entri a formar part del circuit mundial de Challenge Family \u00e9s molt important per tota la comunitat del triatl\u00f3. Aquesta ciutat \u00e9s estimada i admirada per tot el m\u00f3n i poder gaudir d\u2019una prova en ple centre de Barcelona \u00e9s un gran atractiu. Com a triatleta barcelonesa \u00e9s tot un orgull i estic segura que ser\u00e0 tot un \u00e8xit\u201d, ha assegurat Corach\u00e1n. Per la seva banda, Albert Parre\u00f1o ha afegit: \u201cEstem davant de l&#8217;evoluci\u00f3 m\u00e9s forta que ha tingut el triatl\u00f3 de Barcelona en els \u00faltims 20 anys. Considero que \u00e9s una gran oportunitat per situar la nostra ciutat com un dels referents del triatl\u00f3 popular, elit i amateur a escala mundial. Em sento feli\u00e7 i afortunat de ser-hi present\u201d.<\/p>\r\n<p>&nbsp;<\/p>\r\n<p><strong>Junior Challenge i Tri Expo<\/strong><\/p>\r\n<p>Igual que en 2022, per\u00f2 amb un canvi de nom en la modalitat, el Challenge Barcelona Triathlon tornar\u00e0 a oferir una opci\u00f3 per als m\u00e9s joves amb l\u2019objectiu de promocionar i fer arribar aquesta prova als adolescents mentre gaudeixen del millor escenari i amb la m\u00e0xima seguretat. Aix\u00ed, els nois i noies d\u2019entre 12 i 17 anys que vulguin participar-hi tenen l\u2019opci\u00f3 de fer-ho amb una dist\u00e0ncia <em>Super Sprint<\/em> amb els mateixos serveis que els adults.<\/p>\r\n<p>A m\u00e9s de la competici\u00f3, un any m\u00e9s torna la <strong>Tri Expo<\/strong>, la fira del triatl\u00f3 que tindr\u00e0 lloc el divendres 6 d&#8217;octubre de 15 a 19 hores i el dissabte 7 d\u2019octubre de 10 a 19 hores al CEM La Mar Bella, on tant triatletes com curiosos podran accedir a la Fira d\u2019expositors de material esportiu especialitzat i tamb\u00e9 al marxandatge de la prova.<\/p>\r\n<p>&nbsp;<\/p>\r\n<p><strong>Retransmissi\u00f3 per Betev\u00e9<\/strong><\/p>\r\n<p>Per tots aquells que vulguin seguir en directe la competici\u00f3 per\u00f2 que no es puguin acostar al litoral mar\u00edtim barcelon\u00ed, aquest any Betev\u00e9 tornar\u00e0 a retransmetre la prova amb una programaci\u00f3 especial que comen\u00e7ar\u00e0 a primera hora del mat\u00ed i que s\u2019allargar\u00e0 amb un programa de m\u00e9s de 6 hores de duraci\u00f3.<\/p>\r\n<p>&nbsp;<\/p>\r\n\r\n\r\n\r\n<p class=\"wp-block-paragraph\"><a href=\"https:\/\/www.dropbox.com\/scl\/fo\/jbbff4di8lygfd1a9hu4o\/h?dl=0&amp;rlkey=8e6jmdaemgj6bl59n0awlt525\" target=\"_blank\" rel=\"noopener\">Fotografies de la roda de premsa de la Challenge Barcelona Triathlon 2023<\/a><\/p>\r\n<p><a href=\"https:\/\/www.dropbox.com\/s\/vi3gw6wtp7ydk5k\/VIDEO_FINAL_BCN_CHALLENGE.mp4?dl=0\" target=\"_blank\" rel=\"noopener\">V\u00eddeo presentaci\u00f3 de la nova edici\u00f3<\/a><\/p>\r\n","protected":false},"excerpt":{"rendered":"<p>La principal s\u00e8rie mundial de triatlons aterra a la ciutat amb l\u2019objectiu de potenciar la Barcelona Triathlon internacionalment, ampliant els premis fins a 25.000\u20ac per a la nova prova Elit Short<\/p>\n","protected":false},"author":1,"featured_media":6178,"comment_status":"closed","ping_status":"closed","sticky":false,"template":"","format":"standard","meta":{"_monsterinsights_skip_tracking":false,"site-sidebar-layout":"default","site-content-layout":"default","ast-site-content-layout":"default","site-content-style":"default","site-sidebar-style":"default","ast-global-header-display":"","ast-banner-title-visibility":"","ast-main-header-display":"","ast-hfb-above-header-display":"","ast-hfb-below-header-display":"","ast-hfb-mobile-header-display":"","site-post-title":"","ast-breadcrumbs-content":"","ast-featured-img":"","footer-sml-layout":"","ast-disable-related-posts":"","theme-transparent-header-meta":"default","adv-header-id-meta":"","stick-header-meta":"default","header-above-stick-meta":"","header-main-stick-meta":"","header-below-stick-meta":"","astra-migrate-meta-layouts":"default","ast-page-background-enabled":"default","ast-page-background-meta":{"desktop":{"background-color":"","background-image":"","background-repeat":"repeat","background-position":"center center","background-size":"auto","background-attachment":"scroll","background-type":"","background-media":"","overlay-type":"","overlay-color":"","overlay-opacity":"","overlay-gradient":""},"tablet":{"background-color":"","background-image":"","background-repeat":"repeat","background-position":"center center","background-size":"auto","background-attachment":"scroll","background-type":"","background-media":"","overlay-type":"","overlay-color":"","overlay-opacity":"","overlay-gradient":""},"mobile":{"background-color":"","background-image":"","background-repeat":"repeat","background-position":"center center","background-size":"auto","background-attachment":"scroll","background-type":"","background-media":"","overlay-type":"","overlay-color":"","overlay-opacity":"","overlay-gradient":""}},"ast-content-background-meta":{"desktop":{"background-color":"var(--ast-global-color-5)","background-image":"","background-repeat":"repeat","background-position":"center center","background-size":"auto","background-attachment":"scroll","background-type":"","background-media":"","overlay-type":"","overlay-color":"","overlay-opacity":"","overlay-gradient":""},"tablet":{"background-color":"var(--ast-global-color-5)","background-image":"","background-repeat":"repeat","background-position":"center center","background-size":"auto","background-attachment":"scroll","background-type":"","background-media":"","overlay-type":"","overlay-color":"","overlay-opacity":"","overlay-gradient":""},"mobile":{"background-color":"var(--ast-global-color-5)","background-image":"","background-repeat":"repeat","background-position":"center center","background-size":"auto","background-attachment":"scroll","background-type":"","background-media":"","overlay-type":"","overlay-color":"","overlay-opacity":"","overlay-gradient":""}},"footnotes":""},"categories":[1],"tags":[],"class_list":["post-6078","post","type-post","status-publish","format-standard","has-post-thumbnail","hentry","category-noticies"],"yoast_head":"<!-- This site is optimized with the Yoast SEO plugin v27.1 - https:\/\/yoast.com\/product\/yoast-seo-wordpress\/ -->\n<title>Arriba una Barcelona Triathlon m\u00e9s internacional amb la incorporaci\u00f3 al circuit Challenge Family - Challenge Barcelona Triatl\u00f3<\/title>\n<meta name=\"description\" content=\"La principal s\u00e8rie mundial de triatlons aterra a la ciutat amb l\u2019objectiu de potenciar la Barcelona Triathlon internacionalment, ampliant els premis fins\" \/>\n<meta name=\"robots\" content=\"index, follow, max-snippet:-1, max-image-preview:large, max-video-preview:-1\" \/>\n<link rel=\"canonical\" href=\"https:\/\/www.triathlon.barcelona\/ca\/arriba-una-barcelona-triathlon-mes-internacional-amb-la-incorporacio-al-circuit-challenge-family\/\" \/>\n<meta property=\"og:locale\" content=\"ca_ES\" \/>\n<meta property=\"og:type\" content=\"article\" \/>\n<meta property=\"og:title\" content=\"Arriba una Barcelona Triathlon m\u00e9s internacional amb la incorporaci\u00f3 al circuit Challenge Family - Challenge Barcelona Triatl\u00f3\" \/>\n<meta property=\"og:description\" content=\"La principal s\u00e8rie mundial de triatlons aterra a la ciutat amb l\u2019objectiu de potenciar la Barcelona Triathlon internacionalment, ampliant els premis fins\" \/>\n<meta property=\"og:url\" content=\"https:\/\/www.triathlon.barcelona\/ca\/arriba-una-barcelona-triathlon-mes-internacional-amb-la-incorporacio-al-circuit-challenge-family\/\" \/>\n<meta property=\"og:site_name\" content=\"Challenge Barcelona Triatl\u00f3\" \/>\n<meta property=\"article:publisher\" content=\"https:\/\/www.facebook.com\/barcelonatriathlon\" \/>\n<meta property=\"article:published_time\" content=\"2023-03-06T22:01:23+00:00\" \/>\n<meta property=\"article:modified_time\" content=\"2023-03-09T22:21:48+00:00\" \/>\n<meta property=\"og:image\" content=\"https:\/\/www.triathlon.barcelona\/wp-content\/uploads\/2023\/03\/230307-rdp.jpg\" \/>\n\t<meta property=\"og:image:width\" content=\"1920\" \/>\n\t<meta property=\"og:image:height\" content=\"1280\" \/>\n\t<meta property=\"og:image:type\" content=\"image\/jpeg\" \/>\n<meta name=\"author\" content=\"david\" \/>\n<meta name=\"twitter:card\" content=\"summary_large_image\" \/>\n<meta name=\"twitter:creator\" content=\"@bcn_triathlon\" \/>\n<meta name=\"twitter:site\" content=\"@bcn_triathlon\" \/>\n<meta name=\"twitter:label1\" content=\"Escrit per\" \/>\n\t<meta name=\"twitter:data1\" content=\"david\" \/>\n\t<meta name=\"twitter:label2\" content=\"Temps estimat de lectura\" \/>\n\t<meta name=\"twitter:data2\" content=\"7 minuts\" \/>\n<script type=\"application\/ld+json\" class=\"yoast-schema-graph\">{\"@context\":\"https:\/\/schema.org\",\"@graph\":[{\"@type\":\"Article\",\"@id\":\"https:\/\/www.triathlon.barcelona\/ca\/arriba-una-barcelona-triathlon-mes-internacional-amb-la-incorporacio-al-circuit-challenge-family\/#article\",\"isPartOf\":{\"@id\":\"https:\/\/www.triathlon.barcelona\/ca\/arriba-una-barcelona-triathlon-mes-internacional-amb-la-incorporacio-al-circuit-challenge-family\/\"},\"author\":{\"name\":\"david\",\"@id\":\"https:\/\/www.triathlon.barcelona\/ca\/#\/schema\/person\/812f46a7af75bae5296e42e5b503d1e6\"},\"headline\":\"Arriba una Barcelona Triathlon m\u00e9s internacional amb la incorporaci\u00f3 al circuit Challenge Family\",\"datePublished\":\"2023-03-06T22:01:23+00:00\",\"dateModified\":\"2023-03-09T22:21:48+00:00\",\"mainEntityOfPage\":{\"@id\":\"https:\/\/www.triathlon.barcelona\/ca\/arriba-una-barcelona-triathlon-mes-internacional-amb-la-incorporacio-al-circuit-challenge-family\/\"},\"wordCount\":1179,\"publisher\":{\"@id\":\"https:\/\/www.triathlon.barcelona\/ca\/#organization\"},\"image\":{\"@id\":\"https:\/\/www.triathlon.barcelona\/ca\/arriba-una-barcelona-triathlon-mes-internacional-amb-la-incorporacio-al-circuit-challenge-family\/#primaryimage\"},\"thumbnailUrl\":\"https:\/\/www.triathlon.barcelona\/wp-content\/uploads\/2023\/03\/230307-rdp.jpg\",\"articleSection\":[\"Not\u00edcies\"],\"inLanguage\":\"ca\"},{\"@type\":\"WebPage\",\"@id\":\"https:\/\/www.triathlon.barcelona\/ca\/arriba-una-barcelona-triathlon-mes-internacional-amb-la-incorporacio-al-circuit-challenge-family\/\",\"url\":\"https:\/\/www.triathlon.barcelona\/ca\/arriba-una-barcelona-triathlon-mes-internacional-amb-la-incorporacio-al-circuit-challenge-family\/\",\"name\":\"Arriba una Barcelona Triathlon m\u00e9s internacional amb la incorporaci\u00f3 al circuit Challenge Family - Challenge Barcelona Triatl\u00f3\",\"isPartOf\":{\"@id\":\"https:\/\/www.triathlon.barcelona\/ca\/#website\"},\"primaryImageOfPage\":{\"@id\":\"https:\/\/www.triathlon.barcelona\/ca\/arriba-una-barcelona-triathlon-mes-internacional-amb-la-incorporacio-al-circuit-challenge-family\/#primaryimage\"},\"image\":{\"@id\":\"https:\/\/www.triathlon.barcelona\/ca\/arriba-una-barcelona-triathlon-mes-internacional-amb-la-incorporacio-al-circuit-challenge-family\/#primaryimage\"},\"thumbnailUrl\":\"https:\/\/www.triathlon.barcelona\/wp-content\/uploads\/2023\/03\/230307-rdp.jpg\",\"datePublished\":\"2023-03-06T22:01:23+00:00\",\"dateModified\":\"2023-03-09T22:21:48+00:00\",\"description\":\"La principal s\u00e8rie mundial de triatlons aterra a la ciutat amb l\u2019objectiu de potenciar la Barcelona Triathlon internacionalment, ampliant els premis fins\",\"breadcrumb\":{\"@id\":\"https:\/\/www.triathlon.barcelona\/ca\/arriba-una-barcelona-triathlon-mes-internacional-amb-la-incorporacio-al-circuit-challenge-family\/#breadcrumb\"},\"inLanguage\":\"ca\",\"potentialAction\":[{\"@type\":\"ReadAction\",\"target\":[\"https:\/\/www.triathlon.barcelona\/ca\/arriba-una-barcelona-triathlon-mes-internacional-amb-la-incorporacio-al-circuit-challenge-family\/\"]}]},{\"@type\":\"ImageObject\",\"inLanguage\":\"ca\",\"@id\":\"https:\/\/www.triathlon.barcelona\/ca\/arriba-una-barcelona-triathlon-mes-internacional-amb-la-incorporacio-al-circuit-challenge-family\/#primaryimage\",\"url\":\"https:\/\/www.triathlon.barcelona\/wp-content\/uploads\/2023\/03\/230307-rdp.jpg\",\"contentUrl\":\"https:\/\/www.triathlon.barcelona\/wp-content\/uploads\/2023\/03\/230307-rdp.jpg\",\"width\":1920,\"height\":1280},{\"@type\":\"BreadcrumbList\",\"@id\":\"https:\/\/www.triathlon.barcelona\/ca\/arriba-una-barcelona-triathlon-mes-internacional-amb-la-incorporacio-al-circuit-challenge-family\/#breadcrumb\",\"itemListElement\":[{\"@type\":\"ListItem\",\"position\":1,\"name\":\"Inicio\",\"item\":\"https:\/\/www.triathlon.barcelona\/ca\/\"},{\"@type\":\"ListItem\",\"position\":2,\"name\":\"Arriba una Barcelona Triathlon m\u00e9s internacional amb la incorporaci\u00f3 al circuit Challenge Family\"}]},{\"@type\":\"WebSite\",\"@id\":\"https:\/\/www.triathlon.barcelona\/ca\/#website\",\"url\":\"https:\/\/www.triathlon.barcelona\/ca\/\",\"name\":\"Challenge Barcelona Triathlon\",\"description\":\"\",\"publisher\":{\"@id\":\"https:\/\/www.triathlon.barcelona\/ca\/#organization\"},\"alternateName\":\"Challenge Barcelona\",\"potentialAction\":[{\"@type\":\"SearchAction\",\"target\":{\"@type\":\"EntryPoint\",\"urlTemplate\":\"https:\/\/www.triathlon.barcelona\/ca\/?s={search_term_string}\"},\"query-input\":{\"@type\":\"PropertyValueSpecification\",\"valueRequired\":true,\"valueName\":\"search_term_string\"}}],\"inLanguage\":\"ca\"},{\"@type\":\"Organization\",\"@id\":\"https:\/\/www.triathlon.barcelona\/ca\/#organization\",\"name\":\"Challenge Barcelona Triathlon\",\"alternateName\":\"Challenge Barcelona\",\"url\":\"https:\/\/www.triathlon.barcelona\/ca\/\",\"logo\":{\"@type\":\"ImageObject\",\"inLanguage\":\"ca\",\"@id\":\"https:\/\/www.triathlon.barcelona\/ca\/#\/schema\/logo\/image\/\",\"url\":\"https:\/\/www.triathlon.barcelona\/wp-content\/uploads\/2024\/06\/logo-challenge-barcelona.png\",\"contentUrl\":\"https:\/\/www.triathlon.barcelona\/wp-content\/uploads\/2024\/06\/logo-challenge-barcelona.png\",\"width\":3209,\"height\":729,\"caption\":\"Challenge Barcelona Triathlon\"},\"image\":{\"@id\":\"https:\/\/www.triathlon.barcelona\/ca\/#\/schema\/logo\/image\/\"},\"sameAs\":[\"https:\/\/www.facebook.com\/barcelonatriathlon\",\"https:\/\/x.com\/bcn_triathlon\",\"https:\/\/www.instagram.com\/barcelonatriathlon\/\"]},{\"@type\":\"Person\",\"@id\":\"https:\/\/www.triathlon.barcelona\/ca\/#\/schema\/person\/812f46a7af75bae5296e42e5b503d1e6\",\"name\":\"david\",\"image\":{\"@type\":\"ImageObject\",\"inLanguage\":\"ca\",\"@id\":\"https:\/\/www.triathlon.barcelona\/ca\/#\/schema\/person\/image\/\",\"url\":\"https:\/\/secure.gravatar.com\/avatar\/f3b6b2a94c48d199ba05b31c711ca66bc5650a0dc06074dd63ae046df043d8e8?s=96&d=mm&r=g\",\"contentUrl\":\"https:\/\/secure.gravatar.com\/avatar\/f3b6b2a94c48d199ba05b31c711ca66bc5650a0dc06074dd63ae046df043d8e8?s=96&d=mm&r=g\",\"caption\":\"david\"},\"sameAs\":[\"https:\/\/www.triathlon.barcelona\"],\"url\":\"https:\/\/www.triathlon.barcelona\/ca\/author\/david\/\"}]}<\/script>\n<!-- \/ Yoast SEO plugin. -->","yoast_head_json":{"title":"Arriba una Barcelona Triathlon m\u00e9s internacional amb la incorporaci\u00f3 al circuit Challenge Family - Challenge Barcelona Triatl\u00f3","description":"La principal s\u00e8rie mundial de triatlons aterra a la ciutat amb l\u2019objectiu de potenciar la Barcelona Triathlon internacionalment, ampliant els premis fins","robots":{"index":"index","follow":"follow","max-snippet":"max-snippet:-1","max-image-preview":"max-image-preview:large","max-video-preview":"max-video-preview:-1"},"canonical":"https:\/\/www.triathlon.barcelona\/ca\/arriba-una-barcelona-triathlon-mes-internacional-amb-la-incorporacio-al-circuit-challenge-family\/","og_locale":"ca_ES","og_type":"article","og_title":"Arriba una Barcelona Triathlon m\u00e9s internacional amb la incorporaci\u00f3 al circuit Challenge Family - Challenge Barcelona Triatl\u00f3","og_description":"La principal s\u00e8rie mundial de triatlons aterra a la ciutat amb l\u2019objectiu de potenciar la Barcelona Triathlon internacionalment, ampliant els premis fins","og_url":"https:\/\/www.triathlon.barcelona\/ca\/arriba-una-barcelona-triathlon-mes-internacional-amb-la-incorporacio-al-circuit-challenge-family\/","og_site_name":"Challenge Barcelona Triatl\u00f3","article_publisher":"https:\/\/www.facebook.com\/barcelonatriathlon","article_published_time":"2023-03-06T22:01:23+00:00","article_modified_time":"2023-03-09T22:21:48+00:00","og_image":[{"width":1920,"height":1280,"url":"https:\/\/www.triathlon.barcelona\/wp-content\/uploads\/2023\/03\/230307-rdp.jpg","type":"image\/jpeg"}],"author":"david","twitter_card":"summary_large_image","twitter_creator":"@bcn_triathlon","twitter_site":"@bcn_triathlon","twitter_misc":{"Escrit per":"david","Temps estimat de lectura":"7 minuts"},"schema":{"@context":"https:\/\/schema.org","@graph":[{"@type":"Article","@id":"https:\/\/www.triathlon.barcelona\/ca\/arriba-una-barcelona-triathlon-mes-internacional-amb-la-incorporacio-al-circuit-challenge-family\/#article","isPartOf":{"@id":"https:\/\/www.triathlon.barcelona\/ca\/arriba-una-barcelona-triathlon-mes-internacional-amb-la-incorporacio-al-circuit-challenge-family\/"},"author":{"name":"david","@id":"https:\/\/www.triathlon.barcelona\/ca\/#\/schema\/person\/812f46a7af75bae5296e42e5b503d1e6"},"headline":"Arriba una Barcelona Triathlon m\u00e9s internacional amb la incorporaci\u00f3 al circuit Challenge Family","datePublished":"2023-03-06T22:01:23+00:00","dateModified":"2023-03-09T22:21:48+00:00","mainEntityOfPage":{"@id":"https:\/\/www.triathlon.barcelona\/ca\/arriba-una-barcelona-triathlon-mes-internacional-amb-la-incorporacio-al-circuit-challenge-family\/"},"wordCount":1179,"publisher":{"@id":"https:\/\/www.triathlon.barcelona\/ca\/#organization"},"image":{"@id":"https:\/\/www.triathlon.barcelona\/ca\/arriba-una-barcelona-triathlon-mes-internacional-amb-la-incorporacio-al-circuit-challenge-family\/#primaryimage"},"thumbnailUrl":"https:\/\/www.triathlon.barcelona\/wp-content\/uploads\/2023\/03\/230307-rdp.jpg","articleSection":["Not\u00edcies"],"inLanguage":"ca"},{"@type":"WebPage","@id":"https:\/\/www.triathlon.barcelona\/ca\/arriba-una-barcelona-triathlon-mes-internacional-amb-la-incorporacio-al-circuit-challenge-family\/","url":"https:\/\/www.triathlon.barcelona\/ca\/arriba-una-barcelona-triathlon-mes-internacional-amb-la-incorporacio-al-circuit-challenge-family\/","name":"Arriba una Barcelona Triathlon m\u00e9s internacional amb la incorporaci\u00f3 al circuit Challenge Family - Challenge Barcelona Triatl\u00f3","isPartOf":{"@id":"https:\/\/www.triathlon.barcelona\/ca\/#website"},"primaryImageOfPage":{"@id":"https:\/\/www.triathlon.barcelona\/ca\/arriba-una-barcelona-triathlon-mes-internacional-amb-la-incorporacio-al-circuit-challenge-family\/#primaryimage"},"image":{"@id":"https:\/\/www.triathlon.barcelona\/ca\/arriba-una-barcelona-triathlon-mes-internacional-amb-la-incorporacio-al-circuit-challenge-family\/#primaryimage"},"thumbnailUrl":"https:\/\/www.triathlon.barcelona\/wp-content\/uploads\/2023\/03\/230307-rdp.jpg","datePublished":"2023-03-06T22:01:23+00:00","dateModified":"2023-03-09T22:21:48+00:00","description":"La principal s\u00e8rie mundial de triatlons aterra a la ciutat amb l\u2019objectiu de potenciar la Barcelona Triathlon internacionalment, ampliant els premis fins","breadcrumb":{"@id":"https:\/\/www.triathlon.barcelona\/ca\/arriba-una-barcelona-triathlon-mes-internacional-amb-la-incorporacio-al-circuit-challenge-family\/#breadcrumb"},"inLanguage":"ca","potentialAction":[{"@type":"ReadAction","target":["https:\/\/www.triathlon.barcelona\/ca\/arriba-una-barcelona-triathlon-mes-internacional-amb-la-incorporacio-al-circuit-challenge-family\/"]}]},{"@type":"ImageObject","inLanguage":"ca","@id":"https:\/\/www.triathlon.barcelona\/ca\/arriba-una-barcelona-triathlon-mes-internacional-amb-la-incorporacio-al-circuit-challenge-family\/#primaryimage","url":"https:\/\/www.triathlon.barcelona\/wp-content\/uploads\/2023\/03\/230307-rdp.jpg","contentUrl":"https:\/\/www.triathlon.barcelona\/wp-content\/uploads\/2023\/03\/230307-rdp.jpg","width":1920,"height":1280},{"@type":"BreadcrumbList","@id":"https:\/\/www.triathlon.barcelona\/ca\/arriba-una-barcelona-triathlon-mes-internacional-amb-la-incorporacio-al-circuit-challenge-family\/#breadcrumb","itemListElement":[{"@type":"ListItem","position":1,"name":"Inicio","item":"https:\/\/www.triathlon.barcelona\/ca\/"},{"@type":"ListItem","position":2,"name":"Arriba una Barcelona Triathlon m\u00e9s internacional amb la incorporaci\u00f3 al circuit Challenge Family"}]},{"@type":"WebSite","@id":"https:\/\/www.triathlon.barcelona\/ca\/#website","url":"https:\/\/www.triathlon.barcelona\/ca\/","name":"Challenge Barcelona Triathlon","description":"","publisher":{"@id":"https:\/\/www.triathlon.barcelona\/ca\/#organization"},"alternateName":"Challenge Barcelona","potentialAction":[{"@type":"SearchAction","target":{"@type":"EntryPoint","urlTemplate":"https:\/\/www.triathlon.barcelona\/ca\/?s={search_term_string}"},"query-input":{"@type":"PropertyValueSpecification","valueRequired":true,"valueName":"search_term_string"}}],"inLanguage":"ca"},{"@type":"Organization","@id":"https:\/\/www.triathlon.barcelona\/ca\/#organization","name":"Challenge Barcelona Triathlon","alternateName":"Challenge Barcelona","url":"https:\/\/www.triathlon.barcelona\/ca\/","logo":{"@type":"ImageObject","inLanguage":"ca","@id":"https:\/\/www.triathlon.barcelona\/ca\/#\/schema\/logo\/image\/","url":"https:\/\/www.triathlon.barcelona\/wp-content\/uploads\/2024\/06\/logo-challenge-barcelona.png","contentUrl":"https:\/\/www.triathlon.barcelona\/wp-content\/uploads\/2024\/06\/logo-challenge-barcelona.png","width":3209,"height":729,"caption":"Challenge Barcelona Triathlon"},"image":{"@id":"https:\/\/www.triathlon.barcelona\/ca\/#\/schema\/logo\/image\/"},"sameAs":["https:\/\/www.facebook.com\/barcelonatriathlon","https:\/\/x.com\/bcn_triathlon","https:\/\/www.instagram.com\/barcelonatriathlon\/"]},{"@type":"Person","@id":"https:\/\/www.triathlon.barcelona\/ca\/#\/schema\/person\/812f46a7af75bae5296e42e5b503d1e6","name":"david","image":{"@type":"ImageObject","inLanguage":"ca","@id":"https:\/\/www.triathlon.barcelona\/ca\/#\/schema\/person\/image\/","url":"https:\/\/secure.gravatar.com\/avatar\/f3b6b2a94c48d199ba05b31c711ca66bc5650a0dc06074dd63ae046df043d8e8?s=96&d=mm&r=g","contentUrl":"https:\/\/secure.gravatar.com\/avatar\/f3b6b2a94c48d199ba05b31c711ca66bc5650a0dc06074dd63ae046df043d8e8?s=96&d=mm&r=g","caption":"david"},"sameAs":["https:\/\/www.triathlon.barcelona"],"url":"https:\/\/www.triathlon.barcelona\/ca\/author\/david\/"}]}},"_links":{"self":[{"href":"https:\/\/www.triathlon.barcelona\/ca\/wp-json\/wp\/v2\/posts\/6078","targetHints":{"allow":["GET"]}}],"collection":[{"href":"https:\/\/www.triathlon.barcelona\/ca\/wp-json\/wp\/v2\/posts"}],"about":[{"href":"https:\/\/www.triathlon.barcelona\/ca\/wp-json\/wp\/v2\/types\/post"}],"author":[{"embeddable":true,"href":"https:\/\/www.triathlon.barcelona\/ca\/wp-json\/wp\/v2\/users\/1"}],"replies":[{"embeddable":true,"href":"https:\/\/www.triathlon.barcelona\/ca\/wp-json\/wp\/v2\/comments?post=6078"}],"version-history":[{"count":0,"href":"https:\/\/www.triathlon.barcelona\/ca\/wp-json\/wp\/v2\/posts\/6078\/revisions"}],"wp:featuredmedia":[{"embeddable":true,"href":"https:\/\/www.triathlon.barcelona\/ca\/wp-json\/wp\/v2\/media\/6178"}],"wp:attachment":[{"href":"https:\/\/www.triathlon.barcelona\/ca\/wp-json\/wp\/v2\/media?parent=6078"}],"wp:term":[{"taxonomy":"category","embeddable":true,"href":"https:\/\/www.triathlon.barcelona\/ca\/wp-json\/wp\/v2\/categories?post=6078"},{"taxonomy":"post_tag","embeddable":true,"href":"https:\/\/www.triathlon.barcelona\/ca\/wp-json\/wp\/v2\/tags?post=6078"}],"curies":[{"name":"wp","href":"https:\/\/api.w.org\/{rel}","templated":true}]}}