{"id":6919,"date":"2023-05-16T16:13:16","date_gmt":"2023-05-16T14:13:16","guid":{"rendered":"https:\/\/www.triathlon.barcelona\/?p=6919"},"modified":"2023-05-31T16:23:16","modified_gmt":"2023-05-31T14:23:16","slug":"el-campus-jove-acct-de-triatlo-torna-al-pla-de-lestany-amb-la-seva-4a-edicio","status":"publish","type":"post","link":"https:\/\/www.triathlon.barcelona\/ca\/el-campus-jove-acct-de-triatlo-torna-al-pla-de-lestany-amb-la-seva-4a-edicio\/","title":{"rendered":"El Campus Jove ACCT de triatl\u00f3 torna al Pla de l&#8217;Estany amb la seva 4\u00aa edici\u00f3"},"content":{"rendered":"<p><strong>Clubs de tot Catalunya es reuneixen per a una setmana intensa de triatl\u00f3 al Campus Jove ACCT 2023.<\/strong><\/p>\n<p><!--more--><\/p>\n<p>Arriba la 4\u00aa edici\u00f3 del Campus Jove ACCT del 9 al 14 de juliol de 2023 al Pla de l&#8217;Estany. Un campus que es consolida com una de les activitats preferides pels petits i les petites triatletes que any rere any repeteixen en aquesta experi\u00e8ncia tan singular. Clubs de tot el territori catal\u00e0 uneixen esfor\u00e7os per tirar endavant aquest projecte, fet que es veu plasmat en la gran varietat de clubs representats al campus.<\/p>\n<p>Els participants al campus gaudiran d&#8217;entrenaments i activitats dirigides per entrenadors qualificats vinguts de diferents clubs durant els 5 dies del campus. Tindran l&#8217;oportunitat de nedar a les aig\u00fces de l&#8217;Estany de Banyoles i a les instal\u00b7lacions del CN Banyoles, aix\u00ed com rodar per les tranquil\u00b7les carreteres del Pla de l&#8217;Estany i c\u00f3rrer per la gran infinitat de camins i vies de la zona.<\/p>\n<p>El Campus Jove ACCT est\u00e0 organitzat per l&#8217;Associaci\u00f3 Catalana de Clubs de Triatl\u00f3 (ACCT) i l&#8217;edici\u00f3 d&#8217;enguany compta amb el suport del Challenge Barcelona Triathlon.<\/p>\n<p>M\u00e9s informaci\u00f3 i inscripcions <strong><a href=\"https:\/\/www.triathlon.barcelona\/ca\/campus-jove-acct\/\">aqu\u00ed<\/a><\/strong>.<\/p>\n","protected":false},"excerpt":{"rendered":"<p>Clubs de tot Catalunya es reuneixen per a una setmana intensa de triatl\u00f3 al Campus Jove ACCT 2023.<\/p>\n","protected":false},"author":1,"featured_media":6928,"comment_status":"closed","ping_status":"closed","sticky":false,"template":"","format":"standard","meta":{"_monsterinsights_skip_tracking":false,"site-sidebar-layout":"default","site-content-layout":"default","ast-site-content-layout":"default","site-content-style":"default","site-sidebar-style":"default","ast-global-header-display":"","ast-banner-title-visibility":"","ast-main-header-display":"","ast-hfb-above-header-display":"","ast-hfb-below-header-display":"","ast-hfb-mobile-header-display":"","site-post-title":"","ast-breadcrumbs-content":"","ast-featured-img":"","footer-sml-layout":"","ast-disable-related-posts":"","theme-transparent-header-meta":"default","adv-header-id-meta":"","stick-header-meta":"default","header-above-stick-meta":"","header-main-stick-meta":"","header-below-stick-meta":"","astra-migrate-meta-layouts":"default","ast-page-background-enabled":"default","ast-page-background-meta":{"desktop":{"background-color":"","background-image":"","background-repeat":"repeat","background-position":"center center","background-size":"auto","background-attachment":"scroll","background-type":"","background-media":"","overlay-type":"","overlay-color":"","overlay-opacity":"","overlay-gradient":""},"tablet":{"background-color":"","background-image":"","background-repeat":"repeat","background-position":"center center","background-size":"auto","background-attachment":"scroll","background-type":"","background-media":"","overlay-type":"","overlay-color":"","overlay-opacity":"","overlay-gradient":""},"mobile":{"background-color":"","background-image":"","background-repeat":"repeat","background-position":"center center","background-size":"auto","background-attachment":"scroll","background-type":"","background-media":"","overlay-type":"","overlay-color":"","overlay-opacity":"","overlay-gradient":""}},"ast-content-background-meta":{"desktop":{"background-color":"var(--ast-global-color-5)","background-image":"","background-repeat":"repeat","background-position":"center center","background-size":"auto","background-attachment":"scroll","background-type":"","background-media":"","overlay-type":"","overlay-color":"","overlay-opacity":"","overlay-gradient":""},"tablet":{"background-color":"var(--ast-global-color-5)","background-image":"","background-repeat":"repeat","background-position":"center center","background-size":"auto","background-attachment":"scroll","background-type":"","background-media":"","overlay-type":"","overlay-color":"","overlay-opacity":"","overlay-gradient":""},"mobile":{"background-color":"var(--ast-global-color-5)","background-image":"","background-repeat":"repeat","background-position":"center center","background-size":"auto","background-attachment":"scroll","background-type":"","background-media":"","overlay-type":"","overlay-color":"","overlay-opacity":"","overlay-gradient":""}},"footnotes":""},"categories":[1],"tags":[],"class_list":["post-6919","post","type-post","status-publish","format-standard","has-post-thumbnail","hentry","category-noticies"],"yoast_head":"<!-- This site is optimized with the Yoast SEO plugin v27.1 - https:\/\/yoast.com\/product\/yoast-seo-wordpress\/ -->\n<title>El Campus Jove ACCT de triatl\u00f3 torna al Pla de l&#039;Estany amb la seva 4\u00aa edici\u00f3 - Challenge Barcelona Triatl\u00f3<\/title>\n<meta name=\"description\" content=\"Clubs de tot Catalunya es reuneixen per a una setmana intensa de triatl\u00f3 al Campus Jove ACCT 2023. Arriba la 4\u00aa edici\u00f3 del Campus Jove ACCT del 9 al 14 de\" \/>\n<meta name=\"robots\" content=\"index, follow, max-snippet:-1, max-image-preview:large, max-video-preview:-1\" \/>\n<link rel=\"canonical\" href=\"https:\/\/www.triathlon.barcelona\/ca\/el-campus-jove-acct-de-triatlo-torna-al-pla-de-lestany-amb-la-seva-4a-edicio\/\" \/>\n<meta property=\"og:locale\" content=\"ca_ES\" \/>\n<meta property=\"og:type\" content=\"article\" \/>\n<meta property=\"og:title\" content=\"El Campus Jove ACCT de triatl\u00f3 torna al Pla de l&#039;Estany amb la seva 4\u00aa edici\u00f3 - Challenge Barcelona Triatl\u00f3\" \/>\n<meta property=\"og:description\" content=\"Clubs de tot Catalunya es reuneixen per a una setmana intensa de triatl\u00f3 al Campus Jove ACCT 2023. Arriba la 4\u00aa edici\u00f3 del Campus Jove ACCT del 9 al 14 de\" \/>\n<meta property=\"og:url\" content=\"https:\/\/www.triathlon.barcelona\/ca\/el-campus-jove-acct-de-triatlo-torna-al-pla-de-lestany-amb-la-seva-4a-edicio\/\" \/>\n<meta property=\"og:site_name\" content=\"Challenge Barcelona Triatl\u00f3\" \/>\n<meta property=\"article:publisher\" content=\"https:\/\/www.facebook.com\/barcelonatriathlon\" \/>\n<meta property=\"article:published_time\" content=\"2023-05-16T14:13:16+00:00\" \/>\n<meta property=\"article:modified_time\" content=\"2023-05-31T14:23:16+00:00\" \/>\n<meta property=\"og:image\" content=\"https:\/\/www.triathlon.barcelona\/wp-content\/uploads\/2023\/05\/230516-campus-jove-acct-1.jpg\" \/>\n\t<meta property=\"og:image:width\" content=\"1920\" \/>\n\t<meta property=\"og:image:height\" content=\"1280\" \/>\n\t<meta property=\"og:image:type\" content=\"image\/jpeg\" \/>\n<meta name=\"author\" content=\"david\" \/>\n<meta name=\"twitter:card\" content=\"summary_large_image\" \/>\n<meta name=\"twitter:creator\" content=\"@bcn_triathlon\" \/>\n<meta name=\"twitter:site\" content=\"@bcn_triathlon\" \/>\n<meta name=\"twitter:label1\" content=\"Escrit per\" \/>\n\t<meta name=\"twitter:data1\" content=\"david\" \/>\n\t<meta name=\"twitter:label2\" content=\"Temps estimat de lectura\" \/>\n\t<meta name=\"twitter:data2\" content=\"2 minuts\" \/>\n<script type=\"application\/ld+json\" class=\"yoast-schema-graph\">{\"@context\":\"https:\/\/schema.org\",\"@graph\":[{\"@type\":\"Article\",\"@id\":\"https:\/\/www.triathlon.barcelona\/ca\/el-campus-jove-acct-de-triatlo-torna-al-pla-de-lestany-amb-la-seva-4a-edicio\/#article\",\"isPartOf\":{\"@id\":\"https:\/\/www.triathlon.barcelona\/ca\/el-campus-jove-acct-de-triatlo-torna-al-pla-de-lestany-amb-la-seva-4a-edicio\/\"},\"author\":{\"name\":\"david\",\"@id\":\"https:\/\/www.triathlon.barcelona\/ca\/#\/schema\/person\/812f46a7af75bae5296e42e5b503d1e6\"},\"headline\":\"El Campus Jove ACCT de triatl\u00f3 torna al Pla de l&#8217;Estany amb la seva 4\u00aa edici\u00f3\",\"datePublished\":\"2023-05-16T14:13:16+00:00\",\"dateModified\":\"2023-05-31T14:23:16+00:00\",\"mainEntityOfPage\":{\"@id\":\"https:\/\/www.triathlon.barcelona\/ca\/el-campus-jove-acct-de-triatlo-torna-al-pla-de-lestany-amb-la-seva-4a-edicio\/\"},\"wordCount\":211,\"publisher\":{\"@id\":\"https:\/\/www.triathlon.barcelona\/ca\/#organization\"},\"image\":{\"@id\":\"https:\/\/www.triathlon.barcelona\/ca\/el-campus-jove-acct-de-triatlo-torna-al-pla-de-lestany-amb-la-seva-4a-edicio\/#primaryimage\"},\"thumbnailUrl\":\"https:\/\/www.triathlon.barcelona\/wp-content\/uploads\/2023\/05\/230516-campus-jove-acct-1.jpg\",\"articleSection\":[\"Not\u00edcies\"],\"inLanguage\":\"ca\"},{\"@type\":\"WebPage\",\"@id\":\"https:\/\/www.triathlon.barcelona\/ca\/el-campus-jove-acct-de-triatlo-torna-al-pla-de-lestany-amb-la-seva-4a-edicio\/\",\"url\":\"https:\/\/www.triathlon.barcelona\/ca\/el-campus-jove-acct-de-triatlo-torna-al-pla-de-lestany-amb-la-seva-4a-edicio\/\",\"name\":\"El Campus Jove ACCT de triatl\u00f3 torna al Pla de l'Estany amb la seva 4\u00aa edici\u00f3 - Challenge Barcelona Triatl\u00f3\",\"isPartOf\":{\"@id\":\"https:\/\/www.triathlon.barcelona\/ca\/#website\"},\"primaryImageOfPage\":{\"@id\":\"https:\/\/www.triathlon.barcelona\/ca\/el-campus-jove-acct-de-triatlo-torna-al-pla-de-lestany-amb-la-seva-4a-edicio\/#primaryimage\"},\"image\":{\"@id\":\"https:\/\/www.triathlon.barcelona\/ca\/el-campus-jove-acct-de-triatlo-torna-al-pla-de-lestany-amb-la-seva-4a-edicio\/#primaryimage\"},\"thumbnailUrl\":\"https:\/\/www.triathlon.barcelona\/wp-content\/uploads\/2023\/05\/230516-campus-jove-acct-1.jpg\",\"datePublished\":\"2023-05-16T14:13:16+00:00\",\"dateModified\":\"2023-05-31T14:23:16+00:00\",\"description\":\"Clubs de tot Catalunya es reuneixen per a una setmana intensa de triatl\u00f3 al Campus Jove ACCT 2023. Arriba la 4\u00aa edici\u00f3 del Campus Jove ACCT del 9 al 14 de\",\"breadcrumb\":{\"@id\":\"https:\/\/www.triathlon.barcelona\/ca\/el-campus-jove-acct-de-triatlo-torna-al-pla-de-lestany-amb-la-seva-4a-edicio\/#breadcrumb\"},\"inLanguage\":\"ca\",\"potentialAction\":[{\"@type\":\"ReadAction\",\"target\":[\"https:\/\/www.triathlon.barcelona\/ca\/el-campus-jove-acct-de-triatlo-torna-al-pla-de-lestany-amb-la-seva-4a-edicio\/\"]}]},{\"@type\":\"ImageObject\",\"inLanguage\":\"ca\",\"@id\":\"https:\/\/www.triathlon.barcelona\/ca\/el-campus-jove-acct-de-triatlo-torna-al-pla-de-lestany-amb-la-seva-4a-edicio\/#primaryimage\",\"url\":\"https:\/\/www.triathlon.barcelona\/wp-content\/uploads\/2023\/05\/230516-campus-jove-acct-1.jpg\",\"contentUrl\":\"https:\/\/www.triathlon.barcelona\/wp-content\/uploads\/2023\/05\/230516-campus-jove-acct-1.jpg\",\"width\":1920,\"height\":1280},{\"@type\":\"BreadcrumbList\",\"@id\":\"https:\/\/www.triathlon.barcelona\/ca\/el-campus-jove-acct-de-triatlo-torna-al-pla-de-lestany-amb-la-seva-4a-edicio\/#breadcrumb\",\"itemListElement\":[{\"@type\":\"ListItem\",\"position\":1,\"name\":\"Inicio\",\"item\":\"https:\/\/www.triathlon.barcelona\/ca\/\"},{\"@type\":\"ListItem\",\"position\":2,\"name\":\"El Campus Jove ACCT de triatl\u00f3 torna al Pla de l&#8217;Estany amb la seva 4\u00aa edici\u00f3\"}]},{\"@type\":\"WebSite\",\"@id\":\"https:\/\/www.triathlon.barcelona\/ca\/#website\",\"url\":\"https:\/\/www.triathlon.barcelona\/ca\/\",\"name\":\"Challenge Barcelona Triathlon\",\"description\":\"\",\"publisher\":{\"@id\":\"https:\/\/www.triathlon.barcelona\/ca\/#organization\"},\"alternateName\":\"Challenge Barcelona\",\"potentialAction\":[{\"@type\":\"SearchAction\",\"target\":{\"@type\":\"EntryPoint\",\"urlTemplate\":\"https:\/\/www.triathlon.barcelona\/ca\/?s={search_term_string}\"},\"query-input\":{\"@type\":\"PropertyValueSpecification\",\"valueRequired\":true,\"valueName\":\"search_term_string\"}}],\"inLanguage\":\"ca\"},{\"@type\":\"Organization\",\"@id\":\"https:\/\/www.triathlon.barcelona\/ca\/#organization\",\"name\":\"Challenge Barcelona Triathlon\",\"alternateName\":\"Challenge Barcelona\",\"url\":\"https:\/\/www.triathlon.barcelona\/ca\/\",\"logo\":{\"@type\":\"ImageObject\",\"inLanguage\":\"ca\",\"@id\":\"https:\/\/www.triathlon.barcelona\/ca\/#\/schema\/logo\/image\/\",\"url\":\"https:\/\/www.triathlon.barcelona\/wp-content\/uploads\/2024\/06\/logo-challenge-barcelona.png\",\"contentUrl\":\"https:\/\/www.triathlon.barcelona\/wp-content\/uploads\/2024\/06\/logo-challenge-barcelona.png\",\"width\":3209,\"height\":729,\"caption\":\"Challenge Barcelona Triathlon\"},\"image\":{\"@id\":\"https:\/\/www.triathlon.barcelona\/ca\/#\/schema\/logo\/image\/\"},\"sameAs\":[\"https:\/\/www.facebook.com\/barcelonatriathlon\",\"https:\/\/x.com\/bcn_triathlon\",\"https:\/\/www.instagram.com\/barcelonatriathlon\/\"]},{\"@type\":\"Person\",\"@id\":\"https:\/\/www.triathlon.barcelona\/ca\/#\/schema\/person\/812f46a7af75bae5296e42e5b503d1e6\",\"name\":\"david\",\"image\":{\"@type\":\"ImageObject\",\"inLanguage\":\"ca\",\"@id\":\"https:\/\/www.triathlon.barcelona\/ca\/#\/schema\/person\/image\/\",\"url\":\"https:\/\/secure.gravatar.com\/avatar\/f3b6b2a94c48d199ba05b31c711ca66bc5650a0dc06074dd63ae046df043d8e8?s=96&d=mm&r=g\",\"contentUrl\":\"https:\/\/secure.gravatar.com\/avatar\/f3b6b2a94c48d199ba05b31c711ca66bc5650a0dc06074dd63ae046df043d8e8?s=96&d=mm&r=g\",\"caption\":\"david\"},\"sameAs\":[\"https:\/\/www.triathlon.barcelona\"],\"url\":\"https:\/\/www.triathlon.barcelona\/ca\/author\/david\/\"}]}<\/script>\n<!-- \/ Yoast SEO plugin. -->","yoast_head_json":{"title":"El Campus Jove ACCT de triatl\u00f3 torna al Pla de l'Estany amb la seva 4\u00aa edici\u00f3 - Challenge Barcelona Triatl\u00f3","description":"Clubs de tot Catalunya es reuneixen per a una setmana intensa de triatl\u00f3 al Campus Jove ACCT 2023. Arriba la 4\u00aa edici\u00f3 del Campus Jove ACCT del 9 al 14 de","robots":{"index":"index","follow":"follow","max-snippet":"max-snippet:-1","max-image-preview":"max-image-preview:large","max-video-preview":"max-video-preview:-1"},"canonical":"https:\/\/www.triathlon.barcelona\/ca\/el-campus-jove-acct-de-triatlo-torna-al-pla-de-lestany-amb-la-seva-4a-edicio\/","og_locale":"ca_ES","og_type":"article","og_title":"El Campus Jove ACCT de triatl\u00f3 torna al Pla de l'Estany amb la seva 4\u00aa edici\u00f3 - Challenge Barcelona Triatl\u00f3","og_description":"Clubs de tot Catalunya es reuneixen per a una setmana intensa de triatl\u00f3 al Campus Jove ACCT 2023. Arriba la 4\u00aa edici\u00f3 del Campus Jove ACCT del 9 al 14 de","og_url":"https:\/\/www.triathlon.barcelona\/ca\/el-campus-jove-acct-de-triatlo-torna-al-pla-de-lestany-amb-la-seva-4a-edicio\/","og_site_name":"Challenge Barcelona Triatl\u00f3","article_publisher":"https:\/\/www.facebook.com\/barcelonatriathlon","article_published_time":"2023-05-16T14:13:16+00:00","article_modified_time":"2023-05-31T14:23:16+00:00","og_image":[{"width":1920,"height":1280,"url":"https:\/\/www.triathlon.barcelona\/wp-content\/uploads\/2023\/05\/230516-campus-jove-acct-1.jpg","type":"image\/jpeg"}],"author":"david","twitter_card":"summary_large_image","twitter_creator":"@bcn_triathlon","twitter_site":"@bcn_triathlon","twitter_misc":{"Escrit per":"david","Temps estimat de lectura":"2 minuts"},"schema":{"@context":"https:\/\/schema.org","@graph":[{"@type":"Article","@id":"https:\/\/www.triathlon.barcelona\/ca\/el-campus-jove-acct-de-triatlo-torna-al-pla-de-lestany-amb-la-seva-4a-edicio\/#article","isPartOf":{"@id":"https:\/\/www.triathlon.barcelona\/ca\/el-campus-jove-acct-de-triatlo-torna-al-pla-de-lestany-amb-la-seva-4a-edicio\/"},"author":{"name":"david","@id":"https:\/\/www.triathlon.barcelona\/ca\/#\/schema\/person\/812f46a7af75bae5296e42e5b503d1e6"},"headline":"El Campus Jove ACCT de triatl\u00f3 torna al Pla de l&#8217;Estany amb la seva 4\u00aa edici\u00f3","datePublished":"2023-05-16T14:13:16+00:00","dateModified":"2023-05-31T14:23:16+00:00","mainEntityOfPage":{"@id":"https:\/\/www.triathlon.barcelona\/ca\/el-campus-jove-acct-de-triatlo-torna-al-pla-de-lestany-amb-la-seva-4a-edicio\/"},"wordCount":211,"publisher":{"@id":"https:\/\/www.triathlon.barcelona\/ca\/#organization"},"image":{"@id":"https:\/\/www.triathlon.barcelona\/ca\/el-campus-jove-acct-de-triatlo-torna-al-pla-de-lestany-amb-la-seva-4a-edicio\/#primaryimage"},"thumbnailUrl":"https:\/\/www.triathlon.barcelona\/wp-content\/uploads\/2023\/05\/230516-campus-jove-acct-1.jpg","articleSection":["Not\u00edcies"],"inLanguage":"ca"},{"@type":"WebPage","@id":"https:\/\/www.triathlon.barcelona\/ca\/el-campus-jove-acct-de-triatlo-torna-al-pla-de-lestany-amb-la-seva-4a-edicio\/","url":"https:\/\/www.triathlon.barcelona\/ca\/el-campus-jove-acct-de-triatlo-torna-al-pla-de-lestany-amb-la-seva-4a-edicio\/","name":"El Campus Jove ACCT de triatl\u00f3 torna al Pla de l'Estany amb la seva 4\u00aa edici\u00f3 - Challenge Barcelona Triatl\u00f3","isPartOf":{"@id":"https:\/\/www.triathlon.barcelona\/ca\/#website"},"primaryImageOfPage":{"@id":"https:\/\/www.triathlon.barcelona\/ca\/el-campus-jove-acct-de-triatlo-torna-al-pla-de-lestany-amb-la-seva-4a-edicio\/#primaryimage"},"image":{"@id":"https:\/\/www.triathlon.barcelona\/ca\/el-campus-jove-acct-de-triatlo-torna-al-pla-de-lestany-amb-la-seva-4a-edicio\/#primaryimage"},"thumbnailUrl":"https:\/\/www.triathlon.barcelona\/wp-content\/uploads\/2023\/05\/230516-campus-jove-acct-1.jpg","datePublished":"2023-05-16T14:13:16+00:00","dateModified":"2023-05-31T14:23:16+00:00","description":"Clubs de tot Catalunya es reuneixen per a una setmana intensa de triatl\u00f3 al Campus Jove ACCT 2023. Arriba la 4\u00aa edici\u00f3 del Campus Jove ACCT del 9 al 14 de","breadcrumb":{"@id":"https:\/\/www.triathlon.barcelona\/ca\/el-campus-jove-acct-de-triatlo-torna-al-pla-de-lestany-amb-la-seva-4a-edicio\/#breadcrumb"},"inLanguage":"ca","potentialAction":[{"@type":"ReadAction","target":["https:\/\/www.triathlon.barcelona\/ca\/el-campus-jove-acct-de-triatlo-torna-al-pla-de-lestany-amb-la-seva-4a-edicio\/"]}]},{"@type":"ImageObject","inLanguage":"ca","@id":"https:\/\/www.triathlon.barcelona\/ca\/el-campus-jove-acct-de-triatlo-torna-al-pla-de-lestany-amb-la-seva-4a-edicio\/#primaryimage","url":"https:\/\/www.triathlon.barcelona\/wp-content\/uploads\/2023\/05\/230516-campus-jove-acct-1.jpg","contentUrl":"https:\/\/www.triathlon.barcelona\/wp-content\/uploads\/2023\/05\/230516-campus-jove-acct-1.jpg","width":1920,"height":1280},{"@type":"BreadcrumbList","@id":"https:\/\/www.triathlon.barcelona\/ca\/el-campus-jove-acct-de-triatlo-torna-al-pla-de-lestany-amb-la-seva-4a-edicio\/#breadcrumb","itemListElement":[{"@type":"ListItem","position":1,"name":"Inicio","item":"https:\/\/www.triathlon.barcelona\/ca\/"},{"@type":"ListItem","position":2,"name":"El Campus Jove ACCT de triatl\u00f3 torna al Pla de l&#8217;Estany amb la seva 4\u00aa edici\u00f3"}]},{"@type":"WebSite","@id":"https:\/\/www.triathlon.barcelona\/ca\/#website","url":"https:\/\/www.triathlon.barcelona\/ca\/","name":"Challenge Barcelona Triathlon","description":"","publisher":{"@id":"https:\/\/www.triathlon.barcelona\/ca\/#organization"},"alternateName":"Challenge Barcelona","potentialAction":[{"@type":"SearchAction","target":{"@type":"EntryPoint","urlTemplate":"https:\/\/www.triathlon.barcelona\/ca\/?s={search_term_string}"},"query-input":{"@type":"PropertyValueSpecification","valueRequired":true,"valueName":"search_term_string"}}],"inLanguage":"ca"},{"@type":"Organization","@id":"https:\/\/www.triathlon.barcelona\/ca\/#organization","name":"Challenge Barcelona Triathlon","alternateName":"Challenge Barcelona","url":"https:\/\/www.triathlon.barcelona\/ca\/","logo":{"@type":"ImageObject","inLanguage":"ca","@id":"https:\/\/www.triathlon.barcelona\/ca\/#\/schema\/logo\/image\/","url":"https:\/\/www.triathlon.barcelona\/wp-content\/uploads\/2024\/06\/logo-challenge-barcelona.png","contentUrl":"https:\/\/www.triathlon.barcelona\/wp-content\/uploads\/2024\/06\/logo-challenge-barcelona.png","width":3209,"height":729,"caption":"Challenge Barcelona Triathlon"},"image":{"@id":"https:\/\/www.triathlon.barcelona\/ca\/#\/schema\/logo\/image\/"},"sameAs":["https:\/\/www.facebook.com\/barcelonatriathlon","https:\/\/x.com\/bcn_triathlon","https:\/\/www.instagram.com\/barcelonatriathlon\/"]},{"@type":"Person","@id":"https:\/\/www.triathlon.barcelona\/ca\/#\/schema\/person\/812f46a7af75bae5296e42e5b503d1e6","name":"david","image":{"@type":"ImageObject","inLanguage":"ca","@id":"https:\/\/www.triathlon.barcelona\/ca\/#\/schema\/person\/image\/","url":"https:\/\/secure.gravatar.com\/avatar\/f3b6b2a94c48d199ba05b31c711ca66bc5650a0dc06074dd63ae046df043d8e8?s=96&d=mm&r=g","contentUrl":"https:\/\/secure.gravatar.com\/avatar\/f3b6b2a94c48d199ba05b31c711ca66bc5650a0dc06074dd63ae046df043d8e8?s=96&d=mm&r=g","caption":"david"},"sameAs":["https:\/\/www.triathlon.barcelona"],"url":"https:\/\/www.triathlon.barcelona\/ca\/author\/david\/"}]}},"_links":{"self":[{"href":"https:\/\/www.triathlon.barcelona\/ca\/wp-json\/wp\/v2\/posts\/6919","targetHints":{"allow":["GET"]}}],"collection":[{"href":"https:\/\/www.triathlon.barcelona\/ca\/wp-json\/wp\/v2\/posts"}],"about":[{"href":"https:\/\/www.triathlon.barcelona\/ca\/wp-json\/wp\/v2\/types\/post"}],"author":[{"embeddable":true,"href":"https:\/\/www.triathlon.barcelona\/ca\/wp-json\/wp\/v2\/users\/1"}],"replies":[{"embeddable":true,"href":"https:\/\/www.triathlon.barcelona\/ca\/wp-json\/wp\/v2\/comments?post=6919"}],"version-history":[{"count":0,"href":"https:\/\/www.triathlon.barcelona\/ca\/wp-json\/wp\/v2\/posts\/6919\/revisions"}],"wp:featuredmedia":[{"embeddable":true,"href":"https:\/\/www.triathlon.barcelona\/ca\/wp-json\/wp\/v2\/media\/6928"}],"wp:attachment":[{"href":"https:\/\/www.triathlon.barcelona\/ca\/wp-json\/wp\/v2\/media?parent=6919"}],"wp:term":[{"taxonomy":"category","embeddable":true,"href":"https:\/\/www.triathlon.barcelona\/ca\/wp-json\/wp\/v2\/categories?post=6919"},{"taxonomy":"post_tag","embeddable":true,"href":"https:\/\/www.triathlon.barcelona\/ca\/wp-json\/wp\/v2\/tags?post=6919"}],"curies":[{"name":"wp","href":"https:\/\/api.w.org\/{rel}","templated":true}]}}