{"id":6944,"date":"2023-05-29T18:05:05","date_gmt":"2023-05-29T16:05:05","guid":{"rendered":"https:\/\/www.triathlon.barcelona\/?p=6944"},"modified":"2023-05-31T18:11:00","modified_gmt":"2023-05-31T16:11:00","slug":"proam-ofereix-un-pla-dentrenament-gratuit-per-al-challenge-barcelona-triathlon","status":"publish","type":"post","link":"https:\/\/www.triathlon.barcelona\/ca\/proam-ofereix-un-pla-dentrenament-gratuit-per-al-challenge-barcelona-triathlon\/","title":{"rendered":"ProAm ofereix un pla d&#8217;entrenament gratu\u00eft per al Challenge Barcelona Triathlon"},"content":{"rendered":"<p><strong>30 plans d&#8217;entrenament adaptats per a tots els nivells i dist\u00e0ncies de la competici\u00f3.<\/strong><\/p>\n<p><!--more--><\/p>\n<p>ProAm, una empresa especialitzada en l&#8217;entrenament esportiu professional per a esportistes amateurs, ha anunciat la seva col\u00b7laboraci\u00f3, un any m\u00e9s, amb el Challenge Barcelona Triathlon. Amb l&#8217;objectiu de donar suport als participants, ProAm posa a disposici\u00f3 de totes les persones inscrites un pla d&#8217;entrenament gratu\u00eft de 18 setmanes, revisat i adaptat espec\u00edficament per a preparar aquesta apassionant prova esportiva.<\/p>\n<p>El Challenge Barcelona Triathlon \u00e9s un esdeveniment esperat per a tots els aficionats a l&#8217;esport. Amb les seves diverses dist\u00e0ncies i modalitats, com ara Ol\u00edmpic, Sprint, Super Sprint, Aquatl\u00f3 i Junior Challenge, la competici\u00f3 ofereix una oportunitat \u00fanica per als i les atletes de tots els nivells. \u00c9s per aix\u00f2 que ProAm ha desenvolupat 30 plans d&#8217;entrenament diferents, pensats per a atletes principiants, aficionats i avan\u00e7ats.<\/p>\n<p>Cada pla d&#8217;entrenament est\u00e0 adaptat a les caracter\u00edstiques i objectius de l&#8217;atleta, tenint en compte la dist\u00e0ncia de la prova i el seu nivell d&#8217;experi\u00e8ncia. Els plans estan dividits segons les dist\u00e0ncies i els nivells, oferint opcions per a tots els competidors i totes les competidores. Ja sigui un principiant que vol superar-se o un atleta experimentat que busca millorar el seu rendiment, ProAm t\u00e9 el pla perfecte per aquesta persona.<\/p>\n<p>El primer entrenament comen\u00e7ar\u00e0 durant l&#8217;\u00faltima setmana de maig de 2023, proporcionant als participants un ampli marge de temps per preparar-se adequadament. Per accedir als plans d&#8217;entrenament, es pot descarregar l&#8217;APP de ProAm o registrar-se a trav\u00e9s del seu lloc web oficial. Amb aquesta eina accessible i f\u00e0cil d&#8217;utilitzar, els atletes podran explorar els diferents plans d&#8217;entrenament i triar el que millor s&#8217;adapti a les seves necessitats i objectius.<\/p>\n<p>M\u00e9s informaci\u00f3 <a href=\"https:\/\/www.triathlon.barcelona\/ca\/atletes\/informacio-prova\/pla-entrenament\/\"><strong>aqu\u00ed<\/strong><\/a>.<\/p>\n","protected":false},"excerpt":{"rendered":"<p>30 plans d&#8217;entrenament adaptats per a tots els nivells i dist\u00e0ncies de la competici\u00f3.<\/p>\n","protected":false},"author":1,"featured_media":6948,"comment_status":"closed","ping_status":"closed","sticky":false,"template":"","format":"standard","meta":{"_monsterinsights_skip_tracking":false,"site-sidebar-layout":"default","site-content-layout":"default","ast-site-content-layout":"default","site-content-style":"default","site-sidebar-style":"default","ast-global-header-display":"","ast-banner-title-visibility":"","ast-main-header-display":"","ast-hfb-above-header-display":"","ast-hfb-below-header-display":"","ast-hfb-mobile-header-display":"","site-post-title":"","ast-breadcrumbs-content":"","ast-featured-img":"","footer-sml-layout":"","ast-disable-related-posts":"","theme-transparent-header-meta":"default","adv-header-id-meta":"","stick-header-meta":"default","header-above-stick-meta":"","header-main-stick-meta":"","header-below-stick-meta":"","astra-migrate-meta-layouts":"default","ast-page-background-enabled":"default","ast-page-background-meta":{"desktop":{"background-color":"","background-image":"","background-repeat":"repeat","background-position":"center center","background-size":"auto","background-attachment":"scroll","background-type":"","background-media":"","overlay-type":"","overlay-color":"","overlay-opacity":"","overlay-gradient":""},"tablet":{"background-color":"","background-image":"","background-repeat":"repeat","background-position":"center center","background-size":"auto","background-attachment":"scroll","background-type":"","background-media":"","overlay-type":"","overlay-color":"","overlay-opacity":"","overlay-gradient":""},"mobile":{"background-color":"","background-image":"","background-repeat":"repeat","background-position":"center center","background-size":"auto","background-attachment":"scroll","background-type":"","background-media":"","overlay-type":"","overlay-color":"","overlay-opacity":"","overlay-gradient":""}},"ast-content-background-meta":{"desktop":{"background-color":"var(--ast-global-color-5)","background-image":"","background-repeat":"repeat","background-position":"center center","background-size":"auto","background-attachment":"scroll","background-type":"","background-media":"","overlay-type":"","overlay-color":"","overlay-opacity":"","overlay-gradient":""},"tablet":{"background-color":"var(--ast-global-color-5)","background-image":"","background-repeat":"repeat","background-position":"center center","background-size":"auto","background-attachment":"scroll","background-type":"","background-media":"","overlay-type":"","overlay-color":"","overlay-opacity":"","overlay-gradient":""},"mobile":{"background-color":"var(--ast-global-color-5)","background-image":"","background-repeat":"repeat","background-position":"center center","background-size":"auto","background-attachment":"scroll","background-type":"","background-media":"","overlay-type":"","overlay-color":"","overlay-opacity":"","overlay-gradient":""}},"footnotes":""},"categories":[1],"tags":[],"class_list":["post-6944","post","type-post","status-publish","format-standard","has-post-thumbnail","hentry","category-noticies"],"yoast_head":"<!-- This site is optimized with the Yoast SEO plugin v27.1 - https:\/\/yoast.com\/product\/yoast-seo-wordpress\/ -->\n<title>ProAm ofereix un pla d&#039;entrenament gratu\u00eft per al Challenge Barcelona Triathlon - Challenge Barcelona Triatl\u00f3<\/title>\n<meta name=\"description\" content=\"30 plans d&#039;entrenament adaptats per a tots els nivells i dist\u00e0ncies de la competici\u00f3. ProAm, una empresa especialitzada en l&#039;entrenament esportiu\" \/>\n<meta name=\"robots\" content=\"index, follow, max-snippet:-1, max-image-preview:large, max-video-preview:-1\" \/>\n<link rel=\"canonical\" href=\"https:\/\/www.triathlon.barcelona\/ca\/proam-ofereix-un-pla-dentrenament-gratuit-per-al-challenge-barcelona-triathlon\/\" \/>\n<meta property=\"og:locale\" content=\"ca_ES\" \/>\n<meta property=\"og:type\" content=\"article\" \/>\n<meta property=\"og:title\" content=\"ProAm ofereix un pla d&#039;entrenament gratu\u00eft per al Challenge Barcelona Triathlon - Challenge Barcelona Triatl\u00f3\" \/>\n<meta property=\"og:description\" content=\"30 plans d&#039;entrenament adaptats per a tots els nivells i dist\u00e0ncies de la competici\u00f3. ProAm, una empresa especialitzada en l&#039;entrenament esportiu\" \/>\n<meta property=\"og:url\" content=\"https:\/\/www.triathlon.barcelona\/ca\/proam-ofereix-un-pla-dentrenament-gratuit-per-al-challenge-barcelona-triathlon\/\" \/>\n<meta property=\"og:site_name\" content=\"Challenge Barcelona Triatl\u00f3\" \/>\n<meta property=\"article:publisher\" content=\"https:\/\/www.facebook.com\/barcelonatriathlon\" \/>\n<meta property=\"article:published_time\" content=\"2023-05-29T16:05:05+00:00\" \/>\n<meta property=\"article:modified_time\" content=\"2023-05-31T16:11:00+00:00\" \/>\n<meta property=\"og:image\" content=\"https:\/\/www.triathlon.barcelona\/wp-content\/uploads\/2023\/05\/230530-pla-entrenament-1.jpg\" \/>\n\t<meta property=\"og:image:width\" content=\"1920\" \/>\n\t<meta property=\"og:image:height\" content=\"1280\" \/>\n\t<meta property=\"og:image:type\" content=\"image\/jpeg\" \/>\n<meta name=\"author\" content=\"david\" \/>\n<meta name=\"twitter:card\" content=\"summary_large_image\" \/>\n<meta name=\"twitter:creator\" content=\"@bcn_triathlon\" \/>\n<meta name=\"twitter:site\" content=\"@bcn_triathlon\" \/>\n<meta name=\"twitter:label1\" content=\"Escrit per\" \/>\n\t<meta name=\"twitter:data1\" content=\"david\" \/>\n\t<meta name=\"twitter:label2\" content=\"Temps estimat de lectura\" \/>\n\t<meta name=\"twitter:data2\" content=\"2 minuts\" \/>\n<script type=\"application\/ld+json\" class=\"yoast-schema-graph\">{\"@context\":\"https:\/\/schema.org\",\"@graph\":[{\"@type\":\"Article\",\"@id\":\"https:\/\/www.triathlon.barcelona\/ca\/proam-ofereix-un-pla-dentrenament-gratuit-per-al-challenge-barcelona-triathlon\/#article\",\"isPartOf\":{\"@id\":\"https:\/\/www.triathlon.barcelona\/ca\/proam-ofereix-un-pla-dentrenament-gratuit-per-al-challenge-barcelona-triathlon\/\"},\"author\":{\"name\":\"david\",\"@id\":\"https:\/\/www.triathlon.barcelona\/ca\/#\/schema\/person\/812f46a7af75bae5296e42e5b503d1e6\"},\"headline\":\"ProAm ofereix un pla d&#8217;entrenament gratu\u00eft per al Challenge Barcelona Triathlon\",\"datePublished\":\"2023-05-29T16:05:05+00:00\",\"dateModified\":\"2023-05-31T16:11:00+00:00\",\"mainEntityOfPage\":{\"@id\":\"https:\/\/www.triathlon.barcelona\/ca\/proam-ofereix-un-pla-dentrenament-gratuit-per-al-challenge-barcelona-triathlon\/\"},\"wordCount\":322,\"publisher\":{\"@id\":\"https:\/\/www.triathlon.barcelona\/ca\/#organization\"},\"image\":{\"@id\":\"https:\/\/www.triathlon.barcelona\/ca\/proam-ofereix-un-pla-dentrenament-gratuit-per-al-challenge-barcelona-triathlon\/#primaryimage\"},\"thumbnailUrl\":\"https:\/\/www.triathlon.barcelona\/wp-content\/uploads\/2023\/05\/230530-pla-entrenament-1.jpg\",\"articleSection\":[\"Not\u00edcies\"],\"inLanguage\":\"ca\"},{\"@type\":\"WebPage\",\"@id\":\"https:\/\/www.triathlon.barcelona\/ca\/proam-ofereix-un-pla-dentrenament-gratuit-per-al-challenge-barcelona-triathlon\/\",\"url\":\"https:\/\/www.triathlon.barcelona\/ca\/proam-ofereix-un-pla-dentrenament-gratuit-per-al-challenge-barcelona-triathlon\/\",\"name\":\"ProAm ofereix un pla d'entrenament gratu\u00eft per al Challenge Barcelona Triathlon - Challenge Barcelona Triatl\u00f3\",\"isPartOf\":{\"@id\":\"https:\/\/www.triathlon.barcelona\/ca\/#website\"},\"primaryImageOfPage\":{\"@id\":\"https:\/\/www.triathlon.barcelona\/ca\/proam-ofereix-un-pla-dentrenament-gratuit-per-al-challenge-barcelona-triathlon\/#primaryimage\"},\"image\":{\"@id\":\"https:\/\/www.triathlon.barcelona\/ca\/proam-ofereix-un-pla-dentrenament-gratuit-per-al-challenge-barcelona-triathlon\/#primaryimage\"},\"thumbnailUrl\":\"https:\/\/www.triathlon.barcelona\/wp-content\/uploads\/2023\/05\/230530-pla-entrenament-1.jpg\",\"datePublished\":\"2023-05-29T16:05:05+00:00\",\"dateModified\":\"2023-05-31T16:11:00+00:00\",\"description\":\"30 plans d'entrenament adaptats per a tots els nivells i dist\u00e0ncies de la competici\u00f3. ProAm, una empresa especialitzada en l'entrenament esportiu\",\"breadcrumb\":{\"@id\":\"https:\/\/www.triathlon.barcelona\/ca\/proam-ofereix-un-pla-dentrenament-gratuit-per-al-challenge-barcelona-triathlon\/#breadcrumb\"},\"inLanguage\":\"ca\",\"potentialAction\":[{\"@type\":\"ReadAction\",\"target\":[\"https:\/\/www.triathlon.barcelona\/ca\/proam-ofereix-un-pla-dentrenament-gratuit-per-al-challenge-barcelona-triathlon\/\"]}]},{\"@type\":\"ImageObject\",\"inLanguage\":\"ca\",\"@id\":\"https:\/\/www.triathlon.barcelona\/ca\/proam-ofereix-un-pla-dentrenament-gratuit-per-al-challenge-barcelona-triathlon\/#primaryimage\",\"url\":\"https:\/\/www.triathlon.barcelona\/wp-content\/uploads\/2023\/05\/230530-pla-entrenament-1.jpg\",\"contentUrl\":\"https:\/\/www.triathlon.barcelona\/wp-content\/uploads\/2023\/05\/230530-pla-entrenament-1.jpg\",\"width\":1920,\"height\":1280},{\"@type\":\"BreadcrumbList\",\"@id\":\"https:\/\/www.triathlon.barcelona\/ca\/proam-ofereix-un-pla-dentrenament-gratuit-per-al-challenge-barcelona-triathlon\/#breadcrumb\",\"itemListElement\":[{\"@type\":\"ListItem\",\"position\":1,\"name\":\"Inicio\",\"item\":\"https:\/\/www.triathlon.barcelona\/ca\/\"},{\"@type\":\"ListItem\",\"position\":2,\"name\":\"ProAm ofereix un pla d&#8217;entrenament gratu\u00eft per al Challenge Barcelona Triathlon\"}]},{\"@type\":\"WebSite\",\"@id\":\"https:\/\/www.triathlon.barcelona\/ca\/#website\",\"url\":\"https:\/\/www.triathlon.barcelona\/ca\/\",\"name\":\"Challenge Barcelona Triathlon\",\"description\":\"\",\"publisher\":{\"@id\":\"https:\/\/www.triathlon.barcelona\/ca\/#organization\"},\"alternateName\":\"Challenge Barcelona\",\"potentialAction\":[{\"@type\":\"SearchAction\",\"target\":{\"@type\":\"EntryPoint\",\"urlTemplate\":\"https:\/\/www.triathlon.barcelona\/ca\/?s={search_term_string}\"},\"query-input\":{\"@type\":\"PropertyValueSpecification\",\"valueRequired\":true,\"valueName\":\"search_term_string\"}}],\"inLanguage\":\"ca\"},{\"@type\":\"Organization\",\"@id\":\"https:\/\/www.triathlon.barcelona\/ca\/#organization\",\"name\":\"Challenge Barcelona Triathlon\",\"alternateName\":\"Challenge Barcelona\",\"url\":\"https:\/\/www.triathlon.barcelona\/ca\/\",\"logo\":{\"@type\":\"ImageObject\",\"inLanguage\":\"ca\",\"@id\":\"https:\/\/www.triathlon.barcelona\/ca\/#\/schema\/logo\/image\/\",\"url\":\"https:\/\/www.triathlon.barcelona\/wp-content\/uploads\/2024\/06\/logo-challenge-barcelona.png\",\"contentUrl\":\"https:\/\/www.triathlon.barcelona\/wp-content\/uploads\/2024\/06\/logo-challenge-barcelona.png\",\"width\":3209,\"height\":729,\"caption\":\"Challenge Barcelona Triathlon\"},\"image\":{\"@id\":\"https:\/\/www.triathlon.barcelona\/ca\/#\/schema\/logo\/image\/\"},\"sameAs\":[\"https:\/\/www.facebook.com\/barcelonatriathlon\",\"https:\/\/x.com\/bcn_triathlon\",\"https:\/\/www.instagram.com\/barcelonatriathlon\/\"]},{\"@type\":\"Person\",\"@id\":\"https:\/\/www.triathlon.barcelona\/ca\/#\/schema\/person\/812f46a7af75bae5296e42e5b503d1e6\",\"name\":\"david\",\"image\":{\"@type\":\"ImageObject\",\"inLanguage\":\"ca\",\"@id\":\"https:\/\/www.triathlon.barcelona\/ca\/#\/schema\/person\/image\/\",\"url\":\"https:\/\/secure.gravatar.com\/avatar\/f3b6b2a94c48d199ba05b31c711ca66bc5650a0dc06074dd63ae046df043d8e8?s=96&d=mm&r=g\",\"contentUrl\":\"https:\/\/secure.gravatar.com\/avatar\/f3b6b2a94c48d199ba05b31c711ca66bc5650a0dc06074dd63ae046df043d8e8?s=96&d=mm&r=g\",\"caption\":\"david\"},\"sameAs\":[\"https:\/\/www.triathlon.barcelona\"],\"url\":\"https:\/\/www.triathlon.barcelona\/ca\/author\/david\/\"}]}<\/script>\n<!-- \/ Yoast SEO plugin. -->","yoast_head_json":{"title":"ProAm ofereix un pla d'entrenament gratu\u00eft per al Challenge Barcelona Triathlon - Challenge Barcelona Triatl\u00f3","description":"30 plans d'entrenament adaptats per a tots els nivells i dist\u00e0ncies de la competici\u00f3. ProAm, una empresa especialitzada en l'entrenament esportiu","robots":{"index":"index","follow":"follow","max-snippet":"max-snippet:-1","max-image-preview":"max-image-preview:large","max-video-preview":"max-video-preview:-1"},"canonical":"https:\/\/www.triathlon.barcelona\/ca\/proam-ofereix-un-pla-dentrenament-gratuit-per-al-challenge-barcelona-triathlon\/","og_locale":"ca_ES","og_type":"article","og_title":"ProAm ofereix un pla d'entrenament gratu\u00eft per al Challenge Barcelona Triathlon - Challenge Barcelona Triatl\u00f3","og_description":"30 plans d'entrenament adaptats per a tots els nivells i dist\u00e0ncies de la competici\u00f3. ProAm, una empresa especialitzada en l'entrenament esportiu","og_url":"https:\/\/www.triathlon.barcelona\/ca\/proam-ofereix-un-pla-dentrenament-gratuit-per-al-challenge-barcelona-triathlon\/","og_site_name":"Challenge Barcelona Triatl\u00f3","article_publisher":"https:\/\/www.facebook.com\/barcelonatriathlon","article_published_time":"2023-05-29T16:05:05+00:00","article_modified_time":"2023-05-31T16:11:00+00:00","og_image":[{"width":1920,"height":1280,"url":"https:\/\/www.triathlon.barcelona\/wp-content\/uploads\/2023\/05\/230530-pla-entrenament-1.jpg","type":"image\/jpeg"}],"author":"david","twitter_card":"summary_large_image","twitter_creator":"@bcn_triathlon","twitter_site":"@bcn_triathlon","twitter_misc":{"Escrit per":"david","Temps estimat de lectura":"2 minuts"},"schema":{"@context":"https:\/\/schema.org","@graph":[{"@type":"Article","@id":"https:\/\/www.triathlon.barcelona\/ca\/proam-ofereix-un-pla-dentrenament-gratuit-per-al-challenge-barcelona-triathlon\/#article","isPartOf":{"@id":"https:\/\/www.triathlon.barcelona\/ca\/proam-ofereix-un-pla-dentrenament-gratuit-per-al-challenge-barcelona-triathlon\/"},"author":{"name":"david","@id":"https:\/\/www.triathlon.barcelona\/ca\/#\/schema\/person\/812f46a7af75bae5296e42e5b503d1e6"},"headline":"ProAm ofereix un pla d&#8217;entrenament gratu\u00eft per al Challenge Barcelona Triathlon","datePublished":"2023-05-29T16:05:05+00:00","dateModified":"2023-05-31T16:11:00+00:00","mainEntityOfPage":{"@id":"https:\/\/www.triathlon.barcelona\/ca\/proam-ofereix-un-pla-dentrenament-gratuit-per-al-challenge-barcelona-triathlon\/"},"wordCount":322,"publisher":{"@id":"https:\/\/www.triathlon.barcelona\/ca\/#organization"},"image":{"@id":"https:\/\/www.triathlon.barcelona\/ca\/proam-ofereix-un-pla-dentrenament-gratuit-per-al-challenge-barcelona-triathlon\/#primaryimage"},"thumbnailUrl":"https:\/\/www.triathlon.barcelona\/wp-content\/uploads\/2023\/05\/230530-pla-entrenament-1.jpg","articleSection":["Not\u00edcies"],"inLanguage":"ca"},{"@type":"WebPage","@id":"https:\/\/www.triathlon.barcelona\/ca\/proam-ofereix-un-pla-dentrenament-gratuit-per-al-challenge-barcelona-triathlon\/","url":"https:\/\/www.triathlon.barcelona\/ca\/proam-ofereix-un-pla-dentrenament-gratuit-per-al-challenge-barcelona-triathlon\/","name":"ProAm ofereix un pla d'entrenament gratu\u00eft per al Challenge Barcelona Triathlon - Challenge Barcelona Triatl\u00f3","isPartOf":{"@id":"https:\/\/www.triathlon.barcelona\/ca\/#website"},"primaryImageOfPage":{"@id":"https:\/\/www.triathlon.barcelona\/ca\/proam-ofereix-un-pla-dentrenament-gratuit-per-al-challenge-barcelona-triathlon\/#primaryimage"},"image":{"@id":"https:\/\/www.triathlon.barcelona\/ca\/proam-ofereix-un-pla-dentrenament-gratuit-per-al-challenge-barcelona-triathlon\/#primaryimage"},"thumbnailUrl":"https:\/\/www.triathlon.barcelona\/wp-content\/uploads\/2023\/05\/230530-pla-entrenament-1.jpg","datePublished":"2023-05-29T16:05:05+00:00","dateModified":"2023-05-31T16:11:00+00:00","description":"30 plans d'entrenament adaptats per a tots els nivells i dist\u00e0ncies de la competici\u00f3. ProAm, una empresa especialitzada en l'entrenament esportiu","breadcrumb":{"@id":"https:\/\/www.triathlon.barcelona\/ca\/proam-ofereix-un-pla-dentrenament-gratuit-per-al-challenge-barcelona-triathlon\/#breadcrumb"},"inLanguage":"ca","potentialAction":[{"@type":"ReadAction","target":["https:\/\/www.triathlon.barcelona\/ca\/proam-ofereix-un-pla-dentrenament-gratuit-per-al-challenge-barcelona-triathlon\/"]}]},{"@type":"ImageObject","inLanguage":"ca","@id":"https:\/\/www.triathlon.barcelona\/ca\/proam-ofereix-un-pla-dentrenament-gratuit-per-al-challenge-barcelona-triathlon\/#primaryimage","url":"https:\/\/www.triathlon.barcelona\/wp-content\/uploads\/2023\/05\/230530-pla-entrenament-1.jpg","contentUrl":"https:\/\/www.triathlon.barcelona\/wp-content\/uploads\/2023\/05\/230530-pla-entrenament-1.jpg","width":1920,"height":1280},{"@type":"BreadcrumbList","@id":"https:\/\/www.triathlon.barcelona\/ca\/proam-ofereix-un-pla-dentrenament-gratuit-per-al-challenge-barcelona-triathlon\/#breadcrumb","itemListElement":[{"@type":"ListItem","position":1,"name":"Inicio","item":"https:\/\/www.triathlon.barcelona\/ca\/"},{"@type":"ListItem","position":2,"name":"ProAm ofereix un pla d&#8217;entrenament gratu\u00eft per al Challenge Barcelona Triathlon"}]},{"@type":"WebSite","@id":"https:\/\/www.triathlon.barcelona\/ca\/#website","url":"https:\/\/www.triathlon.barcelona\/ca\/","name":"Challenge Barcelona Triathlon","description":"","publisher":{"@id":"https:\/\/www.triathlon.barcelona\/ca\/#organization"},"alternateName":"Challenge Barcelona","potentialAction":[{"@type":"SearchAction","target":{"@type":"EntryPoint","urlTemplate":"https:\/\/www.triathlon.barcelona\/ca\/?s={search_term_string}"},"query-input":{"@type":"PropertyValueSpecification","valueRequired":true,"valueName":"search_term_string"}}],"inLanguage":"ca"},{"@type":"Organization","@id":"https:\/\/www.triathlon.barcelona\/ca\/#organization","name":"Challenge Barcelona Triathlon","alternateName":"Challenge Barcelona","url":"https:\/\/www.triathlon.barcelona\/ca\/","logo":{"@type":"ImageObject","inLanguage":"ca","@id":"https:\/\/www.triathlon.barcelona\/ca\/#\/schema\/logo\/image\/","url":"https:\/\/www.triathlon.barcelona\/wp-content\/uploads\/2024\/06\/logo-challenge-barcelona.png","contentUrl":"https:\/\/www.triathlon.barcelona\/wp-content\/uploads\/2024\/06\/logo-challenge-barcelona.png","width":3209,"height":729,"caption":"Challenge Barcelona Triathlon"},"image":{"@id":"https:\/\/www.triathlon.barcelona\/ca\/#\/schema\/logo\/image\/"},"sameAs":["https:\/\/www.facebook.com\/barcelonatriathlon","https:\/\/x.com\/bcn_triathlon","https:\/\/www.instagram.com\/barcelonatriathlon\/"]},{"@type":"Person","@id":"https:\/\/www.triathlon.barcelona\/ca\/#\/schema\/person\/812f46a7af75bae5296e42e5b503d1e6","name":"david","image":{"@type":"ImageObject","inLanguage":"ca","@id":"https:\/\/www.triathlon.barcelona\/ca\/#\/schema\/person\/image\/","url":"https:\/\/secure.gravatar.com\/avatar\/f3b6b2a94c48d199ba05b31c711ca66bc5650a0dc06074dd63ae046df043d8e8?s=96&d=mm&r=g","contentUrl":"https:\/\/secure.gravatar.com\/avatar\/f3b6b2a94c48d199ba05b31c711ca66bc5650a0dc06074dd63ae046df043d8e8?s=96&d=mm&r=g","caption":"david"},"sameAs":["https:\/\/www.triathlon.barcelona"],"url":"https:\/\/www.triathlon.barcelona\/ca\/author\/david\/"}]}},"_links":{"self":[{"href":"https:\/\/www.triathlon.barcelona\/ca\/wp-json\/wp\/v2\/posts\/6944","targetHints":{"allow":["GET"]}}],"collection":[{"href":"https:\/\/www.triathlon.barcelona\/ca\/wp-json\/wp\/v2\/posts"}],"about":[{"href":"https:\/\/www.triathlon.barcelona\/ca\/wp-json\/wp\/v2\/types\/post"}],"author":[{"embeddable":true,"href":"https:\/\/www.triathlon.barcelona\/ca\/wp-json\/wp\/v2\/users\/1"}],"replies":[{"embeddable":true,"href":"https:\/\/www.triathlon.barcelona\/ca\/wp-json\/wp\/v2\/comments?post=6944"}],"version-history":[{"count":0,"href":"https:\/\/www.triathlon.barcelona\/ca\/wp-json\/wp\/v2\/posts\/6944\/revisions"}],"wp:featuredmedia":[{"embeddable":true,"href":"https:\/\/www.triathlon.barcelona\/ca\/wp-json\/wp\/v2\/media\/6948"}],"wp:attachment":[{"href":"https:\/\/www.triathlon.barcelona\/ca\/wp-json\/wp\/v2\/media?parent=6944"}],"wp:term":[{"taxonomy":"category","embeddable":true,"href":"https:\/\/www.triathlon.barcelona\/ca\/wp-json\/wp\/v2\/categories?post=6944"},{"taxonomy":"post_tag","embeddable":true,"href":"https:\/\/www.triathlon.barcelona\/ca\/wp-json\/wp\/v2\/tags?post=6944"}],"curies":[{"name":"wp","href":"https:\/\/api.w.org\/{rel}","templated":true}]}}