{"id":7212,"date":"2023-07-14T10:00:37","date_gmt":"2023-07-14T08:00:37","guid":{"rendered":"https:\/\/www.triathlon.barcelona\/?p=7212"},"modified":"2023-07-17T10:41:14","modified_gmt":"2023-07-17T08:41:14","slug":"challenge-barcelona-triathlon-presenta-la-samarreta-oficial-2023","status":"publish","type":"post","link":"https:\/\/www.triathlon.barcelona\/ca\/challenge-barcelona-triathlon-presenta-la-samarreta-oficial-2023\/","title":{"rendered":"Challenge Barcelona Triathlon presenta la samarreta oficial 2023"},"content":{"rendered":"<p><strong>La samarreta est\u00e0 confeccionada amb poli\u00e8ster procedent del reciclatge d\u2019ampolles de pl\u00e0stic<\/strong><!--more--><\/p>\n<p>El Challenge Barcelona Triathlon presenta la samarreta oficial de l\u2019edici\u00f3 2023. Una samarreta t\u00e8cnica que tots els i les participants tenen inclosa de forma gratu\u00efta en la seva inscripci\u00f3 i que rebran el dia de la celebraci\u00f3 de la prova, el 8 d\u2019octubre.<\/p>\n<p>Aquesta pe\u00e7a de roba ofereix les millors prestacions per a esportistes exigents gr\u00e0cies a la seva magn\u00edfica transpirabilitat i lleugeresa, per\u00f2 a m\u00e9s a m\u00e9s amb el valor afegit de tractar-se d&#8217;un producte 100% reciclat.<\/p>\n<p>El teixit t\u00e8cnic que dona vida a aquesta samarreta s&#8217;elabora amb fil de poli\u00e8ster procedent del reciclatge d&#8217;ampolles de pl\u00e0stic. Aquest teixit compta amb les darreres tecnologies d\u2019assecat r\u00e0pid, suavitat i fixaci\u00f3 del color per garantir un producte de la m\u00e0xima qualitat i rendiment.<\/p>\n<p><img fetchpriority=\"high\" decoding=\"async\" class=\"wp-image-7213 size-full aligncenter\" src=\"https:\/\/www.triathlon.barcelona\/wp-content\/uploads\/2023\/07\/230714-samarreta-chbcn2023.png\" alt=\"\" width=\"1920\" height=\"487\" srcset=\"https:\/\/www.triathlon.barcelona\/wp-content\/uploads\/2023\/07\/230714-samarreta-chbcn2023.png 1920w, https:\/\/www.triathlon.barcelona\/wp-content\/uploads\/2023\/07\/230714-samarreta-chbcn2023-300x76.png 300w, https:\/\/www.triathlon.barcelona\/wp-content\/uploads\/2023\/07\/230714-samarreta-chbcn2023-1024x260.png 1024w, https:\/\/www.triathlon.barcelona\/wp-content\/uploads\/2023\/07\/230714-samarreta-chbcn2023-768x195.png 768w, https:\/\/www.triathlon.barcelona\/wp-content\/uploads\/2023\/07\/230714-samarreta-chbcn2023-1536x390.png 1536w\" sizes=\"(max-width: 1920px) 100vw, 1920px\" \/><\/p>\n<div style=\"width: 1920px;\" class=\"wp-video\"><video class=\"wp-video-shortcode\" id=\"video-7212-1\" width=\"1920\" height=\"1080\" preload=\"metadata\" controls=\"controls\"><source type=\"video\/mp4\" src=\"https:\/\/www.triathlon.barcelona\/wp-content\/uploads\/2023\/07\/230714-samarreta-chbcn2023.mp4?_=1\" \/><a href=\"https:\/\/www.triathlon.barcelona\/wp-content\/uploads\/2023\/07\/230714-samarreta-chbcn2023.mp4\">https:\/\/www.triathlon.barcelona\/wp-content\/uploads\/2023\/07\/230714-samarreta-chbcn2023.mp4<\/a><\/video><\/div>\n<p>&nbsp;<\/p>\n<div style=\"width: 1920px;\" class=\"wp-video\"><video class=\"wp-video-shortcode\" id=\"video-7212-2\" width=\"1920\" height=\"1080\" preload=\"metadata\" controls=\"controls\"><source type=\"video\/mp4\" src=\"https:\/\/www.triathlon.barcelona\/wp-content\/uploads\/2023\/07\/230714-samarreta-noia-chbcn2023.mp4?_=2\" \/><a href=\"https:\/\/www.triathlon.barcelona\/wp-content\/uploads\/2023\/07\/230714-samarreta-noia-chbcn2023.mp4\">https:\/\/www.triathlon.barcelona\/wp-content\/uploads\/2023\/07\/230714-samarreta-noia-chbcn2023.mp4<\/a><\/video><\/div>\n","protected":false},"excerpt":{"rendered":"<p>La samarreta est\u00e0 confeccionada amb poli\u00e8ster procedent del reciclatge d\u2019ampolles de pl\u00e0stic<\/p>\n","protected":false},"author":1,"featured_media":7219,"comment_status":"closed","ping_status":"closed","sticky":false,"template":"","format":"standard","meta":{"_monsterinsights_skip_tracking":false,"site-sidebar-layout":"default","site-content-layout":"default","ast-site-content-layout":"default","site-content-style":"default","site-sidebar-style":"default","ast-global-header-display":"","ast-banner-title-visibility":"","ast-main-header-display":"","ast-hfb-above-header-display":"","ast-hfb-below-header-display":"","ast-hfb-mobile-header-display":"","site-post-title":"","ast-breadcrumbs-content":"","ast-featured-img":"","footer-sml-layout":"","ast-disable-related-posts":"","theme-transparent-header-meta":"default","adv-header-id-meta":"","stick-header-meta":"default","header-above-stick-meta":"","header-main-stick-meta":"","header-below-stick-meta":"","astra-migrate-meta-layouts":"default","ast-page-background-enabled":"default","ast-page-background-meta":{"desktop":{"background-color":"","background-image":"","background-repeat":"repeat","background-position":"center center","background-size":"auto","background-attachment":"scroll","background-type":"","background-media":"","overlay-type":"","overlay-color":"","overlay-opacity":"","overlay-gradient":""},"tablet":{"background-color":"","background-image":"","background-repeat":"repeat","background-position":"center center","background-size":"auto","background-attachment":"scroll","background-type":"","background-media":"","overlay-type":"","overlay-color":"","overlay-opacity":"","overlay-gradient":""},"mobile":{"background-color":"","background-image":"","background-repeat":"repeat","background-position":"center center","background-size":"auto","background-attachment":"scroll","background-type":"","background-media":"","overlay-type":"","overlay-color":"","overlay-opacity":"","overlay-gradient":""}},"ast-content-background-meta":{"desktop":{"background-color":"var(--ast-global-color-5)","background-image":"","background-repeat":"repeat","background-position":"center center","background-size":"auto","background-attachment":"scroll","background-type":"","background-media":"","overlay-type":"","overlay-color":"","overlay-opacity":"","overlay-gradient":""},"tablet":{"background-color":"var(--ast-global-color-5)","background-image":"","background-repeat":"repeat","background-position":"center center","background-size":"auto","background-attachment":"scroll","background-type":"","background-media":"","overlay-type":"","overlay-color":"","overlay-opacity":"","overlay-gradient":""},"mobile":{"background-color":"var(--ast-global-color-5)","background-image":"","background-repeat":"repeat","background-position":"center center","background-size":"auto","background-attachment":"scroll","background-type":"","background-media":"","overlay-type":"","overlay-color":"","overlay-opacity":"","overlay-gradient":""}},"footnotes":""},"categories":[1],"tags":[],"class_list":["post-7212","post","type-post","status-publish","format-standard","has-post-thumbnail","hentry","category-noticies"],"yoast_head":"<!-- This site is optimized with the Yoast SEO plugin v27.1 - https:\/\/yoast.com\/product\/yoast-seo-wordpress\/ -->\n<title>Challenge Barcelona Triathlon presenta la samarreta oficial 2023 - Challenge Barcelona Triatl\u00f3<\/title>\n<meta name=\"robots\" content=\"index, follow, max-snippet:-1, max-image-preview:large, max-video-preview:-1\" \/>\n<link rel=\"canonical\" href=\"https:\/\/www.triathlon.barcelona\/ca\/challenge-barcelona-triathlon-presenta-la-samarreta-oficial-2023\/\" \/>\n<meta property=\"og:locale\" content=\"ca_ES\" \/>\n<meta property=\"og:type\" content=\"article\" \/>\n<meta property=\"og:title\" content=\"Challenge Barcelona Triathlon presenta la samarreta oficial 2023 - Challenge Barcelona Triatl\u00f3\" \/>\n<meta property=\"og:description\" content=\"La samarreta est\u00e0 confeccionada amb poli\u00e8ster procedent del reciclatge d\u2019ampolles de pl\u00e0stic\" \/>\n<meta property=\"og:url\" content=\"https:\/\/www.triathlon.barcelona\/ca\/challenge-barcelona-triathlon-presenta-la-samarreta-oficial-2023\/\" \/>\n<meta property=\"og:site_name\" content=\"Challenge Barcelona Triatl\u00f3\" \/>\n<meta property=\"article:publisher\" content=\"https:\/\/www.facebook.com\/barcelonatriathlon\" \/>\n<meta property=\"article:published_time\" content=\"2023-07-14T08:00:37+00:00\" \/>\n<meta property=\"article:modified_time\" content=\"2023-07-17T08:41:14+00:00\" \/>\n<meta property=\"og:image\" content=\"https:\/\/www.triathlon.barcelona\/wp-content\/uploads\/2023\/07\/230714-samarreta-chbcn2023-portada.jpg\" \/>\n\t<meta property=\"og:image:width\" content=\"1920\" \/>\n\t<meta property=\"og:image:height\" content=\"1280\" \/>\n\t<meta property=\"og:image:type\" content=\"image\/jpeg\" \/>\n<meta name=\"author\" content=\"david\" \/>\n<meta name=\"twitter:card\" content=\"summary_large_image\" \/>\n<meta name=\"twitter:creator\" content=\"@bcn_triathlon\" \/>\n<meta name=\"twitter:site\" content=\"@bcn_triathlon\" \/>\n<meta name=\"twitter:label1\" content=\"Escrit per\" \/>\n\t<meta name=\"twitter:data1\" content=\"david\" \/>\n\t<meta name=\"twitter:label2\" content=\"Temps estimat de lectura\" \/>\n\t<meta name=\"twitter:data2\" content=\"1 minut\" \/>\n<script type=\"application\/ld+json\" class=\"yoast-schema-graph\">{\"@context\":\"https:\/\/schema.org\",\"@graph\":[{\"@type\":\"Article\",\"@id\":\"https:\/\/www.triathlon.barcelona\/ca\/challenge-barcelona-triathlon-presenta-la-samarreta-oficial-2023\/#article\",\"isPartOf\":{\"@id\":\"https:\/\/www.triathlon.barcelona\/ca\/challenge-barcelona-triathlon-presenta-la-samarreta-oficial-2023\/\"},\"author\":{\"name\":\"david\",\"@id\":\"https:\/\/www.triathlon.barcelona\/ca\/#\/schema\/person\/812f46a7af75bae5296e42e5b503d1e6\"},\"headline\":\"Challenge Barcelona Triathlon presenta la samarreta oficial 2023\",\"datePublished\":\"2023-07-14T08:00:37+00:00\",\"dateModified\":\"2023-07-17T08:41:14+00:00\",\"mainEntityOfPage\":{\"@id\":\"https:\/\/www.triathlon.barcelona\/ca\/challenge-barcelona-triathlon-presenta-la-samarreta-oficial-2023\/\"},\"wordCount\":186,\"publisher\":{\"@id\":\"https:\/\/www.triathlon.barcelona\/ca\/#organization\"},\"image\":{\"@id\":\"https:\/\/www.triathlon.barcelona\/ca\/challenge-barcelona-triathlon-presenta-la-samarreta-oficial-2023\/#primaryimage\"},\"thumbnailUrl\":\"https:\/\/www.triathlon.barcelona\/wp-content\/uploads\/2023\/07\/230714-samarreta-chbcn2023-portada.jpg\",\"articleSection\":[\"Not\u00edcies\"],\"inLanguage\":\"ca\"},{\"@type\":\"WebPage\",\"@id\":\"https:\/\/www.triathlon.barcelona\/ca\/challenge-barcelona-triathlon-presenta-la-samarreta-oficial-2023\/\",\"url\":\"https:\/\/www.triathlon.barcelona\/ca\/challenge-barcelona-triathlon-presenta-la-samarreta-oficial-2023\/\",\"name\":\"Challenge Barcelona Triathlon presenta la samarreta oficial 2023 - Challenge Barcelona Triatl\u00f3\",\"isPartOf\":{\"@id\":\"https:\/\/www.triathlon.barcelona\/ca\/#website\"},\"primaryImageOfPage\":{\"@id\":\"https:\/\/www.triathlon.barcelona\/ca\/challenge-barcelona-triathlon-presenta-la-samarreta-oficial-2023\/#primaryimage\"},\"image\":{\"@id\":\"https:\/\/www.triathlon.barcelona\/ca\/challenge-barcelona-triathlon-presenta-la-samarreta-oficial-2023\/#primaryimage\"},\"thumbnailUrl\":\"https:\/\/www.triathlon.barcelona\/wp-content\/uploads\/2023\/07\/230714-samarreta-chbcn2023-portada.jpg\",\"datePublished\":\"2023-07-14T08:00:37+00:00\",\"dateModified\":\"2023-07-17T08:41:14+00:00\",\"breadcrumb\":{\"@id\":\"https:\/\/www.triathlon.barcelona\/ca\/challenge-barcelona-triathlon-presenta-la-samarreta-oficial-2023\/#breadcrumb\"},\"inLanguage\":\"ca\",\"potentialAction\":[{\"@type\":\"ReadAction\",\"target\":[\"https:\/\/www.triathlon.barcelona\/ca\/challenge-barcelona-triathlon-presenta-la-samarreta-oficial-2023\/\"]}]},{\"@type\":\"ImageObject\",\"inLanguage\":\"ca\",\"@id\":\"https:\/\/www.triathlon.barcelona\/ca\/challenge-barcelona-triathlon-presenta-la-samarreta-oficial-2023\/#primaryimage\",\"url\":\"https:\/\/www.triathlon.barcelona\/wp-content\/uploads\/2023\/07\/230714-samarreta-chbcn2023-portada.jpg\",\"contentUrl\":\"https:\/\/www.triathlon.barcelona\/wp-content\/uploads\/2023\/07\/230714-samarreta-chbcn2023-portada.jpg\",\"width\":1920,\"height\":1280},{\"@type\":\"BreadcrumbList\",\"@id\":\"https:\/\/www.triathlon.barcelona\/ca\/challenge-barcelona-triathlon-presenta-la-samarreta-oficial-2023\/#breadcrumb\",\"itemListElement\":[{\"@type\":\"ListItem\",\"position\":1,\"name\":\"Inicio\",\"item\":\"https:\/\/www.triathlon.barcelona\/ca\/\"},{\"@type\":\"ListItem\",\"position\":2,\"name\":\"Challenge Barcelona Triathlon presenta la samarreta oficial 2023\"}]},{\"@type\":\"WebSite\",\"@id\":\"https:\/\/www.triathlon.barcelona\/ca\/#website\",\"url\":\"https:\/\/www.triathlon.barcelona\/ca\/\",\"name\":\"Challenge Barcelona Triathlon\",\"description\":\"\",\"publisher\":{\"@id\":\"https:\/\/www.triathlon.barcelona\/ca\/#organization\"},\"alternateName\":\"Challenge Barcelona\",\"potentialAction\":[{\"@type\":\"SearchAction\",\"target\":{\"@type\":\"EntryPoint\",\"urlTemplate\":\"https:\/\/www.triathlon.barcelona\/ca\/?s={search_term_string}\"},\"query-input\":{\"@type\":\"PropertyValueSpecification\",\"valueRequired\":true,\"valueName\":\"search_term_string\"}}],\"inLanguage\":\"ca\"},{\"@type\":\"Organization\",\"@id\":\"https:\/\/www.triathlon.barcelona\/ca\/#organization\",\"name\":\"Challenge Barcelona Triathlon\",\"alternateName\":\"Challenge Barcelona\",\"url\":\"https:\/\/www.triathlon.barcelona\/ca\/\",\"logo\":{\"@type\":\"ImageObject\",\"inLanguage\":\"ca\",\"@id\":\"https:\/\/www.triathlon.barcelona\/ca\/#\/schema\/logo\/image\/\",\"url\":\"https:\/\/www.triathlon.barcelona\/wp-content\/uploads\/2024\/06\/logo-challenge-barcelona.png\",\"contentUrl\":\"https:\/\/www.triathlon.barcelona\/wp-content\/uploads\/2024\/06\/logo-challenge-barcelona.png\",\"width\":3209,\"height\":729,\"caption\":\"Challenge Barcelona Triathlon\"},\"image\":{\"@id\":\"https:\/\/www.triathlon.barcelona\/ca\/#\/schema\/logo\/image\/\"},\"sameAs\":[\"https:\/\/www.facebook.com\/barcelonatriathlon\",\"https:\/\/x.com\/bcn_triathlon\",\"https:\/\/www.instagram.com\/barcelonatriathlon\/\"]},{\"@type\":\"Person\",\"@id\":\"https:\/\/www.triathlon.barcelona\/ca\/#\/schema\/person\/812f46a7af75bae5296e42e5b503d1e6\",\"name\":\"david\",\"image\":{\"@type\":\"ImageObject\",\"inLanguage\":\"ca\",\"@id\":\"https:\/\/www.triathlon.barcelona\/ca\/#\/schema\/person\/image\/\",\"url\":\"https:\/\/secure.gravatar.com\/avatar\/f3b6b2a94c48d199ba05b31c711ca66bc5650a0dc06074dd63ae046df043d8e8?s=96&d=mm&r=g\",\"contentUrl\":\"https:\/\/secure.gravatar.com\/avatar\/f3b6b2a94c48d199ba05b31c711ca66bc5650a0dc06074dd63ae046df043d8e8?s=96&d=mm&r=g\",\"caption\":\"david\"},\"sameAs\":[\"https:\/\/www.triathlon.barcelona\"],\"url\":\"https:\/\/www.triathlon.barcelona\/ca\/author\/david\/\"}]}<\/script>\n<!-- \/ Yoast SEO plugin. -->","yoast_head_json":{"title":"Challenge Barcelona Triathlon presenta la samarreta oficial 2023 - Challenge Barcelona Triatl\u00f3","robots":{"index":"index","follow":"follow","max-snippet":"max-snippet:-1","max-image-preview":"max-image-preview:large","max-video-preview":"max-video-preview:-1"},"canonical":"https:\/\/www.triathlon.barcelona\/ca\/challenge-barcelona-triathlon-presenta-la-samarreta-oficial-2023\/","og_locale":"ca_ES","og_type":"article","og_title":"Challenge Barcelona Triathlon presenta la samarreta oficial 2023 - Challenge Barcelona Triatl\u00f3","og_description":"La samarreta est\u00e0 confeccionada amb poli\u00e8ster procedent del reciclatge d\u2019ampolles de pl\u00e0stic","og_url":"https:\/\/www.triathlon.barcelona\/ca\/challenge-barcelona-triathlon-presenta-la-samarreta-oficial-2023\/","og_site_name":"Challenge Barcelona Triatl\u00f3","article_publisher":"https:\/\/www.facebook.com\/barcelonatriathlon","article_published_time":"2023-07-14T08:00:37+00:00","article_modified_time":"2023-07-17T08:41:14+00:00","og_image":[{"width":1920,"height":1280,"url":"https:\/\/www.triathlon.barcelona\/wp-content\/uploads\/2023\/07\/230714-samarreta-chbcn2023-portada.jpg","type":"image\/jpeg"}],"author":"david","twitter_card":"summary_large_image","twitter_creator":"@bcn_triathlon","twitter_site":"@bcn_triathlon","twitter_misc":{"Escrit per":"david","Temps estimat de lectura":"1 minut"},"schema":{"@context":"https:\/\/schema.org","@graph":[{"@type":"Article","@id":"https:\/\/www.triathlon.barcelona\/ca\/challenge-barcelona-triathlon-presenta-la-samarreta-oficial-2023\/#article","isPartOf":{"@id":"https:\/\/www.triathlon.barcelona\/ca\/challenge-barcelona-triathlon-presenta-la-samarreta-oficial-2023\/"},"author":{"name":"david","@id":"https:\/\/www.triathlon.barcelona\/ca\/#\/schema\/person\/812f46a7af75bae5296e42e5b503d1e6"},"headline":"Challenge Barcelona Triathlon presenta la samarreta oficial 2023","datePublished":"2023-07-14T08:00:37+00:00","dateModified":"2023-07-17T08:41:14+00:00","mainEntityOfPage":{"@id":"https:\/\/www.triathlon.barcelona\/ca\/challenge-barcelona-triathlon-presenta-la-samarreta-oficial-2023\/"},"wordCount":186,"publisher":{"@id":"https:\/\/www.triathlon.barcelona\/ca\/#organization"},"image":{"@id":"https:\/\/www.triathlon.barcelona\/ca\/challenge-barcelona-triathlon-presenta-la-samarreta-oficial-2023\/#primaryimage"},"thumbnailUrl":"https:\/\/www.triathlon.barcelona\/wp-content\/uploads\/2023\/07\/230714-samarreta-chbcn2023-portada.jpg","articleSection":["Not\u00edcies"],"inLanguage":"ca"},{"@type":"WebPage","@id":"https:\/\/www.triathlon.barcelona\/ca\/challenge-barcelona-triathlon-presenta-la-samarreta-oficial-2023\/","url":"https:\/\/www.triathlon.barcelona\/ca\/challenge-barcelona-triathlon-presenta-la-samarreta-oficial-2023\/","name":"Challenge Barcelona Triathlon presenta la samarreta oficial 2023 - Challenge Barcelona Triatl\u00f3","isPartOf":{"@id":"https:\/\/www.triathlon.barcelona\/ca\/#website"},"primaryImageOfPage":{"@id":"https:\/\/www.triathlon.barcelona\/ca\/challenge-barcelona-triathlon-presenta-la-samarreta-oficial-2023\/#primaryimage"},"image":{"@id":"https:\/\/www.triathlon.barcelona\/ca\/challenge-barcelona-triathlon-presenta-la-samarreta-oficial-2023\/#primaryimage"},"thumbnailUrl":"https:\/\/www.triathlon.barcelona\/wp-content\/uploads\/2023\/07\/230714-samarreta-chbcn2023-portada.jpg","datePublished":"2023-07-14T08:00:37+00:00","dateModified":"2023-07-17T08:41:14+00:00","breadcrumb":{"@id":"https:\/\/www.triathlon.barcelona\/ca\/challenge-barcelona-triathlon-presenta-la-samarreta-oficial-2023\/#breadcrumb"},"inLanguage":"ca","potentialAction":[{"@type":"ReadAction","target":["https:\/\/www.triathlon.barcelona\/ca\/challenge-barcelona-triathlon-presenta-la-samarreta-oficial-2023\/"]}]},{"@type":"ImageObject","inLanguage":"ca","@id":"https:\/\/www.triathlon.barcelona\/ca\/challenge-barcelona-triathlon-presenta-la-samarreta-oficial-2023\/#primaryimage","url":"https:\/\/www.triathlon.barcelona\/wp-content\/uploads\/2023\/07\/230714-samarreta-chbcn2023-portada.jpg","contentUrl":"https:\/\/www.triathlon.barcelona\/wp-content\/uploads\/2023\/07\/230714-samarreta-chbcn2023-portada.jpg","width":1920,"height":1280},{"@type":"BreadcrumbList","@id":"https:\/\/www.triathlon.barcelona\/ca\/challenge-barcelona-triathlon-presenta-la-samarreta-oficial-2023\/#breadcrumb","itemListElement":[{"@type":"ListItem","position":1,"name":"Inicio","item":"https:\/\/www.triathlon.barcelona\/ca\/"},{"@type":"ListItem","position":2,"name":"Challenge Barcelona Triathlon presenta la samarreta oficial 2023"}]},{"@type":"WebSite","@id":"https:\/\/www.triathlon.barcelona\/ca\/#website","url":"https:\/\/www.triathlon.barcelona\/ca\/","name":"Challenge Barcelona Triathlon","description":"","publisher":{"@id":"https:\/\/www.triathlon.barcelona\/ca\/#organization"},"alternateName":"Challenge Barcelona","potentialAction":[{"@type":"SearchAction","target":{"@type":"EntryPoint","urlTemplate":"https:\/\/www.triathlon.barcelona\/ca\/?s={search_term_string}"},"query-input":{"@type":"PropertyValueSpecification","valueRequired":true,"valueName":"search_term_string"}}],"inLanguage":"ca"},{"@type":"Organization","@id":"https:\/\/www.triathlon.barcelona\/ca\/#organization","name":"Challenge Barcelona Triathlon","alternateName":"Challenge Barcelona","url":"https:\/\/www.triathlon.barcelona\/ca\/","logo":{"@type":"ImageObject","inLanguage":"ca","@id":"https:\/\/www.triathlon.barcelona\/ca\/#\/schema\/logo\/image\/","url":"https:\/\/www.triathlon.barcelona\/wp-content\/uploads\/2024\/06\/logo-challenge-barcelona.png","contentUrl":"https:\/\/www.triathlon.barcelona\/wp-content\/uploads\/2024\/06\/logo-challenge-barcelona.png","width":3209,"height":729,"caption":"Challenge Barcelona Triathlon"},"image":{"@id":"https:\/\/www.triathlon.barcelona\/ca\/#\/schema\/logo\/image\/"},"sameAs":["https:\/\/www.facebook.com\/barcelonatriathlon","https:\/\/x.com\/bcn_triathlon","https:\/\/www.instagram.com\/barcelonatriathlon\/"]},{"@type":"Person","@id":"https:\/\/www.triathlon.barcelona\/ca\/#\/schema\/person\/812f46a7af75bae5296e42e5b503d1e6","name":"david","image":{"@type":"ImageObject","inLanguage":"ca","@id":"https:\/\/www.triathlon.barcelona\/ca\/#\/schema\/person\/image\/","url":"https:\/\/secure.gravatar.com\/avatar\/f3b6b2a94c48d199ba05b31c711ca66bc5650a0dc06074dd63ae046df043d8e8?s=96&d=mm&r=g","contentUrl":"https:\/\/secure.gravatar.com\/avatar\/f3b6b2a94c48d199ba05b31c711ca66bc5650a0dc06074dd63ae046df043d8e8?s=96&d=mm&r=g","caption":"david"},"sameAs":["https:\/\/www.triathlon.barcelona"],"url":"https:\/\/www.triathlon.barcelona\/ca\/author\/david\/"}]}},"_links":{"self":[{"href":"https:\/\/www.triathlon.barcelona\/ca\/wp-json\/wp\/v2\/posts\/7212","targetHints":{"allow":["GET"]}}],"collection":[{"href":"https:\/\/www.triathlon.barcelona\/ca\/wp-json\/wp\/v2\/posts"}],"about":[{"href":"https:\/\/www.triathlon.barcelona\/ca\/wp-json\/wp\/v2\/types\/post"}],"author":[{"embeddable":true,"href":"https:\/\/www.triathlon.barcelona\/ca\/wp-json\/wp\/v2\/users\/1"}],"replies":[{"embeddable":true,"href":"https:\/\/www.triathlon.barcelona\/ca\/wp-json\/wp\/v2\/comments?post=7212"}],"version-history":[{"count":0,"href":"https:\/\/www.triathlon.barcelona\/ca\/wp-json\/wp\/v2\/posts\/7212\/revisions"}],"wp:featuredmedia":[{"embeddable":true,"href":"https:\/\/www.triathlon.barcelona\/ca\/wp-json\/wp\/v2\/media\/7219"}],"wp:attachment":[{"href":"https:\/\/www.triathlon.barcelona\/ca\/wp-json\/wp\/v2\/media?parent=7212"}],"wp:term":[{"taxonomy":"category","embeddable":true,"href":"https:\/\/www.triathlon.barcelona\/ca\/wp-json\/wp\/v2\/categories?post=7212"},{"taxonomy":"post_tag","embeddable":true,"href":"https:\/\/www.triathlon.barcelona\/ca\/wp-json\/wp\/v2\/tags?post=7212"}],"curies":[{"name":"wp","href":"https:\/\/api.w.org\/{rel}","templated":true}]}}