{"id":7319,"date":"2023-08-18T08:00:35","date_gmt":"2023-08-18T06:00:35","guid":{"rendered":"https:\/\/www.triathlon.barcelona\/?p=7319"},"modified":"2023-08-18T10:11:17","modified_gmt":"2023-08-18T08:11:17","slug":"gairebe-2500-triatletes-inscrits-al-challenge-barcelona-triathlon-a-50-dies-de-la-prova","status":"publish","type":"post","link":"https:\/\/www.triathlon.barcelona\/ca\/gairebe-2500-triatletes-inscrits-al-challenge-barcelona-triathlon-a-50-dies-de-la-prova\/","title":{"rendered":"Gaireb\u00e9 2500 triatletes inscrits al Challenge Barcelona Triathlon a 50 dies de la prova"},"content":{"rendered":"<p><strong>M\u00e9s de 30 atletes professionals de diverses nacionalitats han confirmat la seva participaci\u00f3<\/strong><!--more--><\/p>\n<p>A nom\u00e9s 50 dies per a l&#8217;emocionant celebraci\u00f3 del Challenge Barcelona Triathlon, l&#8217;expectaci\u00f3 augmenta amb prop de 2500 persones inscrites per afrontar el desafiament a la vibrant ciutat catalana. Entre els inscrits, m\u00e9s de 30 triatletes professionals vinguts i vingudes de diferents pa\u00efsos han confirmat la seva participaci\u00f3 i han prom\u00e8s una compet\u00e8ncia internacional d&#8217;alt nivell.<\/p>\n<p>Amb un l\u00edmit d&#8217;inscripcions establert a 3000 participants, l&#8217;esdeveniment s&#8217;est\u00e0 perfilant per convertir-se en un dels triatlons m\u00e9s multitudinaris a tot el territori espanyol. L&#8217;espectacularitat de Barcelona com a tel\u00f3 de fons, un recorregut desafiador i una comunitat apassionada de triatletes creen l&#8217;escenari perfecte per a un esdeveniment esportiu inoblidable.<\/p>\n<p>El Challenge Barcelona Triathlon no nom\u00e9s destaca pel seu atractiu per als atletes professionals, sin\u00f3 tamb\u00e9 per oferir una oportunitat excepcional a entusiastes i amateurs que desitgen desafiar els seus propis l\u00edmits. El diumenge 8 d&#8217;octubre promet un dia de compet\u00e8ncia intensa, a m\u00e9s d&#8217;una fita en la hist\u00f2ria de l&#8217;esport espanyol, unint atletes de tot el m\u00f3n en la seva passi\u00f3 compartida pel triatl\u00f3.<\/p>\n<p>A continuaci\u00f3, es pot observar el llistat provisional de triatletes professionals que estaran a la l\u00ednia de sortida:<\/p>\n<h3>HOMES<\/h3>\n<table width=\"100%\">\n<tbody>\n<tr>\n<td><strong>NOM<\/strong><\/td>\n<td><strong>RANKING PTO<\/strong><\/td>\n<td><strong>PA\u00cdS<\/strong><\/td>\n<\/tr>\n<tr>\n<td>Frederic Funk<\/td>\n<td>19<\/td>\n<td>GER<\/td>\n<\/tr>\n<tr>\n<td>Antonio Benito<\/td>\n<td>32<\/td>\n<td>ESP<\/td>\n<\/tr>\n<tr>\n<td>David McNamee<\/td>\n<td>36<\/td>\n<td>UK<\/td>\n<\/tr>\n<tr>\n<td>Jonathan Wayafee<\/td>\n<td>94<\/td>\n<td>BEL<\/td>\n<\/tr>\n<tr>\n<td>Albert Moreno<\/td>\n<td>136<\/td>\n<td>ESP<\/td>\n<\/tr>\n<tr>\n<td>Colin Szuch<\/td>\n<td>142<\/td>\n<td>USA<\/td>\n<\/tr>\n<tr>\n<td>Ernest Mantell<\/td>\n<td>177<\/td>\n<td>USA<\/td>\n<\/tr>\n<tr>\n<td>Thomas Vanhalst<\/td>\n<td>213<\/td>\n<td>BEL<\/td>\n<\/tr>\n<tr>\n<td>Guillem Montiel<\/td>\n<td>232<\/td>\n<td>ESP<\/td>\n<\/tr>\n<tr>\n<td>Guillem Rojas<\/td>\n<td>248<\/td>\n<td>ESP<\/td>\n<\/tr>\n<tr>\n<td>Julen Diez<\/td>\n<td>300<\/td>\n<td>ESP<\/td>\n<\/tr>\n<tr>\n<td>Roger Many\u00e0<\/td>\n<td>330<\/td>\n<td>ESP<\/td>\n<\/tr>\n<tr>\n<td>I\u00f1aqui Baldellou<\/td>\n<td>337<\/td>\n<td>ESP<\/td>\n<\/tr>\n<tr>\n<td>Simon Billeau<\/td>\n<td>404<\/td>\n<td>FRA<\/td>\n<\/tr>\n<tr>\n<td>Cesc Artigues<\/td>\n<td>415<\/td>\n<td>ESP<\/td>\n<\/tr>\n<tr>\n<td>Steven Rosinski<\/td>\n<td>536<\/td>\n<td>USA<\/td>\n<\/tr>\n<tr>\n<td>Diego Mentrida<\/td>\n<td>591<\/td>\n<td>ESP<\/td>\n<\/tr>\n<tr>\n<td>Tom Vander Hoogerstraete<\/td>\n<td>618<\/td>\n<td>BEL<\/td>\n<\/tr>\n<tr>\n<td>Sebastian Fuchs<\/td>\n<td>653<\/td>\n<td>AUS<\/td>\n<\/tr>\n<tr>\n<td>Oriol Gili<\/td>\n<td>839<\/td>\n<td>ESP<\/td>\n<\/tr>\n<tr>\n<td>Jordi Garcia<\/td>\n<td>&#8211;<\/td>\n<td>ESP<\/td>\n<\/tr>\n<tr>\n<td>Ander Noain<\/td>\n<td>&#8211;<\/td>\n<td>ESP<\/td>\n<\/tr>\n<tr>\n<td>Jannik Schaufler<\/td>\n<td>&#8211;<\/td>\n<td>GER<\/td>\n<\/tr>\n<tr>\n<td>Juan David Prada<\/td>\n<td>&#8211;<\/td>\n<td>COL<\/td>\n<\/tr>\n<tr>\n<td>Nils Lorenz<\/td>\n<td>&#8211;<\/td>\n<td>GER<\/td>\n<\/tr>\n<tr>\n<td>Daniel Tolosa<\/td>\n<td>&#8211;<\/td>\n<td>ESP<\/td>\n<\/tr>\n<\/tbody>\n<\/table>\n<h3>DONES<\/h3>\n<table width=\"100%\">\n<tbody>\n<tr>\n<td><strong>NOM<\/strong><\/td>\n<td><strong>RANKING PTO<\/strong><\/td>\n<td><strong>PA\u00cdS<\/strong><\/td>\n<\/tr>\n<tr>\n<td>Emma Pallant<\/td>\n<td>8<\/td>\n<td>UK<\/td>\n<\/tr>\n<tr>\n<td>Sara Perez<\/td>\n<td>22<\/td>\n<td>ESP<\/td>\n<\/tr>\n<tr>\n<td>Margie Santimaria<\/td>\n<td>51<\/td>\n<td>ITA<\/td>\n<\/tr>\n<tr>\n<td>Helene Alberdi<\/td>\n<td>70<\/td>\n<td>ESP<\/td>\n<\/tr>\n<tr>\n<td>Justine Guerard<\/td>\n<td>96<\/td>\n<td>FRA<\/td>\n<\/tr>\n<tr>\n<td>Shiva Leisner<\/td>\n<td>155<\/td>\n<td>DEN<\/td>\n<\/tr>\n<tr>\n<td>Marta Sanchez<\/td>\n<td>176<\/td>\n<td>ESP<\/td>\n<\/tr>\n<tr>\n<td>Steffie Le Benezic<\/td>\n<td>284<\/td>\n<td>ESP<\/td>\n<\/tr>\n<tr>\n<td>Isabel Sterr<\/td>\n<td>&#8211;<\/td>\n<td>GER<\/td>\n<\/tr>\n<tr>\n<td>Marta Borbon<\/td>\n<td>&#8211;<\/td>\n<td>ESP<\/td>\n<\/tr>\n<\/tbody>\n<\/table>\n","protected":false},"excerpt":{"rendered":"<p>M\u00e9s de 30 atletes professionals de diverses nacionalitats han confirmat la seva participaci\u00f3<\/p>\n","protected":false},"author":1,"featured_media":7321,"comment_status":"closed","ping_status":"closed","sticky":false,"template":"","format":"standard","meta":{"_monsterinsights_skip_tracking":false,"site-sidebar-layout":"default","site-content-layout":"default","ast-site-content-layout":"default","site-content-style":"default","site-sidebar-style":"default","ast-global-header-display":"","ast-banner-title-visibility":"","ast-main-header-display":"","ast-hfb-above-header-display":"","ast-hfb-below-header-display":"","ast-hfb-mobile-header-display":"","site-post-title":"","ast-breadcrumbs-content":"","ast-featured-img":"","footer-sml-layout":"","ast-disable-related-posts":"","theme-transparent-header-meta":"default","adv-header-id-meta":"","stick-header-meta":"default","header-above-stick-meta":"","header-main-stick-meta":"","header-below-stick-meta":"","astra-migrate-meta-layouts":"set","ast-page-background-enabled":"default","ast-page-background-meta":{"desktop":{"background-color":"","background-image":"","background-repeat":"repeat","background-position":"center center","background-size":"auto","background-attachment":"scroll","background-type":"","background-media":"","overlay-type":"","overlay-color":"","overlay-opacity":"","overlay-gradient":""},"tablet":{"background-color":"","background-image":"","background-repeat":"repeat","background-position":"center center","background-size":"auto","background-attachment":"scroll","background-type":"","background-media":"","overlay-type":"","overlay-color":"","overlay-opacity":"","overlay-gradient":""},"mobile":{"background-color":"","background-image":"","background-repeat":"repeat","background-position":"center center","background-size":"auto","background-attachment":"scroll","background-type":"","background-media":"","overlay-type":"","overlay-color":"","overlay-opacity":"","overlay-gradient":""}},"ast-content-background-meta":{"desktop":{"background-color":"var(--ast-global-color-5)","background-image":"","background-repeat":"repeat","background-position":"center center","background-size":"auto","background-attachment":"scroll","background-type":"","background-media":"","overlay-type":"","overlay-color":"","overlay-opacity":"","overlay-gradient":""},"tablet":{"background-color":"var(--ast-global-color-5)","background-image":"","background-repeat":"repeat","background-position":"center center","background-size":"auto","background-attachment":"scroll","background-type":"","background-media":"","overlay-type":"","overlay-color":"","overlay-opacity":"","overlay-gradient":""},"mobile":{"background-color":"var(--ast-global-color-5)","background-image":"","background-repeat":"repeat","background-position":"center center","background-size":"auto","background-attachment":"scroll","background-type":"","background-media":"","overlay-type":"","overlay-color":"","overlay-opacity":"","overlay-gradient":""}},"footnotes":""},"categories":[1],"tags":[],"class_list":["post-7319","post","type-post","status-publish","format-standard","has-post-thumbnail","hentry","category-noticies"],"yoast_head":"<!-- This site is optimized with the Yoast SEO plugin v27.1 - https:\/\/yoast.com\/product\/yoast-seo-wordpress\/ -->\n<title>Gaireb\u00e9 2500 triatletes inscrits al Challenge Barcelona Triathlon a 50 dies de la prova - Challenge Barcelona Triatl\u00f3<\/title>\n<meta name=\"robots\" content=\"index, follow, max-snippet:-1, max-image-preview:large, max-video-preview:-1\" \/>\n<link rel=\"canonical\" href=\"https:\/\/www.triathlon.barcelona\/ca\/gairebe-2500-triatletes-inscrits-al-challenge-barcelona-triathlon-a-50-dies-de-la-prova\/\" \/>\n<meta property=\"og:locale\" content=\"ca_ES\" \/>\n<meta property=\"og:type\" content=\"article\" \/>\n<meta property=\"og:title\" content=\"Gaireb\u00e9 2500 triatletes inscrits al Challenge Barcelona Triathlon a 50 dies de la prova - Challenge Barcelona Triatl\u00f3\" \/>\n<meta property=\"og:description\" content=\"M\u00e9s de 30 atletes professionals de diverses nacionalitats han confirmat la seva participaci\u00f3\" \/>\n<meta property=\"og:url\" content=\"https:\/\/www.triathlon.barcelona\/ca\/gairebe-2500-triatletes-inscrits-al-challenge-barcelona-triathlon-a-50-dies-de-la-prova\/\" \/>\n<meta property=\"og:site_name\" content=\"Challenge Barcelona Triatl\u00f3\" \/>\n<meta property=\"article:publisher\" content=\"https:\/\/www.facebook.com\/barcelonatriathlon\" \/>\n<meta property=\"article:published_time\" content=\"2023-08-18T06:00:35+00:00\" \/>\n<meta property=\"article:modified_time\" content=\"2023-08-18T08:11:17+00:00\" \/>\n<meta property=\"og:image\" content=\"https:\/\/www.triathlon.barcelona\/wp-content\/uploads\/2023\/08\/230818-pros-chbcn2023.jpg\" \/>\n\t<meta property=\"og:image:width\" content=\"1920\" \/>\n\t<meta property=\"og:image:height\" content=\"1280\" \/>\n\t<meta property=\"og:image:type\" content=\"image\/jpeg\" \/>\n<meta name=\"author\" content=\"david\" \/>\n<meta name=\"twitter:card\" content=\"summary_large_image\" \/>\n<meta name=\"twitter:creator\" content=\"@bcn_triathlon\" \/>\n<meta name=\"twitter:site\" content=\"@bcn_triathlon\" \/>\n<meta name=\"twitter:label1\" content=\"Escrit per\" \/>\n\t<meta name=\"twitter:data1\" content=\"david\" \/>\n\t<meta name=\"twitter:label2\" content=\"Temps estimat de lectura\" \/>\n\t<meta name=\"twitter:data2\" content=\"2 minuts\" \/>\n<script type=\"application\/ld+json\" class=\"yoast-schema-graph\">{\"@context\":\"https:\/\/schema.org\",\"@graph\":[{\"@type\":\"Article\",\"@id\":\"https:\/\/www.triathlon.barcelona\/ca\/gairebe-2500-triatletes-inscrits-al-challenge-barcelona-triathlon-a-50-dies-de-la-prova\/#article\",\"isPartOf\":{\"@id\":\"https:\/\/www.triathlon.barcelona\/ca\/gairebe-2500-triatletes-inscrits-al-challenge-barcelona-triathlon-a-50-dies-de-la-prova\/\"},\"author\":{\"name\":\"david\",\"@id\":\"https:\/\/www.triathlon.barcelona\/ca\/#\/schema\/person\/812f46a7af75bae5296e42e5b503d1e6\"},\"headline\":\"Gaireb\u00e9 2500 triatletes inscrits al Challenge Barcelona Triathlon a 50 dies de la prova\",\"datePublished\":\"2023-08-18T06:00:35+00:00\",\"dateModified\":\"2023-08-18T08:11:17+00:00\",\"mainEntityOfPage\":{\"@id\":\"https:\/\/www.triathlon.barcelona\/ca\/gairebe-2500-triatletes-inscrits-al-challenge-barcelona-triathlon-a-50-dies-de-la-prova\/\"},\"wordCount\":366,\"publisher\":{\"@id\":\"https:\/\/www.triathlon.barcelona\/ca\/#organization\"},\"image\":{\"@id\":\"https:\/\/www.triathlon.barcelona\/ca\/gairebe-2500-triatletes-inscrits-al-challenge-barcelona-triathlon-a-50-dies-de-la-prova\/#primaryimage\"},\"thumbnailUrl\":\"https:\/\/www.triathlon.barcelona\/wp-content\/uploads\/2023\/08\/230818-pros-chbcn2023.jpg\",\"articleSection\":[\"Not\u00edcies\"],\"inLanguage\":\"ca\"},{\"@type\":\"WebPage\",\"@id\":\"https:\/\/www.triathlon.barcelona\/ca\/gairebe-2500-triatletes-inscrits-al-challenge-barcelona-triathlon-a-50-dies-de-la-prova\/\",\"url\":\"https:\/\/www.triathlon.barcelona\/ca\/gairebe-2500-triatletes-inscrits-al-challenge-barcelona-triathlon-a-50-dies-de-la-prova\/\",\"name\":\"Gaireb\u00e9 2500 triatletes inscrits al Challenge Barcelona Triathlon a 50 dies de la prova - Challenge Barcelona Triatl\u00f3\",\"isPartOf\":{\"@id\":\"https:\/\/www.triathlon.barcelona\/ca\/#website\"},\"primaryImageOfPage\":{\"@id\":\"https:\/\/www.triathlon.barcelona\/ca\/gairebe-2500-triatletes-inscrits-al-challenge-barcelona-triathlon-a-50-dies-de-la-prova\/#primaryimage\"},\"image\":{\"@id\":\"https:\/\/www.triathlon.barcelona\/ca\/gairebe-2500-triatletes-inscrits-al-challenge-barcelona-triathlon-a-50-dies-de-la-prova\/#primaryimage\"},\"thumbnailUrl\":\"https:\/\/www.triathlon.barcelona\/wp-content\/uploads\/2023\/08\/230818-pros-chbcn2023.jpg\",\"datePublished\":\"2023-08-18T06:00:35+00:00\",\"dateModified\":\"2023-08-18T08:11:17+00:00\",\"breadcrumb\":{\"@id\":\"https:\/\/www.triathlon.barcelona\/ca\/gairebe-2500-triatletes-inscrits-al-challenge-barcelona-triathlon-a-50-dies-de-la-prova\/#breadcrumb\"},\"inLanguage\":\"ca\",\"potentialAction\":[{\"@type\":\"ReadAction\",\"target\":[\"https:\/\/www.triathlon.barcelona\/ca\/gairebe-2500-triatletes-inscrits-al-challenge-barcelona-triathlon-a-50-dies-de-la-prova\/\"]}]},{\"@type\":\"ImageObject\",\"inLanguage\":\"ca\",\"@id\":\"https:\/\/www.triathlon.barcelona\/ca\/gairebe-2500-triatletes-inscrits-al-challenge-barcelona-triathlon-a-50-dies-de-la-prova\/#primaryimage\",\"url\":\"https:\/\/www.triathlon.barcelona\/wp-content\/uploads\/2023\/08\/230818-pros-chbcn2023.jpg\",\"contentUrl\":\"https:\/\/www.triathlon.barcelona\/wp-content\/uploads\/2023\/08\/230818-pros-chbcn2023.jpg\",\"width\":1920,\"height\":1280},{\"@type\":\"BreadcrumbList\",\"@id\":\"https:\/\/www.triathlon.barcelona\/ca\/gairebe-2500-triatletes-inscrits-al-challenge-barcelona-triathlon-a-50-dies-de-la-prova\/#breadcrumb\",\"itemListElement\":[{\"@type\":\"ListItem\",\"position\":1,\"name\":\"Inicio\",\"item\":\"https:\/\/www.triathlon.barcelona\/ca\/\"},{\"@type\":\"ListItem\",\"position\":2,\"name\":\"Gaireb\u00e9 2500 triatletes inscrits al Challenge Barcelona Triathlon a 50 dies de la prova\"}]},{\"@type\":\"WebSite\",\"@id\":\"https:\/\/www.triathlon.barcelona\/ca\/#website\",\"url\":\"https:\/\/www.triathlon.barcelona\/ca\/\",\"name\":\"Challenge Barcelona Triathlon\",\"description\":\"\",\"publisher\":{\"@id\":\"https:\/\/www.triathlon.barcelona\/ca\/#organization\"},\"alternateName\":\"Challenge Barcelona\",\"potentialAction\":[{\"@type\":\"SearchAction\",\"target\":{\"@type\":\"EntryPoint\",\"urlTemplate\":\"https:\/\/www.triathlon.barcelona\/ca\/?s={search_term_string}\"},\"query-input\":{\"@type\":\"PropertyValueSpecification\",\"valueRequired\":true,\"valueName\":\"search_term_string\"}}],\"inLanguage\":\"ca\"},{\"@type\":\"Organization\",\"@id\":\"https:\/\/www.triathlon.barcelona\/ca\/#organization\",\"name\":\"Challenge Barcelona Triathlon\",\"alternateName\":\"Challenge Barcelona\",\"url\":\"https:\/\/www.triathlon.barcelona\/ca\/\",\"logo\":{\"@type\":\"ImageObject\",\"inLanguage\":\"ca\",\"@id\":\"https:\/\/www.triathlon.barcelona\/ca\/#\/schema\/logo\/image\/\",\"url\":\"https:\/\/www.triathlon.barcelona\/wp-content\/uploads\/2024\/06\/logo-challenge-barcelona.png\",\"contentUrl\":\"https:\/\/www.triathlon.barcelona\/wp-content\/uploads\/2024\/06\/logo-challenge-barcelona.png\",\"width\":3209,\"height\":729,\"caption\":\"Challenge Barcelona Triathlon\"},\"image\":{\"@id\":\"https:\/\/www.triathlon.barcelona\/ca\/#\/schema\/logo\/image\/\"},\"sameAs\":[\"https:\/\/www.facebook.com\/barcelonatriathlon\",\"https:\/\/x.com\/bcn_triathlon\",\"https:\/\/www.instagram.com\/barcelonatriathlon\/\"]},{\"@type\":\"Person\",\"@id\":\"https:\/\/www.triathlon.barcelona\/ca\/#\/schema\/person\/812f46a7af75bae5296e42e5b503d1e6\",\"name\":\"david\",\"image\":{\"@type\":\"ImageObject\",\"inLanguage\":\"ca\",\"@id\":\"https:\/\/www.triathlon.barcelona\/ca\/#\/schema\/person\/image\/\",\"url\":\"https:\/\/secure.gravatar.com\/avatar\/f3b6b2a94c48d199ba05b31c711ca66bc5650a0dc06074dd63ae046df043d8e8?s=96&d=mm&r=g\",\"contentUrl\":\"https:\/\/secure.gravatar.com\/avatar\/f3b6b2a94c48d199ba05b31c711ca66bc5650a0dc06074dd63ae046df043d8e8?s=96&d=mm&r=g\",\"caption\":\"david\"},\"sameAs\":[\"https:\/\/www.triathlon.barcelona\"],\"url\":\"https:\/\/www.triathlon.barcelona\/ca\/author\/david\/\"}]}<\/script>\n<!-- \/ Yoast SEO plugin. -->","yoast_head_json":{"title":"Gaireb\u00e9 2500 triatletes inscrits al Challenge Barcelona Triathlon a 50 dies de la prova - Challenge Barcelona Triatl\u00f3","robots":{"index":"index","follow":"follow","max-snippet":"max-snippet:-1","max-image-preview":"max-image-preview:large","max-video-preview":"max-video-preview:-1"},"canonical":"https:\/\/www.triathlon.barcelona\/ca\/gairebe-2500-triatletes-inscrits-al-challenge-barcelona-triathlon-a-50-dies-de-la-prova\/","og_locale":"ca_ES","og_type":"article","og_title":"Gaireb\u00e9 2500 triatletes inscrits al Challenge Barcelona Triathlon a 50 dies de la prova - Challenge Barcelona Triatl\u00f3","og_description":"M\u00e9s de 30 atletes professionals de diverses nacionalitats han confirmat la seva participaci\u00f3","og_url":"https:\/\/www.triathlon.barcelona\/ca\/gairebe-2500-triatletes-inscrits-al-challenge-barcelona-triathlon-a-50-dies-de-la-prova\/","og_site_name":"Challenge Barcelona Triatl\u00f3","article_publisher":"https:\/\/www.facebook.com\/barcelonatriathlon","article_published_time":"2023-08-18T06:00:35+00:00","article_modified_time":"2023-08-18T08:11:17+00:00","og_image":[{"width":1920,"height":1280,"url":"https:\/\/www.triathlon.barcelona\/wp-content\/uploads\/2023\/08\/230818-pros-chbcn2023.jpg","type":"image\/jpeg"}],"author":"david","twitter_card":"summary_large_image","twitter_creator":"@bcn_triathlon","twitter_site":"@bcn_triathlon","twitter_misc":{"Escrit per":"david","Temps estimat de lectura":"2 minuts"},"schema":{"@context":"https:\/\/schema.org","@graph":[{"@type":"Article","@id":"https:\/\/www.triathlon.barcelona\/ca\/gairebe-2500-triatletes-inscrits-al-challenge-barcelona-triathlon-a-50-dies-de-la-prova\/#article","isPartOf":{"@id":"https:\/\/www.triathlon.barcelona\/ca\/gairebe-2500-triatletes-inscrits-al-challenge-barcelona-triathlon-a-50-dies-de-la-prova\/"},"author":{"name":"david","@id":"https:\/\/www.triathlon.barcelona\/ca\/#\/schema\/person\/812f46a7af75bae5296e42e5b503d1e6"},"headline":"Gaireb\u00e9 2500 triatletes inscrits al Challenge Barcelona Triathlon a 50 dies de la prova","datePublished":"2023-08-18T06:00:35+00:00","dateModified":"2023-08-18T08:11:17+00:00","mainEntityOfPage":{"@id":"https:\/\/www.triathlon.barcelona\/ca\/gairebe-2500-triatletes-inscrits-al-challenge-barcelona-triathlon-a-50-dies-de-la-prova\/"},"wordCount":366,"publisher":{"@id":"https:\/\/www.triathlon.barcelona\/ca\/#organization"},"image":{"@id":"https:\/\/www.triathlon.barcelona\/ca\/gairebe-2500-triatletes-inscrits-al-challenge-barcelona-triathlon-a-50-dies-de-la-prova\/#primaryimage"},"thumbnailUrl":"https:\/\/www.triathlon.barcelona\/wp-content\/uploads\/2023\/08\/230818-pros-chbcn2023.jpg","articleSection":["Not\u00edcies"],"inLanguage":"ca"},{"@type":"WebPage","@id":"https:\/\/www.triathlon.barcelona\/ca\/gairebe-2500-triatletes-inscrits-al-challenge-barcelona-triathlon-a-50-dies-de-la-prova\/","url":"https:\/\/www.triathlon.barcelona\/ca\/gairebe-2500-triatletes-inscrits-al-challenge-barcelona-triathlon-a-50-dies-de-la-prova\/","name":"Gaireb\u00e9 2500 triatletes inscrits al Challenge Barcelona Triathlon a 50 dies de la prova - Challenge Barcelona Triatl\u00f3","isPartOf":{"@id":"https:\/\/www.triathlon.barcelona\/ca\/#website"},"primaryImageOfPage":{"@id":"https:\/\/www.triathlon.barcelona\/ca\/gairebe-2500-triatletes-inscrits-al-challenge-barcelona-triathlon-a-50-dies-de-la-prova\/#primaryimage"},"image":{"@id":"https:\/\/www.triathlon.barcelona\/ca\/gairebe-2500-triatletes-inscrits-al-challenge-barcelona-triathlon-a-50-dies-de-la-prova\/#primaryimage"},"thumbnailUrl":"https:\/\/www.triathlon.barcelona\/wp-content\/uploads\/2023\/08\/230818-pros-chbcn2023.jpg","datePublished":"2023-08-18T06:00:35+00:00","dateModified":"2023-08-18T08:11:17+00:00","breadcrumb":{"@id":"https:\/\/www.triathlon.barcelona\/ca\/gairebe-2500-triatletes-inscrits-al-challenge-barcelona-triathlon-a-50-dies-de-la-prova\/#breadcrumb"},"inLanguage":"ca","potentialAction":[{"@type":"ReadAction","target":["https:\/\/www.triathlon.barcelona\/ca\/gairebe-2500-triatletes-inscrits-al-challenge-barcelona-triathlon-a-50-dies-de-la-prova\/"]}]},{"@type":"ImageObject","inLanguage":"ca","@id":"https:\/\/www.triathlon.barcelona\/ca\/gairebe-2500-triatletes-inscrits-al-challenge-barcelona-triathlon-a-50-dies-de-la-prova\/#primaryimage","url":"https:\/\/www.triathlon.barcelona\/wp-content\/uploads\/2023\/08\/230818-pros-chbcn2023.jpg","contentUrl":"https:\/\/www.triathlon.barcelona\/wp-content\/uploads\/2023\/08\/230818-pros-chbcn2023.jpg","width":1920,"height":1280},{"@type":"BreadcrumbList","@id":"https:\/\/www.triathlon.barcelona\/ca\/gairebe-2500-triatletes-inscrits-al-challenge-barcelona-triathlon-a-50-dies-de-la-prova\/#breadcrumb","itemListElement":[{"@type":"ListItem","position":1,"name":"Inicio","item":"https:\/\/www.triathlon.barcelona\/ca\/"},{"@type":"ListItem","position":2,"name":"Gaireb\u00e9 2500 triatletes inscrits al Challenge Barcelona Triathlon a 50 dies de la prova"}]},{"@type":"WebSite","@id":"https:\/\/www.triathlon.barcelona\/ca\/#website","url":"https:\/\/www.triathlon.barcelona\/ca\/","name":"Challenge Barcelona Triathlon","description":"","publisher":{"@id":"https:\/\/www.triathlon.barcelona\/ca\/#organization"},"alternateName":"Challenge Barcelona","potentialAction":[{"@type":"SearchAction","target":{"@type":"EntryPoint","urlTemplate":"https:\/\/www.triathlon.barcelona\/ca\/?s={search_term_string}"},"query-input":{"@type":"PropertyValueSpecification","valueRequired":true,"valueName":"search_term_string"}}],"inLanguage":"ca"},{"@type":"Organization","@id":"https:\/\/www.triathlon.barcelona\/ca\/#organization","name":"Challenge Barcelona Triathlon","alternateName":"Challenge Barcelona","url":"https:\/\/www.triathlon.barcelona\/ca\/","logo":{"@type":"ImageObject","inLanguage":"ca","@id":"https:\/\/www.triathlon.barcelona\/ca\/#\/schema\/logo\/image\/","url":"https:\/\/www.triathlon.barcelona\/wp-content\/uploads\/2024\/06\/logo-challenge-barcelona.png","contentUrl":"https:\/\/www.triathlon.barcelona\/wp-content\/uploads\/2024\/06\/logo-challenge-barcelona.png","width":3209,"height":729,"caption":"Challenge Barcelona Triathlon"},"image":{"@id":"https:\/\/www.triathlon.barcelona\/ca\/#\/schema\/logo\/image\/"},"sameAs":["https:\/\/www.facebook.com\/barcelonatriathlon","https:\/\/x.com\/bcn_triathlon","https:\/\/www.instagram.com\/barcelonatriathlon\/"]},{"@type":"Person","@id":"https:\/\/www.triathlon.barcelona\/ca\/#\/schema\/person\/812f46a7af75bae5296e42e5b503d1e6","name":"david","image":{"@type":"ImageObject","inLanguage":"ca","@id":"https:\/\/www.triathlon.barcelona\/ca\/#\/schema\/person\/image\/","url":"https:\/\/secure.gravatar.com\/avatar\/f3b6b2a94c48d199ba05b31c711ca66bc5650a0dc06074dd63ae046df043d8e8?s=96&d=mm&r=g","contentUrl":"https:\/\/secure.gravatar.com\/avatar\/f3b6b2a94c48d199ba05b31c711ca66bc5650a0dc06074dd63ae046df043d8e8?s=96&d=mm&r=g","caption":"david"},"sameAs":["https:\/\/www.triathlon.barcelona"],"url":"https:\/\/www.triathlon.barcelona\/ca\/author\/david\/"}]}},"_links":{"self":[{"href":"https:\/\/www.triathlon.barcelona\/ca\/wp-json\/wp\/v2\/posts\/7319","targetHints":{"allow":["GET"]}}],"collection":[{"href":"https:\/\/www.triathlon.barcelona\/ca\/wp-json\/wp\/v2\/posts"}],"about":[{"href":"https:\/\/www.triathlon.barcelona\/ca\/wp-json\/wp\/v2\/types\/post"}],"author":[{"embeddable":true,"href":"https:\/\/www.triathlon.barcelona\/ca\/wp-json\/wp\/v2\/users\/1"}],"replies":[{"embeddable":true,"href":"https:\/\/www.triathlon.barcelona\/ca\/wp-json\/wp\/v2\/comments?post=7319"}],"version-history":[{"count":0,"href":"https:\/\/www.triathlon.barcelona\/ca\/wp-json\/wp\/v2\/posts\/7319\/revisions"}],"wp:featuredmedia":[{"embeddable":true,"href":"https:\/\/www.triathlon.barcelona\/ca\/wp-json\/wp\/v2\/media\/7321"}],"wp:attachment":[{"href":"https:\/\/www.triathlon.barcelona\/ca\/wp-json\/wp\/v2\/media?parent=7319"}],"wp:term":[{"taxonomy":"category","embeddable":true,"href":"https:\/\/www.triathlon.barcelona\/ca\/wp-json\/wp\/v2\/categories?post=7319"},{"taxonomy":"post_tag","embeddable":true,"href":"https:\/\/www.triathlon.barcelona\/ca\/wp-json\/wp\/v2\/tags?post=7319"}],"curies":[{"name":"wp","href":"https:\/\/api.w.org\/{rel}","templated":true}]}}