{"id":7395,"date":"2023-09-21T12:02:51","date_gmt":"2023-09-21T10:02:51","guid":{"rendered":"https:\/\/www.triathlon.barcelona\/?p=7395"},"modified":"2023-09-21T12:29:17","modified_gmt":"2023-09-21T10:29:17","slug":"alistair-brownlee-i-emma-pallant-encapcalen-la-selecta-start-list-del-challenge-barcelona-triathlon-2023","status":"publish","type":"post","link":"https:\/\/www.triathlon.barcelona\/ca\/alistair-brownlee-i-emma-pallant-encapcalen-la-selecta-start-list-del-challenge-barcelona-triathlon-2023\/","title":{"rendered":"Alistair Brownlee i Emma Pallant encap\u00e7alen la selecta start list del Challenge Barcelona Triathlon 2023"},"content":{"rendered":"<p><strong>\u00daltims 100 dorsals disponibles! Les inscripcions es tancaran en assolir la xifra m\u00e0xima de 3.200 participants<\/strong><!--more--><\/p>\n<p>El Challenge Barcelona Triathlon 2023 promet ser un esdeveniment sense precedents, amb un elenc d&#8217;estrelles que inclou l&#8217;il\u00b7lustre Alistair Brownlee, campi\u00f3 ol\u00edmpic i mundial, o la pres\u00e8ncia destacada d&#8217;Emma Pallant, subcampiona del M\u00f3n de Triatl\u00f3 de Llarga Dist\u00e0ncia.<\/p>\n<p>Alistair Brownlee, natural del Regne Unit, compta amb un impressionant palmar\u00e8s que inclou dues medalles d&#8217;or ol\u00edmpiques en triatl\u00f3 als Jocs Ol\u00edmpics de Londres 2012 i Rio 2016, aix\u00ed com dos t\u00edtols de campi\u00f3 del M\u00f3n de Triatl\u00f3 i cinc Campionats d&#8217;Europa de Triatl\u00f3 al seu historial. A m\u00e9s, ha estat subcampi\u00f3 del M\u00f3n en Mitja Dist\u00e0ncia dues vegades, concretament el 2019 i el 2018.<\/p>\n<p>La triatleta anglesa Emma Pallant, coneguda per la seva destacada actuaci\u00f3 com a subcampiona del M\u00f3n de Triatl\u00f3 de Llarga Dist\u00e0ncia el 2022 i subcampiona al Challenge \u00abThe Championship\u00bb \u0160amor\u00edn 2022, es perfila com una de les favorites per endur-se el Challenge Barcelona Triathlon d&#8217;aquest any.<\/p>\n<p>Per\u00f2 no s\u00f3n els \u00fanics noms destacats en aquest emocionant esdeveniment. El Challenge Barcelona Triathlon 2023 tamb\u00e9 comptar\u00e0 amb la pres\u00e8ncia d&#8217;altres triatletes professionals de renom, com Frederic Funk, subcampi\u00f3 del M\u00f3n de Triatl\u00f3 de Mitja Dist\u00e0ncia el 2022; Cameron Wurf, ciclista professional de l&#8217;Ineos i segon a l&#8217;Ironman \u00c0ustria 2023; Antonio Benito, subcampi\u00f3 del M\u00f3n de Triatl\u00f3 de Llarga Dist\u00e0ncia el 2023; Sara P\u00e9rez, campiona del Challenge \u00abThe Championship\u00bb \u0160amor\u00edn 2022; Imogen Simmonds, tercera al Mundial de Triatl\u00f3 de Mitja Dist\u00e0ncia el 2023; i Lucy Buckingham, tercera al Challenge \u00abThe Championship\u00bb \u0160amor\u00edn 2022.<\/p>\n<p>L&#8217;emoci\u00f3 per aquesta nova edici\u00f3 \u00e9s palpable, amb nom\u00e9s 100 dorsals restants abans d&#8217;assolir el l\u00edmit d&#8217;inscripcions, establert a 3.200 participants. S&#8217;espera que el Challenge Barcelona Triathlon d&#8217;aquest any sigui una experi\u00e8ncia inoblidable tant pels atletes com pels espectadors. Els i les participants ja es preparen per presenciar una competici\u00f3 \u00e8pica a l&#8217;\u00fanic triatl\u00f3 que es viu i es gaudeix al cor de Barcelona.<\/p>\n<p><em>Fotos: Triathlon Today \/ Independent<\/em><\/p>\n","protected":false},"excerpt":{"rendered":"<p>\u00daltims 100 dorsals disponibles! Les inscripcions es tancaran en assolir la xifra m\u00e0xima de 3.200 participants<\/p>\n","protected":false},"author":1,"featured_media":7396,"comment_status":"closed","ping_status":"closed","sticky":false,"template":"","format":"standard","meta":{"_monsterinsights_skip_tracking":false,"site-sidebar-layout":"default","site-content-layout":"","ast-site-content-layout":"default","site-content-style":"default","site-sidebar-style":"default","ast-global-header-display":"","ast-banner-title-visibility":"","ast-main-header-display":"","ast-hfb-above-header-display":"","ast-hfb-below-header-display":"","ast-hfb-mobile-header-display":"","site-post-title":"","ast-breadcrumbs-content":"","ast-featured-img":"","footer-sml-layout":"","ast-disable-related-posts":"","theme-transparent-header-meta":"default","adv-header-id-meta":"","stick-header-meta":"default","header-above-stick-meta":"","header-main-stick-meta":"","header-below-stick-meta":"","astra-migrate-meta-layouts":"set","ast-page-background-enabled":"default","ast-page-background-meta":{"desktop":{"background-color":"","background-image":"","background-repeat":"repeat","background-position":"center center","background-size":"auto","background-attachment":"scroll","background-type":"","background-media":"","overlay-type":"","overlay-color":"","overlay-opacity":"","overlay-gradient":""},"tablet":{"background-color":"","background-image":"","background-repeat":"repeat","background-position":"center center","background-size":"auto","background-attachment":"scroll","background-type":"","background-media":"","overlay-type":"","overlay-color":"","overlay-opacity":"","overlay-gradient":""},"mobile":{"background-color":"","background-image":"","background-repeat":"repeat","background-position":"center center","background-size":"auto","background-attachment":"scroll","background-type":"","background-media":"","overlay-type":"","overlay-color":"","overlay-opacity":"","overlay-gradient":""}},"ast-content-background-meta":{"desktop":{"background-color":"var(--ast-global-color-5)","background-image":"","background-repeat":"repeat","background-position":"center center","background-size":"auto","background-attachment":"scroll","background-type":"","background-media":"","overlay-type":"","overlay-color":"","overlay-opacity":"","overlay-gradient":""},"tablet":{"background-color":"var(--ast-global-color-5)","background-image":"","background-repeat":"repeat","background-position":"center center","background-size":"auto","background-attachment":"scroll","background-type":"","background-media":"","overlay-type":"","overlay-color":"","overlay-opacity":"","overlay-gradient":""},"mobile":{"background-color":"var(--ast-global-color-5)","background-image":"","background-repeat":"repeat","background-position":"center center","background-size":"auto","background-attachment":"scroll","background-type":"","background-media":"","overlay-type":"","overlay-color":"","overlay-opacity":"","overlay-gradient":""}},"footnotes":""},"categories":[1],"tags":[],"class_list":["post-7395","post","type-post","status-publish","format-standard","has-post-thumbnail","hentry","category-noticies"],"yoast_head":"<!-- This site is optimized with the Yoast SEO plugin v27.1 - https:\/\/yoast.com\/product\/yoast-seo-wordpress\/ -->\n<title>Alistair Brownlee i Emma Pallant encap\u00e7alen la selecta start list del Challenge Barcelona Triathlon 2023 - Challenge Barcelona Triatl\u00f3<\/title>\n<meta name=\"robots\" content=\"index, follow, max-snippet:-1, max-image-preview:large, max-video-preview:-1\" \/>\n<link rel=\"canonical\" href=\"https:\/\/www.triathlon.barcelona\/ca\/alistair-brownlee-i-emma-pallant-encapcalen-la-selecta-start-list-del-challenge-barcelona-triathlon-2023\/\" \/>\n<meta property=\"og:locale\" content=\"ca_ES\" \/>\n<meta property=\"og:type\" content=\"article\" \/>\n<meta property=\"og:title\" content=\"Alistair Brownlee i Emma Pallant encap\u00e7alen la selecta start list del Challenge Barcelona Triathlon 2023 - Challenge Barcelona Triatl\u00f3\" \/>\n<meta property=\"og:description\" content=\"\u00daltims 100 dorsals disponibles! Les inscripcions es tancaran en assolir la xifra m\u00e0xima de 3.200 participants\" \/>\n<meta property=\"og:url\" content=\"https:\/\/www.triathlon.barcelona\/ca\/alistair-brownlee-i-emma-pallant-encapcalen-la-selecta-start-list-del-challenge-barcelona-triathlon-2023\/\" \/>\n<meta property=\"og:site_name\" content=\"Challenge Barcelona Triatl\u00f3\" \/>\n<meta property=\"article:publisher\" content=\"https:\/\/www.facebook.com\/barcelonatriathlon\" \/>\n<meta property=\"article:published_time\" content=\"2023-09-21T10:02:51+00:00\" \/>\n<meta property=\"article:modified_time\" content=\"2023-09-21T10:29:17+00:00\" \/>\n<meta property=\"og:image\" content=\"https:\/\/www.triathlon.barcelona\/wp-content\/uploads\/2023\/09\/230921-brownlee-pallant-chbcn2023.jpg\" \/>\n\t<meta property=\"og:image:width\" content=\"1920\" \/>\n\t<meta property=\"og:image:height\" content=\"1280\" \/>\n\t<meta property=\"og:image:type\" content=\"image\/jpeg\" \/>\n<meta name=\"author\" content=\"david\" \/>\n<meta name=\"twitter:card\" content=\"summary_large_image\" \/>\n<meta name=\"twitter:creator\" content=\"@bcn_triathlon\" \/>\n<meta name=\"twitter:site\" content=\"@bcn_triathlon\" \/>\n<meta name=\"twitter:label1\" content=\"Escrit per\" \/>\n\t<meta name=\"twitter:data1\" content=\"david\" \/>\n\t<meta name=\"twitter:label2\" content=\"Temps estimat de lectura\" \/>\n\t<meta name=\"twitter:data2\" content=\"2 minuts\" \/>\n<script type=\"application\/ld+json\" class=\"yoast-schema-graph\">{\"@context\":\"https:\/\/schema.org\",\"@graph\":[{\"@type\":\"Article\",\"@id\":\"https:\/\/www.triathlon.barcelona\/ca\/alistair-brownlee-i-emma-pallant-encapcalen-la-selecta-start-list-del-challenge-barcelona-triathlon-2023\/#article\",\"isPartOf\":{\"@id\":\"https:\/\/www.triathlon.barcelona\/ca\/alistair-brownlee-i-emma-pallant-encapcalen-la-selecta-start-list-del-challenge-barcelona-triathlon-2023\/\"},\"author\":{\"name\":\"david\",\"@id\":\"https:\/\/www.triathlon.barcelona\/ca\/#\/schema\/person\/812f46a7af75bae5296e42e5b503d1e6\"},\"headline\":\"Alistair Brownlee i Emma Pallant encap\u00e7alen la selecta start list del Challenge Barcelona Triathlon 2023\",\"datePublished\":\"2023-09-21T10:02:51+00:00\",\"dateModified\":\"2023-09-21T10:29:17+00:00\",\"mainEntityOfPage\":{\"@id\":\"https:\/\/www.triathlon.barcelona\/ca\/alistair-brownlee-i-emma-pallant-encapcalen-la-selecta-start-list-del-challenge-barcelona-triathlon-2023\/\"},\"wordCount\":369,\"publisher\":{\"@id\":\"https:\/\/www.triathlon.barcelona\/ca\/#organization\"},\"image\":{\"@id\":\"https:\/\/www.triathlon.barcelona\/ca\/alistair-brownlee-i-emma-pallant-encapcalen-la-selecta-start-list-del-challenge-barcelona-triathlon-2023\/#primaryimage\"},\"thumbnailUrl\":\"https:\/\/www.triathlon.barcelona\/wp-content\/uploads\/2023\/09\/230921-brownlee-pallant-chbcn2023.jpg\",\"articleSection\":[\"Not\u00edcies\"],\"inLanguage\":\"ca\"},{\"@type\":\"WebPage\",\"@id\":\"https:\/\/www.triathlon.barcelona\/ca\/alistair-brownlee-i-emma-pallant-encapcalen-la-selecta-start-list-del-challenge-barcelona-triathlon-2023\/\",\"url\":\"https:\/\/www.triathlon.barcelona\/ca\/alistair-brownlee-i-emma-pallant-encapcalen-la-selecta-start-list-del-challenge-barcelona-triathlon-2023\/\",\"name\":\"Alistair Brownlee i Emma Pallant encap\u00e7alen la selecta start list del Challenge Barcelona Triathlon 2023 - Challenge Barcelona Triatl\u00f3\",\"isPartOf\":{\"@id\":\"https:\/\/www.triathlon.barcelona\/ca\/#website\"},\"primaryImageOfPage\":{\"@id\":\"https:\/\/www.triathlon.barcelona\/ca\/alistair-brownlee-i-emma-pallant-encapcalen-la-selecta-start-list-del-challenge-barcelona-triathlon-2023\/#primaryimage\"},\"image\":{\"@id\":\"https:\/\/www.triathlon.barcelona\/ca\/alistair-brownlee-i-emma-pallant-encapcalen-la-selecta-start-list-del-challenge-barcelona-triathlon-2023\/#primaryimage\"},\"thumbnailUrl\":\"https:\/\/www.triathlon.barcelona\/wp-content\/uploads\/2023\/09\/230921-brownlee-pallant-chbcn2023.jpg\",\"datePublished\":\"2023-09-21T10:02:51+00:00\",\"dateModified\":\"2023-09-21T10:29:17+00:00\",\"breadcrumb\":{\"@id\":\"https:\/\/www.triathlon.barcelona\/ca\/alistair-brownlee-i-emma-pallant-encapcalen-la-selecta-start-list-del-challenge-barcelona-triathlon-2023\/#breadcrumb\"},\"inLanguage\":\"ca\",\"potentialAction\":[{\"@type\":\"ReadAction\",\"target\":[\"https:\/\/www.triathlon.barcelona\/ca\/alistair-brownlee-i-emma-pallant-encapcalen-la-selecta-start-list-del-challenge-barcelona-triathlon-2023\/\"]}]},{\"@type\":\"ImageObject\",\"inLanguage\":\"ca\",\"@id\":\"https:\/\/www.triathlon.barcelona\/ca\/alistair-brownlee-i-emma-pallant-encapcalen-la-selecta-start-list-del-challenge-barcelona-triathlon-2023\/#primaryimage\",\"url\":\"https:\/\/www.triathlon.barcelona\/wp-content\/uploads\/2023\/09\/230921-brownlee-pallant-chbcn2023.jpg\",\"contentUrl\":\"https:\/\/www.triathlon.barcelona\/wp-content\/uploads\/2023\/09\/230921-brownlee-pallant-chbcn2023.jpg\",\"width\":1920,\"height\":1280},{\"@type\":\"BreadcrumbList\",\"@id\":\"https:\/\/www.triathlon.barcelona\/ca\/alistair-brownlee-i-emma-pallant-encapcalen-la-selecta-start-list-del-challenge-barcelona-triathlon-2023\/#breadcrumb\",\"itemListElement\":[{\"@type\":\"ListItem\",\"position\":1,\"name\":\"Inicio\",\"item\":\"https:\/\/www.triathlon.barcelona\/ca\/\"},{\"@type\":\"ListItem\",\"position\":2,\"name\":\"Alistair Brownlee i Emma Pallant encap\u00e7alen la selecta start list del Challenge Barcelona Triathlon 2023\"}]},{\"@type\":\"WebSite\",\"@id\":\"https:\/\/www.triathlon.barcelona\/ca\/#website\",\"url\":\"https:\/\/www.triathlon.barcelona\/ca\/\",\"name\":\"Challenge Barcelona Triathlon\",\"description\":\"\",\"publisher\":{\"@id\":\"https:\/\/www.triathlon.barcelona\/ca\/#organization\"},\"alternateName\":\"Challenge Barcelona\",\"potentialAction\":[{\"@type\":\"SearchAction\",\"target\":{\"@type\":\"EntryPoint\",\"urlTemplate\":\"https:\/\/www.triathlon.barcelona\/ca\/?s={search_term_string}\"},\"query-input\":{\"@type\":\"PropertyValueSpecification\",\"valueRequired\":true,\"valueName\":\"search_term_string\"}}],\"inLanguage\":\"ca\"},{\"@type\":\"Organization\",\"@id\":\"https:\/\/www.triathlon.barcelona\/ca\/#organization\",\"name\":\"Challenge Barcelona Triathlon\",\"alternateName\":\"Challenge Barcelona\",\"url\":\"https:\/\/www.triathlon.barcelona\/ca\/\",\"logo\":{\"@type\":\"ImageObject\",\"inLanguage\":\"ca\",\"@id\":\"https:\/\/www.triathlon.barcelona\/ca\/#\/schema\/logo\/image\/\",\"url\":\"https:\/\/www.triathlon.barcelona\/wp-content\/uploads\/2024\/06\/logo-challenge-barcelona.png\",\"contentUrl\":\"https:\/\/www.triathlon.barcelona\/wp-content\/uploads\/2024\/06\/logo-challenge-barcelona.png\",\"width\":3209,\"height\":729,\"caption\":\"Challenge Barcelona Triathlon\"},\"image\":{\"@id\":\"https:\/\/www.triathlon.barcelona\/ca\/#\/schema\/logo\/image\/\"},\"sameAs\":[\"https:\/\/www.facebook.com\/barcelonatriathlon\",\"https:\/\/x.com\/bcn_triathlon\",\"https:\/\/www.instagram.com\/barcelonatriathlon\/\"]},{\"@type\":\"Person\",\"@id\":\"https:\/\/www.triathlon.barcelona\/ca\/#\/schema\/person\/812f46a7af75bae5296e42e5b503d1e6\",\"name\":\"david\",\"image\":{\"@type\":\"ImageObject\",\"inLanguage\":\"ca\",\"@id\":\"https:\/\/www.triathlon.barcelona\/ca\/#\/schema\/person\/image\/\",\"url\":\"https:\/\/secure.gravatar.com\/avatar\/f3b6b2a94c48d199ba05b31c711ca66bc5650a0dc06074dd63ae046df043d8e8?s=96&d=mm&r=g\",\"contentUrl\":\"https:\/\/secure.gravatar.com\/avatar\/f3b6b2a94c48d199ba05b31c711ca66bc5650a0dc06074dd63ae046df043d8e8?s=96&d=mm&r=g\",\"caption\":\"david\"},\"sameAs\":[\"https:\/\/www.triathlon.barcelona\"],\"url\":\"https:\/\/www.triathlon.barcelona\/ca\/author\/david\/\"}]}<\/script>\n<!-- \/ Yoast SEO plugin. -->","yoast_head_json":{"title":"Alistair Brownlee i Emma Pallant encap\u00e7alen la selecta start list del Challenge Barcelona Triathlon 2023 - Challenge Barcelona Triatl\u00f3","robots":{"index":"index","follow":"follow","max-snippet":"max-snippet:-1","max-image-preview":"max-image-preview:large","max-video-preview":"max-video-preview:-1"},"canonical":"https:\/\/www.triathlon.barcelona\/ca\/alistair-brownlee-i-emma-pallant-encapcalen-la-selecta-start-list-del-challenge-barcelona-triathlon-2023\/","og_locale":"ca_ES","og_type":"article","og_title":"Alistair Brownlee i Emma Pallant encap\u00e7alen la selecta start list del Challenge Barcelona Triathlon 2023 - Challenge Barcelona Triatl\u00f3","og_description":"\u00daltims 100 dorsals disponibles! Les inscripcions es tancaran en assolir la xifra m\u00e0xima de 3.200 participants","og_url":"https:\/\/www.triathlon.barcelona\/ca\/alistair-brownlee-i-emma-pallant-encapcalen-la-selecta-start-list-del-challenge-barcelona-triathlon-2023\/","og_site_name":"Challenge Barcelona Triatl\u00f3","article_publisher":"https:\/\/www.facebook.com\/barcelonatriathlon","article_published_time":"2023-09-21T10:02:51+00:00","article_modified_time":"2023-09-21T10:29:17+00:00","og_image":[{"width":1920,"height":1280,"url":"https:\/\/www.triathlon.barcelona\/wp-content\/uploads\/2023\/09\/230921-brownlee-pallant-chbcn2023.jpg","type":"image\/jpeg"}],"author":"david","twitter_card":"summary_large_image","twitter_creator":"@bcn_triathlon","twitter_site":"@bcn_triathlon","twitter_misc":{"Escrit per":"david","Temps estimat de lectura":"2 minuts"},"schema":{"@context":"https:\/\/schema.org","@graph":[{"@type":"Article","@id":"https:\/\/www.triathlon.barcelona\/ca\/alistair-brownlee-i-emma-pallant-encapcalen-la-selecta-start-list-del-challenge-barcelona-triathlon-2023\/#article","isPartOf":{"@id":"https:\/\/www.triathlon.barcelona\/ca\/alistair-brownlee-i-emma-pallant-encapcalen-la-selecta-start-list-del-challenge-barcelona-triathlon-2023\/"},"author":{"name":"david","@id":"https:\/\/www.triathlon.barcelona\/ca\/#\/schema\/person\/812f46a7af75bae5296e42e5b503d1e6"},"headline":"Alistair Brownlee i Emma Pallant encap\u00e7alen la selecta start list del Challenge Barcelona Triathlon 2023","datePublished":"2023-09-21T10:02:51+00:00","dateModified":"2023-09-21T10:29:17+00:00","mainEntityOfPage":{"@id":"https:\/\/www.triathlon.barcelona\/ca\/alistair-brownlee-i-emma-pallant-encapcalen-la-selecta-start-list-del-challenge-barcelona-triathlon-2023\/"},"wordCount":369,"publisher":{"@id":"https:\/\/www.triathlon.barcelona\/ca\/#organization"},"image":{"@id":"https:\/\/www.triathlon.barcelona\/ca\/alistair-brownlee-i-emma-pallant-encapcalen-la-selecta-start-list-del-challenge-barcelona-triathlon-2023\/#primaryimage"},"thumbnailUrl":"https:\/\/www.triathlon.barcelona\/wp-content\/uploads\/2023\/09\/230921-brownlee-pallant-chbcn2023.jpg","articleSection":["Not\u00edcies"],"inLanguage":"ca"},{"@type":"WebPage","@id":"https:\/\/www.triathlon.barcelona\/ca\/alistair-brownlee-i-emma-pallant-encapcalen-la-selecta-start-list-del-challenge-barcelona-triathlon-2023\/","url":"https:\/\/www.triathlon.barcelona\/ca\/alistair-brownlee-i-emma-pallant-encapcalen-la-selecta-start-list-del-challenge-barcelona-triathlon-2023\/","name":"Alistair Brownlee i Emma Pallant encap\u00e7alen la selecta start list del Challenge Barcelona Triathlon 2023 - Challenge Barcelona Triatl\u00f3","isPartOf":{"@id":"https:\/\/www.triathlon.barcelona\/ca\/#website"},"primaryImageOfPage":{"@id":"https:\/\/www.triathlon.barcelona\/ca\/alistair-brownlee-i-emma-pallant-encapcalen-la-selecta-start-list-del-challenge-barcelona-triathlon-2023\/#primaryimage"},"image":{"@id":"https:\/\/www.triathlon.barcelona\/ca\/alistair-brownlee-i-emma-pallant-encapcalen-la-selecta-start-list-del-challenge-barcelona-triathlon-2023\/#primaryimage"},"thumbnailUrl":"https:\/\/www.triathlon.barcelona\/wp-content\/uploads\/2023\/09\/230921-brownlee-pallant-chbcn2023.jpg","datePublished":"2023-09-21T10:02:51+00:00","dateModified":"2023-09-21T10:29:17+00:00","breadcrumb":{"@id":"https:\/\/www.triathlon.barcelona\/ca\/alistair-brownlee-i-emma-pallant-encapcalen-la-selecta-start-list-del-challenge-barcelona-triathlon-2023\/#breadcrumb"},"inLanguage":"ca","potentialAction":[{"@type":"ReadAction","target":["https:\/\/www.triathlon.barcelona\/ca\/alistair-brownlee-i-emma-pallant-encapcalen-la-selecta-start-list-del-challenge-barcelona-triathlon-2023\/"]}]},{"@type":"ImageObject","inLanguage":"ca","@id":"https:\/\/www.triathlon.barcelona\/ca\/alistair-brownlee-i-emma-pallant-encapcalen-la-selecta-start-list-del-challenge-barcelona-triathlon-2023\/#primaryimage","url":"https:\/\/www.triathlon.barcelona\/wp-content\/uploads\/2023\/09\/230921-brownlee-pallant-chbcn2023.jpg","contentUrl":"https:\/\/www.triathlon.barcelona\/wp-content\/uploads\/2023\/09\/230921-brownlee-pallant-chbcn2023.jpg","width":1920,"height":1280},{"@type":"BreadcrumbList","@id":"https:\/\/www.triathlon.barcelona\/ca\/alistair-brownlee-i-emma-pallant-encapcalen-la-selecta-start-list-del-challenge-barcelona-triathlon-2023\/#breadcrumb","itemListElement":[{"@type":"ListItem","position":1,"name":"Inicio","item":"https:\/\/www.triathlon.barcelona\/ca\/"},{"@type":"ListItem","position":2,"name":"Alistair Brownlee i Emma Pallant encap\u00e7alen la selecta start list del Challenge Barcelona Triathlon 2023"}]},{"@type":"WebSite","@id":"https:\/\/www.triathlon.barcelona\/ca\/#website","url":"https:\/\/www.triathlon.barcelona\/ca\/","name":"Challenge Barcelona Triathlon","description":"","publisher":{"@id":"https:\/\/www.triathlon.barcelona\/ca\/#organization"},"alternateName":"Challenge Barcelona","potentialAction":[{"@type":"SearchAction","target":{"@type":"EntryPoint","urlTemplate":"https:\/\/www.triathlon.barcelona\/ca\/?s={search_term_string}"},"query-input":{"@type":"PropertyValueSpecification","valueRequired":true,"valueName":"search_term_string"}}],"inLanguage":"ca"},{"@type":"Organization","@id":"https:\/\/www.triathlon.barcelona\/ca\/#organization","name":"Challenge Barcelona Triathlon","alternateName":"Challenge Barcelona","url":"https:\/\/www.triathlon.barcelona\/ca\/","logo":{"@type":"ImageObject","inLanguage":"ca","@id":"https:\/\/www.triathlon.barcelona\/ca\/#\/schema\/logo\/image\/","url":"https:\/\/www.triathlon.barcelona\/wp-content\/uploads\/2024\/06\/logo-challenge-barcelona.png","contentUrl":"https:\/\/www.triathlon.barcelona\/wp-content\/uploads\/2024\/06\/logo-challenge-barcelona.png","width":3209,"height":729,"caption":"Challenge Barcelona Triathlon"},"image":{"@id":"https:\/\/www.triathlon.barcelona\/ca\/#\/schema\/logo\/image\/"},"sameAs":["https:\/\/www.facebook.com\/barcelonatriathlon","https:\/\/x.com\/bcn_triathlon","https:\/\/www.instagram.com\/barcelonatriathlon\/"]},{"@type":"Person","@id":"https:\/\/www.triathlon.barcelona\/ca\/#\/schema\/person\/812f46a7af75bae5296e42e5b503d1e6","name":"david","image":{"@type":"ImageObject","inLanguage":"ca","@id":"https:\/\/www.triathlon.barcelona\/ca\/#\/schema\/person\/image\/","url":"https:\/\/secure.gravatar.com\/avatar\/f3b6b2a94c48d199ba05b31c711ca66bc5650a0dc06074dd63ae046df043d8e8?s=96&d=mm&r=g","contentUrl":"https:\/\/secure.gravatar.com\/avatar\/f3b6b2a94c48d199ba05b31c711ca66bc5650a0dc06074dd63ae046df043d8e8?s=96&d=mm&r=g","caption":"david"},"sameAs":["https:\/\/www.triathlon.barcelona"],"url":"https:\/\/www.triathlon.barcelona\/ca\/author\/david\/"}]}},"_links":{"self":[{"href":"https:\/\/www.triathlon.barcelona\/ca\/wp-json\/wp\/v2\/posts\/7395","targetHints":{"allow":["GET"]}}],"collection":[{"href":"https:\/\/www.triathlon.barcelona\/ca\/wp-json\/wp\/v2\/posts"}],"about":[{"href":"https:\/\/www.triathlon.barcelona\/ca\/wp-json\/wp\/v2\/types\/post"}],"author":[{"embeddable":true,"href":"https:\/\/www.triathlon.barcelona\/ca\/wp-json\/wp\/v2\/users\/1"}],"replies":[{"embeddable":true,"href":"https:\/\/www.triathlon.barcelona\/ca\/wp-json\/wp\/v2\/comments?post=7395"}],"version-history":[{"count":0,"href":"https:\/\/www.triathlon.barcelona\/ca\/wp-json\/wp\/v2\/posts\/7395\/revisions"}],"wp:featuredmedia":[{"embeddable":true,"href":"https:\/\/www.triathlon.barcelona\/ca\/wp-json\/wp\/v2\/media\/7396"}],"wp:attachment":[{"href":"https:\/\/www.triathlon.barcelona\/ca\/wp-json\/wp\/v2\/media?parent=7395"}],"wp:term":[{"taxonomy":"category","embeddable":true,"href":"https:\/\/www.triathlon.barcelona\/ca\/wp-json\/wp\/v2\/categories?post=7395"},{"taxonomy":"post_tag","embeddable":true,"href":"https:\/\/www.triathlon.barcelona\/ca\/wp-json\/wp\/v2\/tags?post=7395"}],"curies":[{"name":"wp","href":"https:\/\/api.w.org\/{rel}","templated":true}]}}