{"id":7562,"date":"2023-09-30T01:10:50","date_gmt":"2023-09-29T23:10:50","guid":{"rendered":"https:\/\/www.triathlon.barcelona\/?p=7562"},"modified":"2023-09-30T01:50:15","modified_gmt":"2023-09-29T23:50:15","slug":"retransmissio-en-directe-de-la-presentacio-del-challenge-barcelona-triathlon","status":"publish","type":"post","link":"https:\/\/www.triathlon.barcelona\/ca\/retransmissio-en-directe-de-la-presentacio-del-challenge-barcelona-triathlon\/","title":{"rendered":"Retransmissi\u00f3 en directe de la presentaci\u00f3 del Challenge Barcelona Triathlon"},"content":{"rendered":"<p><strong>El dilluns 2 d\u2019octubre a les 13:00 hores es presentaran en directe les novetats de l\u2019edici\u00f3 d\u2019enguany del Challenge Barcelona Triathlon, prova que omplir\u00e0 d\u2019esport els carrers de la ciutat el 8 d\u2019octubre.<\/strong><!--more--><\/p>\n<p>La retransmissi\u00f3 es far\u00e0 en directe des de la Sala Llu\u00eds Companys i podr\u00e0 seguir-se des d\u2019aquesta not\u00edcia o el canal de Youtube de l\u2019Ajuntament de Barcelona. Ser\u00e0 l\u2019edici\u00f3 m\u00e9s internacional, amb la pres\u00e8ncia de grans estrelles mundials d\u2019aquest esport.<\/p>\n<p>A l\u2019acte hi participaran el regidor d\u2019Esports, David Escud\u00e9; el director esportiu de la prova, Eloi Moragues; el Quality Manager de Challenge Family, Juanan Fern\u00e1ndez; i els i les triatletes professionals Marta S\u00e1nchez i Albert Moreno.<\/p>\n<p><iframe title=\"YouTube video player\" src=\"https:\/\/www.youtube.com\/embed\/gSGgza7Kvxs?si=zM_O3SWiR9BN4L1H\" width=\"560\" height=\"315\" frameborder=\"0\" allowfullscreen=\"allowfullscreen\"><\/iframe><\/p>\n","protected":false},"excerpt":{"rendered":"<p>El dilluns 2 d\u2019octubre a les 13:00 hores es presentaran en directe les novetats de l\u2019edici\u00f3 d\u2019enguany del Challenge Barcelona Triathlon, prova que omplir\u00e0 d\u2019esport els carrers de la ciutat el 8 d\u2019octubre.<\/p>\n","protected":false},"author":1,"featured_media":7545,"comment_status":"closed","ping_status":"closed","sticky":false,"template":"","format":"standard","meta":{"_monsterinsights_skip_tracking":false,"site-sidebar-layout":"default","site-content-layout":"","ast-site-content-layout":"default","site-content-style":"default","site-sidebar-style":"default","ast-global-header-display":"","ast-banner-title-visibility":"","ast-main-header-display":"","ast-hfb-above-header-display":"","ast-hfb-below-header-display":"","ast-hfb-mobile-header-display":"","site-post-title":"","ast-breadcrumbs-content":"","ast-featured-img":"","footer-sml-layout":"","ast-disable-related-posts":"","theme-transparent-header-meta":"default","adv-header-id-meta":"","stick-header-meta":"default","header-above-stick-meta":"","header-main-stick-meta":"","header-below-stick-meta":"","astra-migrate-meta-layouts":"set","ast-page-background-enabled":"default","ast-page-background-meta":{"desktop":{"background-color":"","background-image":"","background-repeat":"repeat","background-position":"center center","background-size":"auto","background-attachment":"scroll","background-type":"","background-media":"","overlay-type":"","overlay-color":"","overlay-opacity":"","overlay-gradient":""},"tablet":{"background-color":"","background-image":"","background-repeat":"repeat","background-position":"center center","background-size":"auto","background-attachment":"scroll","background-type":"","background-media":"","overlay-type":"","overlay-color":"","overlay-opacity":"","overlay-gradient":""},"mobile":{"background-color":"","background-image":"","background-repeat":"repeat","background-position":"center center","background-size":"auto","background-attachment":"scroll","background-type":"","background-media":"","overlay-type":"","overlay-color":"","overlay-opacity":"","overlay-gradient":""}},"ast-content-background-meta":{"desktop":{"background-color":"var(--ast-global-color-5)","background-image":"","background-repeat":"repeat","background-position":"center center","background-size":"auto","background-attachment":"scroll","background-type":"","background-media":"","overlay-type":"","overlay-color":"","overlay-opacity":"","overlay-gradient":""},"tablet":{"background-color":"var(--ast-global-color-5)","background-image":"","background-repeat":"repeat","background-position":"center center","background-size":"auto","background-attachment":"scroll","background-type":"","background-media":"","overlay-type":"","overlay-color":"","overlay-opacity":"","overlay-gradient":""},"mobile":{"background-color":"var(--ast-global-color-5)","background-image":"","background-repeat":"repeat","background-position":"center center","background-size":"auto","background-attachment":"scroll","background-type":"","background-media":"","overlay-type":"","overlay-color":"","overlay-opacity":"","overlay-gradient":""}},"footnotes":""},"categories":[1],"tags":[],"class_list":["post-7562","post","type-post","status-publish","format-standard","has-post-thumbnail","hentry","category-noticies"],"yoast_head":"<!-- This site is optimized with the Yoast SEO plugin v27.1 - https:\/\/yoast.com\/product\/yoast-seo-wordpress\/ -->\n<title>Retransmissi\u00f3 en directe de la presentaci\u00f3 del Challenge Barcelona Triathlon - Challenge Barcelona Triatl\u00f3<\/title>\n<meta name=\"robots\" content=\"index, follow, max-snippet:-1, max-image-preview:large, max-video-preview:-1\" \/>\n<link rel=\"canonical\" href=\"https:\/\/www.triathlon.barcelona\/ca\/retransmissio-en-directe-de-la-presentacio-del-challenge-barcelona-triathlon\/\" \/>\n<meta property=\"og:locale\" content=\"ca_ES\" \/>\n<meta property=\"og:type\" content=\"article\" \/>\n<meta property=\"og:title\" content=\"Retransmissi\u00f3 en directe de la presentaci\u00f3 del Challenge Barcelona Triathlon - Challenge Barcelona Triatl\u00f3\" \/>\n<meta property=\"og:description\" content=\"El dilluns 2 d\u2019octubre a les 13:00 hores es presentaran en directe les novetats de l\u2019edici\u00f3 d\u2019enguany del Challenge Barcelona Triathlon, prova que omplir\u00e0 d\u2019esport els carrers de la ciutat el 8 d\u2019octubre.\" \/>\n<meta property=\"og:url\" content=\"https:\/\/www.triathlon.barcelona\/ca\/retransmissio-en-directe-de-la-presentacio-del-challenge-barcelona-triathlon\/\" \/>\n<meta property=\"og:site_name\" content=\"Challenge Barcelona Triatl\u00f3\" \/>\n<meta property=\"article:publisher\" content=\"https:\/\/www.facebook.com\/barcelonatriathlon\" \/>\n<meta property=\"article:published_time\" content=\"2023-09-29T23:10:50+00:00\" \/>\n<meta property=\"article:modified_time\" content=\"2023-09-29T23:50:15+00:00\" \/>\n<meta property=\"og:image\" content=\"https:\/\/www.triathlon.barcelona\/wp-content\/uploads\/2023\/09\/230929-presentacio-chbcn2023.jpg\" \/>\n\t<meta property=\"og:image:width\" content=\"1920\" \/>\n\t<meta property=\"og:image:height\" content=\"1280\" \/>\n\t<meta property=\"og:image:type\" content=\"image\/jpeg\" \/>\n<meta name=\"author\" content=\"david\" \/>\n<meta name=\"twitter:card\" content=\"summary_large_image\" \/>\n<meta name=\"twitter:creator\" content=\"@bcn_triathlon\" \/>\n<meta name=\"twitter:site\" content=\"@bcn_triathlon\" \/>\n<meta name=\"twitter:label1\" content=\"Escrit per\" \/>\n\t<meta name=\"twitter:data1\" content=\"david\" \/>\n\t<meta name=\"twitter:label2\" content=\"Temps estimat de lectura\" \/>\n\t<meta name=\"twitter:data2\" content=\"1 minut\" \/>\n<script type=\"application\/ld+json\" class=\"yoast-schema-graph\">{\"@context\":\"https:\/\/schema.org\",\"@graph\":[{\"@type\":\"Article\",\"@id\":\"https:\/\/www.triathlon.barcelona\/ca\/retransmissio-en-directe-de-la-presentacio-del-challenge-barcelona-triathlon\/#article\",\"isPartOf\":{\"@id\":\"https:\/\/www.triathlon.barcelona\/ca\/retransmissio-en-directe-de-la-presentacio-del-challenge-barcelona-triathlon\/\"},\"author\":{\"name\":\"david\",\"@id\":\"https:\/\/www.triathlon.barcelona\/ca\/#\/schema\/person\/812f46a7af75bae5296e42e5b503d1e6\"},\"headline\":\"Retransmissi\u00f3 en directe de la presentaci\u00f3 del Challenge Barcelona Triathlon\",\"datePublished\":\"2023-09-29T23:10:50+00:00\",\"dateModified\":\"2023-09-29T23:50:15+00:00\",\"mainEntityOfPage\":{\"@id\":\"https:\/\/www.triathlon.barcelona\/ca\/retransmissio-en-directe-de-la-presentacio-del-challenge-barcelona-triathlon\/\"},\"wordCount\":133,\"publisher\":{\"@id\":\"https:\/\/www.triathlon.barcelona\/ca\/#organization\"},\"image\":{\"@id\":\"https:\/\/www.triathlon.barcelona\/ca\/retransmissio-en-directe-de-la-presentacio-del-challenge-barcelona-triathlon\/#primaryimage\"},\"thumbnailUrl\":\"https:\/\/www.triathlon.barcelona\/wp-content\/uploads\/2023\/09\/230929-presentacio-chbcn2023.jpg\",\"articleSection\":[\"Not\u00edcies\"],\"inLanguage\":\"ca\"},{\"@type\":\"WebPage\",\"@id\":\"https:\/\/www.triathlon.barcelona\/ca\/retransmissio-en-directe-de-la-presentacio-del-challenge-barcelona-triathlon\/\",\"url\":\"https:\/\/www.triathlon.barcelona\/ca\/retransmissio-en-directe-de-la-presentacio-del-challenge-barcelona-triathlon\/\",\"name\":\"Retransmissi\u00f3 en directe de la presentaci\u00f3 del Challenge Barcelona Triathlon - Challenge Barcelona Triatl\u00f3\",\"isPartOf\":{\"@id\":\"https:\/\/www.triathlon.barcelona\/ca\/#website\"},\"primaryImageOfPage\":{\"@id\":\"https:\/\/www.triathlon.barcelona\/ca\/retransmissio-en-directe-de-la-presentacio-del-challenge-barcelona-triathlon\/#primaryimage\"},\"image\":{\"@id\":\"https:\/\/www.triathlon.barcelona\/ca\/retransmissio-en-directe-de-la-presentacio-del-challenge-barcelona-triathlon\/#primaryimage\"},\"thumbnailUrl\":\"https:\/\/www.triathlon.barcelona\/wp-content\/uploads\/2023\/09\/230929-presentacio-chbcn2023.jpg\",\"datePublished\":\"2023-09-29T23:10:50+00:00\",\"dateModified\":\"2023-09-29T23:50:15+00:00\",\"breadcrumb\":{\"@id\":\"https:\/\/www.triathlon.barcelona\/ca\/retransmissio-en-directe-de-la-presentacio-del-challenge-barcelona-triathlon\/#breadcrumb\"},\"inLanguage\":\"ca\",\"potentialAction\":[{\"@type\":\"ReadAction\",\"target\":[\"https:\/\/www.triathlon.barcelona\/ca\/retransmissio-en-directe-de-la-presentacio-del-challenge-barcelona-triathlon\/\"]}]},{\"@type\":\"ImageObject\",\"inLanguage\":\"ca\",\"@id\":\"https:\/\/www.triathlon.barcelona\/ca\/retransmissio-en-directe-de-la-presentacio-del-challenge-barcelona-triathlon\/#primaryimage\",\"url\":\"https:\/\/www.triathlon.barcelona\/wp-content\/uploads\/2023\/09\/230929-presentacio-chbcn2023.jpg\",\"contentUrl\":\"https:\/\/www.triathlon.barcelona\/wp-content\/uploads\/2023\/09\/230929-presentacio-chbcn2023.jpg\",\"width\":1920,\"height\":1280},{\"@type\":\"BreadcrumbList\",\"@id\":\"https:\/\/www.triathlon.barcelona\/ca\/retransmissio-en-directe-de-la-presentacio-del-challenge-barcelona-triathlon\/#breadcrumb\",\"itemListElement\":[{\"@type\":\"ListItem\",\"position\":1,\"name\":\"Inicio\",\"item\":\"https:\/\/www.triathlon.barcelona\/ca\/\"},{\"@type\":\"ListItem\",\"position\":2,\"name\":\"Retransmissi\u00f3 en directe de la presentaci\u00f3 del Challenge Barcelona Triathlon\"}]},{\"@type\":\"WebSite\",\"@id\":\"https:\/\/www.triathlon.barcelona\/ca\/#website\",\"url\":\"https:\/\/www.triathlon.barcelona\/ca\/\",\"name\":\"Challenge Barcelona Triathlon\",\"description\":\"\",\"publisher\":{\"@id\":\"https:\/\/www.triathlon.barcelona\/ca\/#organization\"},\"alternateName\":\"Challenge Barcelona\",\"potentialAction\":[{\"@type\":\"SearchAction\",\"target\":{\"@type\":\"EntryPoint\",\"urlTemplate\":\"https:\/\/www.triathlon.barcelona\/ca\/?s={search_term_string}\"},\"query-input\":{\"@type\":\"PropertyValueSpecification\",\"valueRequired\":true,\"valueName\":\"search_term_string\"}}],\"inLanguage\":\"ca\"},{\"@type\":\"Organization\",\"@id\":\"https:\/\/www.triathlon.barcelona\/ca\/#organization\",\"name\":\"Challenge Barcelona Triathlon\",\"alternateName\":\"Challenge Barcelona\",\"url\":\"https:\/\/www.triathlon.barcelona\/ca\/\",\"logo\":{\"@type\":\"ImageObject\",\"inLanguage\":\"ca\",\"@id\":\"https:\/\/www.triathlon.barcelona\/ca\/#\/schema\/logo\/image\/\",\"url\":\"https:\/\/www.triathlon.barcelona\/wp-content\/uploads\/2024\/06\/logo-challenge-barcelona.png\",\"contentUrl\":\"https:\/\/www.triathlon.barcelona\/wp-content\/uploads\/2024\/06\/logo-challenge-barcelona.png\",\"width\":3209,\"height\":729,\"caption\":\"Challenge Barcelona Triathlon\"},\"image\":{\"@id\":\"https:\/\/www.triathlon.barcelona\/ca\/#\/schema\/logo\/image\/\"},\"sameAs\":[\"https:\/\/www.facebook.com\/barcelonatriathlon\",\"https:\/\/x.com\/bcn_triathlon\",\"https:\/\/www.instagram.com\/barcelonatriathlon\/\"]},{\"@type\":\"Person\",\"@id\":\"https:\/\/www.triathlon.barcelona\/ca\/#\/schema\/person\/812f46a7af75bae5296e42e5b503d1e6\",\"name\":\"david\",\"image\":{\"@type\":\"ImageObject\",\"inLanguage\":\"ca\",\"@id\":\"https:\/\/www.triathlon.barcelona\/ca\/#\/schema\/person\/image\/\",\"url\":\"https:\/\/secure.gravatar.com\/avatar\/f3b6b2a94c48d199ba05b31c711ca66bc5650a0dc06074dd63ae046df043d8e8?s=96&d=mm&r=g\",\"contentUrl\":\"https:\/\/secure.gravatar.com\/avatar\/f3b6b2a94c48d199ba05b31c711ca66bc5650a0dc06074dd63ae046df043d8e8?s=96&d=mm&r=g\",\"caption\":\"david\"},\"sameAs\":[\"https:\/\/www.triathlon.barcelona\"],\"url\":\"https:\/\/www.triathlon.barcelona\/ca\/author\/david\/\"}]}<\/script>\n<!-- \/ Yoast SEO plugin. -->","yoast_head_json":{"title":"Retransmissi\u00f3 en directe de la presentaci\u00f3 del Challenge Barcelona Triathlon - Challenge Barcelona Triatl\u00f3","robots":{"index":"index","follow":"follow","max-snippet":"max-snippet:-1","max-image-preview":"max-image-preview:large","max-video-preview":"max-video-preview:-1"},"canonical":"https:\/\/www.triathlon.barcelona\/ca\/retransmissio-en-directe-de-la-presentacio-del-challenge-barcelona-triathlon\/","og_locale":"ca_ES","og_type":"article","og_title":"Retransmissi\u00f3 en directe de la presentaci\u00f3 del Challenge Barcelona Triathlon - Challenge Barcelona Triatl\u00f3","og_description":"El dilluns 2 d\u2019octubre a les 13:00 hores es presentaran en directe les novetats de l\u2019edici\u00f3 d\u2019enguany del Challenge Barcelona Triathlon, prova que omplir\u00e0 d\u2019esport els carrers de la ciutat el 8 d\u2019octubre.","og_url":"https:\/\/www.triathlon.barcelona\/ca\/retransmissio-en-directe-de-la-presentacio-del-challenge-barcelona-triathlon\/","og_site_name":"Challenge Barcelona Triatl\u00f3","article_publisher":"https:\/\/www.facebook.com\/barcelonatriathlon","article_published_time":"2023-09-29T23:10:50+00:00","article_modified_time":"2023-09-29T23:50:15+00:00","og_image":[{"width":1920,"height":1280,"url":"https:\/\/www.triathlon.barcelona\/wp-content\/uploads\/2023\/09\/230929-presentacio-chbcn2023.jpg","type":"image\/jpeg"}],"author":"david","twitter_card":"summary_large_image","twitter_creator":"@bcn_triathlon","twitter_site":"@bcn_triathlon","twitter_misc":{"Escrit per":"david","Temps estimat de lectura":"1 minut"},"schema":{"@context":"https:\/\/schema.org","@graph":[{"@type":"Article","@id":"https:\/\/www.triathlon.barcelona\/ca\/retransmissio-en-directe-de-la-presentacio-del-challenge-barcelona-triathlon\/#article","isPartOf":{"@id":"https:\/\/www.triathlon.barcelona\/ca\/retransmissio-en-directe-de-la-presentacio-del-challenge-barcelona-triathlon\/"},"author":{"name":"david","@id":"https:\/\/www.triathlon.barcelona\/ca\/#\/schema\/person\/812f46a7af75bae5296e42e5b503d1e6"},"headline":"Retransmissi\u00f3 en directe de la presentaci\u00f3 del Challenge Barcelona Triathlon","datePublished":"2023-09-29T23:10:50+00:00","dateModified":"2023-09-29T23:50:15+00:00","mainEntityOfPage":{"@id":"https:\/\/www.triathlon.barcelona\/ca\/retransmissio-en-directe-de-la-presentacio-del-challenge-barcelona-triathlon\/"},"wordCount":133,"publisher":{"@id":"https:\/\/www.triathlon.barcelona\/ca\/#organization"},"image":{"@id":"https:\/\/www.triathlon.barcelona\/ca\/retransmissio-en-directe-de-la-presentacio-del-challenge-barcelona-triathlon\/#primaryimage"},"thumbnailUrl":"https:\/\/www.triathlon.barcelona\/wp-content\/uploads\/2023\/09\/230929-presentacio-chbcn2023.jpg","articleSection":["Not\u00edcies"],"inLanguage":"ca"},{"@type":"WebPage","@id":"https:\/\/www.triathlon.barcelona\/ca\/retransmissio-en-directe-de-la-presentacio-del-challenge-barcelona-triathlon\/","url":"https:\/\/www.triathlon.barcelona\/ca\/retransmissio-en-directe-de-la-presentacio-del-challenge-barcelona-triathlon\/","name":"Retransmissi\u00f3 en directe de la presentaci\u00f3 del Challenge Barcelona Triathlon - Challenge Barcelona Triatl\u00f3","isPartOf":{"@id":"https:\/\/www.triathlon.barcelona\/ca\/#website"},"primaryImageOfPage":{"@id":"https:\/\/www.triathlon.barcelona\/ca\/retransmissio-en-directe-de-la-presentacio-del-challenge-barcelona-triathlon\/#primaryimage"},"image":{"@id":"https:\/\/www.triathlon.barcelona\/ca\/retransmissio-en-directe-de-la-presentacio-del-challenge-barcelona-triathlon\/#primaryimage"},"thumbnailUrl":"https:\/\/www.triathlon.barcelona\/wp-content\/uploads\/2023\/09\/230929-presentacio-chbcn2023.jpg","datePublished":"2023-09-29T23:10:50+00:00","dateModified":"2023-09-29T23:50:15+00:00","breadcrumb":{"@id":"https:\/\/www.triathlon.barcelona\/ca\/retransmissio-en-directe-de-la-presentacio-del-challenge-barcelona-triathlon\/#breadcrumb"},"inLanguage":"ca","potentialAction":[{"@type":"ReadAction","target":["https:\/\/www.triathlon.barcelona\/ca\/retransmissio-en-directe-de-la-presentacio-del-challenge-barcelona-triathlon\/"]}]},{"@type":"ImageObject","inLanguage":"ca","@id":"https:\/\/www.triathlon.barcelona\/ca\/retransmissio-en-directe-de-la-presentacio-del-challenge-barcelona-triathlon\/#primaryimage","url":"https:\/\/www.triathlon.barcelona\/wp-content\/uploads\/2023\/09\/230929-presentacio-chbcn2023.jpg","contentUrl":"https:\/\/www.triathlon.barcelona\/wp-content\/uploads\/2023\/09\/230929-presentacio-chbcn2023.jpg","width":1920,"height":1280},{"@type":"BreadcrumbList","@id":"https:\/\/www.triathlon.barcelona\/ca\/retransmissio-en-directe-de-la-presentacio-del-challenge-barcelona-triathlon\/#breadcrumb","itemListElement":[{"@type":"ListItem","position":1,"name":"Inicio","item":"https:\/\/www.triathlon.barcelona\/ca\/"},{"@type":"ListItem","position":2,"name":"Retransmissi\u00f3 en directe de la presentaci\u00f3 del Challenge Barcelona Triathlon"}]},{"@type":"WebSite","@id":"https:\/\/www.triathlon.barcelona\/ca\/#website","url":"https:\/\/www.triathlon.barcelona\/ca\/","name":"Challenge Barcelona Triathlon","description":"","publisher":{"@id":"https:\/\/www.triathlon.barcelona\/ca\/#organization"},"alternateName":"Challenge Barcelona","potentialAction":[{"@type":"SearchAction","target":{"@type":"EntryPoint","urlTemplate":"https:\/\/www.triathlon.barcelona\/ca\/?s={search_term_string}"},"query-input":{"@type":"PropertyValueSpecification","valueRequired":true,"valueName":"search_term_string"}}],"inLanguage":"ca"},{"@type":"Organization","@id":"https:\/\/www.triathlon.barcelona\/ca\/#organization","name":"Challenge Barcelona Triathlon","alternateName":"Challenge Barcelona","url":"https:\/\/www.triathlon.barcelona\/ca\/","logo":{"@type":"ImageObject","inLanguage":"ca","@id":"https:\/\/www.triathlon.barcelona\/ca\/#\/schema\/logo\/image\/","url":"https:\/\/www.triathlon.barcelona\/wp-content\/uploads\/2024\/06\/logo-challenge-barcelona.png","contentUrl":"https:\/\/www.triathlon.barcelona\/wp-content\/uploads\/2024\/06\/logo-challenge-barcelona.png","width":3209,"height":729,"caption":"Challenge Barcelona Triathlon"},"image":{"@id":"https:\/\/www.triathlon.barcelona\/ca\/#\/schema\/logo\/image\/"},"sameAs":["https:\/\/www.facebook.com\/barcelonatriathlon","https:\/\/x.com\/bcn_triathlon","https:\/\/www.instagram.com\/barcelonatriathlon\/"]},{"@type":"Person","@id":"https:\/\/www.triathlon.barcelona\/ca\/#\/schema\/person\/812f46a7af75bae5296e42e5b503d1e6","name":"david","image":{"@type":"ImageObject","inLanguage":"ca","@id":"https:\/\/www.triathlon.barcelona\/ca\/#\/schema\/person\/image\/","url":"https:\/\/secure.gravatar.com\/avatar\/f3b6b2a94c48d199ba05b31c711ca66bc5650a0dc06074dd63ae046df043d8e8?s=96&d=mm&r=g","contentUrl":"https:\/\/secure.gravatar.com\/avatar\/f3b6b2a94c48d199ba05b31c711ca66bc5650a0dc06074dd63ae046df043d8e8?s=96&d=mm&r=g","caption":"david"},"sameAs":["https:\/\/www.triathlon.barcelona"],"url":"https:\/\/www.triathlon.barcelona\/ca\/author\/david\/"}]}},"_links":{"self":[{"href":"https:\/\/www.triathlon.barcelona\/ca\/wp-json\/wp\/v2\/posts\/7562","targetHints":{"allow":["GET"]}}],"collection":[{"href":"https:\/\/www.triathlon.barcelona\/ca\/wp-json\/wp\/v2\/posts"}],"about":[{"href":"https:\/\/www.triathlon.barcelona\/ca\/wp-json\/wp\/v2\/types\/post"}],"author":[{"embeddable":true,"href":"https:\/\/www.triathlon.barcelona\/ca\/wp-json\/wp\/v2\/users\/1"}],"replies":[{"embeddable":true,"href":"https:\/\/www.triathlon.barcelona\/ca\/wp-json\/wp\/v2\/comments?post=7562"}],"version-history":[{"count":0,"href":"https:\/\/www.triathlon.barcelona\/ca\/wp-json\/wp\/v2\/posts\/7562\/revisions"}],"wp:featuredmedia":[{"embeddable":true,"href":"https:\/\/www.triathlon.barcelona\/ca\/wp-json\/wp\/v2\/media\/7545"}],"wp:attachment":[{"href":"https:\/\/www.triathlon.barcelona\/ca\/wp-json\/wp\/v2\/media?parent=7562"}],"wp:term":[{"taxonomy":"category","embeddable":true,"href":"https:\/\/www.triathlon.barcelona\/ca\/wp-json\/wp\/v2\/categories?post=7562"},{"taxonomy":"post_tag","embeddable":true,"href":"https:\/\/www.triathlon.barcelona\/ca\/wp-json\/wp\/v2\/tags?post=7562"}],"curies":[{"name":"wp","href":"https:\/\/api.w.org\/{rel}","templated":true}]}}