{"id":7595,"date":"2023-10-02T16:18:30","date_gmt":"2023-10-02T14:18:30","guid":{"rendered":"https:\/\/www.triathlon.barcelona\/?p=7595"},"modified":"2023-10-02T16:19:34","modified_gmt":"2023-10-02T14:19:34","slug":"challenge-barcelona-triathlon-2023-penja-el-cartell-de-complet","status":"publish","type":"post","link":"https:\/\/www.triathlon.barcelona\/ca\/challenge-barcelona-triathlon-2023-penja-el-cartell-de-complet\/","title":{"rendered":"Challenge Barcelona Triathlon 2023 penja el cartell de complet"},"content":{"rendered":"<p><strong>Aquest diumenge 8 d\u2019octubre, la platja de la Mar Bella de Barcelona acollir\u00e0 un total de 3.200 participants, un 88% m\u00e9s que la passada edici\u00f3<\/strong><!--more--><\/p>\n<p><strong>M\u00e9s de 70 triatletes professionals vinguts d\u2019arreu del m\u00f3n estaran presents a la l\u00ednia de sortida per competir en la nova dist\u00e0ncia Elit Short<\/strong><\/p>\n<p><strong>Betev\u00e9 emetr\u00e0 en directe aquesta prova amb una programaci\u00f3 especial de m\u00e9s de 6 hores de duraci\u00f3 que tamb\u00e9 podr\u00e0 seguir-se online a www.cat\/esports<\/strong><\/p>\n<p>&nbsp;<\/p>\n<p>El Challenge Barcelona Triathlon, que aquest any es va sumar a la marca global de triatl\u00f3 Challenge Family, ha assolit el seu objectiu de potenciar i internacionalitzar encara m\u00e9s una de les proves m\u00e9s emblem\u00e0tiques del calendari esportiu. Aix\u00ed ho demostren les dades que s\u2019han fet p\u00fabliques durant l\u2019acte de presentaci\u00f3 de la nova edici\u00f3 que ha tingut lloc aquest dilluns. L\u2019edici\u00f3 d\u2019enguany ha exhaurit les 3.200 places disponibles i ha aconseguit una gran representaci\u00f3 d\u2019atletes internacionals vinguts de fins a 57 pa\u00efsos diferents. Una de les altres dades positives \u00e9s la alta participaci\u00f3 femenina, que s\u2019acosta per segona vegada a la hist\u00f2ria d\u2019aquesta prova al 30%.<\/p>\n<p>Els \u00faltims detalls del Challenge Barcelona Triathlon, que se celebrar\u00e0 aquest diumenge 8 d\u2019octubre a partir de les 8 hores des de la platja de la Mar Bella, s\u2019han presentat avui en un acte que ha comptat amb la pres\u00e8ncia del regidor d\u2019Esports de l\u2019Ajuntament de Barcelona, <strong>David Escud\u00e9<\/strong>, el Quality Manager de Challenge Family, <strong>Juanan Fern\u00e1ndez<\/strong>, el director esportiu del Challenge Barcelona Triathlon, <strong>Eloi Moragues<\/strong>, i els triatletes professionals, <strong>Marta S\u00e1nchez<\/strong> i <strong>Albert Moreno<\/strong>.<\/p>\n<p>El regidor d\u2019Esports, <strong>David Escud\u00e9<\/strong>, ha remarcat: \u201cLa Challenge Barcelona Triathlon 2023 ha incrementat de forma molt significativa les xifres de participaci\u00f3. Enguany hem exhaurit els 3.200 dorsals disponibles, \u00e9s a dir, hem crescut un 88% respecte a la passada edici\u00f3. Aix\u00f2, sumat al fant\u00e0stic elenc d\u2019estrelles internacionals que estaran a la l\u00ednia de sortida aquest diumenge confirma que estem en el bon cam\u00ed per enfortir la nostra prova\u201d.<\/p>\n<p>Per la seva part, el Quality Manager de Challenge Family, <strong>Juanan Fern\u00e1ndez<\/strong>, ha declarat: \u201cLa uni\u00f3 entre Challenge Family i el Triatl\u00f3 de Barcelona ha estat molt fruct\u00edfera amb poc temps. Hem aconseguit fer marca i junts som m\u00e9s forts, les dues marques han guanyat i cal posar-ho en valor sense cap mena de dubte. L\u2019acceptaci\u00f3 pel que fa als i les triatletes professionals ha estat brutal, que gent amb medalla ol\u00edmpica com Alistar Brownlee vulgui venir a Barcelona diu molt de l\u2019encant i el prestigi d\u2019aquesta prova. Tenim una llista de sortida d\u2019un R\u00e0nking PTO de campionat mundial i Barcelona ser\u00e0 la capital del triatl\u00f3 el proper 8 d\u2019octubre. Aix\u00ed que, posem-nos guapos i guapes que el m\u00f3n sencer ens mirar\u00e0\u00bb.<\/p>\n<p>&nbsp;<\/p>\n<p><strong>Elenc d\u2019estrelles esportives de luxe<\/strong><\/p>\n<p>L\u2019edici\u00f3 d\u2019aquest any promet ser un esdeveniment sense precedents, amb un elenc d\u2019estrelles que inclou l\u2019il\u00b7lustre Alistair Brownlee, campi\u00f3 ol\u00edmpic i mundial, o la pres\u00e8ncia destacada de Sara P\u00e9rez, la triatleta espanyola que es situa en la part m\u00e9s alta del Ranking PTO.<\/p>\n<p><strong>Alistair Brownlee<\/strong>, natural del Regne Unit, compta amb un impressionant palmar\u00e8s que inclou dues medalles d\u2019or ol\u00edmpiques en triatl\u00f3 als Jocs Ol\u00edmpics de Londres 2012 i Rio 2016, aix\u00ed com dos t\u00edtols de campi\u00f3 del M\u00f3n de Triatl\u00f3 i cinc Campionats d\u2019Europa de Triatl\u00f3 al seu historial. A m\u00e9s, ha estat subcampi\u00f3 del M\u00f3n en Mitja Dist\u00e0ncia dues vegades, concretament el 2019 i el 2018.<\/p>\n<p>La triatleta catalana <strong>Sara P\u00e9rez<\/strong>, coneguda per la seva destacada actuaci\u00f3 en les darreres edicions del Challenge \u201cThe Championship\u201d \u0160amor\u00edn com a campiona en 2022, subcampiona en 2021 i tercera en 2023, es perfila com una de les favorites per endur-se el Challenge Barcelona Triathlon d\u2019aquest any.<\/p>\n<p>El Challenge Barcelona Triathlon 2023 tamb\u00e9 comptar\u00e0 amb la pres\u00e8ncia d\u2019altres triatletes professionals de renom, com Frederic Funk, subcampi\u00f3 del M\u00f3n de Triatl\u00f3 de Mitja Dist\u00e0ncia el 2022; Cameron Wurf, ciclista professional de l\u2019Ineos i segon a l\u2019Ironman \u00c0ustria 2023; Antonio Benito, subcampi\u00f3 del M\u00f3n de Triatl\u00f3 de Llarga Dist\u00e0ncia el 2023; Imogen Simmonds, tercera al Mundial de Triatl\u00f3 de Mitja Dist\u00e0ncia el 2023; i Lucy Buckingham, tercera al Challenge \u201cThe Championship\u201d \u0160amor\u00edn 2022.<\/p>\n<p>&nbsp;<\/p>\n<p><strong>Nova modalitat professional: Elit Short<\/strong><\/p>\n<p>Enguany la prova ha incorporat com a gran novetat la <strong>modalitat Elit Short<\/strong> amb 25.000 euros de premis. Es disputar\u00e0 sota els segments de 1.500 metres de nataci\u00f3, 60 quil\u00f2metres de bicicleta i 16 quil\u00f2metres de cursa a peu. \u00c9s exclusiva pels i les triatletes professionals i puntuable pel <strong>World Challenge Bonus<\/strong>, una iniciativa on la franqu\u00edcia ofereix als i les atletes d\u2019elit l&#8217;oportunitat de competir per un r\u00e0nquing amb una bossa de premis de 125.000 euros.<\/p>\n<p>Per altra banda, la prova tamb\u00e9 ser\u00e0 puntuable pel <strong>Ranking de la PTO<\/strong>, l\u2019Organitzaci\u00f3 de Triatletes Professionals, i aquesta modalitat Short tamb\u00e9 ser\u00e0 classificat\u00f2ria pel <strong>The Championship de Challenge Family<\/strong>, un campionat anual que reuneix als i les millors triatletes del m\u00f3n a \u0160amor\u00edn (Eslov\u00e0quia).<\/p>\n<p>Pel que fa a la resta de modalitats, la Challenge Barcelona Triathlon torna a comptar amb les seg\u00fcents dist\u00e0ncies:<\/p>\n<ul>\n<li><strong>Ol\u00edmpica<\/strong>: 1.500 metres de recorregut de nataci\u00f3, 40 quil\u00f2metres de circuit de ciclisme i 10 quil\u00f2metres del tram de la cursa a peu.<\/li>\n<li><strong>Sprint<\/strong>: 750 metres de recorregut de nataci\u00f3 amb 1 volta, 20 quil\u00f2metres de circuit de ciclisme amb 2 voltes i 5 quil\u00f2metres del tram de la cursa a peu amb 1 volta.<\/li>\n<li><strong>Super Sprint<\/strong>: 300 metres de recorregut de nataci\u00f3 amb 1 volta, 7 quil\u00f2metres de circuit de ciclisme a 1 volta i 2,5 quil\u00f2metres del tram de la cursa a peu amb 1 volta.<\/li>\n<\/ul>\n<p>Com en la darrera edici\u00f3, la participaci\u00f3 podr\u00e0 ser individual o fins i tot en parelles. Les dist\u00e0ncies Sprint i Ol\u00edmpica, tamb\u00e9 es podran fer en format relleus, de forma que si no es vol practicar les 3 disciplines, es pugui compartir la prova amb 1 o 2 companys.<\/p>\n<p>El director esportiu de la prova, <strong>Eloi Moragues, <\/strong>ha explicat: \u201cl\u2019edici\u00f3 enguany es caracteritza per tornar a posar el Triatl\u00f3 de Barcelona dins de les proves referents del calendari europeu tant per la participaci\u00f3 del i la triatleta popular, amb m\u00e9s de 3.200 persones, com tamb\u00e9 amb l\u2019alt\u00edssim nivell que hi haur\u00e0 a la modalitat ELIT SHORT, on podrem gaudir dels millors i les millors triatletes tant a nivell nacional com internacional que ens permetran viure un gran espectacle pels carrers de Barcelona. Per altra banda, volem destacar el bonic projecte de \u201cTriatl\u00f3 Sense Fronteres\u201d on esportistes amb discapacitat intel\u00b7lectual han pogut gaudir d\u2019una preparaci\u00f3 i seguiment durant 4 mesos per poder afrontar el seu gran repte el proper diumenge 8 d\u2019octubre, sincerament ser\u00e0 emocionant veure la cara de felicitat de tots els nois i noies de la Federaci\u00f3 ACELL creuar la l\u00ednia d\u2019arribada. Ser\u00e0 un dia molt bonic ple d\u2019hist\u00f2ries i an\u00e8cdotes personals que podrem viure a primer fila\u00bb.<\/p>\n<p>A l\u2019acte de presentaci\u00f3 del Challenge Barcelona Triathlon tamb\u00e9 han participat els triatletes professionals <strong>Marta S\u00e1nchez<\/strong> i\u00a0 <strong>Albert Moreno<\/strong>. \u201cCompetir a la meva ciutat natal \u00e9s especial. A m\u00e9s \u00e9s el triatl\u00f3 en el que m\u00e9s cops he participat i poder viure l\u2019evoluci\u00f3 que ha tingut tamb\u00e9\u00a0ho\u00a0fa\u00a0\u00fanic. A nivell competitiu, sempre m\u2019agrada poder enfrontar-me amb noies de tant de nivell. La concentraci\u00f3 ha d\u2019estar al 100% perqu\u00e8 qualsevol error es paga car, i sempre aprenc alguna cosa d\u2019aquestes\u00a0curses.\u201d, ha assegurat S\u00e1nchez. Per la seva banda, <strong>Albert Moreno <\/strong>ha afegit<strong>:<\/strong> \u201cA Barcelona sempre \u00e9s especial, poder competir a 40&#8242; de casa en un lloc tant id\u00edl\u00b7lic fa que les ganes de cursa\u00a0es\u00a0disparin. El nivell de la llista de participants \u00e9s una passada, \u00f2bviament no \u00e9s el meu tipus de cursa per estar al davant,\u00a0 per\u00f2 espero gaudir-ho. Compartir l\u00ednia de sortida amb un doble campi\u00f3 ol\u00edmpic com Alistair\u00a0ser\u00e0\u00a0brutal\u201d.<\/p>\n<p>&nbsp;<\/p>\n<p><strong>Junior Challenge i Tri Expo<\/strong><\/p>\n<p>Igual que en 2022, per\u00f2 amb un canvi de nom en la modalitat, el Challenge Barcelona Triathlon tornar\u00e0 a oferir una opci\u00f3 pels i les m\u00e9s joves amb l\u2019objectiu de promocionar i fer arribar aquesta prova als adolescents mentre gaudeixen del millor escenari i amb la m\u00e0xima seguretat. Els nois i noies d\u2019entre 12 i 17 anys inscrits a aquesta dist\u00e0ncia tindran l\u2019opci\u00f3 d\u2019assistir el dissabte 7 d\u2019octubre a les 17 hores, a la Platja de la Mar Bella, a una sessi\u00f3 informativa on els entrenadors i entrenadores de l\u2019ACCT (Associaci\u00f3 Catalana de Clubs de Triatl\u00f3) explicaran els recorreguts, la circulaci\u00f3 de boxes i com activar-se i afrontar la prova del diumenge.<\/p>\n<p>A m\u00e9s de la competici\u00f3, un any m\u00e9s torna la <strong>Tri Expo<\/strong>, la fira del triatl\u00f3 que tindr\u00e0 lloc el divendres 6 d&#8217;octubre de 15 a 19 hores i el dissabte 7 d\u2019octubre de 10 a 19 hores al CEM La Mar Bella, on tant triatletes com curiosos podran accedir a la Fira d\u2019expositors de material esportiu especialitzat i tamb\u00e9 al marxandatge de la prova.<\/p>\n<p>El dissabte 7 d\u2019octubre a les 11 hores, a la mateixa Tri Expo, hi haur\u00e0 una xerrada per a totes les persones assistents amb Sara P\u00e9rez, Campiona del The Championship \u0160amor\u00edn, i Antonio Benito, Subcampi\u00f3 del M\u00f3n de Triatl\u00f3 de Llarga Dist\u00e0ncia. A partir de les 12 hores, es realitzar\u00e0 un <em>briefing<\/em> informatiu als atletes de la dist\u00e0ncia Elit Short.<\/p>\n<p>&nbsp;<\/p>\n<p><strong>Triatl\u00f3 Sense Fronteres: acompanyament inclusiu per a esportistes amb necessitats especials<\/strong><\/p>\n<p>El Challenge Barcelona Triathlon tamb\u00e9 ha presentat el projecte social \u201cTriatl\u00f3 Sense Fronteres\u201d, una iniciativa que busca garantir que esportistes amb necessitats especials tinguin l\u2019oportunitat de participar en igualtat de condicions amb altres triatletes. En els darrers mesos, un equip d\u2019esportistes amb necessitats especials han estat acompanyats per a viure una experi\u00e8ncia \u00fanica que ha comptat amb un pla d\u2019entrenament adaptat i sessions dirigides presencials que s\u2019han ajustat a les necessitats espec\u00edfiques del grup seleccionat.<\/p>\n<p>El projecte \u201cTriatl\u00f3 Sense Fronteres\u201d ha estat fruit de la col\u00b7laboraci\u00f3 entre la Federaci\u00f3 ACELL (Federaci\u00f3 Catalana d\u2019Esport per a Persones amb Discapacitat Intel\u00b7lectual) i la Fundaci\u00f3 la Caixa, que ha finan\u00e7at aquesta iniciativa.<\/p>\n<p>Amb aquesta acci\u00f3, el Challenge Barcelona Triathlon posa de manifest el seu comprom\u00eds amb la inclusi\u00f3 i demostra que el triatl\u00f3 \u00e9s un esport obert a tothom, independentment de les seves capacitats. Aquesta oportunitat no nom\u00e9s permetr\u00e0 als esportistes amb necessitats especials superar reptes personals, sin\u00f3 que tamb\u00e9 fomentar\u00e0 la consci\u00e8ncia i el respecte cap a la diversitat en el m\u00f3n de l\u2019esport. El Challenge Barcelona Triathlon, juntament amb els seus col\u00b7laboradors, demostren que el triatl\u00f3 \u00e9s una oportunitat per unir persones i superar l\u00edmits, trencant fronteres per a l\u2019esport i la igualtat.<\/p>\n<p>&nbsp;<\/p>\n<p><strong>Retransmissi\u00f3 per betev\u00e9<\/strong><\/p>\n<p>Per a tothom que vulgui seguir en directe la competici\u00f3 per\u00f2 que no es pugui acostar al Pavell\u00f3 Blau de Barcelona, aquest any betev\u00e9 tornar\u00e0 a retransmetre la prova amb una programaci\u00f3 especial que comen\u00e7ar\u00e0 a primera hora del mat\u00ed i que s\u2019allargar\u00e0 amb un programa de m\u00e9s de 6 hores de duraci\u00f3 per cobrir tota la competici\u00f3. Aquest contingut s\u2019emet a la TDT de betev\u00e9 i es veur\u00e0 a tota Catalunya al fer-se en col\u00b7laboraci\u00f3 amb La Xarxa. Tamb\u00e9 podr\u00e0 seguir-se per internet a la web de bcn.cat\/esports.<\/p>\n<p>&nbsp;<\/p>\n<p><strong>Materials complementaris: <\/strong><\/p>\n<p><a href=\"https:\/\/www.dropbox.com\/scl\/fo\/6ft99txzvowrfdhtqq4kp\/h?rlkey=rjqdgql74e0og7anep2lpnrxn&amp;dl=0\" target=\"_blank\" rel=\"noopener\">Fotografies de la roda de premsa de la Challenge Barcelona Triathlon 2023<\/a><\/p>\n<p><a href=\"https:\/\/www.dropbox.com\/scl\/fo\/ixembfbniiy9ph8t6fnul\/h?rlkey=lj7h3fqhoomexrpigfcx02yqh&amp;dl=0\" target=\"_blank\" rel=\"noopener\">V\u00eddeo presentaci\u00f3 de la nova edici\u00f3<\/a><\/p>\n<p><a href=\"https:\/\/www.flickr.com\/photos\/tots_som_esport\/albums\/72177720302782472\" target=\"_blank\" rel=\"noopener\">Fotografies de la Barcelona Triathlon 2022<\/a><\/p>\n","protected":false},"excerpt":{"rendered":"<p>Aquest diumenge 8 d\u2019octubre, la platja de la Mar Bella de Barcelona acollir\u00e0 un total de 3.200 participants, un 88% m\u00e9s que la passada edici\u00f3<\/p>\n","protected":false},"author":1,"featured_media":7597,"comment_status":"closed","ping_status":"closed","sticky":false,"template":"","format":"standard","meta":{"_monsterinsights_skip_tracking":false,"site-sidebar-layout":"default","site-content-layout":"","ast-site-content-layout":"default","site-content-style":"default","site-sidebar-style":"default","ast-global-header-display":"","ast-banner-title-visibility":"","ast-main-header-display":"","ast-hfb-above-header-display":"","ast-hfb-below-header-display":"","ast-hfb-mobile-header-display":"","site-post-title":"","ast-breadcrumbs-content":"","ast-featured-img":"","footer-sml-layout":"","ast-disable-related-posts":"","theme-transparent-header-meta":"default","adv-header-id-meta":"","stick-header-meta":"default","header-above-stick-meta":"","header-main-stick-meta":"","header-below-stick-meta":"","astra-migrate-meta-layouts":"set","ast-page-background-enabled":"default","ast-page-background-meta":{"desktop":{"background-color":"","background-image":"","background-repeat":"repeat","background-position":"center center","background-size":"auto","background-attachment":"scroll","background-type":"","background-media":"","overlay-type":"","overlay-color":"","overlay-opacity":"","overlay-gradient":""},"tablet":{"background-color":"","background-image":"","background-repeat":"repeat","background-position":"center center","background-size":"auto","background-attachment":"scroll","background-type":"","background-media":"","overlay-type":"","overlay-color":"","overlay-opacity":"","overlay-gradient":""},"mobile":{"background-color":"","background-image":"","background-repeat":"repeat","background-position":"center center","background-size":"auto","background-attachment":"scroll","background-type":"","background-media":"","overlay-type":"","overlay-color":"","overlay-opacity":"","overlay-gradient":""}},"ast-content-background-meta":{"desktop":{"background-color":"var(--ast-global-color-5)","background-image":"","background-repeat":"repeat","background-position":"center center","background-size":"auto","background-attachment":"scroll","background-type":"","background-media":"","overlay-type":"","overlay-color":"","overlay-opacity":"","overlay-gradient":""},"tablet":{"background-color":"var(--ast-global-color-5)","background-image":"","background-repeat":"repeat","background-position":"center center","background-size":"auto","background-attachment":"scroll","background-type":"","background-media":"","overlay-type":"","overlay-color":"","overlay-opacity":"","overlay-gradient":""},"mobile":{"background-color":"var(--ast-global-color-5)","background-image":"","background-repeat":"repeat","background-position":"center center","background-size":"auto","background-attachment":"scroll","background-type":"","background-media":"","overlay-type":"","overlay-color":"","overlay-opacity":"","overlay-gradient":""}},"footnotes":""},"categories":[1],"tags":[],"class_list":["post-7595","post","type-post","status-publish","format-standard","has-post-thumbnail","hentry","category-noticies"],"yoast_head":"<!-- This site is optimized with the Yoast SEO plugin v27.1 - https:\/\/yoast.com\/product\/yoast-seo-wordpress\/ -->\n<title>Challenge Barcelona Triathlon 2023 penja el cartell de complet - Challenge Barcelona Triatl\u00f3<\/title>\n<meta name=\"robots\" content=\"index, follow, max-snippet:-1, max-image-preview:large, max-video-preview:-1\" \/>\n<link rel=\"canonical\" href=\"https:\/\/www.triathlon.barcelona\/ca\/challenge-barcelona-triathlon-2023-penja-el-cartell-de-complet\/\" \/>\n<meta property=\"og:locale\" content=\"ca_ES\" \/>\n<meta property=\"og:type\" content=\"article\" \/>\n<meta property=\"og:title\" content=\"Challenge Barcelona Triathlon 2023 penja el cartell de complet - Challenge Barcelona Triatl\u00f3\" \/>\n<meta property=\"og:description\" content=\"Aquest diumenge 8 d\u2019octubre, la platja de la Mar Bella de Barcelona acollir\u00e0 un total de 3.200 participants, un 88% m\u00e9s que la passada edici\u00f3\" \/>\n<meta property=\"og:url\" content=\"https:\/\/www.triathlon.barcelona\/ca\/challenge-barcelona-triathlon-2023-penja-el-cartell-de-complet\/\" \/>\n<meta property=\"og:site_name\" content=\"Challenge Barcelona Triatl\u00f3\" \/>\n<meta property=\"article:publisher\" content=\"https:\/\/www.facebook.com\/barcelonatriathlon\" \/>\n<meta property=\"article:published_time\" content=\"2023-10-02T14:18:30+00:00\" \/>\n<meta property=\"article:modified_time\" content=\"2023-10-02T14:19:34+00:00\" \/>\n<meta property=\"og:image\" content=\"https:\/\/www.triathlon.barcelona\/wp-content\/uploads\/2023\/10\/231002-rdp-chbcn2023.jpg\" \/>\n\t<meta property=\"og:image:width\" content=\"1920\" \/>\n\t<meta property=\"og:image:height\" content=\"1280\" \/>\n\t<meta property=\"og:image:type\" content=\"image\/jpeg\" \/>\n<meta name=\"author\" content=\"david\" \/>\n<meta name=\"twitter:card\" content=\"summary_large_image\" \/>\n<meta name=\"twitter:creator\" content=\"@bcn_triathlon\" \/>\n<meta name=\"twitter:site\" content=\"@bcn_triathlon\" \/>\n<meta name=\"twitter:label1\" content=\"Escrit per\" \/>\n\t<meta name=\"twitter:data1\" content=\"david\" \/>\n\t<meta name=\"twitter:label2\" content=\"Temps estimat de lectura\" \/>\n\t<meta name=\"twitter:data2\" content=\"11 minuts\" \/>\n<script type=\"application\/ld+json\" class=\"yoast-schema-graph\">{\"@context\":\"https:\/\/schema.org\",\"@graph\":[{\"@type\":\"Article\",\"@id\":\"https:\/\/www.triathlon.barcelona\/ca\/challenge-barcelona-triathlon-2023-penja-el-cartell-de-complet\/#article\",\"isPartOf\":{\"@id\":\"https:\/\/www.triathlon.barcelona\/ca\/challenge-barcelona-triathlon-2023-penja-el-cartell-de-complet\/\"},\"author\":{\"name\":\"david\",\"@id\":\"https:\/\/www.triathlon.barcelona\/ca\/#\/schema\/person\/812f46a7af75bae5296e42e5b503d1e6\"},\"headline\":\"Challenge Barcelona Triathlon 2023 penja el cartell de complet\",\"datePublished\":\"2023-10-02T14:18:30+00:00\",\"dateModified\":\"2023-10-02T14:19:34+00:00\",\"mainEntityOfPage\":{\"@id\":\"https:\/\/www.triathlon.barcelona\/ca\/challenge-barcelona-triathlon-2023-penja-el-cartell-de-complet\/\"},\"wordCount\":1965,\"publisher\":{\"@id\":\"https:\/\/www.triathlon.barcelona\/ca\/#organization\"},\"image\":{\"@id\":\"https:\/\/www.triathlon.barcelona\/ca\/challenge-barcelona-triathlon-2023-penja-el-cartell-de-complet\/#primaryimage\"},\"thumbnailUrl\":\"https:\/\/www.triathlon.barcelona\/wp-content\/uploads\/2023\/10\/231002-rdp-chbcn2023.jpg\",\"articleSection\":[\"Not\u00edcies\"],\"inLanguage\":\"ca\"},{\"@type\":\"WebPage\",\"@id\":\"https:\/\/www.triathlon.barcelona\/ca\/challenge-barcelona-triathlon-2023-penja-el-cartell-de-complet\/\",\"url\":\"https:\/\/www.triathlon.barcelona\/ca\/challenge-barcelona-triathlon-2023-penja-el-cartell-de-complet\/\",\"name\":\"Challenge Barcelona Triathlon 2023 penja el cartell de complet - Challenge Barcelona Triatl\u00f3\",\"isPartOf\":{\"@id\":\"https:\/\/www.triathlon.barcelona\/ca\/#website\"},\"primaryImageOfPage\":{\"@id\":\"https:\/\/www.triathlon.barcelona\/ca\/challenge-barcelona-triathlon-2023-penja-el-cartell-de-complet\/#primaryimage\"},\"image\":{\"@id\":\"https:\/\/www.triathlon.barcelona\/ca\/challenge-barcelona-triathlon-2023-penja-el-cartell-de-complet\/#primaryimage\"},\"thumbnailUrl\":\"https:\/\/www.triathlon.barcelona\/wp-content\/uploads\/2023\/10\/231002-rdp-chbcn2023.jpg\",\"datePublished\":\"2023-10-02T14:18:30+00:00\",\"dateModified\":\"2023-10-02T14:19:34+00:00\",\"breadcrumb\":{\"@id\":\"https:\/\/www.triathlon.barcelona\/ca\/challenge-barcelona-triathlon-2023-penja-el-cartell-de-complet\/#breadcrumb\"},\"inLanguage\":\"ca\",\"potentialAction\":[{\"@type\":\"ReadAction\",\"target\":[\"https:\/\/www.triathlon.barcelona\/ca\/challenge-barcelona-triathlon-2023-penja-el-cartell-de-complet\/\"]}]},{\"@type\":\"ImageObject\",\"inLanguage\":\"ca\",\"@id\":\"https:\/\/www.triathlon.barcelona\/ca\/challenge-barcelona-triathlon-2023-penja-el-cartell-de-complet\/#primaryimage\",\"url\":\"https:\/\/www.triathlon.barcelona\/wp-content\/uploads\/2023\/10\/231002-rdp-chbcn2023.jpg\",\"contentUrl\":\"https:\/\/www.triathlon.barcelona\/wp-content\/uploads\/2023\/10\/231002-rdp-chbcn2023.jpg\",\"width\":1920,\"height\":1280},{\"@type\":\"BreadcrumbList\",\"@id\":\"https:\/\/www.triathlon.barcelona\/ca\/challenge-barcelona-triathlon-2023-penja-el-cartell-de-complet\/#breadcrumb\",\"itemListElement\":[{\"@type\":\"ListItem\",\"position\":1,\"name\":\"Inicio\",\"item\":\"https:\/\/www.triathlon.barcelona\/ca\/\"},{\"@type\":\"ListItem\",\"position\":2,\"name\":\"Challenge Barcelona Triathlon 2023 penja el cartell de complet\"}]},{\"@type\":\"WebSite\",\"@id\":\"https:\/\/www.triathlon.barcelona\/ca\/#website\",\"url\":\"https:\/\/www.triathlon.barcelona\/ca\/\",\"name\":\"Challenge Barcelona Triathlon\",\"description\":\"\",\"publisher\":{\"@id\":\"https:\/\/www.triathlon.barcelona\/ca\/#organization\"},\"alternateName\":\"Challenge Barcelona\",\"potentialAction\":[{\"@type\":\"SearchAction\",\"target\":{\"@type\":\"EntryPoint\",\"urlTemplate\":\"https:\/\/www.triathlon.barcelona\/ca\/?s={search_term_string}\"},\"query-input\":{\"@type\":\"PropertyValueSpecification\",\"valueRequired\":true,\"valueName\":\"search_term_string\"}}],\"inLanguage\":\"ca\"},{\"@type\":\"Organization\",\"@id\":\"https:\/\/www.triathlon.barcelona\/ca\/#organization\",\"name\":\"Challenge Barcelona Triathlon\",\"alternateName\":\"Challenge Barcelona\",\"url\":\"https:\/\/www.triathlon.barcelona\/ca\/\",\"logo\":{\"@type\":\"ImageObject\",\"inLanguage\":\"ca\",\"@id\":\"https:\/\/www.triathlon.barcelona\/ca\/#\/schema\/logo\/image\/\",\"url\":\"https:\/\/www.triathlon.barcelona\/wp-content\/uploads\/2024\/06\/logo-challenge-barcelona.png\",\"contentUrl\":\"https:\/\/www.triathlon.barcelona\/wp-content\/uploads\/2024\/06\/logo-challenge-barcelona.png\",\"width\":3209,\"height\":729,\"caption\":\"Challenge Barcelona Triathlon\"},\"image\":{\"@id\":\"https:\/\/www.triathlon.barcelona\/ca\/#\/schema\/logo\/image\/\"},\"sameAs\":[\"https:\/\/www.facebook.com\/barcelonatriathlon\",\"https:\/\/x.com\/bcn_triathlon\",\"https:\/\/www.instagram.com\/barcelonatriathlon\/\"]},{\"@type\":\"Person\",\"@id\":\"https:\/\/www.triathlon.barcelona\/ca\/#\/schema\/person\/812f46a7af75bae5296e42e5b503d1e6\",\"name\":\"david\",\"image\":{\"@type\":\"ImageObject\",\"inLanguage\":\"ca\",\"@id\":\"https:\/\/www.triathlon.barcelona\/ca\/#\/schema\/person\/image\/\",\"url\":\"https:\/\/secure.gravatar.com\/avatar\/f3b6b2a94c48d199ba05b31c711ca66bc5650a0dc06074dd63ae046df043d8e8?s=96&d=mm&r=g\",\"contentUrl\":\"https:\/\/secure.gravatar.com\/avatar\/f3b6b2a94c48d199ba05b31c711ca66bc5650a0dc06074dd63ae046df043d8e8?s=96&d=mm&r=g\",\"caption\":\"david\"},\"sameAs\":[\"https:\/\/www.triathlon.barcelona\"],\"url\":\"https:\/\/www.triathlon.barcelona\/ca\/author\/david\/\"}]}<\/script>\n<!-- \/ Yoast SEO plugin. -->","yoast_head_json":{"title":"Challenge Barcelona Triathlon 2023 penja el cartell de complet - Challenge Barcelona Triatl\u00f3","robots":{"index":"index","follow":"follow","max-snippet":"max-snippet:-1","max-image-preview":"max-image-preview:large","max-video-preview":"max-video-preview:-1"},"canonical":"https:\/\/www.triathlon.barcelona\/ca\/challenge-barcelona-triathlon-2023-penja-el-cartell-de-complet\/","og_locale":"ca_ES","og_type":"article","og_title":"Challenge Barcelona Triathlon 2023 penja el cartell de complet - Challenge Barcelona Triatl\u00f3","og_description":"Aquest diumenge 8 d\u2019octubre, la platja de la Mar Bella de Barcelona acollir\u00e0 un total de 3.200 participants, un 88% m\u00e9s que la passada edici\u00f3","og_url":"https:\/\/www.triathlon.barcelona\/ca\/challenge-barcelona-triathlon-2023-penja-el-cartell-de-complet\/","og_site_name":"Challenge Barcelona Triatl\u00f3","article_publisher":"https:\/\/www.facebook.com\/barcelonatriathlon","article_published_time":"2023-10-02T14:18:30+00:00","article_modified_time":"2023-10-02T14:19:34+00:00","og_image":[{"width":1920,"height":1280,"url":"https:\/\/www.triathlon.barcelona\/wp-content\/uploads\/2023\/10\/231002-rdp-chbcn2023.jpg","type":"image\/jpeg"}],"author":"david","twitter_card":"summary_large_image","twitter_creator":"@bcn_triathlon","twitter_site":"@bcn_triathlon","twitter_misc":{"Escrit per":"david","Temps estimat de lectura":"11 minuts"},"schema":{"@context":"https:\/\/schema.org","@graph":[{"@type":"Article","@id":"https:\/\/www.triathlon.barcelona\/ca\/challenge-barcelona-triathlon-2023-penja-el-cartell-de-complet\/#article","isPartOf":{"@id":"https:\/\/www.triathlon.barcelona\/ca\/challenge-barcelona-triathlon-2023-penja-el-cartell-de-complet\/"},"author":{"name":"david","@id":"https:\/\/www.triathlon.barcelona\/ca\/#\/schema\/person\/812f46a7af75bae5296e42e5b503d1e6"},"headline":"Challenge Barcelona Triathlon 2023 penja el cartell de complet","datePublished":"2023-10-02T14:18:30+00:00","dateModified":"2023-10-02T14:19:34+00:00","mainEntityOfPage":{"@id":"https:\/\/www.triathlon.barcelona\/ca\/challenge-barcelona-triathlon-2023-penja-el-cartell-de-complet\/"},"wordCount":1965,"publisher":{"@id":"https:\/\/www.triathlon.barcelona\/ca\/#organization"},"image":{"@id":"https:\/\/www.triathlon.barcelona\/ca\/challenge-barcelona-triathlon-2023-penja-el-cartell-de-complet\/#primaryimage"},"thumbnailUrl":"https:\/\/www.triathlon.barcelona\/wp-content\/uploads\/2023\/10\/231002-rdp-chbcn2023.jpg","articleSection":["Not\u00edcies"],"inLanguage":"ca"},{"@type":"WebPage","@id":"https:\/\/www.triathlon.barcelona\/ca\/challenge-barcelona-triathlon-2023-penja-el-cartell-de-complet\/","url":"https:\/\/www.triathlon.barcelona\/ca\/challenge-barcelona-triathlon-2023-penja-el-cartell-de-complet\/","name":"Challenge Barcelona Triathlon 2023 penja el cartell de complet - Challenge Barcelona Triatl\u00f3","isPartOf":{"@id":"https:\/\/www.triathlon.barcelona\/ca\/#website"},"primaryImageOfPage":{"@id":"https:\/\/www.triathlon.barcelona\/ca\/challenge-barcelona-triathlon-2023-penja-el-cartell-de-complet\/#primaryimage"},"image":{"@id":"https:\/\/www.triathlon.barcelona\/ca\/challenge-barcelona-triathlon-2023-penja-el-cartell-de-complet\/#primaryimage"},"thumbnailUrl":"https:\/\/www.triathlon.barcelona\/wp-content\/uploads\/2023\/10\/231002-rdp-chbcn2023.jpg","datePublished":"2023-10-02T14:18:30+00:00","dateModified":"2023-10-02T14:19:34+00:00","breadcrumb":{"@id":"https:\/\/www.triathlon.barcelona\/ca\/challenge-barcelona-triathlon-2023-penja-el-cartell-de-complet\/#breadcrumb"},"inLanguage":"ca","potentialAction":[{"@type":"ReadAction","target":["https:\/\/www.triathlon.barcelona\/ca\/challenge-barcelona-triathlon-2023-penja-el-cartell-de-complet\/"]}]},{"@type":"ImageObject","inLanguage":"ca","@id":"https:\/\/www.triathlon.barcelona\/ca\/challenge-barcelona-triathlon-2023-penja-el-cartell-de-complet\/#primaryimage","url":"https:\/\/www.triathlon.barcelona\/wp-content\/uploads\/2023\/10\/231002-rdp-chbcn2023.jpg","contentUrl":"https:\/\/www.triathlon.barcelona\/wp-content\/uploads\/2023\/10\/231002-rdp-chbcn2023.jpg","width":1920,"height":1280},{"@type":"BreadcrumbList","@id":"https:\/\/www.triathlon.barcelona\/ca\/challenge-barcelona-triathlon-2023-penja-el-cartell-de-complet\/#breadcrumb","itemListElement":[{"@type":"ListItem","position":1,"name":"Inicio","item":"https:\/\/www.triathlon.barcelona\/ca\/"},{"@type":"ListItem","position":2,"name":"Challenge Barcelona Triathlon 2023 penja el cartell de complet"}]},{"@type":"WebSite","@id":"https:\/\/www.triathlon.barcelona\/ca\/#website","url":"https:\/\/www.triathlon.barcelona\/ca\/","name":"Challenge Barcelona Triathlon","description":"","publisher":{"@id":"https:\/\/www.triathlon.barcelona\/ca\/#organization"},"alternateName":"Challenge Barcelona","potentialAction":[{"@type":"SearchAction","target":{"@type":"EntryPoint","urlTemplate":"https:\/\/www.triathlon.barcelona\/ca\/?s={search_term_string}"},"query-input":{"@type":"PropertyValueSpecification","valueRequired":true,"valueName":"search_term_string"}}],"inLanguage":"ca"},{"@type":"Organization","@id":"https:\/\/www.triathlon.barcelona\/ca\/#organization","name":"Challenge Barcelona Triathlon","alternateName":"Challenge Barcelona","url":"https:\/\/www.triathlon.barcelona\/ca\/","logo":{"@type":"ImageObject","inLanguage":"ca","@id":"https:\/\/www.triathlon.barcelona\/ca\/#\/schema\/logo\/image\/","url":"https:\/\/www.triathlon.barcelona\/wp-content\/uploads\/2024\/06\/logo-challenge-barcelona.png","contentUrl":"https:\/\/www.triathlon.barcelona\/wp-content\/uploads\/2024\/06\/logo-challenge-barcelona.png","width":3209,"height":729,"caption":"Challenge Barcelona Triathlon"},"image":{"@id":"https:\/\/www.triathlon.barcelona\/ca\/#\/schema\/logo\/image\/"},"sameAs":["https:\/\/www.facebook.com\/barcelonatriathlon","https:\/\/x.com\/bcn_triathlon","https:\/\/www.instagram.com\/barcelonatriathlon\/"]},{"@type":"Person","@id":"https:\/\/www.triathlon.barcelona\/ca\/#\/schema\/person\/812f46a7af75bae5296e42e5b503d1e6","name":"david","image":{"@type":"ImageObject","inLanguage":"ca","@id":"https:\/\/www.triathlon.barcelona\/ca\/#\/schema\/person\/image\/","url":"https:\/\/secure.gravatar.com\/avatar\/f3b6b2a94c48d199ba05b31c711ca66bc5650a0dc06074dd63ae046df043d8e8?s=96&d=mm&r=g","contentUrl":"https:\/\/secure.gravatar.com\/avatar\/f3b6b2a94c48d199ba05b31c711ca66bc5650a0dc06074dd63ae046df043d8e8?s=96&d=mm&r=g","caption":"david"},"sameAs":["https:\/\/www.triathlon.barcelona"],"url":"https:\/\/www.triathlon.barcelona\/ca\/author\/david\/"}]}},"_links":{"self":[{"href":"https:\/\/www.triathlon.barcelona\/ca\/wp-json\/wp\/v2\/posts\/7595","targetHints":{"allow":["GET"]}}],"collection":[{"href":"https:\/\/www.triathlon.barcelona\/ca\/wp-json\/wp\/v2\/posts"}],"about":[{"href":"https:\/\/www.triathlon.barcelona\/ca\/wp-json\/wp\/v2\/types\/post"}],"author":[{"embeddable":true,"href":"https:\/\/www.triathlon.barcelona\/ca\/wp-json\/wp\/v2\/users\/1"}],"replies":[{"embeddable":true,"href":"https:\/\/www.triathlon.barcelona\/ca\/wp-json\/wp\/v2\/comments?post=7595"}],"version-history":[{"count":0,"href":"https:\/\/www.triathlon.barcelona\/ca\/wp-json\/wp\/v2\/posts\/7595\/revisions"}],"wp:featuredmedia":[{"embeddable":true,"href":"https:\/\/www.triathlon.barcelona\/ca\/wp-json\/wp\/v2\/media\/7597"}],"wp:attachment":[{"href":"https:\/\/www.triathlon.barcelona\/ca\/wp-json\/wp\/v2\/media?parent=7595"}],"wp:term":[{"taxonomy":"category","embeddable":true,"href":"https:\/\/www.triathlon.barcelona\/ca\/wp-json\/wp\/v2\/categories?post=7595"},{"taxonomy":"post_tag","embeddable":true,"href":"https:\/\/www.triathlon.barcelona\/ca\/wp-json\/wp\/v2\/tags?post=7595"}],"curies":[{"name":"wp","href":"https:\/\/api.w.org\/{rel}","templated":true}]}}