{"id":7704,"date":"2023-10-09T12:46:51","date_gmt":"2023-10-09T10:46:51","guid":{"rendered":"https:\/\/www.triathlon.barcelona\/?p=7704"},"modified":"2023-10-09T19:51:50","modified_gmt":"2023-10-09T17:51:50","slug":"youri-keulen-i-imogen-simmonds-coronen-el-challenge-barcelona-triathlon-2023","status":"publish","type":"post","link":"https:\/\/www.triathlon.barcelona\/ca\/youri-keulen-i-imogen-simmonds-coronen-el-challenge-barcelona-triathlon-2023\/","title":{"rendered":"Youri Keulen i Imogen Simmonds coronen el Challenge Barcelona Triathlon 2023"},"content":{"rendered":"<p><strong>En un emocionant dia de triatl\u00f3 al cor de Barcelona, Youri Keulen i Imogen Simmonds s&#8217;han proclamat campions del Challenge Barcelona Triathlon 2023<\/strong><!--more--><\/p>\n<p><strong>L&#8217;edici\u00f3 d&#8217;enguany, que va presentar com a novetat la dist\u00e0ncia Elit Short d&#8217;1.5 km de nataci\u00f3, 60 km de ciclisme i 15 km de carrera a peu, ha atret atletes de tot el m\u00f3n i ha prom\u00e8s un apassionant espectacle esportiu<\/strong><\/p>\n<p>En la modalitat masculina, el neerland\u00e8s Youri Keulen ha protagonitzat una actuaci\u00f3 excel\u00b7lent, comen\u00e7ant en nov\u00e8 lloc despr\u00e9s de la nataci\u00f3, per\u00f2 recuperant terreny r\u00e0pidament durant l&#8217;etapa de ciclisme. Un dels favorits, el doble campi\u00f3 ol\u00edmpic Alistair Brownlee, ha estat un dels altres competidors destacats mostrant el domini en bicicleta. Tots dos l\u00edders han mantingut un emocionant duel durant la cursa a peu, per\u00f2 ha estat Keulen qui ha aconseguit mantenir el seu avantatge i creuar la l\u00ednia de meta en 2 hores, 29 minuts i 15 segons, seguit de prop per Brownlee en 2 hores, 29 minuts i 36 segons . L&#8217;alemany Wilhelm Hirsch ha completat el podi en tercera posici\u00f3 amb un temps de 2 hores, 30 minuts i 55 segons.<\/p>\n<p>En la modalitat femenina, la su\u00efssa Imogen Simmonds no ha tingut l&#8217;arrencada desitjada. Ha sortit setena al sector de nataci\u00f3, per\u00f2 ha aconseguit recuperar-se a l&#8217;etapa de ciclisme. Realment, ha estat la brit\u00e0nica Lucy Buckingham qui ha liderat la nataci\u00f3 amb un temps de 19 minuts i 11 segons, seguida de prop per la barcelonina Sara P\u00e9rez, que ha tingut d&#8217;abandonar al sector de ciclisme. Simmonds, tot i estar refredada, ha demostrat la seva fortalesa a la bicicleta. Finalment, durant la cursa a peu, la su\u00efssa ha pres la davantera, assegurant el tercer t\u00edtol de la temporada amb un temps de 2 hores, 49 minuts i 44 segons. Buckingham s&#8217;ha emportar la segona posici\u00f3 en 2 hores, 52 minuts i 38 segons, mentre que l&#8217;alemanya Caroline Pohle ha completat el podi en tercer lloc amb un temps de 2 hores, 53 minuts i 9 segons.<\/p>\n<p>En aquesta edici\u00f3, el Challenge Barcelona Triathlon ha esgotat les 3.200 places disponibles i ha aconseguit una gran representaci\u00f3 d&#8217;atletes internacionals vinguts i vingudes de fins a 57 pa\u00efsos diferents. A m\u00e9s, destaca l\u2019elevada participaci\u00f3 femenina, que es consolida amb un 30% del total.<\/p>\n<p>L&#8217;esdeveniment internacional de triatl\u00f3 ha ofert als participants i les participants l&#8217;oportunitat de competir en diverses dist\u00e0ncies, des de la desafiant Elit Short fins a l&#8217;Ol\u00edmpica, la Sprint, la Super Sprint, la Junior Challenge i l&#8217;Aquatl\u00f3. La ciutat de Barcelona ha proporcionat un tel\u00f3 de fons ic\u00f2nic per a aquest esdeveniment esportiu de classe mundial.<\/p>\n<p>&nbsp;<\/p>\n<p><strong><a href=\"https:\/\/www.triathlon.barcelona\/ca\/atletes\/informacio-prova\/classificacions\/\">Clasificacions 2023<\/a><\/strong><\/p>\n<p><strong><a href=\"https:\/\/www.dropbox.com\/scl\/fo\/ou58gjlkkh61mt7td94pr\/h?rlkey=xlvmcs76tapzvl2agm235zf24&amp;dl=0\" target=\"_blank\" rel=\"noopener\">Fotografies del Challenge Barcelona Triathlon 2023<\/a><\/strong><\/p>\n<p>&nbsp;<\/p>\n<p><strong>Entrevistes a meta:<\/strong><\/p>\n<p>Youri Keulen \u2013\u00a0<a href=\"https:\/\/youtu.be\/EJmz_DUkf5M\">https:\/\/youtu.be\/EJmz_DUkf5M<\/a><\/p>\n<p>Alistair Brownlee \u2013\u00a0<a href=\"https:\/\/youtu.be\/bzqRBTTS13k\">https:\/\/youtu.be\/bzqRBTTS13k<\/a><\/p>\n<p>Imogen Simmonds \u2013\u00a0<a href=\"https:\/\/youtu.be\/607F-pBp9CA\">https:\/\/youtu.be\/607F-pBp9CA<\/a><\/p>\n","protected":false},"excerpt":{"rendered":"<p>En un emocionant dia de triatl\u00f3 al cor de Barcelona, Youri Keulen i Imogen Simmonds s&#8217;han proclamat campions del Challenge Barcelona Triathlon 2023<\/p>\n","protected":false},"author":1,"featured_media":7705,"comment_status":"closed","ping_status":"closed","sticky":false,"template":"","format":"standard","meta":{"_monsterinsights_skip_tracking":false,"site-sidebar-layout":"default","site-content-layout":"","ast-site-content-layout":"default","site-content-style":"default","site-sidebar-style":"default","ast-global-header-display":"","ast-banner-title-visibility":"","ast-main-header-display":"","ast-hfb-above-header-display":"","ast-hfb-below-header-display":"","ast-hfb-mobile-header-display":"","site-post-title":"","ast-breadcrumbs-content":"","ast-featured-img":"","footer-sml-layout":"","ast-disable-related-posts":"","theme-transparent-header-meta":"default","adv-header-id-meta":"","stick-header-meta":"default","header-above-stick-meta":"","header-main-stick-meta":"","header-below-stick-meta":"","astra-migrate-meta-layouts":"set","ast-page-background-enabled":"default","ast-page-background-meta":{"desktop":{"background-color":"","background-image":"","background-repeat":"repeat","background-position":"center center","background-size":"auto","background-attachment":"scroll","background-type":"","background-media":"","overlay-type":"","overlay-color":"","overlay-opacity":"","overlay-gradient":""},"tablet":{"background-color":"","background-image":"","background-repeat":"repeat","background-position":"center center","background-size":"auto","background-attachment":"scroll","background-type":"","background-media":"","overlay-type":"","overlay-color":"","overlay-opacity":"","overlay-gradient":""},"mobile":{"background-color":"","background-image":"","background-repeat":"repeat","background-position":"center center","background-size":"auto","background-attachment":"scroll","background-type":"","background-media":"","overlay-type":"","overlay-color":"","overlay-opacity":"","overlay-gradient":""}},"ast-content-background-meta":{"desktop":{"background-color":"var(--ast-global-color-5)","background-image":"","background-repeat":"repeat","background-position":"center center","background-size":"auto","background-attachment":"scroll","background-type":"","background-media":"","overlay-type":"","overlay-color":"","overlay-opacity":"","overlay-gradient":""},"tablet":{"background-color":"var(--ast-global-color-5)","background-image":"","background-repeat":"repeat","background-position":"center center","background-size":"auto","background-attachment":"scroll","background-type":"","background-media":"","overlay-type":"","overlay-color":"","overlay-opacity":"","overlay-gradient":""},"mobile":{"background-color":"var(--ast-global-color-5)","background-image":"","background-repeat":"repeat","background-position":"center center","background-size":"auto","background-attachment":"scroll","background-type":"","background-media":"","overlay-type":"","overlay-color":"","overlay-opacity":"","overlay-gradient":""}},"footnotes":""},"categories":[1],"tags":[],"class_list":["post-7704","post","type-post","status-publish","format-standard","has-post-thumbnail","hentry","category-noticies"],"yoast_head":"<!-- This site is optimized with the Yoast SEO plugin v27.1 - https:\/\/yoast.com\/product\/yoast-seo-wordpress\/ -->\n<title>Youri Keulen i Imogen Simmonds coronen el Challenge Barcelona Triathlon 2023 - Challenge Barcelona Triatl\u00f3<\/title>\n<meta name=\"robots\" content=\"index, follow, max-snippet:-1, max-image-preview:large, max-video-preview:-1\" \/>\n<link rel=\"canonical\" href=\"https:\/\/www.triathlon.barcelona\/ca\/youri-keulen-i-imogen-simmonds-coronen-el-challenge-barcelona-triathlon-2023\/\" \/>\n<meta property=\"og:locale\" content=\"ca_ES\" \/>\n<meta property=\"og:type\" content=\"article\" \/>\n<meta property=\"og:title\" content=\"Youri Keulen i Imogen Simmonds coronen el Challenge Barcelona Triathlon 2023 - Challenge Barcelona Triatl\u00f3\" \/>\n<meta property=\"og:description\" content=\"En un emocionant dia de triatl\u00f3 al cor de Barcelona, Youri Keulen i Imogen Simmonds s&#8217;han proclamat campions del Challenge Barcelona Triathlon 2023\" \/>\n<meta property=\"og:url\" content=\"https:\/\/www.triathlon.barcelona\/ca\/youri-keulen-i-imogen-simmonds-coronen-el-challenge-barcelona-triathlon-2023\/\" \/>\n<meta property=\"og:site_name\" content=\"Challenge Barcelona Triatl\u00f3\" \/>\n<meta property=\"article:publisher\" content=\"https:\/\/www.facebook.com\/barcelonatriathlon\" \/>\n<meta property=\"article:published_time\" content=\"2023-10-09T10:46:51+00:00\" \/>\n<meta property=\"article:modified_time\" content=\"2023-10-09T17:51:50+00:00\" \/>\n<meta property=\"og:image\" content=\"https:\/\/www.triathlon.barcelona\/wp-content\/uploads\/2023\/10\/231008-gunyadors-chbcn2023.jpg\" \/>\n\t<meta property=\"og:image:width\" content=\"1920\" \/>\n\t<meta property=\"og:image:height\" content=\"1280\" \/>\n\t<meta property=\"og:image:type\" content=\"image\/jpeg\" \/>\n<meta name=\"author\" content=\"david\" \/>\n<meta name=\"twitter:card\" content=\"summary_large_image\" \/>\n<meta name=\"twitter:creator\" content=\"@bcn_triathlon\" \/>\n<meta name=\"twitter:site\" content=\"@bcn_triathlon\" \/>\n<meta name=\"twitter:label1\" content=\"Escrit per\" \/>\n\t<meta name=\"twitter:data1\" content=\"david\" \/>\n\t<meta name=\"twitter:label2\" content=\"Temps estimat de lectura\" \/>\n\t<meta name=\"twitter:data2\" content=\"3 minuts\" \/>\n<script type=\"application\/ld+json\" class=\"yoast-schema-graph\">{\"@context\":\"https:\/\/schema.org\",\"@graph\":[{\"@type\":\"Article\",\"@id\":\"https:\/\/www.triathlon.barcelona\/ca\/youri-keulen-i-imogen-simmonds-coronen-el-challenge-barcelona-triathlon-2023\/#article\",\"isPartOf\":{\"@id\":\"https:\/\/www.triathlon.barcelona\/ca\/youri-keulen-i-imogen-simmonds-coronen-el-challenge-barcelona-triathlon-2023\/\"},\"author\":{\"name\":\"david\",\"@id\":\"https:\/\/www.triathlon.barcelona\/ca\/#\/schema\/person\/812f46a7af75bae5296e42e5b503d1e6\"},\"headline\":\"Youri Keulen i Imogen Simmonds coronen el Challenge Barcelona Triathlon 2023\",\"datePublished\":\"2023-10-09T10:46:51+00:00\",\"dateModified\":\"2023-10-09T17:51:50+00:00\",\"mainEntityOfPage\":{\"@id\":\"https:\/\/www.triathlon.barcelona\/ca\/youri-keulen-i-imogen-simmonds-coronen-el-challenge-barcelona-triathlon-2023\/\"},\"wordCount\":484,\"publisher\":{\"@id\":\"https:\/\/www.triathlon.barcelona\/ca\/#organization\"},\"image\":{\"@id\":\"https:\/\/www.triathlon.barcelona\/ca\/youri-keulen-i-imogen-simmonds-coronen-el-challenge-barcelona-triathlon-2023\/#primaryimage\"},\"thumbnailUrl\":\"https:\/\/www.triathlon.barcelona\/wp-content\/uploads\/2023\/10\/231008-gunyadors-chbcn2023.jpg\",\"articleSection\":[\"Not\u00edcies\"],\"inLanguage\":\"ca\"},{\"@type\":\"WebPage\",\"@id\":\"https:\/\/www.triathlon.barcelona\/ca\/youri-keulen-i-imogen-simmonds-coronen-el-challenge-barcelona-triathlon-2023\/\",\"url\":\"https:\/\/www.triathlon.barcelona\/ca\/youri-keulen-i-imogen-simmonds-coronen-el-challenge-barcelona-triathlon-2023\/\",\"name\":\"Youri Keulen i Imogen Simmonds coronen el Challenge Barcelona Triathlon 2023 - Challenge Barcelona Triatl\u00f3\",\"isPartOf\":{\"@id\":\"https:\/\/www.triathlon.barcelona\/ca\/#website\"},\"primaryImageOfPage\":{\"@id\":\"https:\/\/www.triathlon.barcelona\/ca\/youri-keulen-i-imogen-simmonds-coronen-el-challenge-barcelona-triathlon-2023\/#primaryimage\"},\"image\":{\"@id\":\"https:\/\/www.triathlon.barcelona\/ca\/youri-keulen-i-imogen-simmonds-coronen-el-challenge-barcelona-triathlon-2023\/#primaryimage\"},\"thumbnailUrl\":\"https:\/\/www.triathlon.barcelona\/wp-content\/uploads\/2023\/10\/231008-gunyadors-chbcn2023.jpg\",\"datePublished\":\"2023-10-09T10:46:51+00:00\",\"dateModified\":\"2023-10-09T17:51:50+00:00\",\"breadcrumb\":{\"@id\":\"https:\/\/www.triathlon.barcelona\/ca\/youri-keulen-i-imogen-simmonds-coronen-el-challenge-barcelona-triathlon-2023\/#breadcrumb\"},\"inLanguage\":\"ca\",\"potentialAction\":[{\"@type\":\"ReadAction\",\"target\":[\"https:\/\/www.triathlon.barcelona\/ca\/youri-keulen-i-imogen-simmonds-coronen-el-challenge-barcelona-triathlon-2023\/\"]}]},{\"@type\":\"ImageObject\",\"inLanguage\":\"ca\",\"@id\":\"https:\/\/www.triathlon.barcelona\/ca\/youri-keulen-i-imogen-simmonds-coronen-el-challenge-barcelona-triathlon-2023\/#primaryimage\",\"url\":\"https:\/\/www.triathlon.barcelona\/wp-content\/uploads\/2023\/10\/231008-gunyadors-chbcn2023.jpg\",\"contentUrl\":\"https:\/\/www.triathlon.barcelona\/wp-content\/uploads\/2023\/10\/231008-gunyadors-chbcn2023.jpg\",\"width\":1920,\"height\":1280},{\"@type\":\"BreadcrumbList\",\"@id\":\"https:\/\/www.triathlon.barcelona\/ca\/youri-keulen-i-imogen-simmonds-coronen-el-challenge-barcelona-triathlon-2023\/#breadcrumb\",\"itemListElement\":[{\"@type\":\"ListItem\",\"position\":1,\"name\":\"Inicio\",\"item\":\"https:\/\/www.triathlon.barcelona\/ca\/\"},{\"@type\":\"ListItem\",\"position\":2,\"name\":\"Youri Keulen i Imogen Simmonds coronen el Challenge Barcelona Triathlon 2023\"}]},{\"@type\":\"WebSite\",\"@id\":\"https:\/\/www.triathlon.barcelona\/ca\/#website\",\"url\":\"https:\/\/www.triathlon.barcelona\/ca\/\",\"name\":\"Challenge Barcelona Triathlon\",\"description\":\"\",\"publisher\":{\"@id\":\"https:\/\/www.triathlon.barcelona\/ca\/#organization\"},\"alternateName\":\"Challenge Barcelona\",\"potentialAction\":[{\"@type\":\"SearchAction\",\"target\":{\"@type\":\"EntryPoint\",\"urlTemplate\":\"https:\/\/www.triathlon.barcelona\/ca\/?s={search_term_string}\"},\"query-input\":{\"@type\":\"PropertyValueSpecification\",\"valueRequired\":true,\"valueName\":\"search_term_string\"}}],\"inLanguage\":\"ca\"},{\"@type\":\"Organization\",\"@id\":\"https:\/\/www.triathlon.barcelona\/ca\/#organization\",\"name\":\"Challenge Barcelona Triathlon\",\"alternateName\":\"Challenge Barcelona\",\"url\":\"https:\/\/www.triathlon.barcelona\/ca\/\",\"logo\":{\"@type\":\"ImageObject\",\"inLanguage\":\"ca\",\"@id\":\"https:\/\/www.triathlon.barcelona\/ca\/#\/schema\/logo\/image\/\",\"url\":\"https:\/\/www.triathlon.barcelona\/wp-content\/uploads\/2024\/06\/logo-challenge-barcelona.png\",\"contentUrl\":\"https:\/\/www.triathlon.barcelona\/wp-content\/uploads\/2024\/06\/logo-challenge-barcelona.png\",\"width\":3209,\"height\":729,\"caption\":\"Challenge Barcelona Triathlon\"},\"image\":{\"@id\":\"https:\/\/www.triathlon.barcelona\/ca\/#\/schema\/logo\/image\/\"},\"sameAs\":[\"https:\/\/www.facebook.com\/barcelonatriathlon\",\"https:\/\/x.com\/bcn_triathlon\",\"https:\/\/www.instagram.com\/barcelonatriathlon\/\"]},{\"@type\":\"Person\",\"@id\":\"https:\/\/www.triathlon.barcelona\/ca\/#\/schema\/person\/812f46a7af75bae5296e42e5b503d1e6\",\"name\":\"david\",\"image\":{\"@type\":\"ImageObject\",\"inLanguage\":\"ca\",\"@id\":\"https:\/\/www.triathlon.barcelona\/ca\/#\/schema\/person\/image\/\",\"url\":\"https:\/\/secure.gravatar.com\/avatar\/f3b6b2a94c48d199ba05b31c711ca66bc5650a0dc06074dd63ae046df043d8e8?s=96&d=mm&r=g\",\"contentUrl\":\"https:\/\/secure.gravatar.com\/avatar\/f3b6b2a94c48d199ba05b31c711ca66bc5650a0dc06074dd63ae046df043d8e8?s=96&d=mm&r=g\",\"caption\":\"david\"},\"sameAs\":[\"https:\/\/www.triathlon.barcelona\"],\"url\":\"https:\/\/www.triathlon.barcelona\/ca\/author\/david\/\"}]}<\/script>\n<!-- \/ Yoast SEO plugin. -->","yoast_head_json":{"title":"Youri Keulen i Imogen Simmonds coronen el Challenge Barcelona Triathlon 2023 - Challenge Barcelona Triatl\u00f3","robots":{"index":"index","follow":"follow","max-snippet":"max-snippet:-1","max-image-preview":"max-image-preview:large","max-video-preview":"max-video-preview:-1"},"canonical":"https:\/\/www.triathlon.barcelona\/ca\/youri-keulen-i-imogen-simmonds-coronen-el-challenge-barcelona-triathlon-2023\/","og_locale":"ca_ES","og_type":"article","og_title":"Youri Keulen i Imogen Simmonds coronen el Challenge Barcelona Triathlon 2023 - Challenge Barcelona Triatl\u00f3","og_description":"En un emocionant dia de triatl\u00f3 al cor de Barcelona, Youri Keulen i Imogen Simmonds s&#8217;han proclamat campions del Challenge Barcelona Triathlon 2023","og_url":"https:\/\/www.triathlon.barcelona\/ca\/youri-keulen-i-imogen-simmonds-coronen-el-challenge-barcelona-triathlon-2023\/","og_site_name":"Challenge Barcelona Triatl\u00f3","article_publisher":"https:\/\/www.facebook.com\/barcelonatriathlon","article_published_time":"2023-10-09T10:46:51+00:00","article_modified_time":"2023-10-09T17:51:50+00:00","og_image":[{"width":1920,"height":1280,"url":"https:\/\/www.triathlon.barcelona\/wp-content\/uploads\/2023\/10\/231008-gunyadors-chbcn2023.jpg","type":"image\/jpeg"}],"author":"david","twitter_card":"summary_large_image","twitter_creator":"@bcn_triathlon","twitter_site":"@bcn_triathlon","twitter_misc":{"Escrit per":"david","Temps estimat de lectura":"3 minuts"},"schema":{"@context":"https:\/\/schema.org","@graph":[{"@type":"Article","@id":"https:\/\/www.triathlon.barcelona\/ca\/youri-keulen-i-imogen-simmonds-coronen-el-challenge-barcelona-triathlon-2023\/#article","isPartOf":{"@id":"https:\/\/www.triathlon.barcelona\/ca\/youri-keulen-i-imogen-simmonds-coronen-el-challenge-barcelona-triathlon-2023\/"},"author":{"name":"david","@id":"https:\/\/www.triathlon.barcelona\/ca\/#\/schema\/person\/812f46a7af75bae5296e42e5b503d1e6"},"headline":"Youri Keulen i Imogen Simmonds coronen el Challenge Barcelona Triathlon 2023","datePublished":"2023-10-09T10:46:51+00:00","dateModified":"2023-10-09T17:51:50+00:00","mainEntityOfPage":{"@id":"https:\/\/www.triathlon.barcelona\/ca\/youri-keulen-i-imogen-simmonds-coronen-el-challenge-barcelona-triathlon-2023\/"},"wordCount":484,"publisher":{"@id":"https:\/\/www.triathlon.barcelona\/ca\/#organization"},"image":{"@id":"https:\/\/www.triathlon.barcelona\/ca\/youri-keulen-i-imogen-simmonds-coronen-el-challenge-barcelona-triathlon-2023\/#primaryimage"},"thumbnailUrl":"https:\/\/www.triathlon.barcelona\/wp-content\/uploads\/2023\/10\/231008-gunyadors-chbcn2023.jpg","articleSection":["Not\u00edcies"],"inLanguage":"ca"},{"@type":"WebPage","@id":"https:\/\/www.triathlon.barcelona\/ca\/youri-keulen-i-imogen-simmonds-coronen-el-challenge-barcelona-triathlon-2023\/","url":"https:\/\/www.triathlon.barcelona\/ca\/youri-keulen-i-imogen-simmonds-coronen-el-challenge-barcelona-triathlon-2023\/","name":"Youri Keulen i Imogen Simmonds coronen el Challenge Barcelona Triathlon 2023 - Challenge Barcelona Triatl\u00f3","isPartOf":{"@id":"https:\/\/www.triathlon.barcelona\/ca\/#website"},"primaryImageOfPage":{"@id":"https:\/\/www.triathlon.barcelona\/ca\/youri-keulen-i-imogen-simmonds-coronen-el-challenge-barcelona-triathlon-2023\/#primaryimage"},"image":{"@id":"https:\/\/www.triathlon.barcelona\/ca\/youri-keulen-i-imogen-simmonds-coronen-el-challenge-barcelona-triathlon-2023\/#primaryimage"},"thumbnailUrl":"https:\/\/www.triathlon.barcelona\/wp-content\/uploads\/2023\/10\/231008-gunyadors-chbcn2023.jpg","datePublished":"2023-10-09T10:46:51+00:00","dateModified":"2023-10-09T17:51:50+00:00","breadcrumb":{"@id":"https:\/\/www.triathlon.barcelona\/ca\/youri-keulen-i-imogen-simmonds-coronen-el-challenge-barcelona-triathlon-2023\/#breadcrumb"},"inLanguage":"ca","potentialAction":[{"@type":"ReadAction","target":["https:\/\/www.triathlon.barcelona\/ca\/youri-keulen-i-imogen-simmonds-coronen-el-challenge-barcelona-triathlon-2023\/"]}]},{"@type":"ImageObject","inLanguage":"ca","@id":"https:\/\/www.triathlon.barcelona\/ca\/youri-keulen-i-imogen-simmonds-coronen-el-challenge-barcelona-triathlon-2023\/#primaryimage","url":"https:\/\/www.triathlon.barcelona\/wp-content\/uploads\/2023\/10\/231008-gunyadors-chbcn2023.jpg","contentUrl":"https:\/\/www.triathlon.barcelona\/wp-content\/uploads\/2023\/10\/231008-gunyadors-chbcn2023.jpg","width":1920,"height":1280},{"@type":"BreadcrumbList","@id":"https:\/\/www.triathlon.barcelona\/ca\/youri-keulen-i-imogen-simmonds-coronen-el-challenge-barcelona-triathlon-2023\/#breadcrumb","itemListElement":[{"@type":"ListItem","position":1,"name":"Inicio","item":"https:\/\/www.triathlon.barcelona\/ca\/"},{"@type":"ListItem","position":2,"name":"Youri Keulen i Imogen Simmonds coronen el Challenge Barcelona Triathlon 2023"}]},{"@type":"WebSite","@id":"https:\/\/www.triathlon.barcelona\/ca\/#website","url":"https:\/\/www.triathlon.barcelona\/ca\/","name":"Challenge Barcelona Triathlon","description":"","publisher":{"@id":"https:\/\/www.triathlon.barcelona\/ca\/#organization"},"alternateName":"Challenge Barcelona","potentialAction":[{"@type":"SearchAction","target":{"@type":"EntryPoint","urlTemplate":"https:\/\/www.triathlon.barcelona\/ca\/?s={search_term_string}"},"query-input":{"@type":"PropertyValueSpecification","valueRequired":true,"valueName":"search_term_string"}}],"inLanguage":"ca"},{"@type":"Organization","@id":"https:\/\/www.triathlon.barcelona\/ca\/#organization","name":"Challenge Barcelona Triathlon","alternateName":"Challenge Barcelona","url":"https:\/\/www.triathlon.barcelona\/ca\/","logo":{"@type":"ImageObject","inLanguage":"ca","@id":"https:\/\/www.triathlon.barcelona\/ca\/#\/schema\/logo\/image\/","url":"https:\/\/www.triathlon.barcelona\/wp-content\/uploads\/2024\/06\/logo-challenge-barcelona.png","contentUrl":"https:\/\/www.triathlon.barcelona\/wp-content\/uploads\/2024\/06\/logo-challenge-barcelona.png","width":3209,"height":729,"caption":"Challenge Barcelona Triathlon"},"image":{"@id":"https:\/\/www.triathlon.barcelona\/ca\/#\/schema\/logo\/image\/"},"sameAs":["https:\/\/www.facebook.com\/barcelonatriathlon","https:\/\/x.com\/bcn_triathlon","https:\/\/www.instagram.com\/barcelonatriathlon\/"]},{"@type":"Person","@id":"https:\/\/www.triathlon.barcelona\/ca\/#\/schema\/person\/812f46a7af75bae5296e42e5b503d1e6","name":"david","image":{"@type":"ImageObject","inLanguage":"ca","@id":"https:\/\/www.triathlon.barcelona\/ca\/#\/schema\/person\/image\/","url":"https:\/\/secure.gravatar.com\/avatar\/f3b6b2a94c48d199ba05b31c711ca66bc5650a0dc06074dd63ae046df043d8e8?s=96&d=mm&r=g","contentUrl":"https:\/\/secure.gravatar.com\/avatar\/f3b6b2a94c48d199ba05b31c711ca66bc5650a0dc06074dd63ae046df043d8e8?s=96&d=mm&r=g","caption":"david"},"sameAs":["https:\/\/www.triathlon.barcelona"],"url":"https:\/\/www.triathlon.barcelona\/ca\/author\/david\/"}]}},"_links":{"self":[{"href":"https:\/\/www.triathlon.barcelona\/ca\/wp-json\/wp\/v2\/posts\/7704","targetHints":{"allow":["GET"]}}],"collection":[{"href":"https:\/\/www.triathlon.barcelona\/ca\/wp-json\/wp\/v2\/posts"}],"about":[{"href":"https:\/\/www.triathlon.barcelona\/ca\/wp-json\/wp\/v2\/types\/post"}],"author":[{"embeddable":true,"href":"https:\/\/www.triathlon.barcelona\/ca\/wp-json\/wp\/v2\/users\/1"}],"replies":[{"embeddable":true,"href":"https:\/\/www.triathlon.barcelona\/ca\/wp-json\/wp\/v2\/comments?post=7704"}],"version-history":[{"count":0,"href":"https:\/\/www.triathlon.barcelona\/ca\/wp-json\/wp\/v2\/posts\/7704\/revisions"}],"wp:featuredmedia":[{"embeddable":true,"href":"https:\/\/www.triathlon.barcelona\/ca\/wp-json\/wp\/v2\/media\/7705"}],"wp:attachment":[{"href":"https:\/\/www.triathlon.barcelona\/ca\/wp-json\/wp\/v2\/media?parent=7704"}],"wp:term":[{"taxonomy":"category","embeddable":true,"href":"https:\/\/www.triathlon.barcelona\/ca\/wp-json\/wp\/v2\/categories?post=7704"},{"taxonomy":"post_tag","embeddable":true,"href":"https:\/\/www.triathlon.barcelona\/ca\/wp-json\/wp\/v2\/tags?post=7704"}],"curies":[{"name":"wp","href":"https:\/\/api.w.org\/{rel}","templated":true}]}}