{"id":8599,"date":"2024-02-29T00:05:48","date_gmt":"2024-02-28T23:05:48","guid":{"rendered":"https:\/\/www.triathlon.barcelona\/?p=8599"},"modified":"2024-02-29T13:33:51","modified_gmt":"2024-02-29T12:33:51","slug":"el-challenge-barcelona-triathlon-obre-les-seves-inscripcions","status":"publish","type":"post","link":"https:\/\/www.triathlon.barcelona\/ca\/el-challenge-barcelona-triathlon-obre-les-seves-inscripcions\/","title":{"rendered":"El Challenge Barcelona Triathlon obre les seves inscripcions"},"content":{"rendered":"<p><strong>L\u2019edici\u00f3 d\u2019aquest any es celebrar\u00e0 el diumenge 27 d\u2019octubre<\/strong><!--more--><\/p>\n<p><strong>L\u2019esperada cita internacional del triatl\u00f3 torna amb novetats emocionants i l\u2019oportunitat \u00fanica d\u2019unir-se a la dist\u00e0ncia Short<\/strong><\/p>\n<p>El Challenge Barcelona Triathlon, un dels esdeveniments m\u00e9s destacats al m\u00f3n del triatl\u00f3, obre les seves inscripcions per a la nova edici\u00f3 que se celebrar\u00e0 el 27 d\u2019octubre de 2024. A partir d\u2019avui, 29 de febrer, els apassionats i les apassionades d\u2019aquest esport podran assegurar la seva participaci\u00f3 en aquesta emblem\u00e0tica competici\u00f3.<\/p>\n<p>\u201cBarcelona ja ha reservat una nova jornada al seu vibrant calendari esportiu d\u2019aquest any 2024. Nom\u00e9s uns quants dies despr\u00e9s de tancar la 37a Copa Am\u00e8rica, el 27 d\u2019octubre la ciutat tornar\u00e0 a ser al centre de l\u2019actualitat esportiva amb la nova edici\u00f3 del Challenge Barcelona Triathlon. Avui obrim inscripcions i comen\u00e7a el compte enrere per aquesta gran prova que l\u2019any passat va aconseguir exhaurir dorsals i va cr\u00e9ixer de forma molt significativa. La nostra ciutat tornar\u00e0 a vibrar amb els i les triatletes de tot el m\u00f3n que no voldran perdre\u2019s una de les competicions m\u00e9s emocionants i boniques del m\u00f3n\u201d, ha declarat el regidor d\u2019Esports, David Escud\u00e9.<\/p>\n<p><strong>Preu especial per temps limitat<\/strong><\/p>\n<p>Del 29 de febrer al 31 de mar\u00e7 de 2024, els i les participants podran aprofitar un preu especial en inscriure\u2019s a qualsevol de les dist\u00e0ncies confirmades per aquesta edici\u00f3:<\/p>\n<ul>\n<li><strong>Short: <\/strong>1.500 metres de recorregut de nataci\u00f3 amb 2 voltes, 56 quil\u00f2metres de circuit de ciclisme amb 5 voltes i 15 quil\u00f2metres del tram de la cursa a peu amb 3 voltes.<\/li>\n<li><strong>Ol\u00edmpic<\/strong>: 1.500 metres de recorregut de nataci\u00f3 amb 1 volta, 40 quil\u00f2metres de circuit de ciclisme amb 4 voltes i 10 quil\u00f2metres del tram de la cursa a peu amb 2 voltes.<\/li>\n<li><strong>Sprint<\/strong>: 750 metres de recorregut de nataci\u00f3 amb 1 volta, 20 quil\u00f2metres de circuit de ciclisme amb 2 voltes i 5 quil\u00f2metres del tram de la cursa a peu amb 1 volta.<\/li>\n<li><strong>Junior Challenge<\/strong>: 300 metres de recorregut de nataci\u00f3 amb 1 volta, 9 quil\u00f2metres de circuit de ciclisme a 1 volta i 1,5 quil\u00f2metres del tram de la cursa a peu amb 1 volta.<\/li>\n<li><strong>Aquatl\u00f3<\/strong>: 750 metres de recorregut de nataci\u00f3 amb 1 volta i 5 quil\u00f2metres del tram de la cursa a peu amb 1 volta.<\/li>\n<\/ul>\n<p>La participaci\u00f3 en cadascuna de les dist\u00e0ncies ser\u00e0 individual, a excepci\u00f3 del Ol\u00edmpic i Sprint que es podran realitzar tamb\u00e9 en modalitat parella o relleu.<\/p>\n<p><strong>Oportunitat \u00fanica de participar al Short<\/strong><\/p>\n<p>Una de les grans novetats d\u2019aquest any \u00e9s l\u2019obertura de 80 places per a atletes no professionals a la dist\u00e0ncia Short. Aquelles persones que vulguin inscriure\u2019s en aquesta dist\u00e0ncia hauran de complir dos requisits fonamentals: ser atletes federats en triatl\u00f3 i acceptar i complir els temps de tall i el reglament establerts per aquesta dist\u00e0ncia.<\/p>\n<p>Un any m\u00e9s, el Challenge Barcelona Triathlon repartir\u00e0 25.000 euros en premis per aquesta dist\u00e0ncia Short, que a m\u00e9s ser\u00e0 puntuable pel <strong>World Challenge Bonus<\/strong>, una iniciativa que Challenge Family ofereix als i les atletes d\u2019elit l&#8217;oportunitat de competir per un r\u00e0nquing amb una bossa de premis de 125.000 euros. Per altra banda, la prova tamb\u00e9 ser\u00e0 puntuable pel <strong>Ranking de la PTO<\/strong>, l\u2019Organitzaci\u00f3 de Triatletes Professionals, i classificat\u00f2ria pel <strong>The Championship de Challenge Family<\/strong>, un campionat anual que reuneix als i les millors triatletes del m\u00f3n a Samorin (Eslovaquia).<\/p>\n<p><strong>Junior Challenge i Tri Expo<\/strong><\/p>\n<p>Com ja va passar \u00a0en l\u2019edici\u00f3 de 2023, el Challenge Barcelona Triathlon tornar\u00e0 a oferir una opci\u00f3 per als m\u00e9s joves amb l\u2019objectiu de promocionar i fer arribar aquesta prova als adolescents mentre gaudeixen del millor escenari i amb la m\u00e0xima seguretat. Aix\u00ed, els nois i noies d\u2019entre 12 i 17 anys que vulguin participar-hi tenen l\u2019opci\u00f3 de fer-ho amb una dist\u00e0ncia <em>Super Sprint<\/em> amb els mateixos serveis que els adults.<\/p>\n<p>A m\u00e9s de la competici\u00f3, un any m\u00e9s tornar\u00e0 la <strong>Tri Expo<\/strong>, la fira del triatl\u00f3 que tindr\u00e0 lloc el divendres 25 d&#8217;octubre de 15 a 19 hores i el dissabte 26 d\u2019octubre de 10 a 18 hores al Complex Esportiu Municipal La Mar Bella, on tant triatletes com aficionats i aficionades podran accedir a la Fira d\u2019expositors de material esportiu especialitzat i tamb\u00e9 al marxandatge de la prova.<\/p>\n<p>&nbsp;<\/p>\n<p><strong>Materials complementaris: <\/strong><\/p>\n<p><a href=\"https:\/\/we.tl\/t-alHWOvBPke\" target=\"_blank\" rel=\"noopener\">V\u00eddeo presentaci\u00f3 de la nova edici\u00f3<\/a><\/p>\n<p><a href=\"https:\/\/flic.kr\/s\/aHBqjAXJJS\" target=\"_blank\" rel=\"noopener\">Fotografies del Challenge Barcelona Triathlon 2023<\/a><\/p>\n","protected":false},"excerpt":{"rendered":"<p>L\u2019edici\u00f3 d\u2019aquest any es celebrar\u00e0 el diumenge 27 d\u2019octubre<\/p>\n","protected":false},"author":1,"featured_media":8600,"comment_status":"closed","ping_status":"closed","sticky":false,"template":"","format":"standard","meta":{"_monsterinsights_skip_tracking":false,"site-sidebar-layout":"default","site-content-layout":"","ast-site-content-layout":"default","site-content-style":"default","site-sidebar-style":"default","ast-global-header-display":"","ast-banner-title-visibility":"","ast-main-header-display":"","ast-hfb-above-header-display":"","ast-hfb-below-header-display":"","ast-hfb-mobile-header-display":"","site-post-title":"","ast-breadcrumbs-content":"","ast-featured-img":"","footer-sml-layout":"","ast-disable-related-posts":"","theme-transparent-header-meta":"default","adv-header-id-meta":"","stick-header-meta":"default","header-above-stick-meta":"","header-main-stick-meta":"","header-below-stick-meta":"","astra-migrate-meta-layouts":"set","ast-page-background-enabled":"default","ast-page-background-meta":{"desktop":{"background-color":"","background-image":"","background-repeat":"repeat","background-position":"center center","background-size":"auto","background-attachment":"scroll","background-type":"","background-media":"","overlay-type":"","overlay-color":"","overlay-opacity":"","overlay-gradient":""},"tablet":{"background-color":"","background-image":"","background-repeat":"repeat","background-position":"center center","background-size":"auto","background-attachment":"scroll","background-type":"","background-media":"","overlay-type":"","overlay-color":"","overlay-opacity":"","overlay-gradient":""},"mobile":{"background-color":"","background-image":"","background-repeat":"repeat","background-position":"center center","background-size":"auto","background-attachment":"scroll","background-type":"","background-media":"","overlay-type":"","overlay-color":"","overlay-opacity":"","overlay-gradient":""}},"ast-content-background-meta":{"desktop":{"background-color":"var(--ast-global-color-5)","background-image":"","background-repeat":"repeat","background-position":"center center","background-size":"auto","background-attachment":"scroll","background-type":"","background-media":"","overlay-type":"","overlay-color":"","overlay-opacity":"","overlay-gradient":""},"tablet":{"background-color":"var(--ast-global-color-5)","background-image":"","background-repeat":"repeat","background-position":"center center","background-size":"auto","background-attachment":"scroll","background-type":"","background-media":"","overlay-type":"","overlay-color":"","overlay-opacity":"","overlay-gradient":""},"mobile":{"background-color":"var(--ast-global-color-5)","background-image":"","background-repeat":"repeat","background-position":"center center","background-size":"auto","background-attachment":"scroll","background-type":"","background-media":"","overlay-type":"","overlay-color":"","overlay-opacity":"","overlay-gradient":""}},"footnotes":""},"categories":[1],"tags":[],"class_list":["post-8599","post","type-post","status-publish","format-standard","has-post-thumbnail","hentry","category-noticies"],"yoast_head":"<!-- This site is optimized with the Yoast SEO plugin v27.1 - https:\/\/yoast.com\/product\/yoast-seo-wordpress\/ -->\n<title>El Challenge Barcelona Triathlon obre les seves inscripcions - Challenge Barcelona Triatl\u00f3<\/title>\n<meta name=\"robots\" content=\"index, follow, max-snippet:-1, max-image-preview:large, max-video-preview:-1\" \/>\n<link rel=\"canonical\" href=\"https:\/\/www.triathlon.barcelona\/ca\/el-challenge-barcelona-triathlon-obre-les-seves-inscripcions\/\" \/>\n<meta property=\"og:locale\" content=\"ca_ES\" \/>\n<meta property=\"og:type\" content=\"article\" \/>\n<meta property=\"og:title\" content=\"El Challenge Barcelona Triathlon obre les seves inscripcions - Challenge Barcelona Triatl\u00f3\" \/>\n<meta property=\"og:description\" content=\"L\u2019edici\u00f3 d\u2019aquest any es celebrar\u00e0 el diumenge 27 d\u2019octubre\" \/>\n<meta property=\"og:url\" content=\"https:\/\/www.triathlon.barcelona\/ca\/el-challenge-barcelona-triathlon-obre-les-seves-inscripcions\/\" \/>\n<meta property=\"og:site_name\" content=\"Challenge Barcelona Triatl\u00f3\" \/>\n<meta property=\"article:publisher\" content=\"https:\/\/www.facebook.com\/barcelonatriathlon\" \/>\n<meta property=\"article:published_time\" content=\"2024-02-28T23:05:48+00:00\" \/>\n<meta property=\"article:modified_time\" content=\"2024-02-29T12:33:51+00:00\" \/>\n<meta property=\"og:image\" content=\"https:\/\/www.triathlon.barcelona\/wp-content\/uploads\/2024\/02\/240229-obertura-inscripcions-chbcn2024.jpg\" \/>\n\t<meta property=\"og:image:width\" content=\"1920\" \/>\n\t<meta property=\"og:image:height\" content=\"1280\" \/>\n\t<meta property=\"og:image:type\" content=\"image\/jpeg\" \/>\n<meta name=\"author\" content=\"david\" \/>\n<meta name=\"twitter:card\" content=\"summary_large_image\" \/>\n<meta name=\"twitter:creator\" content=\"@bcn_triathlon\" \/>\n<meta name=\"twitter:site\" content=\"@bcn_triathlon\" \/>\n<meta name=\"twitter:label1\" content=\"Escrit per\" \/>\n\t<meta name=\"twitter:data1\" content=\"david\" \/>\n\t<meta name=\"twitter:label2\" content=\"Temps estimat de lectura\" \/>\n\t<meta name=\"twitter:data2\" content=\"5 minuts\" \/>\n<script type=\"application\/ld+json\" class=\"yoast-schema-graph\">{\"@context\":\"https:\/\/schema.org\",\"@graph\":[{\"@type\":\"Article\",\"@id\":\"https:\/\/www.triathlon.barcelona\/ca\/el-challenge-barcelona-triathlon-obre-les-seves-inscripcions\/#article\",\"isPartOf\":{\"@id\":\"https:\/\/www.triathlon.barcelona\/ca\/el-challenge-barcelona-triathlon-obre-les-seves-inscripcions\/\"},\"author\":{\"name\":\"david\",\"@id\":\"https:\/\/www.triathlon.barcelona\/ca\/#\/schema\/person\/812f46a7af75bae5296e42e5b503d1e6\"},\"headline\":\"El Challenge Barcelona Triathlon obre les seves inscripcions\",\"datePublished\":\"2024-02-28T23:05:48+00:00\",\"dateModified\":\"2024-02-29T12:33:51+00:00\",\"mainEntityOfPage\":{\"@id\":\"https:\/\/www.triathlon.barcelona\/ca\/el-challenge-barcelona-triathlon-obre-les-seves-inscripcions\/\"},\"wordCount\":737,\"publisher\":{\"@id\":\"https:\/\/www.triathlon.barcelona\/ca\/#organization\"},\"image\":{\"@id\":\"https:\/\/www.triathlon.barcelona\/ca\/el-challenge-barcelona-triathlon-obre-les-seves-inscripcions\/#primaryimage\"},\"thumbnailUrl\":\"https:\/\/www.triathlon.barcelona\/wp-content\/uploads\/2024\/02\/240229-obertura-inscripcions-chbcn2024.jpg\",\"articleSection\":[\"Not\u00edcies\"],\"inLanguage\":\"ca\"},{\"@type\":\"WebPage\",\"@id\":\"https:\/\/www.triathlon.barcelona\/ca\/el-challenge-barcelona-triathlon-obre-les-seves-inscripcions\/\",\"url\":\"https:\/\/www.triathlon.barcelona\/ca\/el-challenge-barcelona-triathlon-obre-les-seves-inscripcions\/\",\"name\":\"El Challenge Barcelona Triathlon obre les seves inscripcions - Challenge Barcelona Triatl\u00f3\",\"isPartOf\":{\"@id\":\"https:\/\/www.triathlon.barcelona\/ca\/#website\"},\"primaryImageOfPage\":{\"@id\":\"https:\/\/www.triathlon.barcelona\/ca\/el-challenge-barcelona-triathlon-obre-les-seves-inscripcions\/#primaryimage\"},\"image\":{\"@id\":\"https:\/\/www.triathlon.barcelona\/ca\/el-challenge-barcelona-triathlon-obre-les-seves-inscripcions\/#primaryimage\"},\"thumbnailUrl\":\"https:\/\/www.triathlon.barcelona\/wp-content\/uploads\/2024\/02\/240229-obertura-inscripcions-chbcn2024.jpg\",\"datePublished\":\"2024-02-28T23:05:48+00:00\",\"dateModified\":\"2024-02-29T12:33:51+00:00\",\"breadcrumb\":{\"@id\":\"https:\/\/www.triathlon.barcelona\/ca\/el-challenge-barcelona-triathlon-obre-les-seves-inscripcions\/#breadcrumb\"},\"inLanguage\":\"ca\",\"potentialAction\":[{\"@type\":\"ReadAction\",\"target\":[\"https:\/\/www.triathlon.barcelona\/ca\/el-challenge-barcelona-triathlon-obre-les-seves-inscripcions\/\"]}]},{\"@type\":\"ImageObject\",\"inLanguage\":\"ca\",\"@id\":\"https:\/\/www.triathlon.barcelona\/ca\/el-challenge-barcelona-triathlon-obre-les-seves-inscripcions\/#primaryimage\",\"url\":\"https:\/\/www.triathlon.barcelona\/wp-content\/uploads\/2024\/02\/240229-obertura-inscripcions-chbcn2024.jpg\",\"contentUrl\":\"https:\/\/www.triathlon.barcelona\/wp-content\/uploads\/2024\/02\/240229-obertura-inscripcions-chbcn2024.jpg\",\"width\":1920,\"height\":1280},{\"@type\":\"BreadcrumbList\",\"@id\":\"https:\/\/www.triathlon.barcelona\/ca\/el-challenge-barcelona-triathlon-obre-les-seves-inscripcions\/#breadcrumb\",\"itemListElement\":[{\"@type\":\"ListItem\",\"position\":1,\"name\":\"Inicio\",\"item\":\"https:\/\/www.triathlon.barcelona\/ca\/\"},{\"@type\":\"ListItem\",\"position\":2,\"name\":\"El Challenge Barcelona Triathlon obre les seves inscripcions\"}]},{\"@type\":\"WebSite\",\"@id\":\"https:\/\/www.triathlon.barcelona\/ca\/#website\",\"url\":\"https:\/\/www.triathlon.barcelona\/ca\/\",\"name\":\"Challenge Barcelona Triathlon\",\"description\":\"\",\"publisher\":{\"@id\":\"https:\/\/www.triathlon.barcelona\/ca\/#organization\"},\"alternateName\":\"Challenge Barcelona\",\"potentialAction\":[{\"@type\":\"SearchAction\",\"target\":{\"@type\":\"EntryPoint\",\"urlTemplate\":\"https:\/\/www.triathlon.barcelona\/ca\/?s={search_term_string}\"},\"query-input\":{\"@type\":\"PropertyValueSpecification\",\"valueRequired\":true,\"valueName\":\"search_term_string\"}}],\"inLanguage\":\"ca\"},{\"@type\":\"Organization\",\"@id\":\"https:\/\/www.triathlon.barcelona\/ca\/#organization\",\"name\":\"Challenge Barcelona Triathlon\",\"alternateName\":\"Challenge Barcelona\",\"url\":\"https:\/\/www.triathlon.barcelona\/ca\/\",\"logo\":{\"@type\":\"ImageObject\",\"inLanguage\":\"ca\",\"@id\":\"https:\/\/www.triathlon.barcelona\/ca\/#\/schema\/logo\/image\/\",\"url\":\"https:\/\/www.triathlon.barcelona\/wp-content\/uploads\/2024\/06\/logo-challenge-barcelona.png\",\"contentUrl\":\"https:\/\/www.triathlon.barcelona\/wp-content\/uploads\/2024\/06\/logo-challenge-barcelona.png\",\"width\":3209,\"height\":729,\"caption\":\"Challenge Barcelona Triathlon\"},\"image\":{\"@id\":\"https:\/\/www.triathlon.barcelona\/ca\/#\/schema\/logo\/image\/\"},\"sameAs\":[\"https:\/\/www.facebook.com\/barcelonatriathlon\",\"https:\/\/x.com\/bcn_triathlon\",\"https:\/\/www.instagram.com\/barcelonatriathlon\/\"]},{\"@type\":\"Person\",\"@id\":\"https:\/\/www.triathlon.barcelona\/ca\/#\/schema\/person\/812f46a7af75bae5296e42e5b503d1e6\",\"name\":\"david\",\"image\":{\"@type\":\"ImageObject\",\"inLanguage\":\"ca\",\"@id\":\"https:\/\/www.triathlon.barcelona\/ca\/#\/schema\/person\/image\/\",\"url\":\"https:\/\/secure.gravatar.com\/avatar\/f3b6b2a94c48d199ba05b31c711ca66bc5650a0dc06074dd63ae046df043d8e8?s=96&d=mm&r=g\",\"contentUrl\":\"https:\/\/secure.gravatar.com\/avatar\/f3b6b2a94c48d199ba05b31c711ca66bc5650a0dc06074dd63ae046df043d8e8?s=96&d=mm&r=g\",\"caption\":\"david\"},\"sameAs\":[\"https:\/\/www.triathlon.barcelona\"],\"url\":\"https:\/\/www.triathlon.barcelona\/ca\/author\/david\/\"}]}<\/script>\n<!-- \/ Yoast SEO plugin. -->","yoast_head_json":{"title":"El Challenge Barcelona Triathlon obre les seves inscripcions - Challenge Barcelona Triatl\u00f3","robots":{"index":"index","follow":"follow","max-snippet":"max-snippet:-1","max-image-preview":"max-image-preview:large","max-video-preview":"max-video-preview:-1"},"canonical":"https:\/\/www.triathlon.barcelona\/ca\/el-challenge-barcelona-triathlon-obre-les-seves-inscripcions\/","og_locale":"ca_ES","og_type":"article","og_title":"El Challenge Barcelona Triathlon obre les seves inscripcions - Challenge Barcelona Triatl\u00f3","og_description":"L\u2019edici\u00f3 d\u2019aquest any es celebrar\u00e0 el diumenge 27 d\u2019octubre","og_url":"https:\/\/www.triathlon.barcelona\/ca\/el-challenge-barcelona-triathlon-obre-les-seves-inscripcions\/","og_site_name":"Challenge Barcelona Triatl\u00f3","article_publisher":"https:\/\/www.facebook.com\/barcelonatriathlon","article_published_time":"2024-02-28T23:05:48+00:00","article_modified_time":"2024-02-29T12:33:51+00:00","og_image":[{"width":1920,"height":1280,"url":"https:\/\/www.triathlon.barcelona\/wp-content\/uploads\/2024\/02\/240229-obertura-inscripcions-chbcn2024.jpg","type":"image\/jpeg"}],"author":"david","twitter_card":"summary_large_image","twitter_creator":"@bcn_triathlon","twitter_site":"@bcn_triathlon","twitter_misc":{"Escrit per":"david","Temps estimat de lectura":"5 minuts"},"schema":{"@context":"https:\/\/schema.org","@graph":[{"@type":"Article","@id":"https:\/\/www.triathlon.barcelona\/ca\/el-challenge-barcelona-triathlon-obre-les-seves-inscripcions\/#article","isPartOf":{"@id":"https:\/\/www.triathlon.barcelona\/ca\/el-challenge-barcelona-triathlon-obre-les-seves-inscripcions\/"},"author":{"name":"david","@id":"https:\/\/www.triathlon.barcelona\/ca\/#\/schema\/person\/812f46a7af75bae5296e42e5b503d1e6"},"headline":"El Challenge Barcelona Triathlon obre les seves inscripcions","datePublished":"2024-02-28T23:05:48+00:00","dateModified":"2024-02-29T12:33:51+00:00","mainEntityOfPage":{"@id":"https:\/\/www.triathlon.barcelona\/ca\/el-challenge-barcelona-triathlon-obre-les-seves-inscripcions\/"},"wordCount":737,"publisher":{"@id":"https:\/\/www.triathlon.barcelona\/ca\/#organization"},"image":{"@id":"https:\/\/www.triathlon.barcelona\/ca\/el-challenge-barcelona-triathlon-obre-les-seves-inscripcions\/#primaryimage"},"thumbnailUrl":"https:\/\/www.triathlon.barcelona\/wp-content\/uploads\/2024\/02\/240229-obertura-inscripcions-chbcn2024.jpg","articleSection":["Not\u00edcies"],"inLanguage":"ca"},{"@type":"WebPage","@id":"https:\/\/www.triathlon.barcelona\/ca\/el-challenge-barcelona-triathlon-obre-les-seves-inscripcions\/","url":"https:\/\/www.triathlon.barcelona\/ca\/el-challenge-barcelona-triathlon-obre-les-seves-inscripcions\/","name":"El Challenge Barcelona Triathlon obre les seves inscripcions - Challenge Barcelona Triatl\u00f3","isPartOf":{"@id":"https:\/\/www.triathlon.barcelona\/ca\/#website"},"primaryImageOfPage":{"@id":"https:\/\/www.triathlon.barcelona\/ca\/el-challenge-barcelona-triathlon-obre-les-seves-inscripcions\/#primaryimage"},"image":{"@id":"https:\/\/www.triathlon.barcelona\/ca\/el-challenge-barcelona-triathlon-obre-les-seves-inscripcions\/#primaryimage"},"thumbnailUrl":"https:\/\/www.triathlon.barcelona\/wp-content\/uploads\/2024\/02\/240229-obertura-inscripcions-chbcn2024.jpg","datePublished":"2024-02-28T23:05:48+00:00","dateModified":"2024-02-29T12:33:51+00:00","breadcrumb":{"@id":"https:\/\/www.triathlon.barcelona\/ca\/el-challenge-barcelona-triathlon-obre-les-seves-inscripcions\/#breadcrumb"},"inLanguage":"ca","potentialAction":[{"@type":"ReadAction","target":["https:\/\/www.triathlon.barcelona\/ca\/el-challenge-barcelona-triathlon-obre-les-seves-inscripcions\/"]}]},{"@type":"ImageObject","inLanguage":"ca","@id":"https:\/\/www.triathlon.barcelona\/ca\/el-challenge-barcelona-triathlon-obre-les-seves-inscripcions\/#primaryimage","url":"https:\/\/www.triathlon.barcelona\/wp-content\/uploads\/2024\/02\/240229-obertura-inscripcions-chbcn2024.jpg","contentUrl":"https:\/\/www.triathlon.barcelona\/wp-content\/uploads\/2024\/02\/240229-obertura-inscripcions-chbcn2024.jpg","width":1920,"height":1280},{"@type":"BreadcrumbList","@id":"https:\/\/www.triathlon.barcelona\/ca\/el-challenge-barcelona-triathlon-obre-les-seves-inscripcions\/#breadcrumb","itemListElement":[{"@type":"ListItem","position":1,"name":"Inicio","item":"https:\/\/www.triathlon.barcelona\/ca\/"},{"@type":"ListItem","position":2,"name":"El Challenge Barcelona Triathlon obre les seves inscripcions"}]},{"@type":"WebSite","@id":"https:\/\/www.triathlon.barcelona\/ca\/#website","url":"https:\/\/www.triathlon.barcelona\/ca\/","name":"Challenge Barcelona Triathlon","description":"","publisher":{"@id":"https:\/\/www.triathlon.barcelona\/ca\/#organization"},"alternateName":"Challenge Barcelona","potentialAction":[{"@type":"SearchAction","target":{"@type":"EntryPoint","urlTemplate":"https:\/\/www.triathlon.barcelona\/ca\/?s={search_term_string}"},"query-input":{"@type":"PropertyValueSpecification","valueRequired":true,"valueName":"search_term_string"}}],"inLanguage":"ca"},{"@type":"Organization","@id":"https:\/\/www.triathlon.barcelona\/ca\/#organization","name":"Challenge Barcelona Triathlon","alternateName":"Challenge Barcelona","url":"https:\/\/www.triathlon.barcelona\/ca\/","logo":{"@type":"ImageObject","inLanguage":"ca","@id":"https:\/\/www.triathlon.barcelona\/ca\/#\/schema\/logo\/image\/","url":"https:\/\/www.triathlon.barcelona\/wp-content\/uploads\/2024\/06\/logo-challenge-barcelona.png","contentUrl":"https:\/\/www.triathlon.barcelona\/wp-content\/uploads\/2024\/06\/logo-challenge-barcelona.png","width":3209,"height":729,"caption":"Challenge Barcelona Triathlon"},"image":{"@id":"https:\/\/www.triathlon.barcelona\/ca\/#\/schema\/logo\/image\/"},"sameAs":["https:\/\/www.facebook.com\/barcelonatriathlon","https:\/\/x.com\/bcn_triathlon","https:\/\/www.instagram.com\/barcelonatriathlon\/"]},{"@type":"Person","@id":"https:\/\/www.triathlon.barcelona\/ca\/#\/schema\/person\/812f46a7af75bae5296e42e5b503d1e6","name":"david","image":{"@type":"ImageObject","inLanguage":"ca","@id":"https:\/\/www.triathlon.barcelona\/ca\/#\/schema\/person\/image\/","url":"https:\/\/secure.gravatar.com\/avatar\/f3b6b2a94c48d199ba05b31c711ca66bc5650a0dc06074dd63ae046df043d8e8?s=96&d=mm&r=g","contentUrl":"https:\/\/secure.gravatar.com\/avatar\/f3b6b2a94c48d199ba05b31c711ca66bc5650a0dc06074dd63ae046df043d8e8?s=96&d=mm&r=g","caption":"david"},"sameAs":["https:\/\/www.triathlon.barcelona"],"url":"https:\/\/www.triathlon.barcelona\/ca\/author\/david\/"}]}},"_links":{"self":[{"href":"https:\/\/www.triathlon.barcelona\/ca\/wp-json\/wp\/v2\/posts\/8599","targetHints":{"allow":["GET"]}}],"collection":[{"href":"https:\/\/www.triathlon.barcelona\/ca\/wp-json\/wp\/v2\/posts"}],"about":[{"href":"https:\/\/www.triathlon.barcelona\/ca\/wp-json\/wp\/v2\/types\/post"}],"author":[{"embeddable":true,"href":"https:\/\/www.triathlon.barcelona\/ca\/wp-json\/wp\/v2\/users\/1"}],"replies":[{"embeddable":true,"href":"https:\/\/www.triathlon.barcelona\/ca\/wp-json\/wp\/v2\/comments?post=8599"}],"version-history":[{"count":5,"href":"https:\/\/www.triathlon.barcelona\/ca\/wp-json\/wp\/v2\/posts\/8599\/revisions"}],"predecessor-version":[{"id":8615,"href":"https:\/\/www.triathlon.barcelona\/ca\/wp-json\/wp\/v2\/posts\/8599\/revisions\/8615"}],"wp:featuredmedia":[{"embeddable":true,"href":"https:\/\/www.triathlon.barcelona\/ca\/wp-json\/wp\/v2\/media\/8600"}],"wp:attachment":[{"href":"https:\/\/www.triathlon.barcelona\/ca\/wp-json\/wp\/v2\/media?parent=8599"}],"wp:term":[{"taxonomy":"category","embeddable":true,"href":"https:\/\/www.triathlon.barcelona\/ca\/wp-json\/wp\/v2\/categories?post=8599"},{"taxonomy":"post_tag","embeddable":true,"href":"https:\/\/www.triathlon.barcelona\/ca\/wp-json\/wp\/v2\/tags?post=8599"}],"curies":[{"name":"wp","href":"https:\/\/api.w.org\/{rel}","templated":true}]}}