{"id":9333,"date":"2024-06-14T12:00:17","date_gmt":"2024-06-14T10:00:17","guid":{"rendered":"https:\/\/www.triathlon.barcelona\/?p=9333"},"modified":"2024-06-14T01:23:54","modified_gmt":"2024-06-13T23:23:54","slug":"canvi-de-data-del-challenge-barcelona-triathlon-2024","status":"publish","type":"post","link":"https:\/\/www.triathlon.barcelona\/ca\/canvi-de-data-del-challenge-barcelona-triathlon-2024\/","title":{"rendered":"Canvi de data del Challenge Barcelona Triathlon 2024"},"content":{"rendered":"<p><strong>La prova passa al diumenge 3 de novembre per canvi de calendari i log\u00edstica de la Copa Am\u00e8rica de Vela<\/strong><!--more--><\/p>\n<p>Des de l\u2019organitzaci\u00f3 del Challenge Barcelona Triathlon, volem anunciar un important canvi de data per a l\u2019edici\u00f3 d\u2019aquest any. La competici\u00f3, que inicialment estava programada per al 27 d\u2019octubre, se celebrar\u00e0 una setmana despr\u00e9s, el diumenge 3 de novembre de 2024.<\/p>\n<p>La decisi\u00f3 de modificar la data de la prova ha estat presa a causa de canvis en el calendari i la log\u00edstica de la Copa Am\u00e8rica de Vela, que se celebra a Barcelona durant els mesos d\u2019agost, setembre i octubre. Aquest esdeveniment de gran envergadura afecta significativament el bon desenvolupament del triatl\u00f3, impactant tant la log\u00edstica, la mobilitat, el transport i els allotjaments, com tamb\u00e9 la ciutadania en general. La coincid\u00e8ncia d\u2019aquests dos grans esdeveniments esportius a la mateixa ciutat i en dates similars fa impossible la seva coexist\u00e8ncia sense comprometre la qualitat i la seguretat del Challenge Barcelona Triathlon.<\/p>\n<p>Amb aquest canvi, el Challenge Barcelona Triathlon es converteix en la darrera prova de triatl\u00f3 de l\u2019any a Europa abans de l\u2019inici de la nova temporada, oferint als i les atletes una oportunitat \u00fanica per tancar el seu calendari competitiu en una de les ciutats m\u00e9s emblem\u00e0tiques de l\u2019esport.<\/p>\n<p>L\u2019organitzaci\u00f3 ja ha enviat un correu electr\u00f2nic a totes les persones inscrites en l\u2019edici\u00f3 2024, oferint les seg\u00fcents opcions: mantenir la inscripci\u00f3 per a la nova data del 2024, transferir la inscripci\u00f3 per a l\u2019edici\u00f3 2025 o cancel\u00b7lar la inscripci\u00f3 i rebre un reemborsament. Els i les participants tindran fins al 25 de juny de 2024 per fer qualsevol d\u2019aquests canvis.<\/p>\n<p>Demanem disculpes per qualsevol inconvenient que aquest canvi pugui causar i agra\u00efm la comprensi\u00f3 i la col\u00b7laboraci\u00f3 de tothom. Des de l\u2019organitzaci\u00f3, seguim compromesos a treballar intensament per assegurar que el Challenge Barcelona Triathlon continu\u00ef sent una experi\u00e8ncia esportiva \u00fanica i especial per a tots els i les participants.<\/p>\n<p>&nbsp;<\/p>\n<p>Atentament,<\/p>\n<p>Organitzaci\u00f3 del Challenge Barcelona Triathlon<\/p>\n","protected":false},"excerpt":{"rendered":"<p>La prova passa al diumenge 3 de novembre per canvi de calendari i log\u00edstica de la Copa Am\u00e8rica de Vela<\/p>\n","protected":false},"author":1,"featured_media":9334,"comment_status":"closed","ping_status":"closed","sticky":false,"template":"","format":"standard","meta":{"_monsterinsights_skip_tracking":false,"site-sidebar-layout":"default","site-content-layout":"","ast-site-content-layout":"default","site-content-style":"default","site-sidebar-style":"default","ast-global-header-display":"","ast-banner-title-visibility":"","ast-main-header-display":"","ast-hfb-above-header-display":"","ast-hfb-below-header-display":"","ast-hfb-mobile-header-display":"","site-post-title":"","ast-breadcrumbs-content":"","ast-featured-img":"","footer-sml-layout":"","ast-disable-related-posts":"","theme-transparent-header-meta":"default","adv-header-id-meta":"","stick-header-meta":"default","header-above-stick-meta":"","header-main-stick-meta":"","header-below-stick-meta":"","astra-migrate-meta-layouts":"set","ast-page-background-enabled":"default","ast-page-background-meta":{"desktop":{"background-color":"","background-image":"","background-repeat":"repeat","background-position":"center center","background-size":"auto","background-attachment":"scroll","background-type":"","background-media":"","overlay-type":"","overlay-color":"","overlay-opacity":"","overlay-gradient":""},"tablet":{"background-color":"","background-image":"","background-repeat":"repeat","background-position":"center center","background-size":"auto","background-attachment":"scroll","background-type":"","background-media":"","overlay-type":"","overlay-color":"","overlay-opacity":"","overlay-gradient":""},"mobile":{"background-color":"","background-image":"","background-repeat":"repeat","background-position":"center center","background-size":"auto","background-attachment":"scroll","background-type":"","background-media":"","overlay-type":"","overlay-color":"","overlay-opacity":"","overlay-gradient":""}},"ast-content-background-meta":{"desktop":{"background-color":"var(--ast-global-color-5)","background-image":"","background-repeat":"repeat","background-position":"center center","background-size":"auto","background-attachment":"scroll","background-type":"","background-media":"","overlay-type":"","overlay-color":"","overlay-opacity":"","overlay-gradient":""},"tablet":{"background-color":"var(--ast-global-color-5)","background-image":"","background-repeat":"repeat","background-position":"center center","background-size":"auto","background-attachment":"scroll","background-type":"","background-media":"","overlay-type":"","overlay-color":"","overlay-opacity":"","overlay-gradient":""},"mobile":{"background-color":"var(--ast-global-color-5)","background-image":"","background-repeat":"repeat","background-position":"center center","background-size":"auto","background-attachment":"scroll","background-type":"","background-media":"","overlay-type":"","overlay-color":"","overlay-opacity":"","overlay-gradient":""}},"footnotes":""},"categories":[1],"tags":[],"class_list":["post-9333","post","type-post","status-publish","format-standard","has-post-thumbnail","hentry","category-noticies"],"yoast_head":"<!-- This site is optimized with the Yoast SEO plugin v27.1 - https:\/\/yoast.com\/product\/yoast-seo-wordpress\/ -->\n<title>Canvi de data del Challenge Barcelona Triathlon 2024 - Challenge Barcelona Triatl\u00f3<\/title>\n<meta name=\"robots\" content=\"index, follow, max-snippet:-1, max-image-preview:large, max-video-preview:-1\" \/>\n<link rel=\"canonical\" href=\"https:\/\/www.triathlon.barcelona\/ca\/canvi-de-data-del-challenge-barcelona-triathlon-2024\/\" \/>\n<meta property=\"og:locale\" content=\"ca_ES\" \/>\n<meta property=\"og:type\" content=\"article\" \/>\n<meta property=\"og:title\" content=\"Canvi de data del Challenge Barcelona Triathlon 2024 - Challenge Barcelona Triatl\u00f3\" \/>\n<meta property=\"og:description\" content=\"La prova passa al diumenge 3 de novembre per canvi de calendari i log\u00edstica de la Copa Am\u00e8rica de Vela\" \/>\n<meta property=\"og:url\" content=\"https:\/\/www.triathlon.barcelona\/ca\/canvi-de-data-del-challenge-barcelona-triathlon-2024\/\" \/>\n<meta property=\"og:site_name\" content=\"Challenge Barcelona Triatl\u00f3\" \/>\n<meta property=\"article:publisher\" content=\"https:\/\/www.facebook.com\/barcelonatriathlon\" \/>\n<meta property=\"article:published_time\" content=\"2024-06-14T10:00:17+00:00\" \/>\n<meta property=\"og:image\" content=\"https:\/\/www.triathlon.barcelona\/wp-content\/uploads\/2024\/06\/240614-canvidata-chbcn2024.jpg\" \/>\n\t<meta property=\"og:image:width\" content=\"1920\" \/>\n\t<meta property=\"og:image:height\" content=\"1280\" \/>\n\t<meta property=\"og:image:type\" content=\"image\/jpeg\" \/>\n<meta name=\"author\" content=\"david\" \/>\n<meta name=\"twitter:card\" content=\"summary_large_image\" \/>\n<meta name=\"twitter:creator\" content=\"@bcn_triathlon\" \/>\n<meta name=\"twitter:site\" content=\"@bcn_triathlon\" \/>\n<meta name=\"twitter:label1\" content=\"Escrit per\" \/>\n\t<meta name=\"twitter:data1\" content=\"david\" \/>\n\t<meta name=\"twitter:label2\" content=\"Temps estimat de lectura\" \/>\n\t<meta name=\"twitter:data2\" content=\"2 minuts\" \/>\n<script type=\"application\/ld+json\" class=\"yoast-schema-graph\">{\"@context\":\"https:\/\/schema.org\",\"@graph\":[{\"@type\":\"Article\",\"@id\":\"https:\/\/www.triathlon.barcelona\/ca\/canvi-de-data-del-challenge-barcelona-triathlon-2024\/#article\",\"isPartOf\":{\"@id\":\"https:\/\/www.triathlon.barcelona\/ca\/canvi-de-data-del-challenge-barcelona-triathlon-2024\/\"},\"author\":{\"name\":\"david\",\"@id\":\"https:\/\/www.triathlon.barcelona\/ca\/#\/schema\/person\/812f46a7af75bae5296e42e5b503d1e6\"},\"headline\":\"Canvi de data del Challenge Barcelona Triathlon 2024\",\"datePublished\":\"2024-06-14T10:00:17+00:00\",\"mainEntityOfPage\":{\"@id\":\"https:\/\/www.triathlon.barcelona\/ca\/canvi-de-data-del-challenge-barcelona-triathlon-2024\/\"},\"wordCount\":355,\"publisher\":{\"@id\":\"https:\/\/www.triathlon.barcelona\/ca\/#organization\"},\"image\":{\"@id\":\"https:\/\/www.triathlon.barcelona\/ca\/canvi-de-data-del-challenge-barcelona-triathlon-2024\/#primaryimage\"},\"thumbnailUrl\":\"https:\/\/www.triathlon.barcelona\/wp-content\/uploads\/2024\/06\/240614-canvidata-chbcn2024.jpg\",\"articleSection\":[\"Not\u00edcies\"],\"inLanguage\":\"ca\"},{\"@type\":\"WebPage\",\"@id\":\"https:\/\/www.triathlon.barcelona\/ca\/canvi-de-data-del-challenge-barcelona-triathlon-2024\/\",\"url\":\"https:\/\/www.triathlon.barcelona\/ca\/canvi-de-data-del-challenge-barcelona-triathlon-2024\/\",\"name\":\"Canvi de data del Challenge Barcelona Triathlon 2024 - Challenge Barcelona Triatl\u00f3\",\"isPartOf\":{\"@id\":\"https:\/\/www.triathlon.barcelona\/ca\/#website\"},\"primaryImageOfPage\":{\"@id\":\"https:\/\/www.triathlon.barcelona\/ca\/canvi-de-data-del-challenge-barcelona-triathlon-2024\/#primaryimage\"},\"image\":{\"@id\":\"https:\/\/www.triathlon.barcelona\/ca\/canvi-de-data-del-challenge-barcelona-triathlon-2024\/#primaryimage\"},\"thumbnailUrl\":\"https:\/\/www.triathlon.barcelona\/wp-content\/uploads\/2024\/06\/240614-canvidata-chbcn2024.jpg\",\"datePublished\":\"2024-06-14T10:00:17+00:00\",\"breadcrumb\":{\"@id\":\"https:\/\/www.triathlon.barcelona\/ca\/canvi-de-data-del-challenge-barcelona-triathlon-2024\/#breadcrumb\"},\"inLanguage\":\"ca\",\"potentialAction\":[{\"@type\":\"ReadAction\",\"target\":[\"https:\/\/www.triathlon.barcelona\/ca\/canvi-de-data-del-challenge-barcelona-triathlon-2024\/\"]}]},{\"@type\":\"ImageObject\",\"inLanguage\":\"ca\",\"@id\":\"https:\/\/www.triathlon.barcelona\/ca\/canvi-de-data-del-challenge-barcelona-triathlon-2024\/#primaryimage\",\"url\":\"https:\/\/www.triathlon.barcelona\/wp-content\/uploads\/2024\/06\/240614-canvidata-chbcn2024.jpg\",\"contentUrl\":\"https:\/\/www.triathlon.barcelona\/wp-content\/uploads\/2024\/06\/240614-canvidata-chbcn2024.jpg\",\"width\":1920,\"height\":1280},{\"@type\":\"BreadcrumbList\",\"@id\":\"https:\/\/www.triathlon.barcelona\/ca\/canvi-de-data-del-challenge-barcelona-triathlon-2024\/#breadcrumb\",\"itemListElement\":[{\"@type\":\"ListItem\",\"position\":1,\"name\":\"Inicio\",\"item\":\"https:\/\/www.triathlon.barcelona\/ca\/\"},{\"@type\":\"ListItem\",\"position\":2,\"name\":\"Canvi de data del Challenge Barcelona Triathlon 2024\"}]},{\"@type\":\"WebSite\",\"@id\":\"https:\/\/www.triathlon.barcelona\/ca\/#website\",\"url\":\"https:\/\/www.triathlon.barcelona\/ca\/\",\"name\":\"Challenge Barcelona Triathlon\",\"description\":\"\",\"publisher\":{\"@id\":\"https:\/\/www.triathlon.barcelona\/ca\/#organization\"},\"alternateName\":\"Challenge Barcelona\",\"potentialAction\":[{\"@type\":\"SearchAction\",\"target\":{\"@type\":\"EntryPoint\",\"urlTemplate\":\"https:\/\/www.triathlon.barcelona\/ca\/?s={search_term_string}\"},\"query-input\":{\"@type\":\"PropertyValueSpecification\",\"valueRequired\":true,\"valueName\":\"search_term_string\"}}],\"inLanguage\":\"ca\"},{\"@type\":\"Organization\",\"@id\":\"https:\/\/www.triathlon.barcelona\/ca\/#organization\",\"name\":\"Challenge Barcelona Triathlon\",\"alternateName\":\"Challenge Barcelona\",\"url\":\"https:\/\/www.triathlon.barcelona\/ca\/\",\"logo\":{\"@type\":\"ImageObject\",\"inLanguage\":\"ca\",\"@id\":\"https:\/\/www.triathlon.barcelona\/ca\/#\/schema\/logo\/image\/\",\"url\":\"https:\/\/www.triathlon.barcelona\/wp-content\/uploads\/2024\/06\/logo-challenge-barcelona.png\",\"contentUrl\":\"https:\/\/www.triathlon.barcelona\/wp-content\/uploads\/2024\/06\/logo-challenge-barcelona.png\",\"width\":3209,\"height\":729,\"caption\":\"Challenge Barcelona Triathlon\"},\"image\":{\"@id\":\"https:\/\/www.triathlon.barcelona\/ca\/#\/schema\/logo\/image\/\"},\"sameAs\":[\"https:\/\/www.facebook.com\/barcelonatriathlon\",\"https:\/\/x.com\/bcn_triathlon\",\"https:\/\/www.instagram.com\/barcelonatriathlon\/\"]},{\"@type\":\"Person\",\"@id\":\"https:\/\/www.triathlon.barcelona\/ca\/#\/schema\/person\/812f46a7af75bae5296e42e5b503d1e6\",\"name\":\"david\",\"image\":{\"@type\":\"ImageObject\",\"inLanguage\":\"ca\",\"@id\":\"https:\/\/www.triathlon.barcelona\/ca\/#\/schema\/person\/image\/\",\"url\":\"https:\/\/secure.gravatar.com\/avatar\/f3b6b2a94c48d199ba05b31c711ca66bc5650a0dc06074dd63ae046df043d8e8?s=96&d=mm&r=g\",\"contentUrl\":\"https:\/\/secure.gravatar.com\/avatar\/f3b6b2a94c48d199ba05b31c711ca66bc5650a0dc06074dd63ae046df043d8e8?s=96&d=mm&r=g\",\"caption\":\"david\"},\"sameAs\":[\"https:\/\/www.triathlon.barcelona\"],\"url\":\"https:\/\/www.triathlon.barcelona\/ca\/author\/david\/\"}]}<\/script>\n<!-- \/ Yoast SEO plugin. -->","yoast_head_json":{"title":"Canvi de data del Challenge Barcelona Triathlon 2024 - Challenge Barcelona Triatl\u00f3","robots":{"index":"index","follow":"follow","max-snippet":"max-snippet:-1","max-image-preview":"max-image-preview:large","max-video-preview":"max-video-preview:-1"},"canonical":"https:\/\/www.triathlon.barcelona\/ca\/canvi-de-data-del-challenge-barcelona-triathlon-2024\/","og_locale":"ca_ES","og_type":"article","og_title":"Canvi de data del Challenge Barcelona Triathlon 2024 - Challenge Barcelona Triatl\u00f3","og_description":"La prova passa al diumenge 3 de novembre per canvi de calendari i log\u00edstica de la Copa Am\u00e8rica de Vela","og_url":"https:\/\/www.triathlon.barcelona\/ca\/canvi-de-data-del-challenge-barcelona-triathlon-2024\/","og_site_name":"Challenge Barcelona Triatl\u00f3","article_publisher":"https:\/\/www.facebook.com\/barcelonatriathlon","article_published_time":"2024-06-14T10:00:17+00:00","og_image":[{"width":1920,"height":1280,"url":"https:\/\/www.triathlon.barcelona\/wp-content\/uploads\/2024\/06\/240614-canvidata-chbcn2024.jpg","type":"image\/jpeg"}],"author":"david","twitter_card":"summary_large_image","twitter_creator":"@bcn_triathlon","twitter_site":"@bcn_triathlon","twitter_misc":{"Escrit per":"david","Temps estimat de lectura":"2 minuts"},"schema":{"@context":"https:\/\/schema.org","@graph":[{"@type":"Article","@id":"https:\/\/www.triathlon.barcelona\/ca\/canvi-de-data-del-challenge-barcelona-triathlon-2024\/#article","isPartOf":{"@id":"https:\/\/www.triathlon.barcelona\/ca\/canvi-de-data-del-challenge-barcelona-triathlon-2024\/"},"author":{"name":"david","@id":"https:\/\/www.triathlon.barcelona\/ca\/#\/schema\/person\/812f46a7af75bae5296e42e5b503d1e6"},"headline":"Canvi de data del Challenge Barcelona Triathlon 2024","datePublished":"2024-06-14T10:00:17+00:00","mainEntityOfPage":{"@id":"https:\/\/www.triathlon.barcelona\/ca\/canvi-de-data-del-challenge-barcelona-triathlon-2024\/"},"wordCount":355,"publisher":{"@id":"https:\/\/www.triathlon.barcelona\/ca\/#organization"},"image":{"@id":"https:\/\/www.triathlon.barcelona\/ca\/canvi-de-data-del-challenge-barcelona-triathlon-2024\/#primaryimage"},"thumbnailUrl":"https:\/\/www.triathlon.barcelona\/wp-content\/uploads\/2024\/06\/240614-canvidata-chbcn2024.jpg","articleSection":["Not\u00edcies"],"inLanguage":"ca"},{"@type":"WebPage","@id":"https:\/\/www.triathlon.barcelona\/ca\/canvi-de-data-del-challenge-barcelona-triathlon-2024\/","url":"https:\/\/www.triathlon.barcelona\/ca\/canvi-de-data-del-challenge-barcelona-triathlon-2024\/","name":"Canvi de data del Challenge Barcelona Triathlon 2024 - Challenge Barcelona Triatl\u00f3","isPartOf":{"@id":"https:\/\/www.triathlon.barcelona\/ca\/#website"},"primaryImageOfPage":{"@id":"https:\/\/www.triathlon.barcelona\/ca\/canvi-de-data-del-challenge-barcelona-triathlon-2024\/#primaryimage"},"image":{"@id":"https:\/\/www.triathlon.barcelona\/ca\/canvi-de-data-del-challenge-barcelona-triathlon-2024\/#primaryimage"},"thumbnailUrl":"https:\/\/www.triathlon.barcelona\/wp-content\/uploads\/2024\/06\/240614-canvidata-chbcn2024.jpg","datePublished":"2024-06-14T10:00:17+00:00","breadcrumb":{"@id":"https:\/\/www.triathlon.barcelona\/ca\/canvi-de-data-del-challenge-barcelona-triathlon-2024\/#breadcrumb"},"inLanguage":"ca","potentialAction":[{"@type":"ReadAction","target":["https:\/\/www.triathlon.barcelona\/ca\/canvi-de-data-del-challenge-barcelona-triathlon-2024\/"]}]},{"@type":"ImageObject","inLanguage":"ca","@id":"https:\/\/www.triathlon.barcelona\/ca\/canvi-de-data-del-challenge-barcelona-triathlon-2024\/#primaryimage","url":"https:\/\/www.triathlon.barcelona\/wp-content\/uploads\/2024\/06\/240614-canvidata-chbcn2024.jpg","contentUrl":"https:\/\/www.triathlon.barcelona\/wp-content\/uploads\/2024\/06\/240614-canvidata-chbcn2024.jpg","width":1920,"height":1280},{"@type":"BreadcrumbList","@id":"https:\/\/www.triathlon.barcelona\/ca\/canvi-de-data-del-challenge-barcelona-triathlon-2024\/#breadcrumb","itemListElement":[{"@type":"ListItem","position":1,"name":"Inicio","item":"https:\/\/www.triathlon.barcelona\/ca\/"},{"@type":"ListItem","position":2,"name":"Canvi de data del Challenge Barcelona Triathlon 2024"}]},{"@type":"WebSite","@id":"https:\/\/www.triathlon.barcelona\/ca\/#website","url":"https:\/\/www.triathlon.barcelona\/ca\/","name":"Challenge Barcelona Triathlon","description":"","publisher":{"@id":"https:\/\/www.triathlon.barcelona\/ca\/#organization"},"alternateName":"Challenge Barcelona","potentialAction":[{"@type":"SearchAction","target":{"@type":"EntryPoint","urlTemplate":"https:\/\/www.triathlon.barcelona\/ca\/?s={search_term_string}"},"query-input":{"@type":"PropertyValueSpecification","valueRequired":true,"valueName":"search_term_string"}}],"inLanguage":"ca"},{"@type":"Organization","@id":"https:\/\/www.triathlon.barcelona\/ca\/#organization","name":"Challenge Barcelona Triathlon","alternateName":"Challenge Barcelona","url":"https:\/\/www.triathlon.barcelona\/ca\/","logo":{"@type":"ImageObject","inLanguage":"ca","@id":"https:\/\/www.triathlon.barcelona\/ca\/#\/schema\/logo\/image\/","url":"https:\/\/www.triathlon.barcelona\/wp-content\/uploads\/2024\/06\/logo-challenge-barcelona.png","contentUrl":"https:\/\/www.triathlon.barcelona\/wp-content\/uploads\/2024\/06\/logo-challenge-barcelona.png","width":3209,"height":729,"caption":"Challenge Barcelona Triathlon"},"image":{"@id":"https:\/\/www.triathlon.barcelona\/ca\/#\/schema\/logo\/image\/"},"sameAs":["https:\/\/www.facebook.com\/barcelonatriathlon","https:\/\/x.com\/bcn_triathlon","https:\/\/www.instagram.com\/barcelonatriathlon\/"]},{"@type":"Person","@id":"https:\/\/www.triathlon.barcelona\/ca\/#\/schema\/person\/812f46a7af75bae5296e42e5b503d1e6","name":"david","image":{"@type":"ImageObject","inLanguage":"ca","@id":"https:\/\/www.triathlon.barcelona\/ca\/#\/schema\/person\/image\/","url":"https:\/\/secure.gravatar.com\/avatar\/f3b6b2a94c48d199ba05b31c711ca66bc5650a0dc06074dd63ae046df043d8e8?s=96&d=mm&r=g","contentUrl":"https:\/\/secure.gravatar.com\/avatar\/f3b6b2a94c48d199ba05b31c711ca66bc5650a0dc06074dd63ae046df043d8e8?s=96&d=mm&r=g","caption":"david"},"sameAs":["https:\/\/www.triathlon.barcelona"],"url":"https:\/\/www.triathlon.barcelona\/ca\/author\/david\/"}]}},"_links":{"self":[{"href":"https:\/\/www.triathlon.barcelona\/ca\/wp-json\/wp\/v2\/posts\/9333","targetHints":{"allow":["GET"]}}],"collection":[{"href":"https:\/\/www.triathlon.barcelona\/ca\/wp-json\/wp\/v2\/posts"}],"about":[{"href":"https:\/\/www.triathlon.barcelona\/ca\/wp-json\/wp\/v2\/types\/post"}],"author":[{"embeddable":true,"href":"https:\/\/www.triathlon.barcelona\/ca\/wp-json\/wp\/v2\/users\/1"}],"replies":[{"embeddable":true,"href":"https:\/\/www.triathlon.barcelona\/ca\/wp-json\/wp\/v2\/comments?post=9333"}],"version-history":[{"count":4,"href":"https:\/\/www.triathlon.barcelona\/ca\/wp-json\/wp\/v2\/posts\/9333\/revisions"}],"predecessor-version":[{"id":9342,"href":"https:\/\/www.triathlon.barcelona\/ca\/wp-json\/wp\/v2\/posts\/9333\/revisions\/9342"}],"wp:featuredmedia":[{"embeddable":true,"href":"https:\/\/www.triathlon.barcelona\/ca\/wp-json\/wp\/v2\/media\/9334"}],"wp:attachment":[{"href":"https:\/\/www.triathlon.barcelona\/ca\/wp-json\/wp\/v2\/media?parent=9333"}],"wp:term":[{"taxonomy":"category","embeddable":true,"href":"https:\/\/www.triathlon.barcelona\/ca\/wp-json\/wp\/v2\/categories?post=9333"},{"taxonomy":"post_tag","embeddable":true,"href":"https:\/\/www.triathlon.barcelona\/ca\/wp-json\/wp\/v2\/tags?post=9333"}],"curies":[{"name":"wp","href":"https:\/\/api.w.org\/{rel}","templated":true}]}}