{"id":9426,"date":"2024-07-17T14:36:00","date_gmt":"2024-07-17T12:36:00","guid":{"rendered":"https:\/\/www.triathlon.barcelona\/?p=9426"},"modified":"2024-07-17T14:36:00","modified_gmt":"2024-07-17T12:36:00","slug":"federacio-acell-i-challenge-barcelona-triathlon-renoven-el-seu-compromis-amb-el-projecte-triatlo-sense-fronteres","status":"publish","type":"post","link":"https:\/\/www.triathlon.barcelona\/ca\/federacio-acell-i-challenge-barcelona-triathlon-renoven-el-seu-compromis-amb-el-projecte-triatlo-sense-fronteres\/","title":{"rendered":"Federaci\u00f3 ACELL i Challenge Barcelona Triathlon renoven el seu comprom\u00eds amb el projecte \u00abTriatl\u00f3 Sense Fronteres\u00bb"},"content":{"rendered":"<p><strong>Per segon any consecutiu, s&#8217;uneixen forces per a preparar esportistes amb necessitats especials<\/strong><!--more--><\/p>\n<p>La <a href=\"https:\/\/federacioacell.org\/\" target=\"_blank\" rel=\"noopener\">Federaci\u00f3 ACELL<\/a> i Challenge Barcelona Triathlon han anunciat, per segon any consecutiu, la col\u00b7laboraci\u00f3 en el projecte social \u00abTriatl\u00f3 Sense Fronteres\u00bb. Aquesta iniciativa, finan\u00e7ada per la <a href=\"https:\/\/fundacionlacaixa.org\/ca\/home\" target=\"_blank\" rel=\"noopener\">Fundaci\u00f3 la Caixa<\/a>, t\u00e9 com a objectiu incloure els i les esportistes de l&#8217;Escola Esportiva ACELL d&#8217;Atletisme i Nataci\u00f3 en aquesta prestigiosa competici\u00f3.<\/p>\n<p>Durant quatre mesos, els i les esportistes participen en entrenaments intensius i sessions adaptades, dirigides pels t\u00e8cnics de <a href=\"https:\/\/www.proamtraining.com\/\" target=\"_blank\" rel=\"noopener\">PROAM<\/a>, per preparar-se de cara al triatl\u00f3. Aquest projecte tamb\u00e9 compta amb el suport de l&#8217;Institut Barcelona Esports i subratlla el comprom\u00eds de la ciutat de Barcelona amb la inclusi\u00f3 i l&#8217;esport per a totes les persones.<\/p>\n<p>\u00abTriatl\u00f3 Sense Fronteres\u00bb no nom\u00e9s proporciona una experi\u00e8ncia \u00fanica a aquests i aquestes atletes, sin\u00f3 que tamb\u00e9 visibilitza la import\u00e0ncia de la inclusi\u00f3 en l&#8217;esport. El Challenge Barcelona Triathlon reafirma el comprom\u00eds amb trencar barreres i demostrar que el triatl\u00f3 \u00e9s accessible per a tothom, independentment de les seves capacitats.<\/p>\n<p>Aquest projecte s&#8217;erigeix \u200b\u200bcom a exemple inspirador d&#8217;integraci\u00f3 i superaci\u00f3, animant altres esdeveniments esportius a seguir aquest cam\u00ed cap a la inclusi\u00f3 total. La col\u00b7laboraci\u00f3 entre la Federaci\u00f3 ACELL, la Fundaci\u00f3 la Caixa i el Challenge Barcelona Triathlon demostra que l&#8217;esport pot unir les persones i superar l\u00edmits, trencant fronteres per a la igualtat.<\/p>\n","protected":false},"excerpt":{"rendered":"<p>Per segon any consecutiu, s&#8217;uneixen forces per a preparar esportistes amb necessitats especials<\/p>\n","protected":false},"author":1,"featured_media":9427,"comment_status":"closed","ping_status":"closed","sticky":false,"template":"","format":"standard","meta":{"_monsterinsights_skip_tracking":false,"site-sidebar-layout":"default","site-content-layout":"","ast-site-content-layout":"default","site-content-style":"default","site-sidebar-style":"default","ast-global-header-display":"","ast-banner-title-visibility":"","ast-main-header-display":"","ast-hfb-above-header-display":"","ast-hfb-below-header-display":"","ast-hfb-mobile-header-display":"","site-post-title":"","ast-breadcrumbs-content":"","ast-featured-img":"","footer-sml-layout":"","ast-disable-related-posts":"","theme-transparent-header-meta":"default","adv-header-id-meta":"","stick-header-meta":"default","header-above-stick-meta":"","header-main-stick-meta":"","header-below-stick-meta":"","astra-migrate-meta-layouts":"set","ast-page-background-enabled":"default","ast-page-background-meta":{"desktop":{"background-color":"","background-image":"","background-repeat":"repeat","background-position":"center center","background-size":"auto","background-attachment":"scroll","background-type":"","background-media":"","overlay-type":"","overlay-color":"","overlay-opacity":"","overlay-gradient":""},"tablet":{"background-color":"","background-image":"","background-repeat":"repeat","background-position":"center center","background-size":"auto","background-attachment":"scroll","background-type":"","background-media":"","overlay-type":"","overlay-color":"","overlay-opacity":"","overlay-gradient":""},"mobile":{"background-color":"","background-image":"","background-repeat":"repeat","background-position":"center center","background-size":"auto","background-attachment":"scroll","background-type":"","background-media":"","overlay-type":"","overlay-color":"","overlay-opacity":"","overlay-gradient":""}},"ast-content-background-meta":{"desktop":{"background-color":"var(--ast-global-color-5)","background-image":"","background-repeat":"repeat","background-position":"center center","background-size":"auto","background-attachment":"scroll","background-type":"","background-media":"","overlay-type":"","overlay-color":"","overlay-opacity":"","overlay-gradient":""},"tablet":{"background-color":"var(--ast-global-color-5)","background-image":"","background-repeat":"repeat","background-position":"center center","background-size":"auto","background-attachment":"scroll","background-type":"","background-media":"","overlay-type":"","overlay-color":"","overlay-opacity":"","overlay-gradient":""},"mobile":{"background-color":"var(--ast-global-color-5)","background-image":"","background-repeat":"repeat","background-position":"center center","background-size":"auto","background-attachment":"scroll","background-type":"","background-media":"","overlay-type":"","overlay-color":"","overlay-opacity":"","overlay-gradient":""}},"footnotes":""},"categories":[1],"tags":[],"class_list":["post-9426","post","type-post","status-publish","format-standard","has-post-thumbnail","hentry","category-noticies"],"yoast_head":"<!-- This site is optimized with the Yoast SEO plugin v27.1 - https:\/\/yoast.com\/product\/yoast-seo-wordpress\/ -->\n<title>Federaci\u00f3 ACELL i Challenge Barcelona Triathlon renoven el seu comprom\u00eds amb el projecte &quot;Triatl\u00f3 Sense Fronteres&quot; - Challenge Barcelona Triatl\u00f3<\/title>\n<meta name=\"robots\" content=\"index, follow, max-snippet:-1, max-image-preview:large, max-video-preview:-1\" \/>\n<link rel=\"canonical\" href=\"https:\/\/www.triathlon.barcelona\/ca\/federacio-acell-i-challenge-barcelona-triathlon-renoven-el-seu-compromis-amb-el-projecte-triatlo-sense-fronteres\/\" \/>\n<meta property=\"og:locale\" content=\"ca_ES\" \/>\n<meta property=\"og:type\" content=\"article\" \/>\n<meta property=\"og:title\" content=\"Federaci\u00f3 ACELL i Challenge Barcelona Triathlon renoven el seu comprom\u00eds amb el projecte &quot;Triatl\u00f3 Sense Fronteres&quot; - Challenge Barcelona Triatl\u00f3\" \/>\n<meta property=\"og:description\" content=\"Per segon any consecutiu, s&#8217;uneixen forces per a preparar esportistes amb necessitats especials\" \/>\n<meta property=\"og:url\" content=\"https:\/\/www.triathlon.barcelona\/ca\/federacio-acell-i-challenge-barcelona-triathlon-renoven-el-seu-compromis-amb-el-projecte-triatlo-sense-fronteres\/\" \/>\n<meta property=\"og:site_name\" content=\"Challenge Barcelona Triatl\u00f3\" \/>\n<meta property=\"article:publisher\" content=\"https:\/\/www.facebook.com\/barcelonatriathlon\" \/>\n<meta property=\"article:published_time\" content=\"2024-07-17T12:36:00+00:00\" \/>\n<meta property=\"og:image\" content=\"https:\/\/www.triathlon.barcelona\/wp-content\/uploads\/2024\/07\/240717-acell-chbcn2024.jpg\" \/>\n\t<meta property=\"og:image:width\" content=\"1920\" \/>\n\t<meta property=\"og:image:height\" content=\"1280\" \/>\n\t<meta property=\"og:image:type\" content=\"image\/jpeg\" \/>\n<meta name=\"author\" content=\"david\" \/>\n<meta name=\"twitter:card\" content=\"summary_large_image\" \/>\n<meta name=\"twitter:creator\" content=\"@bcn_triathlon\" \/>\n<meta name=\"twitter:site\" content=\"@bcn_triathlon\" \/>\n<meta name=\"twitter:label1\" content=\"Escrit per\" \/>\n\t<meta name=\"twitter:data1\" content=\"david\" \/>\n\t<meta name=\"twitter:label2\" content=\"Temps estimat de lectura\" \/>\n\t<meta name=\"twitter:data2\" content=\"2 minuts\" \/>\n<script type=\"application\/ld+json\" class=\"yoast-schema-graph\">{\"@context\":\"https:\/\/schema.org\",\"@graph\":[{\"@type\":\"Article\",\"@id\":\"https:\/\/www.triathlon.barcelona\/ca\/federacio-acell-i-challenge-barcelona-triathlon-renoven-el-seu-compromis-amb-el-projecte-triatlo-sense-fronteres\/#article\",\"isPartOf\":{\"@id\":\"https:\/\/www.triathlon.barcelona\/ca\/federacio-acell-i-challenge-barcelona-triathlon-renoven-el-seu-compromis-amb-el-projecte-triatlo-sense-fronteres\/\"},\"author\":{\"name\":\"david\",\"@id\":\"https:\/\/www.triathlon.barcelona\/ca\/#\/schema\/person\/812f46a7af75bae5296e42e5b503d1e6\"},\"headline\":\"Federaci\u00f3 ACELL i Challenge Barcelona Triathlon renoven el seu comprom\u00eds amb el projecte \u00abTriatl\u00f3 Sense Fronteres\u00bb\",\"datePublished\":\"2024-07-17T12:36:00+00:00\",\"mainEntityOfPage\":{\"@id\":\"https:\/\/www.triathlon.barcelona\/ca\/federacio-acell-i-challenge-barcelona-triathlon-renoven-el-seu-compromis-amb-el-projecte-triatlo-sense-fronteres\/\"},\"wordCount\":258,\"publisher\":{\"@id\":\"https:\/\/www.triathlon.barcelona\/ca\/#organization\"},\"image\":{\"@id\":\"https:\/\/www.triathlon.barcelona\/ca\/federacio-acell-i-challenge-barcelona-triathlon-renoven-el-seu-compromis-amb-el-projecte-triatlo-sense-fronteres\/#primaryimage\"},\"thumbnailUrl\":\"https:\/\/www.triathlon.barcelona\/wp-content\/uploads\/2024\/07\/240717-acell-chbcn2024.jpg\",\"articleSection\":[\"Not\u00edcies\"],\"inLanguage\":\"ca\"},{\"@type\":\"WebPage\",\"@id\":\"https:\/\/www.triathlon.barcelona\/ca\/federacio-acell-i-challenge-barcelona-triathlon-renoven-el-seu-compromis-amb-el-projecte-triatlo-sense-fronteres\/\",\"url\":\"https:\/\/www.triathlon.barcelona\/ca\/federacio-acell-i-challenge-barcelona-triathlon-renoven-el-seu-compromis-amb-el-projecte-triatlo-sense-fronteres\/\",\"name\":\"Federaci\u00f3 ACELL i Challenge Barcelona Triathlon renoven el seu comprom\u00eds amb el projecte \\\"Triatl\u00f3 Sense Fronteres\\\" - Challenge Barcelona Triatl\u00f3\",\"isPartOf\":{\"@id\":\"https:\/\/www.triathlon.barcelona\/ca\/#website\"},\"primaryImageOfPage\":{\"@id\":\"https:\/\/www.triathlon.barcelona\/ca\/federacio-acell-i-challenge-barcelona-triathlon-renoven-el-seu-compromis-amb-el-projecte-triatlo-sense-fronteres\/#primaryimage\"},\"image\":{\"@id\":\"https:\/\/www.triathlon.barcelona\/ca\/federacio-acell-i-challenge-barcelona-triathlon-renoven-el-seu-compromis-amb-el-projecte-triatlo-sense-fronteres\/#primaryimage\"},\"thumbnailUrl\":\"https:\/\/www.triathlon.barcelona\/wp-content\/uploads\/2024\/07\/240717-acell-chbcn2024.jpg\",\"datePublished\":\"2024-07-17T12:36:00+00:00\",\"breadcrumb\":{\"@id\":\"https:\/\/www.triathlon.barcelona\/ca\/federacio-acell-i-challenge-barcelona-triathlon-renoven-el-seu-compromis-amb-el-projecte-triatlo-sense-fronteres\/#breadcrumb\"},\"inLanguage\":\"ca\",\"potentialAction\":[{\"@type\":\"ReadAction\",\"target\":[\"https:\/\/www.triathlon.barcelona\/ca\/federacio-acell-i-challenge-barcelona-triathlon-renoven-el-seu-compromis-amb-el-projecte-triatlo-sense-fronteres\/\"]}]},{\"@type\":\"ImageObject\",\"inLanguage\":\"ca\",\"@id\":\"https:\/\/www.triathlon.barcelona\/ca\/federacio-acell-i-challenge-barcelona-triathlon-renoven-el-seu-compromis-amb-el-projecte-triatlo-sense-fronteres\/#primaryimage\",\"url\":\"https:\/\/www.triathlon.barcelona\/wp-content\/uploads\/2024\/07\/240717-acell-chbcn2024.jpg\",\"contentUrl\":\"https:\/\/www.triathlon.barcelona\/wp-content\/uploads\/2024\/07\/240717-acell-chbcn2024.jpg\",\"width\":1920,\"height\":1280},{\"@type\":\"BreadcrumbList\",\"@id\":\"https:\/\/www.triathlon.barcelona\/ca\/federacio-acell-i-challenge-barcelona-triathlon-renoven-el-seu-compromis-amb-el-projecte-triatlo-sense-fronteres\/#breadcrumb\",\"itemListElement\":[{\"@type\":\"ListItem\",\"position\":1,\"name\":\"Inicio\",\"item\":\"https:\/\/www.triathlon.barcelona\/ca\/\"},{\"@type\":\"ListItem\",\"position\":2,\"name\":\"Federaci\u00f3 ACELL i Challenge Barcelona Triathlon renoven el seu comprom\u00eds amb el projecte &#8220;Triatl\u00f3 Sense Fronteres&#8221;\"}]},{\"@type\":\"WebSite\",\"@id\":\"https:\/\/www.triathlon.barcelona\/ca\/#website\",\"url\":\"https:\/\/www.triathlon.barcelona\/ca\/\",\"name\":\"Challenge Barcelona Triathlon\",\"description\":\"\",\"publisher\":{\"@id\":\"https:\/\/www.triathlon.barcelona\/ca\/#organization\"},\"alternateName\":\"Challenge Barcelona\",\"potentialAction\":[{\"@type\":\"SearchAction\",\"target\":{\"@type\":\"EntryPoint\",\"urlTemplate\":\"https:\/\/www.triathlon.barcelona\/ca\/?s={search_term_string}\"},\"query-input\":{\"@type\":\"PropertyValueSpecification\",\"valueRequired\":true,\"valueName\":\"search_term_string\"}}],\"inLanguage\":\"ca\"},{\"@type\":\"Organization\",\"@id\":\"https:\/\/www.triathlon.barcelona\/ca\/#organization\",\"name\":\"Challenge Barcelona Triathlon\",\"alternateName\":\"Challenge Barcelona\",\"url\":\"https:\/\/www.triathlon.barcelona\/ca\/\",\"logo\":{\"@type\":\"ImageObject\",\"inLanguage\":\"ca\",\"@id\":\"https:\/\/www.triathlon.barcelona\/ca\/#\/schema\/logo\/image\/\",\"url\":\"https:\/\/www.triathlon.barcelona\/wp-content\/uploads\/2024\/06\/logo-challenge-barcelona.png\",\"contentUrl\":\"https:\/\/www.triathlon.barcelona\/wp-content\/uploads\/2024\/06\/logo-challenge-barcelona.png\",\"width\":3209,\"height\":729,\"caption\":\"Challenge Barcelona Triathlon\"},\"image\":{\"@id\":\"https:\/\/www.triathlon.barcelona\/ca\/#\/schema\/logo\/image\/\"},\"sameAs\":[\"https:\/\/www.facebook.com\/barcelonatriathlon\",\"https:\/\/x.com\/bcn_triathlon\",\"https:\/\/www.instagram.com\/barcelonatriathlon\/\"]},{\"@type\":\"Person\",\"@id\":\"https:\/\/www.triathlon.barcelona\/ca\/#\/schema\/person\/812f46a7af75bae5296e42e5b503d1e6\",\"name\":\"david\",\"image\":{\"@type\":\"ImageObject\",\"inLanguage\":\"ca\",\"@id\":\"https:\/\/www.triathlon.barcelona\/ca\/#\/schema\/person\/image\/\",\"url\":\"https:\/\/secure.gravatar.com\/avatar\/f3b6b2a94c48d199ba05b31c711ca66bc5650a0dc06074dd63ae046df043d8e8?s=96&d=mm&r=g\",\"contentUrl\":\"https:\/\/secure.gravatar.com\/avatar\/f3b6b2a94c48d199ba05b31c711ca66bc5650a0dc06074dd63ae046df043d8e8?s=96&d=mm&r=g\",\"caption\":\"david\"},\"sameAs\":[\"https:\/\/www.triathlon.barcelona\"],\"url\":\"https:\/\/www.triathlon.barcelona\/ca\/author\/david\/\"}]}<\/script>\n<!-- \/ Yoast SEO plugin. -->","yoast_head_json":{"title":"Federaci\u00f3 ACELL i Challenge Barcelona Triathlon renoven el seu comprom\u00eds amb el projecte \"Triatl\u00f3 Sense Fronteres\" - Challenge Barcelona Triatl\u00f3","robots":{"index":"index","follow":"follow","max-snippet":"max-snippet:-1","max-image-preview":"max-image-preview:large","max-video-preview":"max-video-preview:-1"},"canonical":"https:\/\/www.triathlon.barcelona\/ca\/federacio-acell-i-challenge-barcelona-triathlon-renoven-el-seu-compromis-amb-el-projecte-triatlo-sense-fronteres\/","og_locale":"ca_ES","og_type":"article","og_title":"Federaci\u00f3 ACELL i Challenge Barcelona Triathlon renoven el seu comprom\u00eds amb el projecte \"Triatl\u00f3 Sense Fronteres\" - Challenge Barcelona Triatl\u00f3","og_description":"Per segon any consecutiu, s&#8217;uneixen forces per a preparar esportistes amb necessitats especials","og_url":"https:\/\/www.triathlon.barcelona\/ca\/federacio-acell-i-challenge-barcelona-triathlon-renoven-el-seu-compromis-amb-el-projecte-triatlo-sense-fronteres\/","og_site_name":"Challenge Barcelona Triatl\u00f3","article_publisher":"https:\/\/www.facebook.com\/barcelonatriathlon","article_published_time":"2024-07-17T12:36:00+00:00","og_image":[{"width":1920,"height":1280,"url":"https:\/\/www.triathlon.barcelona\/wp-content\/uploads\/2024\/07\/240717-acell-chbcn2024.jpg","type":"image\/jpeg"}],"author":"david","twitter_card":"summary_large_image","twitter_creator":"@bcn_triathlon","twitter_site":"@bcn_triathlon","twitter_misc":{"Escrit per":"david","Temps estimat de lectura":"2 minuts"},"schema":{"@context":"https:\/\/schema.org","@graph":[{"@type":"Article","@id":"https:\/\/www.triathlon.barcelona\/ca\/federacio-acell-i-challenge-barcelona-triathlon-renoven-el-seu-compromis-amb-el-projecte-triatlo-sense-fronteres\/#article","isPartOf":{"@id":"https:\/\/www.triathlon.barcelona\/ca\/federacio-acell-i-challenge-barcelona-triathlon-renoven-el-seu-compromis-amb-el-projecte-triatlo-sense-fronteres\/"},"author":{"name":"david","@id":"https:\/\/www.triathlon.barcelona\/ca\/#\/schema\/person\/812f46a7af75bae5296e42e5b503d1e6"},"headline":"Federaci\u00f3 ACELL i Challenge Barcelona Triathlon renoven el seu comprom\u00eds amb el projecte \u00abTriatl\u00f3 Sense Fronteres\u00bb","datePublished":"2024-07-17T12:36:00+00:00","mainEntityOfPage":{"@id":"https:\/\/www.triathlon.barcelona\/ca\/federacio-acell-i-challenge-barcelona-triathlon-renoven-el-seu-compromis-amb-el-projecte-triatlo-sense-fronteres\/"},"wordCount":258,"publisher":{"@id":"https:\/\/www.triathlon.barcelona\/ca\/#organization"},"image":{"@id":"https:\/\/www.triathlon.barcelona\/ca\/federacio-acell-i-challenge-barcelona-triathlon-renoven-el-seu-compromis-amb-el-projecte-triatlo-sense-fronteres\/#primaryimage"},"thumbnailUrl":"https:\/\/www.triathlon.barcelona\/wp-content\/uploads\/2024\/07\/240717-acell-chbcn2024.jpg","articleSection":["Not\u00edcies"],"inLanguage":"ca"},{"@type":"WebPage","@id":"https:\/\/www.triathlon.barcelona\/ca\/federacio-acell-i-challenge-barcelona-triathlon-renoven-el-seu-compromis-amb-el-projecte-triatlo-sense-fronteres\/","url":"https:\/\/www.triathlon.barcelona\/ca\/federacio-acell-i-challenge-barcelona-triathlon-renoven-el-seu-compromis-amb-el-projecte-triatlo-sense-fronteres\/","name":"Federaci\u00f3 ACELL i Challenge Barcelona Triathlon renoven el seu comprom\u00eds amb el projecte \"Triatl\u00f3 Sense Fronteres\" - Challenge Barcelona Triatl\u00f3","isPartOf":{"@id":"https:\/\/www.triathlon.barcelona\/ca\/#website"},"primaryImageOfPage":{"@id":"https:\/\/www.triathlon.barcelona\/ca\/federacio-acell-i-challenge-barcelona-triathlon-renoven-el-seu-compromis-amb-el-projecte-triatlo-sense-fronteres\/#primaryimage"},"image":{"@id":"https:\/\/www.triathlon.barcelona\/ca\/federacio-acell-i-challenge-barcelona-triathlon-renoven-el-seu-compromis-amb-el-projecte-triatlo-sense-fronteres\/#primaryimage"},"thumbnailUrl":"https:\/\/www.triathlon.barcelona\/wp-content\/uploads\/2024\/07\/240717-acell-chbcn2024.jpg","datePublished":"2024-07-17T12:36:00+00:00","breadcrumb":{"@id":"https:\/\/www.triathlon.barcelona\/ca\/federacio-acell-i-challenge-barcelona-triathlon-renoven-el-seu-compromis-amb-el-projecte-triatlo-sense-fronteres\/#breadcrumb"},"inLanguage":"ca","potentialAction":[{"@type":"ReadAction","target":["https:\/\/www.triathlon.barcelona\/ca\/federacio-acell-i-challenge-barcelona-triathlon-renoven-el-seu-compromis-amb-el-projecte-triatlo-sense-fronteres\/"]}]},{"@type":"ImageObject","inLanguage":"ca","@id":"https:\/\/www.triathlon.barcelona\/ca\/federacio-acell-i-challenge-barcelona-triathlon-renoven-el-seu-compromis-amb-el-projecte-triatlo-sense-fronteres\/#primaryimage","url":"https:\/\/www.triathlon.barcelona\/wp-content\/uploads\/2024\/07\/240717-acell-chbcn2024.jpg","contentUrl":"https:\/\/www.triathlon.barcelona\/wp-content\/uploads\/2024\/07\/240717-acell-chbcn2024.jpg","width":1920,"height":1280},{"@type":"BreadcrumbList","@id":"https:\/\/www.triathlon.barcelona\/ca\/federacio-acell-i-challenge-barcelona-triathlon-renoven-el-seu-compromis-amb-el-projecte-triatlo-sense-fronteres\/#breadcrumb","itemListElement":[{"@type":"ListItem","position":1,"name":"Inicio","item":"https:\/\/www.triathlon.barcelona\/ca\/"},{"@type":"ListItem","position":2,"name":"Federaci\u00f3 ACELL i Challenge Barcelona Triathlon renoven el seu comprom\u00eds amb el projecte &#8220;Triatl\u00f3 Sense Fronteres&#8221;"}]},{"@type":"WebSite","@id":"https:\/\/www.triathlon.barcelona\/ca\/#website","url":"https:\/\/www.triathlon.barcelona\/ca\/","name":"Challenge Barcelona Triathlon","description":"","publisher":{"@id":"https:\/\/www.triathlon.barcelona\/ca\/#organization"},"alternateName":"Challenge Barcelona","potentialAction":[{"@type":"SearchAction","target":{"@type":"EntryPoint","urlTemplate":"https:\/\/www.triathlon.barcelona\/ca\/?s={search_term_string}"},"query-input":{"@type":"PropertyValueSpecification","valueRequired":true,"valueName":"search_term_string"}}],"inLanguage":"ca"},{"@type":"Organization","@id":"https:\/\/www.triathlon.barcelona\/ca\/#organization","name":"Challenge Barcelona Triathlon","alternateName":"Challenge Barcelona","url":"https:\/\/www.triathlon.barcelona\/ca\/","logo":{"@type":"ImageObject","inLanguage":"ca","@id":"https:\/\/www.triathlon.barcelona\/ca\/#\/schema\/logo\/image\/","url":"https:\/\/www.triathlon.barcelona\/wp-content\/uploads\/2024\/06\/logo-challenge-barcelona.png","contentUrl":"https:\/\/www.triathlon.barcelona\/wp-content\/uploads\/2024\/06\/logo-challenge-barcelona.png","width":3209,"height":729,"caption":"Challenge Barcelona Triathlon"},"image":{"@id":"https:\/\/www.triathlon.barcelona\/ca\/#\/schema\/logo\/image\/"},"sameAs":["https:\/\/www.facebook.com\/barcelonatriathlon","https:\/\/x.com\/bcn_triathlon","https:\/\/www.instagram.com\/barcelonatriathlon\/"]},{"@type":"Person","@id":"https:\/\/www.triathlon.barcelona\/ca\/#\/schema\/person\/812f46a7af75bae5296e42e5b503d1e6","name":"david","image":{"@type":"ImageObject","inLanguage":"ca","@id":"https:\/\/www.triathlon.barcelona\/ca\/#\/schema\/person\/image\/","url":"https:\/\/secure.gravatar.com\/avatar\/f3b6b2a94c48d199ba05b31c711ca66bc5650a0dc06074dd63ae046df043d8e8?s=96&d=mm&r=g","contentUrl":"https:\/\/secure.gravatar.com\/avatar\/f3b6b2a94c48d199ba05b31c711ca66bc5650a0dc06074dd63ae046df043d8e8?s=96&d=mm&r=g","caption":"david"},"sameAs":["https:\/\/www.triathlon.barcelona"],"url":"https:\/\/www.triathlon.barcelona\/ca\/author\/david\/"}]}},"_links":{"self":[{"href":"https:\/\/www.triathlon.barcelona\/ca\/wp-json\/wp\/v2\/posts\/9426","targetHints":{"allow":["GET"]}}],"collection":[{"href":"https:\/\/www.triathlon.barcelona\/ca\/wp-json\/wp\/v2\/posts"}],"about":[{"href":"https:\/\/www.triathlon.barcelona\/ca\/wp-json\/wp\/v2\/types\/post"}],"author":[{"embeddable":true,"href":"https:\/\/www.triathlon.barcelona\/ca\/wp-json\/wp\/v2\/users\/1"}],"replies":[{"embeddable":true,"href":"https:\/\/www.triathlon.barcelona\/ca\/wp-json\/wp\/v2\/comments?post=9426"}],"version-history":[{"count":2,"href":"https:\/\/www.triathlon.barcelona\/ca\/wp-json\/wp\/v2\/posts\/9426\/revisions"}],"predecessor-version":[{"id":9436,"href":"https:\/\/www.triathlon.barcelona\/ca\/wp-json\/wp\/v2\/posts\/9426\/revisions\/9436"}],"wp:featuredmedia":[{"embeddable":true,"href":"https:\/\/www.triathlon.barcelona\/ca\/wp-json\/wp\/v2\/media\/9427"}],"wp:attachment":[{"href":"https:\/\/www.triathlon.barcelona\/ca\/wp-json\/wp\/v2\/media?parent=9426"}],"wp:term":[{"taxonomy":"category","embeddable":true,"href":"https:\/\/www.triathlon.barcelona\/ca\/wp-json\/wp\/v2\/categories?post=9426"},{"taxonomy":"post_tag","embeddable":true,"href":"https:\/\/www.triathlon.barcelona\/ca\/wp-json\/wp\/v2\/tags?post=9426"}],"curies":[{"name":"wp","href":"https:\/\/api.w.org\/{rel}","templated":true}]}}