{"id":10876,"date":"2025-09-15T07:51:09","date_gmt":"2025-09-15T05:51:09","guid":{"rendered":"https:\/\/www.triathlon.barcelona\/?p=10876"},"modified":"2025-10-28T16:39:12","modified_gmt":"2025-10-28T15:39:12","slug":"presentamos-la-camiseta-la-medalla-y-la-mochila-oficiales-del-challenge-barcelona-triathlon-2025","status":"publish","type":"post","link":"https:\/\/www.triathlon.barcelona\/es\/presentamos-la-camiseta-la-medalla-y-la-mochila-oficiales-del-challenge-barcelona-triathlon-2025\/","title":{"rendered":"Presentamos la camiseta, la medalla y la mochila oficiales del Challenge Barcelona Triathlon 2025"},"content":{"rendered":"<p><strong>Todos y todas las participantes recibir\u00e1n la camiseta y la medalla finisher, mientras que la mochila ser\u00e1 exclusiva para la Middle Distance<\/strong><!--more--><\/p>\n<p>El <strong>Challenge Barcelona Triathlon 2025<\/strong> ya tiene lista su colecci\u00f3n oficial de art\u00edculos para los y las triatletas. Todos y todas las participantes recibir\u00e1n la <strong>camiseta oficial<\/strong> y la <strong>medalla finisher<\/strong>, s\u00edmbolos del esfuerzo y la experiencia \u00fanica de competir en Barcelona.<\/p>\n<p><img fetchpriority=\"high\" decoding=\"async\" class=\"aligncenter wp-image-10862 \" src=\"https:\/\/www.triathlon.barcelona\/wp-content\/uploads\/2025\/09\/samarreta-barcelona-2025-1.png\" alt=\"\" width=\"383\" height=\"451\" srcset=\"https:\/\/www.triathlon.barcelona\/wp-content\/uploads\/2025\/09\/samarreta-barcelona-2025-1.png 850w, https:\/\/www.triathlon.barcelona\/wp-content\/uploads\/2025\/09\/samarreta-barcelona-2025-1-255x300.png 255w, https:\/\/www.triathlon.barcelona\/wp-content\/uploads\/2025\/09\/samarreta-barcelona-2025-1-768x904.png 768w\" sizes=\"(max-width: 383px) 100vw, 383px\" \/><\/p>\n<p>&nbsp;<\/p>\n<p><img decoding=\"async\" class=\"aligncenter wp-image-10860 \" src=\"https:\/\/www.triathlon.barcelona\/wp-content\/uploads\/2025\/09\/medalla-barcelona-2025.png\" alt=\"\" width=\"434\" height=\"307\" srcset=\"https:\/\/www.triathlon.barcelona\/wp-content\/uploads\/2025\/09\/medalla-barcelona-2025.png 1000w, https:\/\/www.triathlon.barcelona\/wp-content\/uploads\/2025\/09\/medalla-barcelona-2025-300x212.png 300w, https:\/\/www.triathlon.barcelona\/wp-content\/uploads\/2025\/09\/medalla-barcelona-2025-768x543.png 768w\" sizes=\"(max-width: 434px) 100vw, 434px\" \/><\/p>\n<p>Adem\u00e1s, los y las participantes de la <strong>Middle Distance<\/strong>, la distancia reina y gran novedad de este a\u00f1o, contar\u00e1n con un obsequio exclusivo: una <strong>mochila oficial<\/strong> dise\u00f1ada especialmente para ellos y ellas.<img decoding=\"async\" class=\"size-medium wp-image-11429 aligncenter\" src=\"https:\/\/www.triathlon.barcelona\/wp-content\/uploads\/2025\/09\/motxilla-barcelona-2025-1-218x300.png\" alt=\"\" width=\"218\" height=\"300\" \/><\/p>\n<p>Un recuerdo \u00fanico de una jornada inolvidable en la que cada kil\u00f3metro contar\u00e1.<\/p>\n","protected":false},"excerpt":{"rendered":"<p>Todos y todas las participantes recibir\u00e1n la camiseta y la medalla finisher, mientras que la mochila ser\u00e1 exclusiva para la Middle Distance<\/p>\n","protected":false},"author":1,"featured_media":11413,"comment_status":"closed","ping_status":"closed","sticky":false,"template":"","format":"standard","meta":{"_monsterinsights_skip_tracking":false,"site-sidebar-layout":"default","site-content-layout":"","ast-site-content-layout":"default","site-content-style":"default","site-sidebar-style":"default","ast-global-header-display":"","ast-banner-title-visibility":"","ast-main-header-display":"","ast-hfb-above-header-display":"","ast-hfb-below-header-display":"","ast-hfb-mobile-header-display":"","site-post-title":"","ast-breadcrumbs-content":"","ast-featured-img":"","footer-sml-layout":"","ast-disable-related-posts":"","theme-transparent-header-meta":"default","adv-header-id-meta":"","stick-header-meta":"default","header-above-stick-meta":"","header-main-stick-meta":"","header-below-stick-meta":"","astra-migrate-meta-layouts":"set","ast-page-background-enabled":"default","ast-page-background-meta":{"desktop":{"background-color":"","background-image":"","background-repeat":"repeat","background-position":"center center","background-size":"auto","background-attachment":"scroll","background-type":"","background-media":"","overlay-type":"","overlay-color":"","overlay-opacity":"","overlay-gradient":""},"tablet":{"background-color":"","background-image":"","background-repeat":"repeat","background-position":"center center","background-size":"auto","background-attachment":"scroll","background-type":"","background-media":"","overlay-type":"","overlay-color":"","overlay-opacity":"","overlay-gradient":""},"mobile":{"background-color":"","background-image":"","background-repeat":"repeat","background-position":"center center","background-size":"auto","background-attachment":"scroll","background-type":"","background-media":"","overlay-type":"","overlay-color":"","overlay-opacity":"","overlay-gradient":""}},"ast-content-background-meta":{"desktop":{"background-color":"var(--ast-global-color-5)","background-image":"","background-repeat":"repeat","background-position":"center center","background-size":"auto","background-attachment":"scroll","background-type":"","background-media":"","overlay-type":"","overlay-color":"","overlay-opacity":"","overlay-gradient":""},"tablet":{"background-color":"var(--ast-global-color-5)","background-image":"","background-repeat":"repeat","background-position":"center center","background-size":"auto","background-attachment":"scroll","background-type":"","background-media":"","overlay-type":"","overlay-color":"","overlay-opacity":"","overlay-gradient":""},"mobile":{"background-color":"var(--ast-global-color-5)","background-image":"","background-repeat":"repeat","background-position":"center center","background-size":"auto","background-attachment":"scroll","background-type":"","background-media":"","overlay-type":"","overlay-color":"","overlay-opacity":"","overlay-gradient":""}},"footnotes":""},"categories":[8],"tags":[],"class_list":["post-10876","post","type-post","status-publish","format-standard","has-post-thumbnail","hentry","category-noticias"],"yoast_head":"<!-- This site is optimized with the Yoast SEO plugin v27.1 - https:\/\/yoast.com\/product\/yoast-seo-wordpress\/ -->\n<title>Presentamos la camiseta, la medalla y la mochila oficiales del Challenge Barcelona Triathlon 2025 - Challenge Barcelona Triatl\u00f3<\/title>\n<meta name=\"robots\" content=\"index, follow, max-snippet:-1, max-image-preview:large, max-video-preview:-1\" \/>\n<link rel=\"canonical\" href=\"https:\/\/www.triathlon.barcelona\/es\/presentamos-la-camiseta-la-medalla-y-la-mochila-oficiales-del-challenge-barcelona-triathlon-2025\/\" \/>\n<meta property=\"og:locale\" content=\"es_ES\" \/>\n<meta property=\"og:type\" content=\"article\" \/>\n<meta property=\"og:title\" content=\"Presentamos la camiseta, la medalla y la mochila oficiales del Challenge Barcelona Triathlon 2025 - Challenge Barcelona Triatl\u00f3\" \/>\n<meta property=\"og:description\" content=\"Todos y todas las participantes recibir\u00e1n la camiseta y la medalla finisher, mientras que la mochila ser\u00e1 exclusiva para la Middle Distance\" \/>\n<meta property=\"og:url\" content=\"https:\/\/www.triathlon.barcelona\/es\/presentamos-la-camiseta-la-medalla-y-la-mochila-oficiales-del-challenge-barcelona-triathlon-2025\/\" \/>\n<meta property=\"og:site_name\" content=\"Challenge Barcelona Triatl\u00f3\" \/>\n<meta property=\"article:publisher\" content=\"https:\/\/www.facebook.com\/barcelonatriathlon\" \/>\n<meta property=\"article:published_time\" content=\"2025-09-15T05:51:09+00:00\" \/>\n<meta property=\"article:modified_time\" content=\"2025-10-28T15:39:12+00:00\" \/>\n<meta property=\"og:image\" content=\"https:\/\/www.triathlon.barcelona\/wp-content\/uploads\/2025\/09\/250915-samarreta-oficial-chbcn2025.jpg\" \/>\n\t<meta property=\"og:image:width\" content=\"1920\" \/>\n\t<meta property=\"og:image:height\" content=\"1280\" \/>\n\t<meta property=\"og:image:type\" content=\"image\/jpeg\" \/>\n<meta name=\"author\" content=\"david\" \/>\n<meta name=\"twitter:card\" content=\"summary_large_image\" \/>\n<meta name=\"twitter:creator\" content=\"@bcn_triathlon\" \/>\n<meta name=\"twitter:site\" content=\"@bcn_triathlon\" \/>\n<meta name=\"twitter:label1\" content=\"Escrito por\" \/>\n\t<meta name=\"twitter:data1\" content=\"david\" \/>\n\t<meta name=\"twitter:label2\" content=\"Tiempo de lectura\" \/>\n\t<meta name=\"twitter:data2\" content=\"2 minutos\" \/>\n<script type=\"application\/ld+json\" class=\"yoast-schema-graph\">{\"@context\":\"https:\/\/schema.org\",\"@graph\":[{\"@type\":\"Article\",\"@id\":\"https:\/\/www.triathlon.barcelona\/es\/presentamos-la-camiseta-la-medalla-y-la-mochila-oficiales-del-challenge-barcelona-triathlon-2025\/#article\",\"isPartOf\":{\"@id\":\"https:\/\/www.triathlon.barcelona\/es\/presentamos-la-camiseta-la-medalla-y-la-mochila-oficiales-del-challenge-barcelona-triathlon-2025\/\"},\"author\":{\"name\":\"david\",\"@id\":\"https:\/\/www.triathlon.barcelona\/es\/#\/schema\/person\/812f46a7af75bae5296e42e5b503d1e6\"},\"headline\":\"Presentamos la camiseta, la medalla y la mochila oficiales del Challenge Barcelona Triathlon 2025\",\"datePublished\":\"2025-09-15T05:51:09+00:00\",\"dateModified\":\"2025-10-28T15:39:12+00:00\",\"mainEntityOfPage\":{\"@id\":\"https:\/\/www.triathlon.barcelona\/es\/presentamos-la-camiseta-la-medalla-y-la-mochila-oficiales-del-challenge-barcelona-triathlon-2025\/\"},\"wordCount\":132,\"publisher\":{\"@id\":\"https:\/\/www.triathlon.barcelona\/es\/#organization\"},\"image\":{\"@id\":\"https:\/\/www.triathlon.barcelona\/es\/presentamos-la-camiseta-la-medalla-y-la-mochila-oficiales-del-challenge-barcelona-triathlon-2025\/#primaryimage\"},\"thumbnailUrl\":\"https:\/\/www.triathlon.barcelona\/wp-content\/uploads\/2025\/09\/250915-samarreta-oficial-chbcn2025.jpg\",\"articleSection\":[\"Noticias\"],\"inLanguage\":\"es\"},{\"@type\":\"WebPage\",\"@id\":\"https:\/\/www.triathlon.barcelona\/es\/presentamos-la-camiseta-la-medalla-y-la-mochila-oficiales-del-challenge-barcelona-triathlon-2025\/\",\"url\":\"https:\/\/www.triathlon.barcelona\/es\/presentamos-la-camiseta-la-medalla-y-la-mochila-oficiales-del-challenge-barcelona-triathlon-2025\/\",\"name\":\"Presentamos la camiseta, la medalla y la mochila oficiales del Challenge Barcelona Triathlon 2025 - Challenge Barcelona Triatl\u00f3\",\"isPartOf\":{\"@id\":\"https:\/\/www.triathlon.barcelona\/es\/#website\"},\"primaryImageOfPage\":{\"@id\":\"https:\/\/www.triathlon.barcelona\/es\/presentamos-la-camiseta-la-medalla-y-la-mochila-oficiales-del-challenge-barcelona-triathlon-2025\/#primaryimage\"},\"image\":{\"@id\":\"https:\/\/www.triathlon.barcelona\/es\/presentamos-la-camiseta-la-medalla-y-la-mochila-oficiales-del-challenge-barcelona-triathlon-2025\/#primaryimage\"},\"thumbnailUrl\":\"https:\/\/www.triathlon.barcelona\/wp-content\/uploads\/2025\/09\/250915-samarreta-oficial-chbcn2025.jpg\",\"datePublished\":\"2025-09-15T05:51:09+00:00\",\"dateModified\":\"2025-10-28T15:39:12+00:00\",\"breadcrumb\":{\"@id\":\"https:\/\/www.triathlon.barcelona\/es\/presentamos-la-camiseta-la-medalla-y-la-mochila-oficiales-del-challenge-barcelona-triathlon-2025\/#breadcrumb\"},\"inLanguage\":\"es\",\"potentialAction\":[{\"@type\":\"ReadAction\",\"target\":[\"https:\/\/www.triathlon.barcelona\/es\/presentamos-la-camiseta-la-medalla-y-la-mochila-oficiales-del-challenge-barcelona-triathlon-2025\/\"]}]},{\"@type\":\"ImageObject\",\"inLanguage\":\"es\",\"@id\":\"https:\/\/www.triathlon.barcelona\/es\/presentamos-la-camiseta-la-medalla-y-la-mochila-oficiales-del-challenge-barcelona-triathlon-2025\/#primaryimage\",\"url\":\"https:\/\/www.triathlon.barcelona\/wp-content\/uploads\/2025\/09\/250915-samarreta-oficial-chbcn2025.jpg\",\"contentUrl\":\"https:\/\/www.triathlon.barcelona\/wp-content\/uploads\/2025\/09\/250915-samarreta-oficial-chbcn2025.jpg\",\"width\":1920,\"height\":1280},{\"@type\":\"BreadcrumbList\",\"@id\":\"https:\/\/www.triathlon.barcelona\/es\/presentamos-la-camiseta-la-medalla-y-la-mochila-oficiales-del-challenge-barcelona-triathlon-2025\/#breadcrumb\",\"itemListElement\":[{\"@type\":\"ListItem\",\"position\":1,\"name\":\"Inicio\",\"item\":\"https:\/\/www.triathlon.barcelona\/es\/\"},{\"@type\":\"ListItem\",\"position\":2,\"name\":\"Presentamos la camiseta, la medalla y la mochila oficiales del Challenge Barcelona Triathlon 2025\"}]},{\"@type\":\"WebSite\",\"@id\":\"https:\/\/www.triathlon.barcelona\/es\/#website\",\"url\":\"https:\/\/www.triathlon.barcelona\/es\/\",\"name\":\"Challenge Barcelona Triathlon\",\"description\":\"\",\"publisher\":{\"@id\":\"https:\/\/www.triathlon.barcelona\/es\/#organization\"},\"alternateName\":\"Challenge Barcelona\",\"potentialAction\":[{\"@type\":\"SearchAction\",\"target\":{\"@type\":\"EntryPoint\",\"urlTemplate\":\"https:\/\/www.triathlon.barcelona\/es\/?s={search_term_string}\"},\"query-input\":{\"@type\":\"PropertyValueSpecification\",\"valueRequired\":true,\"valueName\":\"search_term_string\"}}],\"inLanguage\":\"es\"},{\"@type\":\"Organization\",\"@id\":\"https:\/\/www.triathlon.barcelona\/es\/#organization\",\"name\":\"Challenge Barcelona Triathlon\",\"alternateName\":\"Challenge Barcelona\",\"url\":\"https:\/\/www.triathlon.barcelona\/es\/\",\"logo\":{\"@type\":\"ImageObject\",\"inLanguage\":\"es\",\"@id\":\"https:\/\/www.triathlon.barcelona\/es\/#\/schema\/logo\/image\/\",\"url\":\"https:\/\/www.triathlon.barcelona\/wp-content\/uploads\/2024\/06\/logo-challenge-barcelona.png\",\"contentUrl\":\"https:\/\/www.triathlon.barcelona\/wp-content\/uploads\/2024\/06\/logo-challenge-barcelona.png\",\"width\":3209,\"height\":729,\"caption\":\"Challenge Barcelona Triathlon\"},\"image\":{\"@id\":\"https:\/\/www.triathlon.barcelona\/es\/#\/schema\/logo\/image\/\"},\"sameAs\":[\"https:\/\/www.facebook.com\/barcelonatriathlon\",\"https:\/\/x.com\/bcn_triathlon\",\"https:\/\/www.instagram.com\/barcelonatriathlon\/\"]},{\"@type\":\"Person\",\"@id\":\"https:\/\/www.triathlon.barcelona\/es\/#\/schema\/person\/812f46a7af75bae5296e42e5b503d1e6\",\"name\":\"david\",\"image\":{\"@type\":\"ImageObject\",\"inLanguage\":\"es\",\"@id\":\"https:\/\/www.triathlon.barcelona\/es\/#\/schema\/person\/image\/\",\"url\":\"https:\/\/secure.gravatar.com\/avatar\/f3b6b2a94c48d199ba05b31c711ca66bc5650a0dc06074dd63ae046df043d8e8?s=96&d=mm&r=g\",\"contentUrl\":\"https:\/\/secure.gravatar.com\/avatar\/f3b6b2a94c48d199ba05b31c711ca66bc5650a0dc06074dd63ae046df043d8e8?s=96&d=mm&r=g\",\"caption\":\"david\"},\"sameAs\":[\"https:\/\/www.triathlon.barcelona\"],\"url\":\"https:\/\/www.triathlon.barcelona\/es\/author\/david\/\"}]}<\/script>\n<!-- \/ Yoast SEO plugin. -->","yoast_head_json":{"title":"Presentamos la camiseta, la medalla y la mochila oficiales del Challenge Barcelona Triathlon 2025 - Challenge Barcelona Triatl\u00f3","robots":{"index":"index","follow":"follow","max-snippet":"max-snippet:-1","max-image-preview":"max-image-preview:large","max-video-preview":"max-video-preview:-1"},"canonical":"https:\/\/www.triathlon.barcelona\/es\/presentamos-la-camiseta-la-medalla-y-la-mochila-oficiales-del-challenge-barcelona-triathlon-2025\/","og_locale":"es_ES","og_type":"article","og_title":"Presentamos la camiseta, la medalla y la mochila oficiales del Challenge Barcelona Triathlon 2025 - Challenge Barcelona Triatl\u00f3","og_description":"Todos y todas las participantes recibir\u00e1n la camiseta y la medalla finisher, mientras que la mochila ser\u00e1 exclusiva para la Middle Distance","og_url":"https:\/\/www.triathlon.barcelona\/es\/presentamos-la-camiseta-la-medalla-y-la-mochila-oficiales-del-challenge-barcelona-triathlon-2025\/","og_site_name":"Challenge Barcelona Triatl\u00f3","article_publisher":"https:\/\/www.facebook.com\/barcelonatriathlon","article_published_time":"2025-09-15T05:51:09+00:00","article_modified_time":"2025-10-28T15:39:12+00:00","og_image":[{"width":1920,"height":1280,"url":"https:\/\/www.triathlon.barcelona\/wp-content\/uploads\/2025\/09\/250915-samarreta-oficial-chbcn2025.jpg","type":"image\/jpeg"}],"author":"david","twitter_card":"summary_large_image","twitter_creator":"@bcn_triathlon","twitter_site":"@bcn_triathlon","twitter_misc":{"Escrito por":"david","Tiempo de lectura":"2 minutos"},"schema":{"@context":"https:\/\/schema.org","@graph":[{"@type":"Article","@id":"https:\/\/www.triathlon.barcelona\/es\/presentamos-la-camiseta-la-medalla-y-la-mochila-oficiales-del-challenge-barcelona-triathlon-2025\/#article","isPartOf":{"@id":"https:\/\/www.triathlon.barcelona\/es\/presentamos-la-camiseta-la-medalla-y-la-mochila-oficiales-del-challenge-barcelona-triathlon-2025\/"},"author":{"name":"david","@id":"https:\/\/www.triathlon.barcelona\/es\/#\/schema\/person\/812f46a7af75bae5296e42e5b503d1e6"},"headline":"Presentamos la camiseta, la medalla y la mochila oficiales del Challenge Barcelona Triathlon 2025","datePublished":"2025-09-15T05:51:09+00:00","dateModified":"2025-10-28T15:39:12+00:00","mainEntityOfPage":{"@id":"https:\/\/www.triathlon.barcelona\/es\/presentamos-la-camiseta-la-medalla-y-la-mochila-oficiales-del-challenge-barcelona-triathlon-2025\/"},"wordCount":132,"publisher":{"@id":"https:\/\/www.triathlon.barcelona\/es\/#organization"},"image":{"@id":"https:\/\/www.triathlon.barcelona\/es\/presentamos-la-camiseta-la-medalla-y-la-mochila-oficiales-del-challenge-barcelona-triathlon-2025\/#primaryimage"},"thumbnailUrl":"https:\/\/www.triathlon.barcelona\/wp-content\/uploads\/2025\/09\/250915-samarreta-oficial-chbcn2025.jpg","articleSection":["Noticias"],"inLanguage":"es"},{"@type":"WebPage","@id":"https:\/\/www.triathlon.barcelona\/es\/presentamos-la-camiseta-la-medalla-y-la-mochila-oficiales-del-challenge-barcelona-triathlon-2025\/","url":"https:\/\/www.triathlon.barcelona\/es\/presentamos-la-camiseta-la-medalla-y-la-mochila-oficiales-del-challenge-barcelona-triathlon-2025\/","name":"Presentamos la camiseta, la medalla y la mochila oficiales del Challenge Barcelona Triathlon 2025 - Challenge Barcelona Triatl\u00f3","isPartOf":{"@id":"https:\/\/www.triathlon.barcelona\/es\/#website"},"primaryImageOfPage":{"@id":"https:\/\/www.triathlon.barcelona\/es\/presentamos-la-camiseta-la-medalla-y-la-mochila-oficiales-del-challenge-barcelona-triathlon-2025\/#primaryimage"},"image":{"@id":"https:\/\/www.triathlon.barcelona\/es\/presentamos-la-camiseta-la-medalla-y-la-mochila-oficiales-del-challenge-barcelona-triathlon-2025\/#primaryimage"},"thumbnailUrl":"https:\/\/www.triathlon.barcelona\/wp-content\/uploads\/2025\/09\/250915-samarreta-oficial-chbcn2025.jpg","datePublished":"2025-09-15T05:51:09+00:00","dateModified":"2025-10-28T15:39:12+00:00","breadcrumb":{"@id":"https:\/\/www.triathlon.barcelona\/es\/presentamos-la-camiseta-la-medalla-y-la-mochila-oficiales-del-challenge-barcelona-triathlon-2025\/#breadcrumb"},"inLanguage":"es","potentialAction":[{"@type":"ReadAction","target":["https:\/\/www.triathlon.barcelona\/es\/presentamos-la-camiseta-la-medalla-y-la-mochila-oficiales-del-challenge-barcelona-triathlon-2025\/"]}]},{"@type":"ImageObject","inLanguage":"es","@id":"https:\/\/www.triathlon.barcelona\/es\/presentamos-la-camiseta-la-medalla-y-la-mochila-oficiales-del-challenge-barcelona-triathlon-2025\/#primaryimage","url":"https:\/\/www.triathlon.barcelona\/wp-content\/uploads\/2025\/09\/250915-samarreta-oficial-chbcn2025.jpg","contentUrl":"https:\/\/www.triathlon.barcelona\/wp-content\/uploads\/2025\/09\/250915-samarreta-oficial-chbcn2025.jpg","width":1920,"height":1280},{"@type":"BreadcrumbList","@id":"https:\/\/www.triathlon.barcelona\/es\/presentamos-la-camiseta-la-medalla-y-la-mochila-oficiales-del-challenge-barcelona-triathlon-2025\/#breadcrumb","itemListElement":[{"@type":"ListItem","position":1,"name":"Inicio","item":"https:\/\/www.triathlon.barcelona\/es\/"},{"@type":"ListItem","position":2,"name":"Presentamos la camiseta, la medalla y la mochila oficiales del Challenge Barcelona Triathlon 2025"}]},{"@type":"WebSite","@id":"https:\/\/www.triathlon.barcelona\/es\/#website","url":"https:\/\/www.triathlon.barcelona\/es\/","name":"Challenge Barcelona Triathlon","description":"","publisher":{"@id":"https:\/\/www.triathlon.barcelona\/es\/#organization"},"alternateName":"Challenge Barcelona","potentialAction":[{"@type":"SearchAction","target":{"@type":"EntryPoint","urlTemplate":"https:\/\/www.triathlon.barcelona\/es\/?s={search_term_string}"},"query-input":{"@type":"PropertyValueSpecification","valueRequired":true,"valueName":"search_term_string"}}],"inLanguage":"es"},{"@type":"Organization","@id":"https:\/\/www.triathlon.barcelona\/es\/#organization","name":"Challenge Barcelona Triathlon","alternateName":"Challenge Barcelona","url":"https:\/\/www.triathlon.barcelona\/es\/","logo":{"@type":"ImageObject","inLanguage":"es","@id":"https:\/\/www.triathlon.barcelona\/es\/#\/schema\/logo\/image\/","url":"https:\/\/www.triathlon.barcelona\/wp-content\/uploads\/2024\/06\/logo-challenge-barcelona.png","contentUrl":"https:\/\/www.triathlon.barcelona\/wp-content\/uploads\/2024\/06\/logo-challenge-barcelona.png","width":3209,"height":729,"caption":"Challenge Barcelona Triathlon"},"image":{"@id":"https:\/\/www.triathlon.barcelona\/es\/#\/schema\/logo\/image\/"},"sameAs":["https:\/\/www.facebook.com\/barcelonatriathlon","https:\/\/x.com\/bcn_triathlon","https:\/\/www.instagram.com\/barcelonatriathlon\/"]},{"@type":"Person","@id":"https:\/\/www.triathlon.barcelona\/es\/#\/schema\/person\/812f46a7af75bae5296e42e5b503d1e6","name":"david","image":{"@type":"ImageObject","inLanguage":"es","@id":"https:\/\/www.triathlon.barcelona\/es\/#\/schema\/person\/image\/","url":"https:\/\/secure.gravatar.com\/avatar\/f3b6b2a94c48d199ba05b31c711ca66bc5650a0dc06074dd63ae046df043d8e8?s=96&d=mm&r=g","contentUrl":"https:\/\/secure.gravatar.com\/avatar\/f3b6b2a94c48d199ba05b31c711ca66bc5650a0dc06074dd63ae046df043d8e8?s=96&d=mm&r=g","caption":"david"},"sameAs":["https:\/\/www.triathlon.barcelona"],"url":"https:\/\/www.triathlon.barcelona\/es\/author\/david\/"}]}},"_links":{"self":[{"href":"https:\/\/www.triathlon.barcelona\/es\/wp-json\/wp\/v2\/posts\/10876","targetHints":{"allow":["GET"]}}],"collection":[{"href":"https:\/\/www.triathlon.barcelona\/es\/wp-json\/wp\/v2\/posts"}],"about":[{"href":"https:\/\/www.triathlon.barcelona\/es\/wp-json\/wp\/v2\/types\/post"}],"author":[{"embeddable":true,"href":"https:\/\/www.triathlon.barcelona\/es\/wp-json\/wp\/v2\/users\/1"}],"replies":[{"embeddable":true,"href":"https:\/\/www.triathlon.barcelona\/es\/wp-json\/wp\/v2\/comments?post=10876"}],"version-history":[{"count":4,"href":"https:\/\/www.triathlon.barcelona\/es\/wp-json\/wp\/v2\/posts\/10876\/revisions"}],"predecessor-version":[{"id":11430,"href":"https:\/\/www.triathlon.barcelona\/es\/wp-json\/wp\/v2\/posts\/10876\/revisions\/11430"}],"wp:featuredmedia":[{"embeddable":true,"href":"https:\/\/www.triathlon.barcelona\/es\/wp-json\/wp\/v2\/media\/11413"}],"wp:attachment":[{"href":"https:\/\/www.triathlon.barcelona\/es\/wp-json\/wp\/v2\/media?parent=10876"}],"wp:term":[{"taxonomy":"category","embeddable":true,"href":"https:\/\/www.triathlon.barcelona\/es\/wp-json\/wp\/v2\/categories?post=10876"},{"taxonomy":"post_tag","embeddable":true,"href":"https:\/\/www.triathlon.barcelona\/es\/wp-json\/wp\/v2\/tags?post=10876"}],"curies":[{"name":"wp","href":"https:\/\/api.w.org\/{rel}","templated":true}]}}