{"id":11135,"date":"2025-10-22T16:00:05","date_gmt":"2025-10-22T14:00:05","guid":{"rendered":"https:\/\/www.triathlon.barcelona\/?p=11135"},"modified":"2025-10-26T15:15:09","modified_gmt":"2025-10-26T14:15:09","slug":"barcelona-acoge-el-challenge-barcelona-triatlon-2025-con-nueva-distancia-middle-por-primera-vez-en-su-historia","status":"publish","type":"post","link":"https:\/\/www.triathlon.barcelona\/es\/barcelona-acoge-el-challenge-barcelona-triatlon-2025-con-nueva-distancia-middle-por-primera-vez-en-su-historia\/","title":{"rendered":"Barcelona acoge el Challenge Barcelona Triatl\u00f3 2025 con nueva distancia Middle por primera vez en su historia"},"content":{"rendered":"<p><strong>La prueba internacional de triatl\u00f3n se celebrar\u00e1 los d\u00edas 25 y 26 de octubre en la playa de la Mar Bella.<\/strong><!--more--><br \/>\n<strong>La <em>Middle Distance <\/em>, gran novedad de este 2025, consolida la capital catalana como referente internacional del triatl\u00f3n.<\/strong><br \/>\n<strong>M\u00e1s de 70 triatletas profesionales formar\u00e1n parte de esta edici\u00f3n que tendr\u00e1 un 35% de participaci\u00f3n internacional.<\/strong><br \/>\n<strong>La TRIEXPO acoger\u00e1 a m\u00e1s de 20 marcas del sector y el proyecto Triatl\u00f3n Sin Fronteras reafirma el compromiso inclusivo de la prueba.<\/strong><br \/>\n<strong>Retransmisi\u00f3n en directo de la prueba con un programa especial el domingo 26 que podr\u00e1 seguirse en la tele, web, <em>app <\/em>y YouTube de betev\u00e9 y en la plataforma La Xarxa+.<\/strong><\/p>\n<p>El Challenge Barcelona Triatl\u00f3 2025 se celebrar\u00e1 el fin de semana del 25 y 26 de octubre y reunir\u00e1 a cerca de 3.000 triatletas de todo el mundo. La cita, que se consolida como uno de los eventos deportivos de la ciudad, volver\u00e1 a tener como centro neur\u00e1lgico el CEM La Mar Bella, desde donde se desarrollar\u00e1n todas las pruebas y actividades del fin de semana. La gran novedad de esta edici\u00f3n es la incorporaci\u00f3n, por primera vez, de la <em>Middle Distance,<\/em> una modalidad de media distancia que combina 1.900 metros de nataci\u00f3n, 88 kil\u00f3metros de ciclismo y 21 kil\u00f3metros de carrera a pie. Concretamente, en el segmento de bicicleta de esta modalidad saldr\u00e1 y llegar\u00e1 a Barcelona y pasar\u00e1 por Sant Adri\u00e0 del Bes\u00f2s, Badalona, Montgat, El Masnou, Premi\u00e0 de Mar, Vilassar de Mar, Cabrera de Mar y Matar\u00f3. Con este formato, Barcelona da un paso adelante para situarse entre las grandes capitales internacionales del triatl\u00f3n.<\/p>\n<p>El concejal de Deportes, David Escud\u00e9, ha recordado que esta ser\u00e1 una edici\u00f3n hist\u00f3rica: \u00abEste fin de semana, Barcelona vivir\u00e1 un triatl\u00f3n muy diferente de todas las dem\u00e1s ediciones vividas hasta ahora. Se ha trabajado muy intensamente para ofrecer esta nueva modalidad de media distancia que ser\u00e1 un salto cualitativo para el Challenge Barcelona Triatl\u00f3. Llegar hasta Matar\u00f3 convencidos de que valdr\u00e1 la pena y que ser\u00e1 un aliciente enorme tanto para los participantes como para toda la ciudadan\u00eda que sigue esta prueba y que podr\u00e1 disfrutar del espect\u00e1culo y de la emoci\u00f3n en primera persona en las calles de nuestra ciudad\u201d.<\/p>\n<p><strong>Un circuito ciclista de 88 km entre Barcelona y Matar\u00f3<\/strong><\/p>\n<p>La <em>Middle Distance <\/em>estrena un nuevo recorrido ciclista de 88 km que conecta Barcelona con Matar\u00f3, combinando tramos r\u00e1pidos y esc\u00e9nicos en la costa con un final urbano en la ciudad. El circuito se divide en tres partes: un tramo de enlace de 9 km entre Barcelona y Montgat, dos vueltas de 32 km entre Montgat y Matar\u00f3, y un tramo final de 15 km de regreso al CEM La Mar Bella.<\/p>\n<p>Despu\u00e9s de casi dos a\u00f1os de trabajo y coordinaci\u00f3n institucional, la organizaci\u00f3n ha dise\u00f1ado un recorrido seguro, competitivo y visualmente atractivo que consolida al Challenge Barcelona Triatl\u00f3 como una de las pruebas de media distancia m\u00e1s destacadas del calendario europeo.<\/p>\n<p><strong>Participaci\u00f3n internacional y femenina en aumento<\/strong><\/p>\n<p>La edici\u00f3n 2025 contar\u00e1 con m\u00e1s de 70 triatletas profesionales y una destacada presencia internacional (35%), con representantes de m\u00e1s de 65 pa\u00edses. La presencia femenina se mantiene cercana al 30% del total de inscritos, consolidando la tendencia creciente de mujeres triatletas en la competici\u00f3n.<\/p>\n<p><strong>Todas las distancias y modalidades<\/strong><\/p>\n<p>El programa del Challenge Barcelona Triatl\u00f3 2025 incluir\u00e1 diferentes pruebas para todos los niveles:<\/p>\n<p><strong><em>Middle Distance <\/em><\/strong>(26 de octubre): 1.900 m nataci\u00f3n, 88 km ciclismo y 21 km carrera a pie.<br \/>\n<strong><em>Sprint Distance <\/em><\/strong>(26 de octubre): 750 m nataci\u00f3n, 20 km ciclismo y 5 km carrera a pie.<br \/>\n<strong><em>Junior Challenge <\/em><\/strong>(26 de octubre): 300 m nataci\u00f3n, 7 km ciclismo y 1,5 km carrera a pie.<br \/>\n<strong><em>Aquathlon <\/em><\/strong>(25 de octubre): 750 m nataci\u00f3n y 5 km carrera a pie.<br \/>\n<strong><em>Open Water <\/em><\/strong>(25 de octubre): 1.900 m3.800 m de nataci\u00f3n.<\/p>\n<p>Las pruebas del s\u00e1bado, el <em>Aquathlon <\/em>y las <em>Open Water,<\/em> permitir\u00e1n vivir un ambiente deportivo durante todo el fin de semana en la zona de la Mar Bella.<\/p>\n<p><strong>Premios y reconocimientos<\/strong><\/p>\n<p>El Challenge Barcelona Triatl\u00f3 2025 repartir\u00e1 25.000 euros en premios para la categor\u00eda <em>PRO Middle Distance,<\/em> con galardones econ\u00f3micos para los seis primeros clasificados (hombres y mujeres).<\/p>\n<p>Adem\u00e1s, se entregar\u00e1n trofeos por categor\u00edas e inscripciones gratuitas para el Challenge Gda\u0144sk 2026 a los tres primeros clasificados de grupos de edad de la <em>Middle Distance<\/em>.<\/p>\n<p><strong>TRIEXPO: La mayor feria del triatl\u00f3n llega a Barcelona<\/strong><\/p>\n<p>La TRIEXPO volver\u00e1 a llenar la pista del CEM La Mar Bella con m\u00e1s de 20 marcas l\u00edderes del sector, ofreciendo las \u00faltimas novedades en material deportivo, nutrici\u00f3n y tecnolog\u00eda para triatletas. Estar\u00e1 abierta al p\u00fablico el viernes 24 de octubre (de 15 a 19 h) y el s\u00e1bado 25 de octubre (de 9 a 18 h), con acceso gratuito.<\/p>\n<p><strong>Junior Challenge: para j\u00f3venes de entre 12 y 17 a\u00f1os<\/strong><\/p>\n<p>Como ya ocurri\u00f3 en la edici\u00f3n de 2023, el Challenge Barcelona Triatl\u00f3 vuelve a ofrecer una opci\u00f3n para los m\u00e1s j\u00f3venes con el objetivo de promocionar y hacer llegar esta prueba a los y las adolescentes mientras disfrutan del mejor escenario y con la m\u00e1xima seguridad. As\u00ed, los chicos y chicas de entre 12 y 17 a\u00f1os participar\u00e1n con una distancia <em>super Sprint <\/em>con los mismos servicios que adultos.<\/p>\n<p><strong>Triatl\u00f3n Sin Fronteras: inclusi\u00f3n y deporte para todos<\/strong><\/p>\n<p>Un a\u00f1o m\u00e1s, el proyecto Triatl\u00f3n Sin Fronteras reafirma el compromiso del Challenge Barcelona Triatl\u00f3 con la inclusi\u00f3n social y la igualdad de oportunidades. La edici\u00f3n 2025 contar\u00e1 con la participaci\u00f3n de deportistas con discapacidad intelectual, que ha seguido un programa de entrenamientos adaptados con el apoyo de profesionales especializados.<\/p>\n<p>El proyecto se desarrolla en colaboraci\u00f3n con la Federaci\u00f3n ACELL y el apoyo de la Fundaci\u00f3n \u201cla Caixa\u201d, que renueva su implicaci\u00f3n para fomentar la diversidad y el deporte accesible para todos.<\/p>\n<p><strong>Un evento consolidado en la ciudad<\/strong><\/p>\n<p>Con cerca de 3.000 participantes y un amplio dispositivo, el Challenge Barcelona Triatl\u00f3 2025 se consolida como una cita ineludible del calendario deportivo de la ciudad y un referente internacional en el mundo del triatl\u00f3n.<\/p>\n","protected":false},"excerpt":{"rendered":"<p>La prueba internacional de triatl\u00f3n se celebrar\u00e1 los d\u00edas 25 y 26 de octubre en la playa de la Mar Bella.<\/p>\n","protected":false},"author":1,"featured_media":11403,"comment_status":"closed","ping_status":"closed","sticky":false,"template":"","format":"standard","meta":{"_monsterinsights_skip_tracking":false,"site-sidebar-layout":"default","site-content-layout":"","ast-site-content-layout":"default","site-content-style":"default","site-sidebar-style":"default","ast-global-header-display":"","ast-banner-title-visibility":"","ast-main-header-display":"","ast-hfb-above-header-display":"","ast-hfb-below-header-display":"","ast-hfb-mobile-header-display":"","site-post-title":"","ast-breadcrumbs-content":"","ast-featured-img":"","footer-sml-layout":"","ast-disable-related-posts":"","theme-transparent-header-meta":"default","adv-header-id-meta":"","stick-header-meta":"default","header-above-stick-meta":"","header-main-stick-meta":"","header-below-stick-meta":"","astra-migrate-meta-layouts":"set","ast-page-background-enabled":"default","ast-page-background-meta":{"desktop":{"background-color":"","background-image":"","background-repeat":"repeat","background-position":"center center","background-size":"auto","background-attachment":"scroll","background-type":"","background-media":"","overlay-type":"","overlay-color":"","overlay-opacity":"","overlay-gradient":""},"tablet":{"background-color":"","background-image":"","background-repeat":"repeat","background-position":"center center","background-size":"auto","background-attachment":"scroll","background-type":"","background-media":"","overlay-type":"","overlay-color":"","overlay-opacity":"","overlay-gradient":""},"mobile":{"background-color":"","background-image":"","background-repeat":"repeat","background-position":"center center","background-size":"auto","background-attachment":"scroll","background-type":"","background-media":"","overlay-type":"","overlay-color":"","overlay-opacity":"","overlay-gradient":""}},"ast-content-background-meta":{"desktop":{"background-color":"var(--ast-global-color-5)","background-image":"","background-repeat":"repeat","background-position":"center center","background-size":"auto","background-attachment":"scroll","background-type":"","background-media":"","overlay-type":"","overlay-color":"","overlay-opacity":"","overlay-gradient":""},"tablet":{"background-color":"var(--ast-global-color-5)","background-image":"","background-repeat":"repeat","background-position":"center center","background-size":"auto","background-attachment":"scroll","background-type":"","background-media":"","overlay-type":"","overlay-color":"","overlay-opacity":"","overlay-gradient":""},"mobile":{"background-color":"var(--ast-global-color-5)","background-image":"","background-repeat":"repeat","background-position":"center center","background-size":"auto","background-attachment":"scroll","background-type":"","background-media":"","overlay-type":"","overlay-color":"","overlay-opacity":"","overlay-gradient":""}},"footnotes":""},"categories":[8],"tags":[],"class_list":["post-11135","post","type-post","status-publish","format-standard","has-post-thumbnail","hentry","category-noticias"],"yoast_head":"<!-- This site is optimized with the Yoast SEO plugin v27.1 - https:\/\/yoast.com\/product\/yoast-seo-wordpress\/ -->\n<title>Barcelona acoge el Challenge Barcelona Triatl\u00f3 2025 con nueva distancia Middle por primera vez en su historia - Challenge Barcelona Triatl\u00f3<\/title>\n<meta name=\"robots\" content=\"index, follow, max-snippet:-1, max-image-preview:large, max-video-preview:-1\" \/>\n<link rel=\"canonical\" href=\"https:\/\/www.triathlon.barcelona\/es\/barcelona-acoge-el-challenge-barcelona-triatlon-2025-con-nueva-distancia-middle-por-primera-vez-en-su-historia\/\" \/>\n<meta property=\"og:locale\" content=\"es_ES\" \/>\n<meta property=\"og:type\" content=\"article\" \/>\n<meta property=\"og:title\" content=\"Barcelona acoge el Challenge Barcelona Triatl\u00f3 2025 con nueva distancia Middle por primera vez en su historia - Challenge Barcelona Triatl\u00f3\" \/>\n<meta property=\"og:description\" content=\"La prueba internacional de triatl\u00f3n se celebrar\u00e1 los d\u00edas 25 y 26 de octubre en la playa de la Mar Bella.\" \/>\n<meta property=\"og:url\" content=\"https:\/\/www.triathlon.barcelona\/es\/barcelona-acoge-el-challenge-barcelona-triatlon-2025-con-nueva-distancia-middle-por-primera-vez-en-su-historia\/\" \/>\n<meta property=\"og:site_name\" content=\"Challenge Barcelona Triatl\u00f3\" \/>\n<meta property=\"article:publisher\" content=\"https:\/\/www.facebook.com\/barcelonatriathlon\" \/>\n<meta property=\"article:published_time\" content=\"2025-10-22T14:00:05+00:00\" \/>\n<meta property=\"article:modified_time\" content=\"2025-10-26T14:15:09+00:00\" \/>\n<meta property=\"og:image\" content=\"https:\/\/www.triathlon.barcelona\/wp-content\/uploads\/2025\/10\/251022-3000atletes-chbcn2025.jpg\" \/>\n\t<meta property=\"og:image:width\" content=\"1920\" \/>\n\t<meta property=\"og:image:height\" content=\"1280\" \/>\n\t<meta property=\"og:image:type\" content=\"image\/jpeg\" \/>\n<meta name=\"author\" content=\"david\" \/>\n<meta name=\"twitter:card\" content=\"summary_large_image\" \/>\n<meta name=\"twitter:creator\" content=\"@bcn_triathlon\" \/>\n<meta name=\"twitter:site\" content=\"@bcn_triathlon\" \/>\n<meta name=\"twitter:label1\" content=\"Escrito por\" \/>\n\t<meta name=\"twitter:data1\" content=\"david\" \/>\n\t<meta name=\"twitter:label2\" content=\"Tiempo de lectura\" \/>\n\t<meta name=\"twitter:data2\" content=\"6 minutos\" \/>\n<script type=\"application\/ld+json\" class=\"yoast-schema-graph\">{\"@context\":\"https:\/\/schema.org\",\"@graph\":[{\"@type\":\"Article\",\"@id\":\"https:\/\/www.triathlon.barcelona\/es\/barcelona-acoge-el-challenge-barcelona-triatlon-2025-con-nueva-distancia-middle-por-primera-vez-en-su-historia\/#article\",\"isPartOf\":{\"@id\":\"https:\/\/www.triathlon.barcelona\/es\/barcelona-acoge-el-challenge-barcelona-triatlon-2025-con-nueva-distancia-middle-por-primera-vez-en-su-historia\/\"},\"author\":{\"name\":\"david\",\"@id\":\"https:\/\/www.triathlon.barcelona\/es\/#\/schema\/person\/812f46a7af75bae5296e42e5b503d1e6\"},\"headline\":\"Barcelona acoge el Challenge Barcelona Triatl\u00f3 2025 con nueva distancia Middle por primera vez en su historia\",\"datePublished\":\"2025-10-22T14:00:05+00:00\",\"dateModified\":\"2025-10-26T14:15:09+00:00\",\"mainEntityOfPage\":{\"@id\":\"https:\/\/www.triathlon.barcelona\/es\/barcelona-acoge-el-challenge-barcelona-triatlon-2025-con-nueva-distancia-middle-por-primera-vez-en-su-historia\/\"},\"wordCount\":1036,\"publisher\":{\"@id\":\"https:\/\/www.triathlon.barcelona\/es\/#organization\"},\"image\":{\"@id\":\"https:\/\/www.triathlon.barcelona\/es\/barcelona-acoge-el-challenge-barcelona-triatlon-2025-con-nueva-distancia-middle-por-primera-vez-en-su-historia\/#primaryimage\"},\"thumbnailUrl\":\"https:\/\/www.triathlon.barcelona\/wp-content\/uploads\/2025\/10\/251022-3000atletes-chbcn2025.jpg\",\"articleSection\":[\"Noticias\"],\"inLanguage\":\"es\"},{\"@type\":\"WebPage\",\"@id\":\"https:\/\/www.triathlon.barcelona\/es\/barcelona-acoge-el-challenge-barcelona-triatlon-2025-con-nueva-distancia-middle-por-primera-vez-en-su-historia\/\",\"url\":\"https:\/\/www.triathlon.barcelona\/es\/barcelona-acoge-el-challenge-barcelona-triatlon-2025-con-nueva-distancia-middle-por-primera-vez-en-su-historia\/\",\"name\":\"Barcelona acoge el Challenge Barcelona Triatl\u00f3 2025 con nueva distancia Middle por primera vez en su historia - Challenge Barcelona Triatl\u00f3\",\"isPartOf\":{\"@id\":\"https:\/\/www.triathlon.barcelona\/es\/#website\"},\"primaryImageOfPage\":{\"@id\":\"https:\/\/www.triathlon.barcelona\/es\/barcelona-acoge-el-challenge-barcelona-triatlon-2025-con-nueva-distancia-middle-por-primera-vez-en-su-historia\/#primaryimage\"},\"image\":{\"@id\":\"https:\/\/www.triathlon.barcelona\/es\/barcelona-acoge-el-challenge-barcelona-triatlon-2025-con-nueva-distancia-middle-por-primera-vez-en-su-historia\/#primaryimage\"},\"thumbnailUrl\":\"https:\/\/www.triathlon.barcelona\/wp-content\/uploads\/2025\/10\/251022-3000atletes-chbcn2025.jpg\",\"datePublished\":\"2025-10-22T14:00:05+00:00\",\"dateModified\":\"2025-10-26T14:15:09+00:00\",\"breadcrumb\":{\"@id\":\"https:\/\/www.triathlon.barcelona\/es\/barcelona-acoge-el-challenge-barcelona-triatlon-2025-con-nueva-distancia-middle-por-primera-vez-en-su-historia\/#breadcrumb\"},\"inLanguage\":\"es\",\"potentialAction\":[{\"@type\":\"ReadAction\",\"target\":[\"https:\/\/www.triathlon.barcelona\/es\/barcelona-acoge-el-challenge-barcelona-triatlon-2025-con-nueva-distancia-middle-por-primera-vez-en-su-historia\/\"]}]},{\"@type\":\"ImageObject\",\"inLanguage\":\"es\",\"@id\":\"https:\/\/www.triathlon.barcelona\/es\/barcelona-acoge-el-challenge-barcelona-triatlon-2025-con-nueva-distancia-middle-por-primera-vez-en-su-historia\/#primaryimage\",\"url\":\"https:\/\/www.triathlon.barcelona\/wp-content\/uploads\/2025\/10\/251022-3000atletes-chbcn2025.jpg\",\"contentUrl\":\"https:\/\/www.triathlon.barcelona\/wp-content\/uploads\/2025\/10\/251022-3000atletes-chbcn2025.jpg\",\"width\":1920,\"height\":1280},{\"@type\":\"BreadcrumbList\",\"@id\":\"https:\/\/www.triathlon.barcelona\/es\/barcelona-acoge-el-challenge-barcelona-triatlon-2025-con-nueva-distancia-middle-por-primera-vez-en-su-historia\/#breadcrumb\",\"itemListElement\":[{\"@type\":\"ListItem\",\"position\":1,\"name\":\"Inicio\",\"item\":\"https:\/\/www.triathlon.barcelona\/es\/\"},{\"@type\":\"ListItem\",\"position\":2,\"name\":\"Barcelona acoge el Challenge Barcelona Triatl\u00f3 2025 con nueva distancia Middle por primera vez en su historia\"}]},{\"@type\":\"WebSite\",\"@id\":\"https:\/\/www.triathlon.barcelona\/es\/#website\",\"url\":\"https:\/\/www.triathlon.barcelona\/es\/\",\"name\":\"Challenge Barcelona Triathlon\",\"description\":\"\",\"publisher\":{\"@id\":\"https:\/\/www.triathlon.barcelona\/es\/#organization\"},\"alternateName\":\"Challenge Barcelona\",\"potentialAction\":[{\"@type\":\"SearchAction\",\"target\":{\"@type\":\"EntryPoint\",\"urlTemplate\":\"https:\/\/www.triathlon.barcelona\/es\/?s={search_term_string}\"},\"query-input\":{\"@type\":\"PropertyValueSpecification\",\"valueRequired\":true,\"valueName\":\"search_term_string\"}}],\"inLanguage\":\"es\"},{\"@type\":\"Organization\",\"@id\":\"https:\/\/www.triathlon.barcelona\/es\/#organization\",\"name\":\"Challenge Barcelona Triathlon\",\"alternateName\":\"Challenge Barcelona\",\"url\":\"https:\/\/www.triathlon.barcelona\/es\/\",\"logo\":{\"@type\":\"ImageObject\",\"inLanguage\":\"es\",\"@id\":\"https:\/\/www.triathlon.barcelona\/es\/#\/schema\/logo\/image\/\",\"url\":\"https:\/\/www.triathlon.barcelona\/wp-content\/uploads\/2024\/06\/logo-challenge-barcelona.png\",\"contentUrl\":\"https:\/\/www.triathlon.barcelona\/wp-content\/uploads\/2024\/06\/logo-challenge-barcelona.png\",\"width\":3209,\"height\":729,\"caption\":\"Challenge Barcelona Triathlon\"},\"image\":{\"@id\":\"https:\/\/www.triathlon.barcelona\/es\/#\/schema\/logo\/image\/\"},\"sameAs\":[\"https:\/\/www.facebook.com\/barcelonatriathlon\",\"https:\/\/x.com\/bcn_triathlon\",\"https:\/\/www.instagram.com\/barcelonatriathlon\/\"]},{\"@type\":\"Person\",\"@id\":\"https:\/\/www.triathlon.barcelona\/es\/#\/schema\/person\/812f46a7af75bae5296e42e5b503d1e6\",\"name\":\"david\",\"image\":{\"@type\":\"ImageObject\",\"inLanguage\":\"es\",\"@id\":\"https:\/\/www.triathlon.barcelona\/es\/#\/schema\/person\/image\/\",\"url\":\"https:\/\/secure.gravatar.com\/avatar\/f3b6b2a94c48d199ba05b31c711ca66bc5650a0dc06074dd63ae046df043d8e8?s=96&d=mm&r=g\",\"contentUrl\":\"https:\/\/secure.gravatar.com\/avatar\/f3b6b2a94c48d199ba05b31c711ca66bc5650a0dc06074dd63ae046df043d8e8?s=96&d=mm&r=g\",\"caption\":\"david\"},\"sameAs\":[\"https:\/\/www.triathlon.barcelona\"],\"url\":\"https:\/\/www.triathlon.barcelona\/es\/author\/david\/\"}]}<\/script>\n<!-- \/ Yoast SEO plugin. -->","yoast_head_json":{"title":"Barcelona acoge el Challenge Barcelona Triatl\u00f3 2025 con nueva distancia Middle por primera vez en su historia - Challenge Barcelona Triatl\u00f3","robots":{"index":"index","follow":"follow","max-snippet":"max-snippet:-1","max-image-preview":"max-image-preview:large","max-video-preview":"max-video-preview:-1"},"canonical":"https:\/\/www.triathlon.barcelona\/es\/barcelona-acoge-el-challenge-barcelona-triatlon-2025-con-nueva-distancia-middle-por-primera-vez-en-su-historia\/","og_locale":"es_ES","og_type":"article","og_title":"Barcelona acoge el Challenge Barcelona Triatl\u00f3 2025 con nueva distancia Middle por primera vez en su historia - Challenge Barcelona Triatl\u00f3","og_description":"La prueba internacional de triatl\u00f3n se celebrar\u00e1 los d\u00edas 25 y 26 de octubre en la playa de la Mar Bella.","og_url":"https:\/\/www.triathlon.barcelona\/es\/barcelona-acoge-el-challenge-barcelona-triatlon-2025-con-nueva-distancia-middle-por-primera-vez-en-su-historia\/","og_site_name":"Challenge Barcelona Triatl\u00f3","article_publisher":"https:\/\/www.facebook.com\/barcelonatriathlon","article_published_time":"2025-10-22T14:00:05+00:00","article_modified_time":"2025-10-26T14:15:09+00:00","og_image":[{"width":1920,"height":1280,"url":"https:\/\/www.triathlon.barcelona\/wp-content\/uploads\/2025\/10\/251022-3000atletes-chbcn2025.jpg","type":"image\/jpeg"}],"author":"david","twitter_card":"summary_large_image","twitter_creator":"@bcn_triathlon","twitter_site":"@bcn_triathlon","twitter_misc":{"Escrito por":"david","Tiempo de lectura":"6 minutos"},"schema":{"@context":"https:\/\/schema.org","@graph":[{"@type":"Article","@id":"https:\/\/www.triathlon.barcelona\/es\/barcelona-acoge-el-challenge-barcelona-triatlon-2025-con-nueva-distancia-middle-por-primera-vez-en-su-historia\/#article","isPartOf":{"@id":"https:\/\/www.triathlon.barcelona\/es\/barcelona-acoge-el-challenge-barcelona-triatlon-2025-con-nueva-distancia-middle-por-primera-vez-en-su-historia\/"},"author":{"name":"david","@id":"https:\/\/www.triathlon.barcelona\/es\/#\/schema\/person\/812f46a7af75bae5296e42e5b503d1e6"},"headline":"Barcelona acoge el Challenge Barcelona Triatl\u00f3 2025 con nueva distancia Middle por primera vez en su historia","datePublished":"2025-10-22T14:00:05+00:00","dateModified":"2025-10-26T14:15:09+00:00","mainEntityOfPage":{"@id":"https:\/\/www.triathlon.barcelona\/es\/barcelona-acoge-el-challenge-barcelona-triatlon-2025-con-nueva-distancia-middle-por-primera-vez-en-su-historia\/"},"wordCount":1036,"publisher":{"@id":"https:\/\/www.triathlon.barcelona\/es\/#organization"},"image":{"@id":"https:\/\/www.triathlon.barcelona\/es\/barcelona-acoge-el-challenge-barcelona-triatlon-2025-con-nueva-distancia-middle-por-primera-vez-en-su-historia\/#primaryimage"},"thumbnailUrl":"https:\/\/www.triathlon.barcelona\/wp-content\/uploads\/2025\/10\/251022-3000atletes-chbcn2025.jpg","articleSection":["Noticias"],"inLanguage":"es"},{"@type":"WebPage","@id":"https:\/\/www.triathlon.barcelona\/es\/barcelona-acoge-el-challenge-barcelona-triatlon-2025-con-nueva-distancia-middle-por-primera-vez-en-su-historia\/","url":"https:\/\/www.triathlon.barcelona\/es\/barcelona-acoge-el-challenge-barcelona-triatlon-2025-con-nueva-distancia-middle-por-primera-vez-en-su-historia\/","name":"Barcelona acoge el Challenge Barcelona Triatl\u00f3 2025 con nueva distancia Middle por primera vez en su historia - Challenge Barcelona Triatl\u00f3","isPartOf":{"@id":"https:\/\/www.triathlon.barcelona\/es\/#website"},"primaryImageOfPage":{"@id":"https:\/\/www.triathlon.barcelona\/es\/barcelona-acoge-el-challenge-barcelona-triatlon-2025-con-nueva-distancia-middle-por-primera-vez-en-su-historia\/#primaryimage"},"image":{"@id":"https:\/\/www.triathlon.barcelona\/es\/barcelona-acoge-el-challenge-barcelona-triatlon-2025-con-nueva-distancia-middle-por-primera-vez-en-su-historia\/#primaryimage"},"thumbnailUrl":"https:\/\/www.triathlon.barcelona\/wp-content\/uploads\/2025\/10\/251022-3000atletes-chbcn2025.jpg","datePublished":"2025-10-22T14:00:05+00:00","dateModified":"2025-10-26T14:15:09+00:00","breadcrumb":{"@id":"https:\/\/www.triathlon.barcelona\/es\/barcelona-acoge-el-challenge-barcelona-triatlon-2025-con-nueva-distancia-middle-por-primera-vez-en-su-historia\/#breadcrumb"},"inLanguage":"es","potentialAction":[{"@type":"ReadAction","target":["https:\/\/www.triathlon.barcelona\/es\/barcelona-acoge-el-challenge-barcelona-triatlon-2025-con-nueva-distancia-middle-por-primera-vez-en-su-historia\/"]}]},{"@type":"ImageObject","inLanguage":"es","@id":"https:\/\/www.triathlon.barcelona\/es\/barcelona-acoge-el-challenge-barcelona-triatlon-2025-con-nueva-distancia-middle-por-primera-vez-en-su-historia\/#primaryimage","url":"https:\/\/www.triathlon.barcelona\/wp-content\/uploads\/2025\/10\/251022-3000atletes-chbcn2025.jpg","contentUrl":"https:\/\/www.triathlon.barcelona\/wp-content\/uploads\/2025\/10\/251022-3000atletes-chbcn2025.jpg","width":1920,"height":1280},{"@type":"BreadcrumbList","@id":"https:\/\/www.triathlon.barcelona\/es\/barcelona-acoge-el-challenge-barcelona-triatlon-2025-con-nueva-distancia-middle-por-primera-vez-en-su-historia\/#breadcrumb","itemListElement":[{"@type":"ListItem","position":1,"name":"Inicio","item":"https:\/\/www.triathlon.barcelona\/es\/"},{"@type":"ListItem","position":2,"name":"Barcelona acoge el Challenge Barcelona Triatl\u00f3 2025 con nueva distancia Middle por primera vez en su historia"}]},{"@type":"WebSite","@id":"https:\/\/www.triathlon.barcelona\/es\/#website","url":"https:\/\/www.triathlon.barcelona\/es\/","name":"Challenge Barcelona Triathlon","description":"","publisher":{"@id":"https:\/\/www.triathlon.barcelona\/es\/#organization"},"alternateName":"Challenge Barcelona","potentialAction":[{"@type":"SearchAction","target":{"@type":"EntryPoint","urlTemplate":"https:\/\/www.triathlon.barcelona\/es\/?s={search_term_string}"},"query-input":{"@type":"PropertyValueSpecification","valueRequired":true,"valueName":"search_term_string"}}],"inLanguage":"es"},{"@type":"Organization","@id":"https:\/\/www.triathlon.barcelona\/es\/#organization","name":"Challenge Barcelona Triathlon","alternateName":"Challenge Barcelona","url":"https:\/\/www.triathlon.barcelona\/es\/","logo":{"@type":"ImageObject","inLanguage":"es","@id":"https:\/\/www.triathlon.barcelona\/es\/#\/schema\/logo\/image\/","url":"https:\/\/www.triathlon.barcelona\/wp-content\/uploads\/2024\/06\/logo-challenge-barcelona.png","contentUrl":"https:\/\/www.triathlon.barcelona\/wp-content\/uploads\/2024\/06\/logo-challenge-barcelona.png","width":3209,"height":729,"caption":"Challenge Barcelona Triathlon"},"image":{"@id":"https:\/\/www.triathlon.barcelona\/es\/#\/schema\/logo\/image\/"},"sameAs":["https:\/\/www.facebook.com\/barcelonatriathlon","https:\/\/x.com\/bcn_triathlon","https:\/\/www.instagram.com\/barcelonatriathlon\/"]},{"@type":"Person","@id":"https:\/\/www.triathlon.barcelona\/es\/#\/schema\/person\/812f46a7af75bae5296e42e5b503d1e6","name":"david","image":{"@type":"ImageObject","inLanguage":"es","@id":"https:\/\/www.triathlon.barcelona\/es\/#\/schema\/person\/image\/","url":"https:\/\/secure.gravatar.com\/avatar\/f3b6b2a94c48d199ba05b31c711ca66bc5650a0dc06074dd63ae046df043d8e8?s=96&d=mm&r=g","contentUrl":"https:\/\/secure.gravatar.com\/avatar\/f3b6b2a94c48d199ba05b31c711ca66bc5650a0dc06074dd63ae046df043d8e8?s=96&d=mm&r=g","caption":"david"},"sameAs":["https:\/\/www.triathlon.barcelona"],"url":"https:\/\/www.triathlon.barcelona\/es\/author\/david\/"}]}},"_links":{"self":[{"href":"https:\/\/www.triathlon.barcelona\/es\/wp-json\/wp\/v2\/posts\/11135","targetHints":{"allow":["GET"]}}],"collection":[{"href":"https:\/\/www.triathlon.barcelona\/es\/wp-json\/wp\/v2\/posts"}],"about":[{"href":"https:\/\/www.triathlon.barcelona\/es\/wp-json\/wp\/v2\/types\/post"}],"author":[{"embeddable":true,"href":"https:\/\/www.triathlon.barcelona\/es\/wp-json\/wp\/v2\/users\/1"}],"replies":[{"embeddable":true,"href":"https:\/\/www.triathlon.barcelona\/es\/wp-json\/wp\/v2\/comments?post=11135"}],"version-history":[{"count":3,"href":"https:\/\/www.triathlon.barcelona\/es\/wp-json\/wp\/v2\/posts\/11135\/revisions"}],"predecessor-version":[{"id":11138,"href":"https:\/\/www.triathlon.barcelona\/es\/wp-json\/wp\/v2\/posts\/11135\/revisions\/11138"}],"wp:featuredmedia":[{"embeddable":true,"href":"https:\/\/www.triathlon.barcelona\/es\/wp-json\/wp\/v2\/media\/11403"}],"wp:attachment":[{"href":"https:\/\/www.triathlon.barcelona\/es\/wp-json\/wp\/v2\/media?parent=11135"}],"wp:term":[{"taxonomy":"category","embeddable":true,"href":"https:\/\/www.triathlon.barcelona\/es\/wp-json\/wp\/v2\/categories?post=11135"},{"taxonomy":"post_tag","embeddable":true,"href":"https:\/\/www.triathlon.barcelona\/es\/wp-json\/wp\/v2\/tags?post=11135"}],"curies":[{"name":"wp","href":"https:\/\/api.w.org\/{rel}","templated":true}]}}