{"id":11834,"date":"2025-10-29T07:00:49","date_gmt":"2025-10-29T06:00:49","guid":{"rendered":"https:\/\/www.triathlon.barcelona\/?p=11834"},"modified":"2025-11-18T07:05:08","modified_gmt":"2025-11-18T06:05:08","slug":"triatlo-sense-fronteres-emociona-barcelona-en-una-edicion-2025-marcada-por-la-inclusion-y-la-superacion-personal","status":"publish","type":"post","link":"https:\/\/www.triathlon.barcelona\/es\/triatlo-sense-fronteres-emociona-barcelona-en-una-edicion-2025-marcada-por-la-inclusion-y-la-superacion-personal\/","title":{"rendered":"\u00abTriatl\u00f3 Sense Fronteres\u00bb emociona Barcelona en una edici\u00f3n 2025 marcada por la inclusi\u00f3n y la superaci\u00f3n personal"},"content":{"rendered":"<p><strong>41 deportistas de la Federaci\u00f3n ACELL completan su gran reto tras cuatro meses de entrenamientos adaptados y participan en la jornada del 26 de octubre junto a cerca de 3.000 triatletas<\/strong><!--more--><\/p>\n<p>El <strong>Challenge Barcelona Triatl\u00f3<\/strong> 2025 ha vuelto a demostrar que el deporte es una herramienta de transformaci\u00f3n social con una nueva edici\u00f3n del proyecto <em>Triatl\u00f3 Sense Fronteres <\/em>(Triatl\u00f3n Sin Fronteras), que reafirma el compromiso del evento con la inclusi\u00f3n y la igualdad de oportunidades. Este a\u00f1o, un total de <strong>41 deportistas con discapacidad intelectual<\/strong> de la <strong>Federaci\u00f3n ACELL<\/strong> participaron en las pruebas del domingo 26 de octubre, viviendo una jornada repleta de emoci\u00f3n, esfuerzo y reconocimiento colectivo.<\/p>\n<p><strong>Un proyecto consolidado: participaci\u00f3n en Sprint Relevos y Sprint Parejas<\/strong><\/p>\n<p>Los participantes de esta edici\u00f3n se distribuyeron en:<br \/>\n33 deportistas en la modalidad Sprint Relevos (11 equipos)<br \/>\n8 deportistas en Sprint Parejas (4 parejas)<\/p>\n<p>Todos ellos y ellas compartieron circuito con cerca de 3.000 triatletas inscritos en las distancias Middle Distance, Sprint Distance y Junior Challenge.<\/p>\n<p><strong>Cuatro meses de entrenamientos adaptados<\/strong><\/p>\n<p>Durante cuatro meses, los y las deportistas de ACELL han seguido un <strong>programa de entrenamientos adaptados<\/strong> con el acompa\u00f1amiento t\u00e9cnico del club <strong>PROAM<\/strong>, con sesiones de nataci\u00f3n, ciclismo, carrera y transiciones.<\/p>\n<p><strong>Una jornada marcada por la emoci\u00f3n y la superaci\u00f3n<\/strong><\/p>\n<p>La jornada del 26 de octubre, inicialmente afectada por lluvia y temperaturas m\u00e1s bajas de lo habitual, puso a prueba la determinaci\u00f3n de todos los participantes. A pesar de las condiciones meteorol\u00f3gicas adversas, los 41 deportistas del proyecto <em>Triatl\u00f3 Sense Fronteres<\/em> completaron la prueba con una notable demostraci\u00f3n de superaci\u00f3n, apoyo mutuo y entusiasmo.<\/p>\n<div class=\"ast-oembed-container \" style=\"height: 100%;\"><iframe title=\"Triatl\u00f3 Sense Fronteres (Resum dia de la competici\u00f3) 2025\" width=\"500\" height=\"281\" src=\"https:\/\/www.youtube.com\/embed\/SqXSSALKzGQ?feature=oembed\" frameborder=\"0\" allow=\"accelerometer; autoplay; clipboard-write; encrypted-media; gyroscope; picture-in-picture; web-share\" referrerpolicy=\"strict-origin-when-cross-origin\" allowfullscreen><\/iframe><\/div>\n<p><strong>Un compromiso firme con la inclusi\u00f3n<\/strong><\/p>\n<p>Impulsado por el <strong>Challenge Barcelona Triatl\u00f3<\/strong>, la <strong>Federaci\u00f3n ACELL<\/strong> y con el apoyo de la <strong>Fundaci\u00f3n \u201cla Caixa\u201d<\/strong>, el proyecto <em>Triatl\u00f3 Sense Fronteres<\/em> reafirma una apuesta clara por la inclusi\u00f3n. El objetivo es garantizar que deportistas con necesidades especiales puedan participar en igualdad de condiciones y disfrutar de una experiencia deportiva completa, accesible y segura.<\/p>\n<p>Con el \u00e9xito de esta edici\u00f3n, el Challenge Barcelona Triatl\u00f3 mantiene su compromiso de seguir haciendo crecer esta iniciativa y promover un triatl\u00f3n que refleje los valores de diversidad, superaci\u00f3n e inclusi\u00f3n que definen este deporte.<\/p>\n","protected":false},"excerpt":{"rendered":"<p>41 deportistas de la Federaci\u00f3n ACELL completan su gran reto tras cuatro meses de entrenamientos adaptados y participan en la jornada del 26 de octubre junto a cerca de 3.000 triatletas<\/p>\n","protected":false},"author":1,"featured_media":0,"comment_status":"closed","ping_status":"closed","sticky":false,"template":"","format":"standard","meta":{"_monsterinsights_skip_tracking":false,"site-sidebar-layout":"default","site-content-layout":"","ast-site-content-layout":"default","site-content-style":"default","site-sidebar-style":"default","ast-global-header-display":"","ast-banner-title-visibility":"","ast-main-header-display":"","ast-hfb-above-header-display":"","ast-hfb-below-header-display":"","ast-hfb-mobile-header-display":"","site-post-title":"","ast-breadcrumbs-content":"","ast-featured-img":"","footer-sml-layout":"","ast-disable-related-posts":"","theme-transparent-header-meta":"default","adv-header-id-meta":"","stick-header-meta":"default","header-above-stick-meta":"","header-main-stick-meta":"","header-below-stick-meta":"","astra-migrate-meta-layouts":"set","ast-page-background-enabled":"default","ast-page-background-meta":{"desktop":{"background-color":"","background-image":"","background-repeat":"repeat","background-position":"center center","background-size":"auto","background-attachment":"scroll","background-type":"","background-media":"","overlay-type":"","overlay-color":"","overlay-opacity":"","overlay-gradient":""},"tablet":{"background-color":"","background-image":"","background-repeat":"repeat","background-position":"center center","background-size":"auto","background-attachment":"scroll","background-type":"","background-media":"","overlay-type":"","overlay-color":"","overlay-opacity":"","overlay-gradient":""},"mobile":{"background-color":"","background-image":"","background-repeat":"repeat","background-position":"center center","background-size":"auto","background-attachment":"scroll","background-type":"","background-media":"","overlay-type":"","overlay-color":"","overlay-opacity":"","overlay-gradient":""}},"ast-content-background-meta":{"desktop":{"background-color":"var(--ast-global-color-5)","background-image":"","background-repeat":"repeat","background-position":"center center","background-size":"auto","background-attachment":"scroll","background-type":"","background-media":"","overlay-type":"","overlay-color":"","overlay-opacity":"","overlay-gradient":""},"tablet":{"background-color":"var(--ast-global-color-5)","background-image":"","background-repeat":"repeat","background-position":"center center","background-size":"auto","background-attachment":"scroll","background-type":"","background-media":"","overlay-type":"","overlay-color":"","overlay-opacity":"","overlay-gradient":""},"mobile":{"background-color":"var(--ast-global-color-5)","background-image":"","background-repeat":"repeat","background-position":"center center","background-size":"auto","background-attachment":"scroll","background-type":"","background-media":"","overlay-type":"","overlay-color":"","overlay-opacity":"","overlay-gradient":""}},"footnotes":""},"categories":[8],"tags":[],"class_list":["post-11834","post","type-post","status-publish","format-standard","hentry","category-noticias"],"yoast_head":"<!-- This site is optimized with the Yoast SEO plugin v27.1 - https:\/\/yoast.com\/product\/yoast-seo-wordpress\/ -->\n<title>&quot;Triatl\u00f3 Sense Fronteres&quot; emociona Barcelona en una edici\u00f3n 2025 marcada por la inclusi\u00f3n y la superaci\u00f3n personal - Challenge Barcelona Triatl\u00f3<\/title>\n<meta name=\"robots\" content=\"index, follow, max-snippet:-1, max-image-preview:large, max-video-preview:-1\" \/>\n<link rel=\"canonical\" href=\"https:\/\/www.triathlon.barcelona\/es\/triatlo-sense-fronteres-emociona-barcelona-en-una-edicion-2025-marcada-por-la-inclusion-y-la-superacion-personal\/\" \/>\n<meta property=\"og:locale\" content=\"es_ES\" \/>\n<meta property=\"og:type\" content=\"article\" \/>\n<meta property=\"og:title\" content=\"&quot;Triatl\u00f3 Sense Fronteres&quot; emociona Barcelona en una edici\u00f3n 2025 marcada por la inclusi\u00f3n y la superaci\u00f3n personal - Challenge Barcelona Triatl\u00f3\" \/>\n<meta property=\"og:description\" content=\"41 deportistas de la Federaci\u00f3n ACELL completan su gran reto tras cuatro meses de entrenamientos adaptados y participan en la jornada del 26 de octubre junto a cerca de 3.000 triatletas\" \/>\n<meta property=\"og:url\" content=\"https:\/\/www.triathlon.barcelona\/es\/triatlo-sense-fronteres-emociona-barcelona-en-una-edicion-2025-marcada-por-la-inclusion-y-la-superacion-personal\/\" \/>\n<meta property=\"og:site_name\" content=\"Challenge Barcelona Triatl\u00f3\" \/>\n<meta property=\"article:publisher\" content=\"https:\/\/www.facebook.com\/barcelonatriathlon\" \/>\n<meta property=\"article:published_time\" content=\"2025-10-29T06:00:49+00:00\" \/>\n<meta property=\"article:modified_time\" content=\"2025-11-18T06:05:08+00:00\" \/>\n<meta property=\"og:image\" content=\"https:\/\/www.triathlon.barcelona\/wp-content\/uploads\/2025\/11\/251029-triatlosensefronteres-chbcn2025.jpg\" \/>\n\t<meta property=\"og:image:width\" content=\"1920\" \/>\n\t<meta property=\"og:image:height\" content=\"1280\" \/>\n\t<meta property=\"og:image:type\" content=\"image\/jpeg\" \/>\n<meta name=\"author\" content=\"david\" \/>\n<meta name=\"twitter:card\" content=\"summary_large_image\" \/>\n<meta name=\"twitter:creator\" content=\"@bcn_triathlon\" \/>\n<meta name=\"twitter:site\" content=\"@bcn_triathlon\" \/>\n<meta name=\"twitter:label1\" content=\"Escrito por\" \/>\n\t<meta name=\"twitter:data1\" content=\"david\" \/>\n\t<meta name=\"twitter:label2\" content=\"Tiempo de lectura\" \/>\n\t<meta name=\"twitter:data2\" content=\"3 minutos\" \/>\n<script type=\"application\/ld+json\" class=\"yoast-schema-graph\">{\"@context\":\"https:\/\/schema.org\",\"@graph\":[{\"@type\":\"Article\",\"@id\":\"https:\/\/www.triathlon.barcelona\/es\/triatlo-sense-fronteres-emociona-barcelona-en-una-edicion-2025-marcada-por-la-inclusion-y-la-superacion-personal\/#article\",\"isPartOf\":{\"@id\":\"https:\/\/www.triathlon.barcelona\/es\/triatlo-sense-fronteres-emociona-barcelona-en-una-edicion-2025-marcada-por-la-inclusion-y-la-superacion-personal\/\"},\"author\":{\"name\":\"david\",\"@id\":\"https:\/\/www.triathlon.barcelona\/es\/#\/schema\/person\/812f46a7af75bae5296e42e5b503d1e6\"},\"headline\":\"\u00abTriatl\u00f3 Sense Fronteres\u00bb emociona Barcelona en una edici\u00f3n 2025 marcada por la inclusi\u00f3n y la superaci\u00f3n personal\",\"datePublished\":\"2025-10-29T06:00:49+00:00\",\"dateModified\":\"2025-11-18T06:05:08+00:00\",\"mainEntityOfPage\":{\"@id\":\"https:\/\/www.triathlon.barcelona\/es\/triatlo-sense-fronteres-emociona-barcelona-en-una-edicion-2025-marcada-por-la-inclusion-y-la-superacion-personal\/\"},\"wordCount\":404,\"publisher\":{\"@id\":\"https:\/\/www.triathlon.barcelona\/es\/#organization\"},\"articleSection\":[\"Noticias\"],\"inLanguage\":\"es\"},{\"@type\":\"WebPage\",\"@id\":\"https:\/\/www.triathlon.barcelona\/es\/triatlo-sense-fronteres-emociona-barcelona-en-una-edicion-2025-marcada-por-la-inclusion-y-la-superacion-personal\/\",\"url\":\"https:\/\/www.triathlon.barcelona\/es\/triatlo-sense-fronteres-emociona-barcelona-en-una-edicion-2025-marcada-por-la-inclusion-y-la-superacion-personal\/\",\"name\":\"\\\"Triatl\u00f3 Sense Fronteres\\\" emociona Barcelona en una edici\u00f3n 2025 marcada por la inclusi\u00f3n y la superaci\u00f3n personal - Challenge Barcelona Triatl\u00f3\",\"isPartOf\":{\"@id\":\"https:\/\/www.triathlon.barcelona\/es\/#website\"},\"datePublished\":\"2025-10-29T06:00:49+00:00\",\"dateModified\":\"2025-11-18T06:05:08+00:00\",\"breadcrumb\":{\"@id\":\"https:\/\/www.triathlon.barcelona\/es\/triatlo-sense-fronteres-emociona-barcelona-en-una-edicion-2025-marcada-por-la-inclusion-y-la-superacion-personal\/#breadcrumb\"},\"inLanguage\":\"es\",\"potentialAction\":[{\"@type\":\"ReadAction\",\"target\":[\"https:\/\/www.triathlon.barcelona\/es\/triatlo-sense-fronteres-emociona-barcelona-en-una-edicion-2025-marcada-por-la-inclusion-y-la-superacion-personal\/\"]}]},{\"@type\":\"BreadcrumbList\",\"@id\":\"https:\/\/www.triathlon.barcelona\/es\/triatlo-sense-fronteres-emociona-barcelona-en-una-edicion-2025-marcada-por-la-inclusion-y-la-superacion-personal\/#breadcrumb\",\"itemListElement\":[{\"@type\":\"ListItem\",\"position\":1,\"name\":\"Inicio\",\"item\":\"https:\/\/www.triathlon.barcelona\/es\/\"},{\"@type\":\"ListItem\",\"position\":2,\"name\":\"\u00abTriatl\u00f3 Sense Fronteres\u00bb emociona Barcelona en una edici\u00f3n 2025 marcada por la inclusi\u00f3n y la superaci\u00f3n personal\"}]},{\"@type\":\"WebSite\",\"@id\":\"https:\/\/www.triathlon.barcelona\/es\/#website\",\"url\":\"https:\/\/www.triathlon.barcelona\/es\/\",\"name\":\"Challenge Barcelona Triathlon\",\"description\":\"\",\"publisher\":{\"@id\":\"https:\/\/www.triathlon.barcelona\/es\/#organization\"},\"alternateName\":\"Challenge Barcelona\",\"potentialAction\":[{\"@type\":\"SearchAction\",\"target\":{\"@type\":\"EntryPoint\",\"urlTemplate\":\"https:\/\/www.triathlon.barcelona\/es\/?s={search_term_string}\"},\"query-input\":{\"@type\":\"PropertyValueSpecification\",\"valueRequired\":true,\"valueName\":\"search_term_string\"}}],\"inLanguage\":\"es\"},{\"@type\":\"Organization\",\"@id\":\"https:\/\/www.triathlon.barcelona\/es\/#organization\",\"name\":\"Challenge Barcelona Triathlon\",\"alternateName\":\"Challenge Barcelona\",\"url\":\"https:\/\/www.triathlon.barcelona\/es\/\",\"logo\":{\"@type\":\"ImageObject\",\"inLanguage\":\"es\",\"@id\":\"https:\/\/www.triathlon.barcelona\/es\/#\/schema\/logo\/image\/\",\"url\":\"https:\/\/www.triathlon.barcelona\/wp-content\/uploads\/2024\/06\/logo-challenge-barcelona.png\",\"contentUrl\":\"https:\/\/www.triathlon.barcelona\/wp-content\/uploads\/2024\/06\/logo-challenge-barcelona.png\",\"width\":3209,\"height\":729,\"caption\":\"Challenge Barcelona Triathlon\"},\"image\":{\"@id\":\"https:\/\/www.triathlon.barcelona\/es\/#\/schema\/logo\/image\/\"},\"sameAs\":[\"https:\/\/www.facebook.com\/barcelonatriathlon\",\"https:\/\/x.com\/bcn_triathlon\",\"https:\/\/www.instagram.com\/barcelonatriathlon\/\"]},{\"@type\":\"Person\",\"@id\":\"https:\/\/www.triathlon.barcelona\/es\/#\/schema\/person\/812f46a7af75bae5296e42e5b503d1e6\",\"name\":\"david\",\"image\":{\"@type\":\"ImageObject\",\"inLanguage\":\"es\",\"@id\":\"https:\/\/www.triathlon.barcelona\/es\/#\/schema\/person\/image\/\",\"url\":\"https:\/\/secure.gravatar.com\/avatar\/f3b6b2a94c48d199ba05b31c711ca66bc5650a0dc06074dd63ae046df043d8e8?s=96&d=mm&r=g\",\"contentUrl\":\"https:\/\/secure.gravatar.com\/avatar\/f3b6b2a94c48d199ba05b31c711ca66bc5650a0dc06074dd63ae046df043d8e8?s=96&d=mm&r=g\",\"caption\":\"david\"},\"sameAs\":[\"https:\/\/www.triathlon.barcelona\"],\"url\":\"https:\/\/www.triathlon.barcelona\/es\/author\/david\/\"}]}<\/script>\n<!-- \/ Yoast SEO plugin. -->","yoast_head_json":{"title":"\"Triatl\u00f3 Sense Fronteres\" emociona Barcelona en una edici\u00f3n 2025 marcada por la inclusi\u00f3n y la superaci\u00f3n personal - Challenge Barcelona Triatl\u00f3","robots":{"index":"index","follow":"follow","max-snippet":"max-snippet:-1","max-image-preview":"max-image-preview:large","max-video-preview":"max-video-preview:-1"},"canonical":"https:\/\/www.triathlon.barcelona\/es\/triatlo-sense-fronteres-emociona-barcelona-en-una-edicion-2025-marcada-por-la-inclusion-y-la-superacion-personal\/","og_locale":"es_ES","og_type":"article","og_title":"\"Triatl\u00f3 Sense Fronteres\" emociona Barcelona en una edici\u00f3n 2025 marcada por la inclusi\u00f3n y la superaci\u00f3n personal - Challenge Barcelona Triatl\u00f3","og_description":"41 deportistas de la Federaci\u00f3n ACELL completan su gran reto tras cuatro meses de entrenamientos adaptados y participan en la jornada del 26 de octubre junto a cerca de 3.000 triatletas","og_url":"https:\/\/www.triathlon.barcelona\/es\/triatlo-sense-fronteres-emociona-barcelona-en-una-edicion-2025-marcada-por-la-inclusion-y-la-superacion-personal\/","og_site_name":"Challenge Barcelona Triatl\u00f3","article_publisher":"https:\/\/www.facebook.com\/barcelonatriathlon","article_published_time":"2025-10-29T06:00:49+00:00","article_modified_time":"2025-11-18T06:05:08+00:00","og_image":[{"width":1920,"height":1280,"url":"https:\/\/www.triathlon.barcelona\/wp-content\/uploads\/2025\/11\/251029-triatlosensefronteres-chbcn2025.jpg","type":"image\/jpeg"}],"author":"david","twitter_card":"summary_large_image","twitter_creator":"@bcn_triathlon","twitter_site":"@bcn_triathlon","twitter_misc":{"Escrito por":"david","Tiempo de lectura":"3 minutos"},"schema":{"@context":"https:\/\/schema.org","@graph":[{"@type":"Article","@id":"https:\/\/www.triathlon.barcelona\/es\/triatlo-sense-fronteres-emociona-barcelona-en-una-edicion-2025-marcada-por-la-inclusion-y-la-superacion-personal\/#article","isPartOf":{"@id":"https:\/\/www.triathlon.barcelona\/es\/triatlo-sense-fronteres-emociona-barcelona-en-una-edicion-2025-marcada-por-la-inclusion-y-la-superacion-personal\/"},"author":{"name":"david","@id":"https:\/\/www.triathlon.barcelona\/es\/#\/schema\/person\/812f46a7af75bae5296e42e5b503d1e6"},"headline":"\u00abTriatl\u00f3 Sense Fronteres\u00bb emociona Barcelona en una edici\u00f3n 2025 marcada por la inclusi\u00f3n y la superaci\u00f3n personal","datePublished":"2025-10-29T06:00:49+00:00","dateModified":"2025-11-18T06:05:08+00:00","mainEntityOfPage":{"@id":"https:\/\/www.triathlon.barcelona\/es\/triatlo-sense-fronteres-emociona-barcelona-en-una-edicion-2025-marcada-por-la-inclusion-y-la-superacion-personal\/"},"wordCount":404,"publisher":{"@id":"https:\/\/www.triathlon.barcelona\/es\/#organization"},"articleSection":["Noticias"],"inLanguage":"es"},{"@type":"WebPage","@id":"https:\/\/www.triathlon.barcelona\/es\/triatlo-sense-fronteres-emociona-barcelona-en-una-edicion-2025-marcada-por-la-inclusion-y-la-superacion-personal\/","url":"https:\/\/www.triathlon.barcelona\/es\/triatlo-sense-fronteres-emociona-barcelona-en-una-edicion-2025-marcada-por-la-inclusion-y-la-superacion-personal\/","name":"\"Triatl\u00f3 Sense Fronteres\" emociona Barcelona en una edici\u00f3n 2025 marcada por la inclusi\u00f3n y la superaci\u00f3n personal - Challenge Barcelona Triatl\u00f3","isPartOf":{"@id":"https:\/\/www.triathlon.barcelona\/es\/#website"},"datePublished":"2025-10-29T06:00:49+00:00","dateModified":"2025-11-18T06:05:08+00:00","breadcrumb":{"@id":"https:\/\/www.triathlon.barcelona\/es\/triatlo-sense-fronteres-emociona-barcelona-en-una-edicion-2025-marcada-por-la-inclusion-y-la-superacion-personal\/#breadcrumb"},"inLanguage":"es","potentialAction":[{"@type":"ReadAction","target":["https:\/\/www.triathlon.barcelona\/es\/triatlo-sense-fronteres-emociona-barcelona-en-una-edicion-2025-marcada-por-la-inclusion-y-la-superacion-personal\/"]}]},{"@type":"BreadcrumbList","@id":"https:\/\/www.triathlon.barcelona\/es\/triatlo-sense-fronteres-emociona-barcelona-en-una-edicion-2025-marcada-por-la-inclusion-y-la-superacion-personal\/#breadcrumb","itemListElement":[{"@type":"ListItem","position":1,"name":"Inicio","item":"https:\/\/www.triathlon.barcelona\/es\/"},{"@type":"ListItem","position":2,"name":"\u00abTriatl\u00f3 Sense Fronteres\u00bb emociona Barcelona en una edici\u00f3n 2025 marcada por la inclusi\u00f3n y la superaci\u00f3n personal"}]},{"@type":"WebSite","@id":"https:\/\/www.triathlon.barcelona\/es\/#website","url":"https:\/\/www.triathlon.barcelona\/es\/","name":"Challenge Barcelona Triathlon","description":"","publisher":{"@id":"https:\/\/www.triathlon.barcelona\/es\/#organization"},"alternateName":"Challenge Barcelona","potentialAction":[{"@type":"SearchAction","target":{"@type":"EntryPoint","urlTemplate":"https:\/\/www.triathlon.barcelona\/es\/?s={search_term_string}"},"query-input":{"@type":"PropertyValueSpecification","valueRequired":true,"valueName":"search_term_string"}}],"inLanguage":"es"},{"@type":"Organization","@id":"https:\/\/www.triathlon.barcelona\/es\/#organization","name":"Challenge Barcelona Triathlon","alternateName":"Challenge Barcelona","url":"https:\/\/www.triathlon.barcelona\/es\/","logo":{"@type":"ImageObject","inLanguage":"es","@id":"https:\/\/www.triathlon.barcelona\/es\/#\/schema\/logo\/image\/","url":"https:\/\/www.triathlon.barcelona\/wp-content\/uploads\/2024\/06\/logo-challenge-barcelona.png","contentUrl":"https:\/\/www.triathlon.barcelona\/wp-content\/uploads\/2024\/06\/logo-challenge-barcelona.png","width":3209,"height":729,"caption":"Challenge Barcelona Triathlon"},"image":{"@id":"https:\/\/www.triathlon.barcelona\/es\/#\/schema\/logo\/image\/"},"sameAs":["https:\/\/www.facebook.com\/barcelonatriathlon","https:\/\/x.com\/bcn_triathlon","https:\/\/www.instagram.com\/barcelonatriathlon\/"]},{"@type":"Person","@id":"https:\/\/www.triathlon.barcelona\/es\/#\/schema\/person\/812f46a7af75bae5296e42e5b503d1e6","name":"david","image":{"@type":"ImageObject","inLanguage":"es","@id":"https:\/\/www.triathlon.barcelona\/es\/#\/schema\/person\/image\/","url":"https:\/\/secure.gravatar.com\/avatar\/f3b6b2a94c48d199ba05b31c711ca66bc5650a0dc06074dd63ae046df043d8e8?s=96&d=mm&r=g","contentUrl":"https:\/\/secure.gravatar.com\/avatar\/f3b6b2a94c48d199ba05b31c711ca66bc5650a0dc06074dd63ae046df043d8e8?s=96&d=mm&r=g","caption":"david"},"sameAs":["https:\/\/www.triathlon.barcelona"],"url":"https:\/\/www.triathlon.barcelona\/es\/author\/david\/"}]}},"_links":{"self":[{"href":"https:\/\/www.triathlon.barcelona\/es\/wp-json\/wp\/v2\/posts\/11834","targetHints":{"allow":["GET"]}}],"collection":[{"href":"https:\/\/www.triathlon.barcelona\/es\/wp-json\/wp\/v2\/posts"}],"about":[{"href":"https:\/\/www.triathlon.barcelona\/es\/wp-json\/wp\/v2\/types\/post"}],"author":[{"embeddable":true,"href":"https:\/\/www.triathlon.barcelona\/es\/wp-json\/wp\/v2\/users\/1"}],"replies":[{"embeddable":true,"href":"https:\/\/www.triathlon.barcelona\/es\/wp-json\/wp\/v2\/comments?post=11834"}],"version-history":[{"count":1,"href":"https:\/\/www.triathlon.barcelona\/es\/wp-json\/wp\/v2\/posts\/11834\/revisions"}],"predecessor-version":[{"id":11835,"href":"https:\/\/www.triathlon.barcelona\/es\/wp-json\/wp\/v2\/posts\/11834\/revisions\/11835"}],"wp:attachment":[{"href":"https:\/\/www.triathlon.barcelona\/es\/wp-json\/wp\/v2\/media?parent=11834"}],"wp:term":[{"taxonomy":"category","embeddable":true,"href":"https:\/\/www.triathlon.barcelona\/es\/wp-json\/wp\/v2\/categories?post=11834"},{"taxonomy":"post_tag","embeddable":true,"href":"https:\/\/www.triathlon.barcelona\/es\/wp-json\/wp\/v2\/tags?post=11834"}],"curies":[{"name":"wp","href":"https:\/\/api.w.org\/{rel}","templated":true}]}}