{"id":12384,"date":"2026-07-08T09:26:04","date_gmt":"2026-07-08T07:26:04","guid":{"rendered":"https:\/\/www.triathlon.barcelona\/?p=12384"},"modified":"2026-07-08T09:36:09","modified_gmt":"2026-07-08T07:36:09","slug":"deporte-sin-barreras-el-challenge-barcelona-triatlon-renueva-su-compromiso-con-el-proyecto-triatlon-sin-fronteras","status":"publish","type":"post","link":"https:\/\/www.triathlon.barcelona\/es\/deporte-sin-barreras-el-challenge-barcelona-triatlon-renueva-su-compromiso-con-el-proyecto-triatlon-sin-fronteras\/","title":{"rendered":"Deporte sin barreras: El Challenge Barcelona Triatl\u00f3n renueva su compromiso con el proyecto &#8216;Triatl\u00f3n sin fronteras&#8217;"},"content":{"rendered":"<p>El triatl\u00f3n es superaci\u00f3n, disciplina, esfuerzo y, por encima de todo, comunidad. Con esta premisa como bandera, el Challenge Barcelona Triatl\u00f3n reafirma un a\u00f1o m\u00e1s su vertiente m\u00e1s humana e inclusiva apostando de nuevo por el proyecto &#8216;Triatl\u00f3n sin fronteras&#8217;, una iniciativa que demuestra que en la l\u00ednea de meta cabemos todos.<\/p>\n<p><!--more--><\/p>\n<p>Este proyecto, plenamente consolidado en el calendario del evento, tiene como gran objetivo acercar la pr\u00e1ctica de este deporte a personas con discapacidad intelectual, ofreci\u00e9ndoles un espacio seguro, adaptado y competitivo en el que poder disfrutar de la magia de la nataci\u00f3n, el ciclismo y la carrera a pie.<\/p>\n<p>&nbsp;<\/p>\n<h3>Una colaboraci\u00f3n que transforma vidas<\/h3>\n<p>El \u00e9xito de una iniciativa de esa magnitud no ser\u00eda posible sin el trabajo conjunto de entidades comprometidas. El proyecto se desarrolla gracias a la colaboraci\u00f3n de la Federaci\u00f3n ACELL \u2013 Special Olympics, instituci\u00f3n que aporta toda su experiencia t\u00e9cnica y humana para garantizar que la adaptaci\u00f3n de la prueba cumpla con los m\u00e1ximos est\u00e1ndares de calidad y seguridad deportiva.<\/p>\n<p>Asimismo, el proyecto recibe un impulso vital gracias al decidido apoyo de la Fundaci\u00f3n \u00abla Caixa\u00bb a trav\u00e9s de CaixaBank, cuyo acompa\u00f1amiento permite destinar recursos esenciales para la log\u00edstica, la preparaci\u00f3n de los atletas y el desarrollo de una jornada memorable para todos los participantes.<\/p>\n<p>\u00abEl deporte tiene el poder de transformar la sociedad, de romper estigmas y de crear puentes. &#8216;Triatl\u00f3n sin fronteras&#8217; es el ejemplo perfecto de que, cuando unimos fuerzas, no hay l\u00edmite que no se pueda superar.\u00bb<\/p>\n<p>&nbsp;<\/p>\n<h3 data-path-to-node=\"13\">Inclusi\u00f3n real en un escenario internacional<\/h3>\n<p>A trav\u00e9s de &#8216;Triatl\u00f3n sin fronteras&#8217;, los y las deportistas de la Federaci\u00f3n ACELL &#8211; Special Olympics no s\u00f3lo participan en una actividad paralela, sino que forman parte de la gran fiesta del deporte de Barcelona, \u200b\u200bcompartiendo escenario, circuitos y el calor del p\u00fablico con triatletas de todo el mundo. Esta integraci\u00f3n real es lo que hace que el Challenge Barcelona sea mucho m\u00e1s que una competici\u00f3n de primer nivel.<\/p>\n<p>Desde la organizaci\u00f3n, queremos agradecer de todo coraz\u00f3n a la Federaci\u00f3n ACELL &#8211; Special Olympics ya la Fundaci\u00f3n \u00abla Caixa\u00bb a trav\u00e9s de CaixaBank su renovada confianza. Gracias por creer un a\u00f1o m\u00e1s que el camino hacia la meta es m\u00e1s bonito si lo hacemos juntos y sin barreras.<\/p>\n<p>Te esperamos en la l\u00ednea de meta para recibir a estos grandes campeones como se merecen. \u00a1Ven a vivir la emoci\u00f3n de un triatl\u00f3n de verdad!<\/p>\n<div class=\"ast-oembed-container \" style=\"height: 100%;\"><iframe title=\"Triatl\u00f3 Sense Fronteres (Resum dia de la competici\u00f3) 2025\" width=\"500\" height=\"281\" src=\"https:\/\/www.youtube.com\/embed\/SqXSSALKzGQ?start=2&amp;feature=oembed\" frameborder=\"0\" allow=\"accelerometer; autoplay; clipboard-write; encrypted-media; gyroscope; picture-in-picture; web-share\" referrerpolicy=\"strict-origin-when-cross-origin\" allowfullscreen><\/iframe><\/div>\n","protected":false},"excerpt":{"rendered":"<p>El triatl\u00f3n es superaci\u00f3n, disciplina, esfuerzo y, por encima de todo, comunidad. Con esta premisa como bandera, el Challenge Barcelona Triatl\u00f3n reafirma un a\u00f1o m\u00e1s su vertiente m\u00e1s humana e inclusiva apostando de nuevo por el proyecto &#8216;Triatl\u00f3n sin fronteras&#8217;, una iniciativa que demuestra que en la l\u00ednea de meta cabemos todos.<\/p>\n","protected":false},"author":6,"featured_media":12378,"comment_status":"closed","ping_status":"closed","sticky":false,"template":"","format":"standard","meta":{"_monsterinsights_skip_tracking":false,"site-sidebar-layout":"default","site-content-layout":"","ast-site-content-layout":"default","site-content-style":"default","site-sidebar-style":"default","ast-global-header-display":"","ast-banner-title-visibility":"","ast-main-header-display":"","ast-hfb-above-header-display":"","ast-hfb-below-header-display":"","ast-hfb-mobile-header-display":"","site-post-title":"","ast-breadcrumbs-content":"","ast-featured-img":"","footer-sml-layout":"","ast-disable-related-posts":"","theme-transparent-header-meta":"default","adv-header-id-meta":"","stick-header-meta":"default","header-above-stick-meta":"","header-main-stick-meta":"","header-below-stick-meta":"","astra-migrate-meta-layouts":"set","ast-page-background-enabled":"default","ast-page-background-meta":{"desktop":{"background-color":"","background-image":"","background-repeat":"repeat","background-position":"center center","background-size":"auto","background-attachment":"scroll","background-type":"","background-media":"","overlay-type":"","overlay-color":"","overlay-opacity":"","overlay-gradient":""},"tablet":{"background-color":"","background-image":"","background-repeat":"repeat","background-position":"center center","background-size":"auto","background-attachment":"scroll","background-type":"","background-media":"","overlay-type":"","overlay-color":"","overlay-opacity":"","overlay-gradient":""},"mobile":{"background-color":"","background-image":"","background-repeat":"repeat","background-position":"center center","background-size":"auto","background-attachment":"scroll","background-type":"","background-media":"","overlay-type":"","overlay-color":"","overlay-opacity":"","overlay-gradient":""}},"ast-content-background-meta":{"desktop":{"background-color":"var(--ast-global-color-5)","background-image":"","background-repeat":"repeat","background-position":"center center","background-size":"auto","background-attachment":"scroll","background-type":"","background-media":"","overlay-type":"","overlay-color":"","overlay-opacity":"","overlay-gradient":""},"tablet":{"background-color":"var(--ast-global-color-5)","background-image":"","background-repeat":"repeat","background-position":"center center","background-size":"auto","background-attachment":"scroll","background-type":"","background-media":"","overlay-type":"","overlay-color":"","overlay-opacity":"","overlay-gradient":""},"mobile":{"background-color":"var(--ast-global-color-5)","background-image":"","background-repeat":"repeat","background-position":"center center","background-size":"auto","background-attachment":"scroll","background-type":"","background-media":"","overlay-type":"","overlay-color":"","overlay-opacity":"","overlay-gradient":""}},"footnotes":""},"categories":[8],"tags":[],"class_list":["post-12384","post","type-post","status-publish","format-standard","has-post-thumbnail","hentry","category-noticias"],"yoast_head":"<!-- This site is optimized with the Yoast SEO plugin v27.1 - https:\/\/yoast.com\/product\/yoast-seo-wordpress\/ -->\n<title>Deporte sin barreras: El Challenge Barcelona Triatl\u00f3n renueva su compromiso con el proyecto &#039;Triatl\u00f3n sin fronteras&#039; - Challenge Barcelona Triatl\u00f3<\/title>\n<meta name=\"robots\" content=\"index, follow, max-snippet:-1, max-image-preview:large, max-video-preview:-1\" \/>\n<link rel=\"canonical\" href=\"https:\/\/www.triathlon.barcelona\/es\/deporte-sin-barreras-el-challenge-barcelona-triatlon-renueva-su-compromiso-con-el-proyecto-triatlon-sin-fronteras\/\" \/>\n<meta property=\"og:locale\" content=\"es_ES\" \/>\n<meta property=\"og:type\" content=\"article\" \/>\n<meta property=\"og:title\" content=\"Deporte sin barreras: El Challenge Barcelona Triatl\u00f3n renueva su compromiso con el proyecto &#039;Triatl\u00f3n sin fronteras&#039; - Challenge Barcelona Triatl\u00f3\" \/>\n<meta property=\"og:description\" content=\"El triatl\u00f3n es superaci\u00f3n, disciplina, esfuerzo y, por encima de todo, comunidad. Con esta premisa como bandera, el Challenge Barcelona Triatl\u00f3n reafirma un a\u00f1o m\u00e1s su vertiente m\u00e1s humana e inclusiva apostando de nuevo por el proyecto &#8216;Triatl\u00f3n sin fronteras&#8217;, una iniciativa que demuestra que en la l\u00ednea de meta cabemos todos.\" \/>\n<meta property=\"og:url\" content=\"https:\/\/www.triathlon.barcelona\/es\/deporte-sin-barreras-el-challenge-barcelona-triatlon-renueva-su-compromiso-con-el-proyecto-triatlon-sin-fronteras\/\" \/>\n<meta property=\"og:site_name\" content=\"Challenge Barcelona Triatl\u00f3\" \/>\n<meta property=\"article:publisher\" content=\"https:\/\/www.facebook.com\/barcelonatriathlon\" \/>\n<meta property=\"article:published_time\" content=\"2026-07-08T07:26:04+00:00\" \/>\n<meta property=\"article:modified_time\" content=\"2026-07-08T07:36:09+00:00\" \/>\n<meta property=\"og:image\" content=\"https:\/\/www.triathlon.barcelona\/wp-content\/uploads\/2026\/07\/Diseno-sin-titulo.png\" \/>\n\t<meta property=\"og:image:width\" content=\"1920\" \/>\n\t<meta property=\"og:image:height\" content=\"1280\" \/>\n\t<meta property=\"og:image:type\" content=\"image\/png\" \/>\n<meta name=\"author\" content=\"info@wefeelevents.com\" \/>\n<meta name=\"twitter:card\" content=\"summary_large_image\" \/>\n<meta name=\"twitter:creator\" content=\"@bcn_triathlon\" \/>\n<meta name=\"twitter:site\" content=\"@bcn_triathlon\" \/>\n<meta name=\"twitter:label1\" content=\"Escrito por\" \/>\n\t<meta name=\"twitter:data1\" content=\"info@wefeelevents.com\" \/>\n\t<meta name=\"twitter:label2\" content=\"Tiempo de lectura\" \/>\n\t<meta name=\"twitter:data2\" content=\"3 minutos\" \/>\n<script type=\"application\/ld+json\" class=\"yoast-schema-graph\">{\"@context\":\"https:\/\/schema.org\",\"@graph\":[{\"@type\":\"Article\",\"@id\":\"https:\/\/www.triathlon.barcelona\/es\/deporte-sin-barreras-el-challenge-barcelona-triatlon-renueva-su-compromiso-con-el-proyecto-triatlon-sin-fronteras\/#article\",\"isPartOf\":{\"@id\":\"https:\/\/www.triathlon.barcelona\/es\/deporte-sin-barreras-el-challenge-barcelona-triatlon-renueva-su-compromiso-con-el-proyecto-triatlon-sin-fronteras\/\"},\"author\":{\"name\":\"info@wefeelevents.com\",\"@id\":\"https:\/\/www.triathlon.barcelona\/es\/#\/schema\/person\/02815cd13c1dfac064a7be145c04c170\"},\"headline\":\"Deporte sin barreras: El Challenge Barcelona Triatl\u00f3n renueva su compromiso con el proyecto &#8216;Triatl\u00f3n sin fronteras&#8217;\",\"datePublished\":\"2026-07-08T07:26:04+00:00\",\"dateModified\":\"2026-07-08T07:36:09+00:00\",\"mainEntityOfPage\":{\"@id\":\"https:\/\/www.triathlon.barcelona\/es\/deporte-sin-barreras-el-challenge-barcelona-triatlon-renueva-su-compromiso-con-el-proyecto-triatlon-sin-fronteras\/\"},\"wordCount\":474,\"publisher\":{\"@id\":\"https:\/\/www.triathlon.barcelona\/es\/#organization\"},\"image\":{\"@id\":\"https:\/\/www.triathlon.barcelona\/es\/deporte-sin-barreras-el-challenge-barcelona-triatlon-renueva-su-compromiso-con-el-proyecto-triatlon-sin-fronteras\/#primaryimage\"},\"thumbnailUrl\":\"https:\/\/www.triathlon.barcelona\/wp-content\/uploads\/2026\/07\/Diseno-sin-titulo.png\",\"articleSection\":[\"Noticias\"],\"inLanguage\":\"es\"},{\"@type\":\"WebPage\",\"@id\":\"https:\/\/www.triathlon.barcelona\/es\/deporte-sin-barreras-el-challenge-barcelona-triatlon-renueva-su-compromiso-con-el-proyecto-triatlon-sin-fronteras\/\",\"url\":\"https:\/\/www.triathlon.barcelona\/es\/deporte-sin-barreras-el-challenge-barcelona-triatlon-renueva-su-compromiso-con-el-proyecto-triatlon-sin-fronteras\/\",\"name\":\"Deporte sin barreras: El Challenge Barcelona Triatl\u00f3n renueva su compromiso con el proyecto 'Triatl\u00f3n sin fronteras' - Challenge Barcelona Triatl\u00f3\",\"isPartOf\":{\"@id\":\"https:\/\/www.triathlon.barcelona\/es\/#website\"},\"primaryImageOfPage\":{\"@id\":\"https:\/\/www.triathlon.barcelona\/es\/deporte-sin-barreras-el-challenge-barcelona-triatlon-renueva-su-compromiso-con-el-proyecto-triatlon-sin-fronteras\/#primaryimage\"},\"image\":{\"@id\":\"https:\/\/www.triathlon.barcelona\/es\/deporte-sin-barreras-el-challenge-barcelona-triatlon-renueva-su-compromiso-con-el-proyecto-triatlon-sin-fronteras\/#primaryimage\"},\"thumbnailUrl\":\"https:\/\/www.triathlon.barcelona\/wp-content\/uploads\/2026\/07\/Diseno-sin-titulo.png\",\"datePublished\":\"2026-07-08T07:26:04+00:00\",\"dateModified\":\"2026-07-08T07:36:09+00:00\",\"breadcrumb\":{\"@id\":\"https:\/\/www.triathlon.barcelona\/es\/deporte-sin-barreras-el-challenge-barcelona-triatlon-renueva-su-compromiso-con-el-proyecto-triatlon-sin-fronteras\/#breadcrumb\"},\"inLanguage\":\"es\",\"potentialAction\":[{\"@type\":\"ReadAction\",\"target\":[\"https:\/\/www.triathlon.barcelona\/es\/deporte-sin-barreras-el-challenge-barcelona-triatlon-renueva-su-compromiso-con-el-proyecto-triatlon-sin-fronteras\/\"]}]},{\"@type\":\"ImageObject\",\"inLanguage\":\"es\",\"@id\":\"https:\/\/www.triathlon.barcelona\/es\/deporte-sin-barreras-el-challenge-barcelona-triatlon-renueva-su-compromiso-con-el-proyecto-triatlon-sin-fronteras\/#primaryimage\",\"url\":\"https:\/\/www.triathlon.barcelona\/wp-content\/uploads\/2026\/07\/Diseno-sin-titulo.png\",\"contentUrl\":\"https:\/\/www.triathlon.barcelona\/wp-content\/uploads\/2026\/07\/Diseno-sin-titulo.png\",\"width\":1920,\"height\":1280,\"caption\":\"triatl\u00f3 sense fronteres\"},{\"@type\":\"BreadcrumbList\",\"@id\":\"https:\/\/www.triathlon.barcelona\/es\/deporte-sin-barreras-el-challenge-barcelona-triatlon-renueva-su-compromiso-con-el-proyecto-triatlon-sin-fronteras\/#breadcrumb\",\"itemListElement\":[{\"@type\":\"ListItem\",\"position\":1,\"name\":\"Inicio\",\"item\":\"https:\/\/www.triathlon.barcelona\/es\/\"},{\"@type\":\"ListItem\",\"position\":2,\"name\":\"Deporte sin barreras: El Challenge Barcelona Triatl\u00f3n renueva su compromiso con el proyecto &#8216;Triatl\u00f3n sin fronteras&#8217;\"}]},{\"@type\":\"WebSite\",\"@id\":\"https:\/\/www.triathlon.barcelona\/es\/#website\",\"url\":\"https:\/\/www.triathlon.barcelona\/es\/\",\"name\":\"Challenge Barcelona Triathlon\",\"description\":\"\",\"publisher\":{\"@id\":\"https:\/\/www.triathlon.barcelona\/es\/#organization\"},\"alternateName\":\"Challenge Barcelona\",\"potentialAction\":[{\"@type\":\"SearchAction\",\"target\":{\"@type\":\"EntryPoint\",\"urlTemplate\":\"https:\/\/www.triathlon.barcelona\/es\/?s={search_term_string}\"},\"query-input\":{\"@type\":\"PropertyValueSpecification\",\"valueRequired\":true,\"valueName\":\"search_term_string\"}}],\"inLanguage\":\"es\"},{\"@type\":\"Organization\",\"@id\":\"https:\/\/www.triathlon.barcelona\/es\/#organization\",\"name\":\"Challenge Barcelona Triathlon\",\"alternateName\":\"Challenge Barcelona\",\"url\":\"https:\/\/www.triathlon.barcelona\/es\/\",\"logo\":{\"@type\":\"ImageObject\",\"inLanguage\":\"es\",\"@id\":\"https:\/\/www.triathlon.barcelona\/es\/#\/schema\/logo\/image\/\",\"url\":\"https:\/\/www.triathlon.barcelona\/wp-content\/uploads\/2024\/06\/logo-challenge-barcelona.png\",\"contentUrl\":\"https:\/\/www.triathlon.barcelona\/wp-content\/uploads\/2024\/06\/logo-challenge-barcelona.png\",\"width\":3209,\"height\":729,\"caption\":\"Challenge Barcelona Triathlon\"},\"image\":{\"@id\":\"https:\/\/www.triathlon.barcelona\/es\/#\/schema\/logo\/image\/\"},\"sameAs\":[\"https:\/\/www.facebook.com\/barcelonatriathlon\",\"https:\/\/x.com\/bcn_triathlon\",\"https:\/\/www.instagram.com\/barcelonatriathlon\/\"]},{\"@type\":\"Person\",\"@id\":\"https:\/\/www.triathlon.barcelona\/es\/#\/schema\/person\/02815cd13c1dfac064a7be145c04c170\",\"name\":\"info@wefeelevents.com\",\"image\":{\"@type\":\"ImageObject\",\"inLanguage\":\"es\",\"@id\":\"https:\/\/www.triathlon.barcelona\/es\/#\/schema\/person\/image\/\",\"url\":\"https:\/\/secure.gravatar.com\/avatar\/7f11c2a7e050e06fa209186d020b84dbac8ca1915133329e8b9fc9986c4ddfe4?s=96&d=mm&r=g\",\"contentUrl\":\"https:\/\/secure.gravatar.com\/avatar\/7f11c2a7e050e06fa209186d020b84dbac8ca1915133329e8b9fc9986c4ddfe4?s=96&d=mm&r=g\",\"caption\":\"info@wefeelevents.com\"},\"url\":\"https:\/\/www.triathlon.barcelona\/es\/author\/infowefeelevents-com\/\"}]}<\/script>\n<!-- \/ Yoast SEO plugin. -->","yoast_head_json":{"title":"Deporte sin barreras: El Challenge Barcelona Triatl\u00f3n renueva su compromiso con el proyecto 'Triatl\u00f3n sin fronteras' - Challenge Barcelona Triatl\u00f3","robots":{"index":"index","follow":"follow","max-snippet":"max-snippet:-1","max-image-preview":"max-image-preview:large","max-video-preview":"max-video-preview:-1"},"canonical":"https:\/\/www.triathlon.barcelona\/es\/deporte-sin-barreras-el-challenge-barcelona-triatlon-renueva-su-compromiso-con-el-proyecto-triatlon-sin-fronteras\/","og_locale":"es_ES","og_type":"article","og_title":"Deporte sin barreras: El Challenge Barcelona Triatl\u00f3n renueva su compromiso con el proyecto 'Triatl\u00f3n sin fronteras' - Challenge Barcelona Triatl\u00f3","og_description":"El triatl\u00f3n es superaci\u00f3n, disciplina, esfuerzo y, por encima de todo, comunidad. Con esta premisa como bandera, el Challenge Barcelona Triatl\u00f3n reafirma un a\u00f1o m\u00e1s su vertiente m\u00e1s humana e inclusiva apostando de nuevo por el proyecto &#8216;Triatl\u00f3n sin fronteras&#8217;, una iniciativa que demuestra que en la l\u00ednea de meta cabemos todos.","og_url":"https:\/\/www.triathlon.barcelona\/es\/deporte-sin-barreras-el-challenge-barcelona-triatlon-renueva-su-compromiso-con-el-proyecto-triatlon-sin-fronteras\/","og_site_name":"Challenge Barcelona Triatl\u00f3","article_publisher":"https:\/\/www.facebook.com\/barcelonatriathlon","article_published_time":"2026-07-08T07:26:04+00:00","article_modified_time":"2026-07-08T07:36:09+00:00","og_image":[{"width":1920,"height":1280,"url":"https:\/\/www.triathlon.barcelona\/wp-content\/uploads\/2026\/07\/Diseno-sin-titulo.png","type":"image\/png"}],"author":"info@wefeelevents.com","twitter_card":"summary_large_image","twitter_creator":"@bcn_triathlon","twitter_site":"@bcn_triathlon","twitter_misc":{"Escrito por":"info@wefeelevents.com","Tiempo de lectura":"3 minutos"},"schema":{"@context":"https:\/\/schema.org","@graph":[{"@type":"Article","@id":"https:\/\/www.triathlon.barcelona\/es\/deporte-sin-barreras-el-challenge-barcelona-triatlon-renueva-su-compromiso-con-el-proyecto-triatlon-sin-fronteras\/#article","isPartOf":{"@id":"https:\/\/www.triathlon.barcelona\/es\/deporte-sin-barreras-el-challenge-barcelona-triatlon-renueva-su-compromiso-con-el-proyecto-triatlon-sin-fronteras\/"},"author":{"name":"info@wefeelevents.com","@id":"https:\/\/www.triathlon.barcelona\/es\/#\/schema\/person\/02815cd13c1dfac064a7be145c04c170"},"headline":"Deporte sin barreras: El Challenge Barcelona Triatl\u00f3n renueva su compromiso con el proyecto &#8216;Triatl\u00f3n sin fronteras&#8217;","datePublished":"2026-07-08T07:26:04+00:00","dateModified":"2026-07-08T07:36:09+00:00","mainEntityOfPage":{"@id":"https:\/\/www.triathlon.barcelona\/es\/deporte-sin-barreras-el-challenge-barcelona-triatlon-renueva-su-compromiso-con-el-proyecto-triatlon-sin-fronteras\/"},"wordCount":474,"publisher":{"@id":"https:\/\/www.triathlon.barcelona\/es\/#organization"},"image":{"@id":"https:\/\/www.triathlon.barcelona\/es\/deporte-sin-barreras-el-challenge-barcelona-triatlon-renueva-su-compromiso-con-el-proyecto-triatlon-sin-fronteras\/#primaryimage"},"thumbnailUrl":"https:\/\/www.triathlon.barcelona\/wp-content\/uploads\/2026\/07\/Diseno-sin-titulo.png","articleSection":["Noticias"],"inLanguage":"es"},{"@type":"WebPage","@id":"https:\/\/www.triathlon.barcelona\/es\/deporte-sin-barreras-el-challenge-barcelona-triatlon-renueva-su-compromiso-con-el-proyecto-triatlon-sin-fronteras\/","url":"https:\/\/www.triathlon.barcelona\/es\/deporte-sin-barreras-el-challenge-barcelona-triatlon-renueva-su-compromiso-con-el-proyecto-triatlon-sin-fronteras\/","name":"Deporte sin barreras: El Challenge Barcelona Triatl\u00f3n renueva su compromiso con el proyecto 'Triatl\u00f3n sin fronteras' - Challenge Barcelona Triatl\u00f3","isPartOf":{"@id":"https:\/\/www.triathlon.barcelona\/es\/#website"},"primaryImageOfPage":{"@id":"https:\/\/www.triathlon.barcelona\/es\/deporte-sin-barreras-el-challenge-barcelona-triatlon-renueva-su-compromiso-con-el-proyecto-triatlon-sin-fronteras\/#primaryimage"},"image":{"@id":"https:\/\/www.triathlon.barcelona\/es\/deporte-sin-barreras-el-challenge-barcelona-triatlon-renueva-su-compromiso-con-el-proyecto-triatlon-sin-fronteras\/#primaryimage"},"thumbnailUrl":"https:\/\/www.triathlon.barcelona\/wp-content\/uploads\/2026\/07\/Diseno-sin-titulo.png","datePublished":"2026-07-08T07:26:04+00:00","dateModified":"2026-07-08T07:36:09+00:00","breadcrumb":{"@id":"https:\/\/www.triathlon.barcelona\/es\/deporte-sin-barreras-el-challenge-barcelona-triatlon-renueva-su-compromiso-con-el-proyecto-triatlon-sin-fronteras\/#breadcrumb"},"inLanguage":"es","potentialAction":[{"@type":"ReadAction","target":["https:\/\/www.triathlon.barcelona\/es\/deporte-sin-barreras-el-challenge-barcelona-triatlon-renueva-su-compromiso-con-el-proyecto-triatlon-sin-fronteras\/"]}]},{"@type":"ImageObject","inLanguage":"es","@id":"https:\/\/www.triathlon.barcelona\/es\/deporte-sin-barreras-el-challenge-barcelona-triatlon-renueva-su-compromiso-con-el-proyecto-triatlon-sin-fronteras\/#primaryimage","url":"https:\/\/www.triathlon.barcelona\/wp-content\/uploads\/2026\/07\/Diseno-sin-titulo.png","contentUrl":"https:\/\/www.triathlon.barcelona\/wp-content\/uploads\/2026\/07\/Diseno-sin-titulo.png","width":1920,"height":1280,"caption":"triatl\u00f3 sense fronteres"},{"@type":"BreadcrumbList","@id":"https:\/\/www.triathlon.barcelona\/es\/deporte-sin-barreras-el-challenge-barcelona-triatlon-renueva-su-compromiso-con-el-proyecto-triatlon-sin-fronteras\/#breadcrumb","itemListElement":[{"@type":"ListItem","position":1,"name":"Inicio","item":"https:\/\/www.triathlon.barcelona\/es\/"},{"@type":"ListItem","position":2,"name":"Deporte sin barreras: El Challenge Barcelona Triatl\u00f3n renueva su compromiso con el proyecto &#8216;Triatl\u00f3n sin fronteras&#8217;"}]},{"@type":"WebSite","@id":"https:\/\/www.triathlon.barcelona\/es\/#website","url":"https:\/\/www.triathlon.barcelona\/es\/","name":"Challenge Barcelona Triathlon","description":"","publisher":{"@id":"https:\/\/www.triathlon.barcelona\/es\/#organization"},"alternateName":"Challenge Barcelona","potentialAction":[{"@type":"SearchAction","target":{"@type":"EntryPoint","urlTemplate":"https:\/\/www.triathlon.barcelona\/es\/?s={search_term_string}"},"query-input":{"@type":"PropertyValueSpecification","valueRequired":true,"valueName":"search_term_string"}}],"inLanguage":"es"},{"@type":"Organization","@id":"https:\/\/www.triathlon.barcelona\/es\/#organization","name":"Challenge Barcelona Triathlon","alternateName":"Challenge Barcelona","url":"https:\/\/www.triathlon.barcelona\/es\/","logo":{"@type":"ImageObject","inLanguage":"es","@id":"https:\/\/www.triathlon.barcelona\/es\/#\/schema\/logo\/image\/","url":"https:\/\/www.triathlon.barcelona\/wp-content\/uploads\/2024\/06\/logo-challenge-barcelona.png","contentUrl":"https:\/\/www.triathlon.barcelona\/wp-content\/uploads\/2024\/06\/logo-challenge-barcelona.png","width":3209,"height":729,"caption":"Challenge Barcelona Triathlon"},"image":{"@id":"https:\/\/www.triathlon.barcelona\/es\/#\/schema\/logo\/image\/"},"sameAs":["https:\/\/www.facebook.com\/barcelonatriathlon","https:\/\/x.com\/bcn_triathlon","https:\/\/www.instagram.com\/barcelonatriathlon\/"]},{"@type":"Person","@id":"https:\/\/www.triathlon.barcelona\/es\/#\/schema\/person\/02815cd13c1dfac064a7be145c04c170","name":"info@wefeelevents.com","image":{"@type":"ImageObject","inLanguage":"es","@id":"https:\/\/www.triathlon.barcelona\/es\/#\/schema\/person\/image\/","url":"https:\/\/secure.gravatar.com\/avatar\/7f11c2a7e050e06fa209186d020b84dbac8ca1915133329e8b9fc9986c4ddfe4?s=96&d=mm&r=g","contentUrl":"https:\/\/secure.gravatar.com\/avatar\/7f11c2a7e050e06fa209186d020b84dbac8ca1915133329e8b9fc9986c4ddfe4?s=96&d=mm&r=g","caption":"info@wefeelevents.com"},"url":"https:\/\/www.triathlon.barcelona\/es\/author\/infowefeelevents-com\/"}]}},"_links":{"self":[{"href":"https:\/\/www.triathlon.barcelona\/es\/wp-json\/wp\/v2\/posts\/12384","targetHints":{"allow":["GET"]}}],"collection":[{"href":"https:\/\/www.triathlon.barcelona\/es\/wp-json\/wp\/v2\/posts"}],"about":[{"href":"https:\/\/www.triathlon.barcelona\/es\/wp-json\/wp\/v2\/types\/post"}],"author":[{"embeddable":true,"href":"https:\/\/www.triathlon.barcelona\/es\/wp-json\/wp\/v2\/users\/6"}],"replies":[{"embeddable":true,"href":"https:\/\/www.triathlon.barcelona\/es\/wp-json\/wp\/v2\/comments?post=12384"}],"version-history":[{"count":1,"href":"https:\/\/www.triathlon.barcelona\/es\/wp-json\/wp\/v2\/posts\/12384\/revisions"}],"predecessor-version":[{"id":12385,"href":"https:\/\/www.triathlon.barcelona\/es\/wp-json\/wp\/v2\/posts\/12384\/revisions\/12385"}],"wp:featuredmedia":[{"embeddable":true,"href":"https:\/\/www.triathlon.barcelona\/es\/wp-json\/wp\/v2\/media\/12378"}],"wp:attachment":[{"href":"https:\/\/www.triathlon.barcelona\/es\/wp-json\/wp\/v2\/media?parent=12384"}],"wp:term":[{"taxonomy":"category","embeddable":true,"href":"https:\/\/www.triathlon.barcelona\/es\/wp-json\/wp\/v2\/categories?post=12384"},{"taxonomy":"post_tag","embeddable":true,"href":"https:\/\/www.triathlon.barcelona\/es\/wp-json\/wp\/v2\/tags?post=12384"}],"curies":[{"name":"wp","href":"https:\/\/api.w.org\/{rel}","templated":true}]}}