{"id":6748,"date":"2023-04-20T17:45:27","date_gmt":"2023-04-20T15:45:27","guid":{"rendered":"https:\/\/www.triathlon.barcelona\/?p=6748"},"modified":"2023-04-20T17:47:40","modified_gmt":"2023-04-20T15:47:40","slug":"el-cem-la-mar-bella-volvera-a-ser-el-centro-neuralgico-del-challenge-barcelona-triathlon","status":"publish","type":"post","link":"https:\/\/www.triathlon.barcelona\/es\/el-cem-la-mar-bella-volvera-a-ser-el-centro-neuralgico-del-challenge-barcelona-triathlon\/","title":{"rendered":"El CEM La Mar Bella volver\u00e1 a ser el centro neur\u00e1lgico del Challenge Barcelona Triathlon"},"content":{"rendered":"<p><strong>Una edici\u00f3n m\u00e1s, el <a href=\"https:\/\/www.cemmarbella.cat\/\" target=\"_blank\" rel=\"noopener\">CEM La Mar Bella<\/a> ser\u00e1 el epicentro del Challenge Barcelona Triathlon, uno de los mejores emplazamientos deportivos de la ciudad en un entorno incomparable para disfrutar de la prueba y la pr\u00e1ctica del triatl\u00f3n.<\/strong><!--more--><\/p>\n<p>Este magn\u00edfico complejo se encuentra en el paseo mar\u00edtimo de Barcelona, justo enfrente de la Platja de la Mar Bella, lugar donde se realizar\u00e1 el sector de nataci\u00f3n. Sus instalaciones disponen de una gran pista de atletismo con un campo de c\u00e9sped artificial en el medio. El d\u00eda de la prueba esta zona se convertir\u00e1 en el \u00e1rea de transici\u00f3n, espacio donde podr\u00e1s dejar todo el material que utilizar\u00e1s durante la competici\u00f3n, incluida la bici.<\/p>\n<p>Por supuesto, durante el fin de semana del evento, esta zona estar\u00e1 24 horas vigilada para que vuestras pertinencias est\u00e9n a salvo.<\/p>\n","protected":false},"excerpt":{"rendered":"<p>Una edici\u00f3n m\u00e1s, el CEM La Mar Bella ser\u00e1 el epicentro del Challenge Barcelona Triathlon, uno de los mejores emplazamientos deportivos de la ciudad en un entorno incomparable para disfrutar de la prueba y la pr\u00e1ctica del triatl\u00f3n.<\/p>\n","protected":false},"author":1,"featured_media":6745,"comment_status":"closed","ping_status":"closed","sticky":false,"template":"","format":"standard","meta":{"_monsterinsights_skip_tracking":false,"site-sidebar-layout":"default","site-content-layout":"default","ast-site-content-layout":"default","site-content-style":"default","site-sidebar-style":"default","ast-global-header-display":"","ast-banner-title-visibility":"","ast-main-header-display":"","ast-hfb-above-header-display":"","ast-hfb-below-header-display":"","ast-hfb-mobile-header-display":"","site-post-title":"","ast-breadcrumbs-content":"","ast-featured-img":"","footer-sml-layout":"","ast-disable-related-posts":"","theme-transparent-header-meta":"default","adv-header-id-meta":"","stick-header-meta":"default","header-above-stick-meta":"","header-main-stick-meta":"","header-below-stick-meta":"","astra-migrate-meta-layouts":"default","ast-page-background-enabled":"default","ast-page-background-meta":{"desktop":{"background-color":"","background-image":"","background-repeat":"repeat","background-position":"center center","background-size":"auto","background-attachment":"scroll","background-type":"","background-media":"","overlay-type":"","overlay-color":"","overlay-opacity":"","overlay-gradient":""},"tablet":{"background-color":"","background-image":"","background-repeat":"repeat","background-position":"center center","background-size":"auto","background-attachment":"scroll","background-type":"","background-media":"","overlay-type":"","overlay-color":"","overlay-opacity":"","overlay-gradient":""},"mobile":{"background-color":"","background-image":"","background-repeat":"repeat","background-position":"center center","background-size":"auto","background-attachment":"scroll","background-type":"","background-media":"","overlay-type":"","overlay-color":"","overlay-opacity":"","overlay-gradient":""}},"ast-content-background-meta":{"desktop":{"background-color":"var(--ast-global-color-5)","background-image":"","background-repeat":"repeat","background-position":"center center","background-size":"auto","background-attachment":"scroll","background-type":"","background-media":"","overlay-type":"","overlay-color":"","overlay-opacity":"","overlay-gradient":""},"tablet":{"background-color":"var(--ast-global-color-5)","background-image":"","background-repeat":"repeat","background-position":"center center","background-size":"auto","background-attachment":"scroll","background-type":"","background-media":"","overlay-type":"","overlay-color":"","overlay-opacity":"","overlay-gradient":""},"mobile":{"background-color":"var(--ast-global-color-5)","background-image":"","background-repeat":"repeat","background-position":"center center","background-size":"auto","background-attachment":"scroll","background-type":"","background-media":"","overlay-type":"","overlay-color":"","overlay-opacity":"","overlay-gradient":""}},"footnotes":""},"categories":[8],"tags":[],"class_list":["post-6748","post","type-post","status-publish","format-standard","has-post-thumbnail","hentry","category-noticias"],"yoast_head":"<!-- This site is optimized with the Yoast SEO plugin v27.1 - https:\/\/yoast.com\/product\/yoast-seo-wordpress\/ -->\n<title>El CEM La Mar Bella volver\u00e1 a ser el centro neur\u00e1lgico del Challenge Barcelona Triathlon - Challenge Barcelona Triatl\u00f3<\/title>\n<meta name=\"description\" content=\"Una edici\u00f3n m\u00e1s, el CEM La Mar Bella ser\u00e1 el epicentro del Challenge Barcelona Triathlon, uno de los mejores emplazamientos deportivos de la ciudad en un\" \/>\n<meta name=\"robots\" content=\"index, follow, max-snippet:-1, max-image-preview:large, max-video-preview:-1\" \/>\n<link rel=\"canonical\" href=\"https:\/\/www.triathlon.barcelona\/es\/el-cem-la-mar-bella-volvera-a-ser-el-centro-neuralgico-del-challenge-barcelona-triathlon\/\" \/>\n<meta property=\"og:locale\" content=\"es_ES\" \/>\n<meta property=\"og:type\" content=\"article\" \/>\n<meta property=\"og:title\" content=\"El CEM La Mar Bella volver\u00e1 a ser el centro neur\u00e1lgico del Challenge Barcelona Triathlon - Challenge Barcelona Triatl\u00f3\" \/>\n<meta property=\"og:description\" content=\"Una edici\u00f3n m\u00e1s, el CEM La Mar Bella ser\u00e1 el epicentro del Challenge Barcelona Triathlon, uno de los mejores emplazamientos deportivos de la ciudad en un\" \/>\n<meta property=\"og:url\" content=\"https:\/\/www.triathlon.barcelona\/es\/el-cem-la-mar-bella-volvera-a-ser-el-centro-neuralgico-del-challenge-barcelona-triathlon\/\" \/>\n<meta property=\"og:site_name\" content=\"Challenge Barcelona Triatl\u00f3\" \/>\n<meta property=\"article:publisher\" content=\"https:\/\/www.facebook.com\/barcelonatriathlon\" \/>\n<meta property=\"article:published_time\" content=\"2023-04-20T15:45:27+00:00\" \/>\n<meta property=\"article:modified_time\" content=\"2023-04-20T15:47:40+00:00\" \/>\n<meta property=\"og:image\" content=\"https:\/\/www.triathlon.barcelona\/wp-content\/uploads\/2023\/04\/230420-cem-mar-bella.jpg\" \/>\n\t<meta property=\"og:image:width\" content=\"1920\" \/>\n\t<meta property=\"og:image:height\" content=\"1280\" \/>\n\t<meta property=\"og:image:type\" content=\"image\/jpeg\" \/>\n<meta name=\"author\" content=\"david\" \/>\n<meta name=\"twitter:card\" content=\"summary_large_image\" \/>\n<meta name=\"twitter:creator\" content=\"@bcn_triathlon\" \/>\n<meta name=\"twitter:site\" content=\"@bcn_triathlon\" \/>\n<meta name=\"twitter:label1\" content=\"Escrito por\" \/>\n\t<meta name=\"twitter:data1\" content=\"david\" \/>\n\t<meta name=\"twitter:label2\" content=\"Tiempo de lectura\" \/>\n\t<meta name=\"twitter:data2\" content=\"1 minuto\" \/>\n<script type=\"application\/ld+json\" class=\"yoast-schema-graph\">{\"@context\":\"https:\/\/schema.org\",\"@graph\":[{\"@type\":\"Article\",\"@id\":\"https:\/\/www.triathlon.barcelona\/es\/el-cem-la-mar-bella-volvera-a-ser-el-centro-neuralgico-del-challenge-barcelona-triathlon\/#article\",\"isPartOf\":{\"@id\":\"https:\/\/www.triathlon.barcelona\/es\/el-cem-la-mar-bella-volvera-a-ser-el-centro-neuralgico-del-challenge-barcelona-triathlon\/\"},\"author\":{\"name\":\"david\",\"@id\":\"https:\/\/www.triathlon.barcelona\/es\/#\/schema\/person\/812f46a7af75bae5296e42e5b503d1e6\"},\"headline\":\"El CEM La Mar Bella volver\u00e1 a ser el centro neur\u00e1lgico del Challenge Barcelona Triathlon\",\"datePublished\":\"2023-04-20T15:45:27+00:00\",\"dateModified\":\"2023-04-20T15:47:40+00:00\",\"mainEntityOfPage\":{\"@id\":\"https:\/\/www.triathlon.barcelona\/es\/el-cem-la-mar-bella-volvera-a-ser-el-centro-neuralgico-del-challenge-barcelona-triathlon\/\"},\"wordCount\":164,\"publisher\":{\"@id\":\"https:\/\/www.triathlon.barcelona\/es\/#organization\"},\"image\":{\"@id\":\"https:\/\/www.triathlon.barcelona\/es\/el-cem-la-mar-bella-volvera-a-ser-el-centro-neuralgico-del-challenge-barcelona-triathlon\/#primaryimage\"},\"thumbnailUrl\":\"https:\/\/www.triathlon.barcelona\/wp-content\/uploads\/2023\/04\/230420-cem-mar-bella.jpg\",\"articleSection\":[\"Noticias\"],\"inLanguage\":\"es\"},{\"@type\":\"WebPage\",\"@id\":\"https:\/\/www.triathlon.barcelona\/es\/el-cem-la-mar-bella-volvera-a-ser-el-centro-neuralgico-del-challenge-barcelona-triathlon\/\",\"url\":\"https:\/\/www.triathlon.barcelona\/es\/el-cem-la-mar-bella-volvera-a-ser-el-centro-neuralgico-del-challenge-barcelona-triathlon\/\",\"name\":\"El CEM La Mar Bella volver\u00e1 a ser el centro neur\u00e1lgico del Challenge Barcelona Triathlon - Challenge Barcelona Triatl\u00f3\",\"isPartOf\":{\"@id\":\"https:\/\/www.triathlon.barcelona\/es\/#website\"},\"primaryImageOfPage\":{\"@id\":\"https:\/\/www.triathlon.barcelona\/es\/el-cem-la-mar-bella-volvera-a-ser-el-centro-neuralgico-del-challenge-barcelona-triathlon\/#primaryimage\"},\"image\":{\"@id\":\"https:\/\/www.triathlon.barcelona\/es\/el-cem-la-mar-bella-volvera-a-ser-el-centro-neuralgico-del-challenge-barcelona-triathlon\/#primaryimage\"},\"thumbnailUrl\":\"https:\/\/www.triathlon.barcelona\/wp-content\/uploads\/2023\/04\/230420-cem-mar-bella.jpg\",\"datePublished\":\"2023-04-20T15:45:27+00:00\",\"dateModified\":\"2023-04-20T15:47:40+00:00\",\"description\":\"Una edici\u00f3n m\u00e1s, el CEM La Mar Bella ser\u00e1 el epicentro del Challenge Barcelona Triathlon, uno de los mejores emplazamientos deportivos de la ciudad en un\",\"breadcrumb\":{\"@id\":\"https:\/\/www.triathlon.barcelona\/es\/el-cem-la-mar-bella-volvera-a-ser-el-centro-neuralgico-del-challenge-barcelona-triathlon\/#breadcrumb\"},\"inLanguage\":\"es\",\"potentialAction\":[{\"@type\":\"ReadAction\",\"target\":[\"https:\/\/www.triathlon.barcelona\/es\/el-cem-la-mar-bella-volvera-a-ser-el-centro-neuralgico-del-challenge-barcelona-triathlon\/\"]}]},{\"@type\":\"ImageObject\",\"inLanguage\":\"es\",\"@id\":\"https:\/\/www.triathlon.barcelona\/es\/el-cem-la-mar-bella-volvera-a-ser-el-centro-neuralgico-del-challenge-barcelona-triathlon\/#primaryimage\",\"url\":\"https:\/\/www.triathlon.barcelona\/wp-content\/uploads\/2023\/04\/230420-cem-mar-bella.jpg\",\"contentUrl\":\"https:\/\/www.triathlon.barcelona\/wp-content\/uploads\/2023\/04\/230420-cem-mar-bella.jpg\",\"width\":1920,\"height\":1280},{\"@type\":\"BreadcrumbList\",\"@id\":\"https:\/\/www.triathlon.barcelona\/es\/el-cem-la-mar-bella-volvera-a-ser-el-centro-neuralgico-del-challenge-barcelona-triathlon\/#breadcrumb\",\"itemListElement\":[{\"@type\":\"ListItem\",\"position\":1,\"name\":\"Inicio\",\"item\":\"https:\/\/www.triathlon.barcelona\/es\/\"},{\"@type\":\"ListItem\",\"position\":2,\"name\":\"El CEM La Mar Bella volver\u00e1 a ser el centro neur\u00e1lgico del Challenge Barcelona Triathlon\"}]},{\"@type\":\"WebSite\",\"@id\":\"https:\/\/www.triathlon.barcelona\/es\/#website\",\"url\":\"https:\/\/www.triathlon.barcelona\/es\/\",\"name\":\"Challenge Barcelona Triathlon\",\"description\":\"\",\"publisher\":{\"@id\":\"https:\/\/www.triathlon.barcelona\/es\/#organization\"},\"alternateName\":\"Challenge Barcelona\",\"potentialAction\":[{\"@type\":\"SearchAction\",\"target\":{\"@type\":\"EntryPoint\",\"urlTemplate\":\"https:\/\/www.triathlon.barcelona\/es\/?s={search_term_string}\"},\"query-input\":{\"@type\":\"PropertyValueSpecification\",\"valueRequired\":true,\"valueName\":\"search_term_string\"}}],\"inLanguage\":\"es\"},{\"@type\":\"Organization\",\"@id\":\"https:\/\/www.triathlon.barcelona\/es\/#organization\",\"name\":\"Challenge Barcelona Triathlon\",\"alternateName\":\"Challenge Barcelona\",\"url\":\"https:\/\/www.triathlon.barcelona\/es\/\",\"logo\":{\"@type\":\"ImageObject\",\"inLanguage\":\"es\",\"@id\":\"https:\/\/www.triathlon.barcelona\/es\/#\/schema\/logo\/image\/\",\"url\":\"https:\/\/www.triathlon.barcelona\/wp-content\/uploads\/2024\/06\/logo-challenge-barcelona.png\",\"contentUrl\":\"https:\/\/www.triathlon.barcelona\/wp-content\/uploads\/2024\/06\/logo-challenge-barcelona.png\",\"width\":3209,\"height\":729,\"caption\":\"Challenge Barcelona Triathlon\"},\"image\":{\"@id\":\"https:\/\/www.triathlon.barcelona\/es\/#\/schema\/logo\/image\/\"},\"sameAs\":[\"https:\/\/www.facebook.com\/barcelonatriathlon\",\"https:\/\/x.com\/bcn_triathlon\",\"https:\/\/www.instagram.com\/barcelonatriathlon\/\"]},{\"@type\":\"Person\",\"@id\":\"https:\/\/www.triathlon.barcelona\/es\/#\/schema\/person\/812f46a7af75bae5296e42e5b503d1e6\",\"name\":\"david\",\"image\":{\"@type\":\"ImageObject\",\"inLanguage\":\"es\",\"@id\":\"https:\/\/www.triathlon.barcelona\/es\/#\/schema\/person\/image\/\",\"url\":\"https:\/\/secure.gravatar.com\/avatar\/f3b6b2a94c48d199ba05b31c711ca66bc5650a0dc06074dd63ae046df043d8e8?s=96&d=mm&r=g\",\"contentUrl\":\"https:\/\/secure.gravatar.com\/avatar\/f3b6b2a94c48d199ba05b31c711ca66bc5650a0dc06074dd63ae046df043d8e8?s=96&d=mm&r=g\",\"caption\":\"david\"},\"sameAs\":[\"https:\/\/www.triathlon.barcelona\"],\"url\":\"https:\/\/www.triathlon.barcelona\/es\/author\/david\/\"}]}<\/script>\n<!-- \/ Yoast SEO plugin. -->","yoast_head_json":{"title":"El CEM La Mar Bella volver\u00e1 a ser el centro neur\u00e1lgico del Challenge Barcelona Triathlon - Challenge Barcelona Triatl\u00f3","description":"Una edici\u00f3n m\u00e1s, el CEM La Mar Bella ser\u00e1 el epicentro del Challenge Barcelona Triathlon, uno de los mejores emplazamientos deportivos de la ciudad en un","robots":{"index":"index","follow":"follow","max-snippet":"max-snippet:-1","max-image-preview":"max-image-preview:large","max-video-preview":"max-video-preview:-1"},"canonical":"https:\/\/www.triathlon.barcelona\/es\/el-cem-la-mar-bella-volvera-a-ser-el-centro-neuralgico-del-challenge-barcelona-triathlon\/","og_locale":"es_ES","og_type":"article","og_title":"El CEM La Mar Bella volver\u00e1 a ser el centro neur\u00e1lgico del Challenge Barcelona Triathlon - Challenge Barcelona Triatl\u00f3","og_description":"Una edici\u00f3n m\u00e1s, el CEM La Mar Bella ser\u00e1 el epicentro del Challenge Barcelona Triathlon, uno de los mejores emplazamientos deportivos de la ciudad en un","og_url":"https:\/\/www.triathlon.barcelona\/es\/el-cem-la-mar-bella-volvera-a-ser-el-centro-neuralgico-del-challenge-barcelona-triathlon\/","og_site_name":"Challenge Barcelona Triatl\u00f3","article_publisher":"https:\/\/www.facebook.com\/barcelonatriathlon","article_published_time":"2023-04-20T15:45:27+00:00","article_modified_time":"2023-04-20T15:47:40+00:00","og_image":[{"width":1920,"height":1280,"url":"https:\/\/www.triathlon.barcelona\/wp-content\/uploads\/2023\/04\/230420-cem-mar-bella.jpg","type":"image\/jpeg"}],"author":"david","twitter_card":"summary_large_image","twitter_creator":"@bcn_triathlon","twitter_site":"@bcn_triathlon","twitter_misc":{"Escrito por":"david","Tiempo de lectura":"1 minuto"},"schema":{"@context":"https:\/\/schema.org","@graph":[{"@type":"Article","@id":"https:\/\/www.triathlon.barcelona\/es\/el-cem-la-mar-bella-volvera-a-ser-el-centro-neuralgico-del-challenge-barcelona-triathlon\/#article","isPartOf":{"@id":"https:\/\/www.triathlon.barcelona\/es\/el-cem-la-mar-bella-volvera-a-ser-el-centro-neuralgico-del-challenge-barcelona-triathlon\/"},"author":{"name":"david","@id":"https:\/\/www.triathlon.barcelona\/es\/#\/schema\/person\/812f46a7af75bae5296e42e5b503d1e6"},"headline":"El CEM La Mar Bella volver\u00e1 a ser el centro neur\u00e1lgico del Challenge Barcelona Triathlon","datePublished":"2023-04-20T15:45:27+00:00","dateModified":"2023-04-20T15:47:40+00:00","mainEntityOfPage":{"@id":"https:\/\/www.triathlon.barcelona\/es\/el-cem-la-mar-bella-volvera-a-ser-el-centro-neuralgico-del-challenge-barcelona-triathlon\/"},"wordCount":164,"publisher":{"@id":"https:\/\/www.triathlon.barcelona\/es\/#organization"},"image":{"@id":"https:\/\/www.triathlon.barcelona\/es\/el-cem-la-mar-bella-volvera-a-ser-el-centro-neuralgico-del-challenge-barcelona-triathlon\/#primaryimage"},"thumbnailUrl":"https:\/\/www.triathlon.barcelona\/wp-content\/uploads\/2023\/04\/230420-cem-mar-bella.jpg","articleSection":["Noticias"],"inLanguage":"es"},{"@type":"WebPage","@id":"https:\/\/www.triathlon.barcelona\/es\/el-cem-la-mar-bella-volvera-a-ser-el-centro-neuralgico-del-challenge-barcelona-triathlon\/","url":"https:\/\/www.triathlon.barcelona\/es\/el-cem-la-mar-bella-volvera-a-ser-el-centro-neuralgico-del-challenge-barcelona-triathlon\/","name":"El CEM La Mar Bella volver\u00e1 a ser el centro neur\u00e1lgico del Challenge Barcelona Triathlon - Challenge Barcelona Triatl\u00f3","isPartOf":{"@id":"https:\/\/www.triathlon.barcelona\/es\/#website"},"primaryImageOfPage":{"@id":"https:\/\/www.triathlon.barcelona\/es\/el-cem-la-mar-bella-volvera-a-ser-el-centro-neuralgico-del-challenge-barcelona-triathlon\/#primaryimage"},"image":{"@id":"https:\/\/www.triathlon.barcelona\/es\/el-cem-la-mar-bella-volvera-a-ser-el-centro-neuralgico-del-challenge-barcelona-triathlon\/#primaryimage"},"thumbnailUrl":"https:\/\/www.triathlon.barcelona\/wp-content\/uploads\/2023\/04\/230420-cem-mar-bella.jpg","datePublished":"2023-04-20T15:45:27+00:00","dateModified":"2023-04-20T15:47:40+00:00","description":"Una edici\u00f3n m\u00e1s, el CEM La Mar Bella ser\u00e1 el epicentro del Challenge Barcelona Triathlon, uno de los mejores emplazamientos deportivos de la ciudad en un","breadcrumb":{"@id":"https:\/\/www.triathlon.barcelona\/es\/el-cem-la-mar-bella-volvera-a-ser-el-centro-neuralgico-del-challenge-barcelona-triathlon\/#breadcrumb"},"inLanguage":"es","potentialAction":[{"@type":"ReadAction","target":["https:\/\/www.triathlon.barcelona\/es\/el-cem-la-mar-bella-volvera-a-ser-el-centro-neuralgico-del-challenge-barcelona-triathlon\/"]}]},{"@type":"ImageObject","inLanguage":"es","@id":"https:\/\/www.triathlon.barcelona\/es\/el-cem-la-mar-bella-volvera-a-ser-el-centro-neuralgico-del-challenge-barcelona-triathlon\/#primaryimage","url":"https:\/\/www.triathlon.barcelona\/wp-content\/uploads\/2023\/04\/230420-cem-mar-bella.jpg","contentUrl":"https:\/\/www.triathlon.barcelona\/wp-content\/uploads\/2023\/04\/230420-cem-mar-bella.jpg","width":1920,"height":1280},{"@type":"BreadcrumbList","@id":"https:\/\/www.triathlon.barcelona\/es\/el-cem-la-mar-bella-volvera-a-ser-el-centro-neuralgico-del-challenge-barcelona-triathlon\/#breadcrumb","itemListElement":[{"@type":"ListItem","position":1,"name":"Inicio","item":"https:\/\/www.triathlon.barcelona\/es\/"},{"@type":"ListItem","position":2,"name":"El CEM La Mar Bella volver\u00e1 a ser el centro neur\u00e1lgico del Challenge Barcelona Triathlon"}]},{"@type":"WebSite","@id":"https:\/\/www.triathlon.barcelona\/es\/#website","url":"https:\/\/www.triathlon.barcelona\/es\/","name":"Challenge Barcelona Triathlon","description":"","publisher":{"@id":"https:\/\/www.triathlon.barcelona\/es\/#organization"},"alternateName":"Challenge Barcelona","potentialAction":[{"@type":"SearchAction","target":{"@type":"EntryPoint","urlTemplate":"https:\/\/www.triathlon.barcelona\/es\/?s={search_term_string}"},"query-input":{"@type":"PropertyValueSpecification","valueRequired":true,"valueName":"search_term_string"}}],"inLanguage":"es"},{"@type":"Organization","@id":"https:\/\/www.triathlon.barcelona\/es\/#organization","name":"Challenge Barcelona Triathlon","alternateName":"Challenge Barcelona","url":"https:\/\/www.triathlon.barcelona\/es\/","logo":{"@type":"ImageObject","inLanguage":"es","@id":"https:\/\/www.triathlon.barcelona\/es\/#\/schema\/logo\/image\/","url":"https:\/\/www.triathlon.barcelona\/wp-content\/uploads\/2024\/06\/logo-challenge-barcelona.png","contentUrl":"https:\/\/www.triathlon.barcelona\/wp-content\/uploads\/2024\/06\/logo-challenge-barcelona.png","width":3209,"height":729,"caption":"Challenge Barcelona Triathlon"},"image":{"@id":"https:\/\/www.triathlon.barcelona\/es\/#\/schema\/logo\/image\/"},"sameAs":["https:\/\/www.facebook.com\/barcelonatriathlon","https:\/\/x.com\/bcn_triathlon","https:\/\/www.instagram.com\/barcelonatriathlon\/"]},{"@type":"Person","@id":"https:\/\/www.triathlon.barcelona\/es\/#\/schema\/person\/812f46a7af75bae5296e42e5b503d1e6","name":"david","image":{"@type":"ImageObject","inLanguage":"es","@id":"https:\/\/www.triathlon.barcelona\/es\/#\/schema\/person\/image\/","url":"https:\/\/secure.gravatar.com\/avatar\/f3b6b2a94c48d199ba05b31c711ca66bc5650a0dc06074dd63ae046df043d8e8?s=96&d=mm&r=g","contentUrl":"https:\/\/secure.gravatar.com\/avatar\/f3b6b2a94c48d199ba05b31c711ca66bc5650a0dc06074dd63ae046df043d8e8?s=96&d=mm&r=g","caption":"david"},"sameAs":["https:\/\/www.triathlon.barcelona"],"url":"https:\/\/www.triathlon.barcelona\/es\/author\/david\/"}]}},"_links":{"self":[{"href":"https:\/\/www.triathlon.barcelona\/es\/wp-json\/wp\/v2\/posts\/6748","targetHints":{"allow":["GET"]}}],"collection":[{"href":"https:\/\/www.triathlon.barcelona\/es\/wp-json\/wp\/v2\/posts"}],"about":[{"href":"https:\/\/www.triathlon.barcelona\/es\/wp-json\/wp\/v2\/types\/post"}],"author":[{"embeddable":true,"href":"https:\/\/www.triathlon.barcelona\/es\/wp-json\/wp\/v2\/users\/1"}],"replies":[{"embeddable":true,"href":"https:\/\/www.triathlon.barcelona\/es\/wp-json\/wp\/v2\/comments?post=6748"}],"version-history":[{"count":0,"href":"https:\/\/www.triathlon.barcelona\/es\/wp-json\/wp\/v2\/posts\/6748\/revisions"}],"wp:featuredmedia":[{"embeddable":true,"href":"https:\/\/www.triathlon.barcelona\/es\/wp-json\/wp\/v2\/media\/6745"}],"wp:attachment":[{"href":"https:\/\/www.triathlon.barcelona\/es\/wp-json\/wp\/v2\/media?parent=6748"}],"wp:term":[{"taxonomy":"category","embeddable":true,"href":"https:\/\/www.triathlon.barcelona\/es\/wp-json\/wp\/v2\/categories?post=6748"},{"taxonomy":"post_tag","embeddable":true,"href":"https:\/\/www.triathlon.barcelona\/es\/wp-json\/wp\/v2\/tags?post=6748"}],"curies":[{"name":"wp","href":"https:\/\/api.w.org\/{rel}","templated":true}]}}