{"id":6923,"date":"2023-05-16T16:13:16","date_gmt":"2023-05-16T14:13:16","guid":{"rendered":"https:\/\/www.triathlon.barcelona\/?p=6923"},"modified":"2023-05-31T16:24:17","modified_gmt":"2023-05-31T14:24:17","slug":"llega-la-4a-edicion-del-campus-jove-acct-de-triatlon-del-9-al-14-de-julio-de-2023-en-el-pla-de-lestany","status":"publish","type":"post","link":"https:\/\/www.triathlon.barcelona\/es\/llega-la-4a-edicion-del-campus-jove-acct-de-triatlon-del-9-al-14-de-julio-de-2023-en-el-pla-de-lestany\/","title":{"rendered":"Llega la 4\u00aa edici\u00f3n del Campus Jove ACCT de triatl\u00f3n del 9 al 14 de julio de 2023 en el Pla de l&#8217;Estany"},"content":{"rendered":"<p><strong>Clubes de toda Catalu\u00f1a se re\u00fanen para una intensa semana de triatl\u00f3n en el Campus Jove ACCT 2023.<\/strong><\/p>\n<p><!--more--><\/p>\n<p>Llega la 4\u00aa edici\u00f3n del Campus Jove ACCT del triatl\u00f3n del 9 al 14 de julio de 2023 en el Pla de l&#8217;Estany. Un campus que se consolida como una de las actividades favoritas para los j\u00f3venes triatletas, que repiten a\u00f1o tras a\u00f1o en esta experiencia tan singular. Clubes de todo el territorio catal\u00e1n unen esfuerzos para llevar adelante este proyecto, lo cual se ve reflejado en la gran variedad de clubes representados en el campus.<\/p>\n<p>Los participantes del campus disfrutar\u00e1n de entrenamientos y actividades dirigidas por entrenadores cualificados provenientes de diferentes clubes durante los 5 d\u00edas del campus. Tendr\u00e1n la oportunidad de nadar en las aguas del Estany de Banyoles y en las instalaciones del CN Banyoles, as\u00ed como pedalear por las tranquilas carreteras del Pla de l&#8217;Estany y correr por la gran cantidad de caminos y v\u00edas de la zona.<\/p>\n<p>El Campus Jove ACCT est\u00e1 organizado por la Associaci\u00f3 Catalana de Clubs de Triatl\u00f3 (ACCT), y esta edici\u00f3n cuenta con el apoyo del Challenge Barcelona Triathlon.<\/p>\n<p>M\u00e1s informaci\u00f3n e inscripciones <a href=\"https:\/\/www.triathlon.barcelona\/es\/campus-joven-acct\/\"><strong>aqu\u00ed<\/strong><\/a>.<\/p>\n","protected":false},"excerpt":{"rendered":"<p>Clubes de toda Catalu\u00f1a se re\u00fanen para una intensa semana de triatl\u00f3n en el Campus Jove ACCT 2023.<\/p>\n","protected":false},"author":1,"featured_media":6930,"comment_status":"closed","ping_status":"closed","sticky":false,"template":"","format":"standard","meta":{"_monsterinsights_skip_tracking":false,"site-sidebar-layout":"default","site-content-layout":"default","ast-site-content-layout":"default","site-content-style":"default","site-sidebar-style":"default","ast-global-header-display":"","ast-banner-title-visibility":"","ast-main-header-display":"","ast-hfb-above-header-display":"","ast-hfb-below-header-display":"","ast-hfb-mobile-header-display":"","site-post-title":"","ast-breadcrumbs-content":"","ast-featured-img":"","footer-sml-layout":"","ast-disable-related-posts":"","theme-transparent-header-meta":"default","adv-header-id-meta":"","stick-header-meta":"default","header-above-stick-meta":"","header-main-stick-meta":"","header-below-stick-meta":"","astra-migrate-meta-layouts":"default","ast-page-background-enabled":"default","ast-page-background-meta":{"desktop":{"background-color":"","background-image":"","background-repeat":"repeat","background-position":"center center","background-size":"auto","background-attachment":"scroll","background-type":"","background-media":"","overlay-type":"","overlay-color":"","overlay-opacity":"","overlay-gradient":""},"tablet":{"background-color":"","background-image":"","background-repeat":"repeat","background-position":"center center","background-size":"auto","background-attachment":"scroll","background-type":"","background-media":"","overlay-type":"","overlay-color":"","overlay-opacity":"","overlay-gradient":""},"mobile":{"background-color":"","background-image":"","background-repeat":"repeat","background-position":"center center","background-size":"auto","background-attachment":"scroll","background-type":"","background-media":"","overlay-type":"","overlay-color":"","overlay-opacity":"","overlay-gradient":""}},"ast-content-background-meta":{"desktop":{"background-color":"var(--ast-global-color-5)","background-image":"","background-repeat":"repeat","background-position":"center center","background-size":"auto","background-attachment":"scroll","background-type":"","background-media":"","overlay-type":"","overlay-color":"","overlay-opacity":"","overlay-gradient":""},"tablet":{"background-color":"var(--ast-global-color-5)","background-image":"","background-repeat":"repeat","background-position":"center center","background-size":"auto","background-attachment":"scroll","background-type":"","background-media":"","overlay-type":"","overlay-color":"","overlay-opacity":"","overlay-gradient":""},"mobile":{"background-color":"var(--ast-global-color-5)","background-image":"","background-repeat":"repeat","background-position":"center center","background-size":"auto","background-attachment":"scroll","background-type":"","background-media":"","overlay-type":"","overlay-color":"","overlay-opacity":"","overlay-gradient":""}},"footnotes":""},"categories":[8],"tags":[],"class_list":["post-6923","post","type-post","status-publish","format-standard","has-post-thumbnail","hentry","category-noticias"],"yoast_head":"<!-- This site is optimized with the Yoast SEO plugin v27.1 - https:\/\/yoast.com\/product\/yoast-seo-wordpress\/ -->\n<title>Llega la 4\u00aa edici\u00f3n del Campus Jove ACCT de triatl\u00f3n del 9 al 14 de julio de 2023 en el Pla de l&#039;Estany - Challenge Barcelona Triatl\u00f3<\/title>\n<meta name=\"description\" content=\"Clubes de toda Catalu\u00f1a se re\u00fanen para una intensa semana de triatl\u00f3n en el Campus Jove ACCT 2023. Llega la 4\u00aa edici\u00f3n del Campus Jove ACCT del triatl\u00f3n\" \/>\n<meta name=\"robots\" content=\"index, follow, max-snippet:-1, max-image-preview:large, max-video-preview:-1\" \/>\n<link rel=\"canonical\" href=\"https:\/\/www.triathlon.barcelona\/es\/llega-la-4a-edicion-del-campus-jove-acct-de-triatlon-del-9-al-14-de-julio-de-2023-en-el-pla-de-lestany\/\" \/>\n<meta property=\"og:locale\" content=\"es_ES\" \/>\n<meta property=\"og:type\" content=\"article\" \/>\n<meta property=\"og:title\" content=\"Llega la 4\u00aa edici\u00f3n del Campus Jove ACCT de triatl\u00f3n del 9 al 14 de julio de 2023 en el Pla de l&#039;Estany - Challenge Barcelona Triatl\u00f3\" \/>\n<meta property=\"og:description\" content=\"Clubes de toda Catalu\u00f1a se re\u00fanen para una intensa semana de triatl\u00f3n en el Campus Jove ACCT 2023. Llega la 4\u00aa edici\u00f3n del Campus Jove ACCT del triatl\u00f3n\" \/>\n<meta property=\"og:url\" content=\"https:\/\/www.triathlon.barcelona\/es\/llega-la-4a-edicion-del-campus-jove-acct-de-triatlon-del-9-al-14-de-julio-de-2023-en-el-pla-de-lestany\/\" \/>\n<meta property=\"og:site_name\" content=\"Challenge Barcelona Triatl\u00f3\" \/>\n<meta property=\"article:publisher\" content=\"https:\/\/www.facebook.com\/barcelonatriathlon\" \/>\n<meta property=\"article:published_time\" content=\"2023-05-16T14:13:16+00:00\" \/>\n<meta property=\"article:modified_time\" content=\"2023-05-31T14:24:17+00:00\" \/>\n<meta property=\"og:image\" content=\"https:\/\/www.triathlon.barcelona\/wp-content\/uploads\/2023\/05\/230516-campus-jove-acct-1.jpg\" \/>\n\t<meta property=\"og:image:width\" content=\"1920\" \/>\n\t<meta property=\"og:image:height\" content=\"1280\" \/>\n\t<meta property=\"og:image:type\" content=\"image\/jpeg\" \/>\n<meta name=\"author\" content=\"david\" \/>\n<meta name=\"twitter:card\" content=\"summary_large_image\" \/>\n<meta name=\"twitter:creator\" content=\"@bcn_triathlon\" \/>\n<meta name=\"twitter:site\" content=\"@bcn_triathlon\" \/>\n<meta name=\"twitter:label1\" content=\"Escrito por\" \/>\n\t<meta name=\"twitter:data1\" content=\"david\" \/>\n\t<meta name=\"twitter:label2\" content=\"Tiempo de lectura\" \/>\n\t<meta name=\"twitter:data2\" content=\"2 minutos\" \/>\n<script type=\"application\/ld+json\" class=\"yoast-schema-graph\">{\"@context\":\"https:\/\/schema.org\",\"@graph\":[{\"@type\":\"Article\",\"@id\":\"https:\/\/www.triathlon.barcelona\/es\/llega-la-4a-edicion-del-campus-jove-acct-de-triatlon-del-9-al-14-de-julio-de-2023-en-el-pla-de-lestany\/#article\",\"isPartOf\":{\"@id\":\"https:\/\/www.triathlon.barcelona\/es\/llega-la-4a-edicion-del-campus-jove-acct-de-triatlon-del-9-al-14-de-julio-de-2023-en-el-pla-de-lestany\/\"},\"author\":{\"name\":\"david\",\"@id\":\"https:\/\/www.triathlon.barcelona\/es\/#\/schema\/person\/812f46a7af75bae5296e42e5b503d1e6\"},\"headline\":\"Llega la 4\u00aa edici\u00f3n del Campus Jove ACCT de triatl\u00f3n del 9 al 14 de julio de 2023 en el Pla de l&#8217;Estany\",\"datePublished\":\"2023-05-16T14:13:16+00:00\",\"dateModified\":\"2023-05-31T14:24:17+00:00\",\"mainEntityOfPage\":{\"@id\":\"https:\/\/www.triathlon.barcelona\/es\/llega-la-4a-edicion-del-campus-jove-acct-de-triatlon-del-9-al-14-de-julio-de-2023-en-el-pla-de-lestany\/\"},\"wordCount\":225,\"publisher\":{\"@id\":\"https:\/\/www.triathlon.barcelona\/es\/#organization\"},\"image\":{\"@id\":\"https:\/\/www.triathlon.barcelona\/es\/llega-la-4a-edicion-del-campus-jove-acct-de-triatlon-del-9-al-14-de-julio-de-2023-en-el-pla-de-lestany\/#primaryimage\"},\"thumbnailUrl\":\"https:\/\/www.triathlon.barcelona\/wp-content\/uploads\/2023\/05\/230516-campus-jove-acct-1.jpg\",\"articleSection\":[\"Noticias\"],\"inLanguage\":\"es\"},{\"@type\":\"WebPage\",\"@id\":\"https:\/\/www.triathlon.barcelona\/es\/llega-la-4a-edicion-del-campus-jove-acct-de-triatlon-del-9-al-14-de-julio-de-2023-en-el-pla-de-lestany\/\",\"url\":\"https:\/\/www.triathlon.barcelona\/es\/llega-la-4a-edicion-del-campus-jove-acct-de-triatlon-del-9-al-14-de-julio-de-2023-en-el-pla-de-lestany\/\",\"name\":\"Llega la 4\u00aa edici\u00f3n del Campus Jove ACCT de triatl\u00f3n del 9 al 14 de julio de 2023 en el Pla de l'Estany - Challenge Barcelona Triatl\u00f3\",\"isPartOf\":{\"@id\":\"https:\/\/www.triathlon.barcelona\/es\/#website\"},\"primaryImageOfPage\":{\"@id\":\"https:\/\/www.triathlon.barcelona\/es\/llega-la-4a-edicion-del-campus-jove-acct-de-triatlon-del-9-al-14-de-julio-de-2023-en-el-pla-de-lestany\/#primaryimage\"},\"image\":{\"@id\":\"https:\/\/www.triathlon.barcelona\/es\/llega-la-4a-edicion-del-campus-jove-acct-de-triatlon-del-9-al-14-de-julio-de-2023-en-el-pla-de-lestany\/#primaryimage\"},\"thumbnailUrl\":\"https:\/\/www.triathlon.barcelona\/wp-content\/uploads\/2023\/05\/230516-campus-jove-acct-1.jpg\",\"datePublished\":\"2023-05-16T14:13:16+00:00\",\"dateModified\":\"2023-05-31T14:24:17+00:00\",\"description\":\"Clubes de toda Catalu\u00f1a se re\u00fanen para una intensa semana de triatl\u00f3n en el Campus Jove ACCT 2023. Llega la 4\u00aa edici\u00f3n del Campus Jove ACCT del triatl\u00f3n\",\"breadcrumb\":{\"@id\":\"https:\/\/www.triathlon.barcelona\/es\/llega-la-4a-edicion-del-campus-jove-acct-de-triatlon-del-9-al-14-de-julio-de-2023-en-el-pla-de-lestany\/#breadcrumb\"},\"inLanguage\":\"es\",\"potentialAction\":[{\"@type\":\"ReadAction\",\"target\":[\"https:\/\/www.triathlon.barcelona\/es\/llega-la-4a-edicion-del-campus-jove-acct-de-triatlon-del-9-al-14-de-julio-de-2023-en-el-pla-de-lestany\/\"]}]},{\"@type\":\"ImageObject\",\"inLanguage\":\"es\",\"@id\":\"https:\/\/www.triathlon.barcelona\/es\/llega-la-4a-edicion-del-campus-jove-acct-de-triatlon-del-9-al-14-de-julio-de-2023-en-el-pla-de-lestany\/#primaryimage\",\"url\":\"https:\/\/www.triathlon.barcelona\/wp-content\/uploads\/2023\/05\/230516-campus-jove-acct-1.jpg\",\"contentUrl\":\"https:\/\/www.triathlon.barcelona\/wp-content\/uploads\/2023\/05\/230516-campus-jove-acct-1.jpg\",\"width\":1920,\"height\":1280},{\"@type\":\"BreadcrumbList\",\"@id\":\"https:\/\/www.triathlon.barcelona\/es\/llega-la-4a-edicion-del-campus-jove-acct-de-triatlon-del-9-al-14-de-julio-de-2023-en-el-pla-de-lestany\/#breadcrumb\",\"itemListElement\":[{\"@type\":\"ListItem\",\"position\":1,\"name\":\"Inicio\",\"item\":\"https:\/\/www.triathlon.barcelona\/es\/\"},{\"@type\":\"ListItem\",\"position\":2,\"name\":\"Llega la 4\u00aa edici\u00f3n del Campus Jove ACCT de triatl\u00f3n del 9 al 14 de julio de 2023 en el Pla de l&#8217;Estany\"}]},{\"@type\":\"WebSite\",\"@id\":\"https:\/\/www.triathlon.barcelona\/es\/#website\",\"url\":\"https:\/\/www.triathlon.barcelona\/es\/\",\"name\":\"Challenge Barcelona Triathlon\",\"description\":\"\",\"publisher\":{\"@id\":\"https:\/\/www.triathlon.barcelona\/es\/#organization\"},\"alternateName\":\"Challenge Barcelona\",\"potentialAction\":[{\"@type\":\"SearchAction\",\"target\":{\"@type\":\"EntryPoint\",\"urlTemplate\":\"https:\/\/www.triathlon.barcelona\/es\/?s={search_term_string}\"},\"query-input\":{\"@type\":\"PropertyValueSpecification\",\"valueRequired\":true,\"valueName\":\"search_term_string\"}}],\"inLanguage\":\"es\"},{\"@type\":\"Organization\",\"@id\":\"https:\/\/www.triathlon.barcelona\/es\/#organization\",\"name\":\"Challenge Barcelona Triathlon\",\"alternateName\":\"Challenge Barcelona\",\"url\":\"https:\/\/www.triathlon.barcelona\/es\/\",\"logo\":{\"@type\":\"ImageObject\",\"inLanguage\":\"es\",\"@id\":\"https:\/\/www.triathlon.barcelona\/es\/#\/schema\/logo\/image\/\",\"url\":\"https:\/\/www.triathlon.barcelona\/wp-content\/uploads\/2024\/06\/logo-challenge-barcelona.png\",\"contentUrl\":\"https:\/\/www.triathlon.barcelona\/wp-content\/uploads\/2024\/06\/logo-challenge-barcelona.png\",\"width\":3209,\"height\":729,\"caption\":\"Challenge Barcelona Triathlon\"},\"image\":{\"@id\":\"https:\/\/www.triathlon.barcelona\/es\/#\/schema\/logo\/image\/\"},\"sameAs\":[\"https:\/\/www.facebook.com\/barcelonatriathlon\",\"https:\/\/x.com\/bcn_triathlon\",\"https:\/\/www.instagram.com\/barcelonatriathlon\/\"]},{\"@type\":\"Person\",\"@id\":\"https:\/\/www.triathlon.barcelona\/es\/#\/schema\/person\/812f46a7af75bae5296e42e5b503d1e6\",\"name\":\"david\",\"image\":{\"@type\":\"ImageObject\",\"inLanguage\":\"es\",\"@id\":\"https:\/\/www.triathlon.barcelona\/es\/#\/schema\/person\/image\/\",\"url\":\"https:\/\/secure.gravatar.com\/avatar\/f3b6b2a94c48d199ba05b31c711ca66bc5650a0dc06074dd63ae046df043d8e8?s=96&d=mm&r=g\",\"contentUrl\":\"https:\/\/secure.gravatar.com\/avatar\/f3b6b2a94c48d199ba05b31c711ca66bc5650a0dc06074dd63ae046df043d8e8?s=96&d=mm&r=g\",\"caption\":\"david\"},\"sameAs\":[\"https:\/\/www.triathlon.barcelona\"],\"url\":\"https:\/\/www.triathlon.barcelona\/es\/author\/david\/\"}]}<\/script>\n<!-- \/ Yoast SEO plugin. -->","yoast_head_json":{"title":"Llega la 4\u00aa edici\u00f3n del Campus Jove ACCT de triatl\u00f3n del 9 al 14 de julio de 2023 en el Pla de l'Estany - Challenge Barcelona Triatl\u00f3","description":"Clubes de toda Catalu\u00f1a se re\u00fanen para una intensa semana de triatl\u00f3n en el Campus Jove ACCT 2023. Llega la 4\u00aa edici\u00f3n del Campus Jove ACCT del triatl\u00f3n","robots":{"index":"index","follow":"follow","max-snippet":"max-snippet:-1","max-image-preview":"max-image-preview:large","max-video-preview":"max-video-preview:-1"},"canonical":"https:\/\/www.triathlon.barcelona\/es\/llega-la-4a-edicion-del-campus-jove-acct-de-triatlon-del-9-al-14-de-julio-de-2023-en-el-pla-de-lestany\/","og_locale":"es_ES","og_type":"article","og_title":"Llega la 4\u00aa edici\u00f3n del Campus Jove ACCT de triatl\u00f3n del 9 al 14 de julio de 2023 en el Pla de l'Estany - Challenge Barcelona Triatl\u00f3","og_description":"Clubes de toda Catalu\u00f1a se re\u00fanen para una intensa semana de triatl\u00f3n en el Campus Jove ACCT 2023. Llega la 4\u00aa edici\u00f3n del Campus Jove ACCT del triatl\u00f3n","og_url":"https:\/\/www.triathlon.barcelona\/es\/llega-la-4a-edicion-del-campus-jove-acct-de-triatlon-del-9-al-14-de-julio-de-2023-en-el-pla-de-lestany\/","og_site_name":"Challenge Barcelona Triatl\u00f3","article_publisher":"https:\/\/www.facebook.com\/barcelonatriathlon","article_published_time":"2023-05-16T14:13:16+00:00","article_modified_time":"2023-05-31T14:24:17+00:00","og_image":[{"width":1920,"height":1280,"url":"https:\/\/www.triathlon.barcelona\/wp-content\/uploads\/2023\/05\/230516-campus-jove-acct-1.jpg","type":"image\/jpeg"}],"author":"david","twitter_card":"summary_large_image","twitter_creator":"@bcn_triathlon","twitter_site":"@bcn_triathlon","twitter_misc":{"Escrito por":"david","Tiempo de lectura":"2 minutos"},"schema":{"@context":"https:\/\/schema.org","@graph":[{"@type":"Article","@id":"https:\/\/www.triathlon.barcelona\/es\/llega-la-4a-edicion-del-campus-jove-acct-de-triatlon-del-9-al-14-de-julio-de-2023-en-el-pla-de-lestany\/#article","isPartOf":{"@id":"https:\/\/www.triathlon.barcelona\/es\/llega-la-4a-edicion-del-campus-jove-acct-de-triatlon-del-9-al-14-de-julio-de-2023-en-el-pla-de-lestany\/"},"author":{"name":"david","@id":"https:\/\/www.triathlon.barcelona\/es\/#\/schema\/person\/812f46a7af75bae5296e42e5b503d1e6"},"headline":"Llega la 4\u00aa edici\u00f3n del Campus Jove ACCT de triatl\u00f3n del 9 al 14 de julio de 2023 en el Pla de l&#8217;Estany","datePublished":"2023-05-16T14:13:16+00:00","dateModified":"2023-05-31T14:24:17+00:00","mainEntityOfPage":{"@id":"https:\/\/www.triathlon.barcelona\/es\/llega-la-4a-edicion-del-campus-jove-acct-de-triatlon-del-9-al-14-de-julio-de-2023-en-el-pla-de-lestany\/"},"wordCount":225,"publisher":{"@id":"https:\/\/www.triathlon.barcelona\/es\/#organization"},"image":{"@id":"https:\/\/www.triathlon.barcelona\/es\/llega-la-4a-edicion-del-campus-jove-acct-de-triatlon-del-9-al-14-de-julio-de-2023-en-el-pla-de-lestany\/#primaryimage"},"thumbnailUrl":"https:\/\/www.triathlon.barcelona\/wp-content\/uploads\/2023\/05\/230516-campus-jove-acct-1.jpg","articleSection":["Noticias"],"inLanguage":"es"},{"@type":"WebPage","@id":"https:\/\/www.triathlon.barcelona\/es\/llega-la-4a-edicion-del-campus-jove-acct-de-triatlon-del-9-al-14-de-julio-de-2023-en-el-pla-de-lestany\/","url":"https:\/\/www.triathlon.barcelona\/es\/llega-la-4a-edicion-del-campus-jove-acct-de-triatlon-del-9-al-14-de-julio-de-2023-en-el-pla-de-lestany\/","name":"Llega la 4\u00aa edici\u00f3n del Campus Jove ACCT de triatl\u00f3n del 9 al 14 de julio de 2023 en el Pla de l'Estany - Challenge Barcelona Triatl\u00f3","isPartOf":{"@id":"https:\/\/www.triathlon.barcelona\/es\/#website"},"primaryImageOfPage":{"@id":"https:\/\/www.triathlon.barcelona\/es\/llega-la-4a-edicion-del-campus-jove-acct-de-triatlon-del-9-al-14-de-julio-de-2023-en-el-pla-de-lestany\/#primaryimage"},"image":{"@id":"https:\/\/www.triathlon.barcelona\/es\/llega-la-4a-edicion-del-campus-jove-acct-de-triatlon-del-9-al-14-de-julio-de-2023-en-el-pla-de-lestany\/#primaryimage"},"thumbnailUrl":"https:\/\/www.triathlon.barcelona\/wp-content\/uploads\/2023\/05\/230516-campus-jove-acct-1.jpg","datePublished":"2023-05-16T14:13:16+00:00","dateModified":"2023-05-31T14:24:17+00:00","description":"Clubes de toda Catalu\u00f1a se re\u00fanen para una intensa semana de triatl\u00f3n en el Campus Jove ACCT 2023. Llega la 4\u00aa edici\u00f3n del Campus Jove ACCT del triatl\u00f3n","breadcrumb":{"@id":"https:\/\/www.triathlon.barcelona\/es\/llega-la-4a-edicion-del-campus-jove-acct-de-triatlon-del-9-al-14-de-julio-de-2023-en-el-pla-de-lestany\/#breadcrumb"},"inLanguage":"es","potentialAction":[{"@type":"ReadAction","target":["https:\/\/www.triathlon.barcelona\/es\/llega-la-4a-edicion-del-campus-jove-acct-de-triatlon-del-9-al-14-de-julio-de-2023-en-el-pla-de-lestany\/"]}]},{"@type":"ImageObject","inLanguage":"es","@id":"https:\/\/www.triathlon.barcelona\/es\/llega-la-4a-edicion-del-campus-jove-acct-de-triatlon-del-9-al-14-de-julio-de-2023-en-el-pla-de-lestany\/#primaryimage","url":"https:\/\/www.triathlon.barcelona\/wp-content\/uploads\/2023\/05\/230516-campus-jove-acct-1.jpg","contentUrl":"https:\/\/www.triathlon.barcelona\/wp-content\/uploads\/2023\/05\/230516-campus-jove-acct-1.jpg","width":1920,"height":1280},{"@type":"BreadcrumbList","@id":"https:\/\/www.triathlon.barcelona\/es\/llega-la-4a-edicion-del-campus-jove-acct-de-triatlon-del-9-al-14-de-julio-de-2023-en-el-pla-de-lestany\/#breadcrumb","itemListElement":[{"@type":"ListItem","position":1,"name":"Inicio","item":"https:\/\/www.triathlon.barcelona\/es\/"},{"@type":"ListItem","position":2,"name":"Llega la 4\u00aa edici\u00f3n del Campus Jove ACCT de triatl\u00f3n del 9 al 14 de julio de 2023 en el Pla de l&#8217;Estany"}]},{"@type":"WebSite","@id":"https:\/\/www.triathlon.barcelona\/es\/#website","url":"https:\/\/www.triathlon.barcelona\/es\/","name":"Challenge Barcelona Triathlon","description":"","publisher":{"@id":"https:\/\/www.triathlon.barcelona\/es\/#organization"},"alternateName":"Challenge Barcelona","potentialAction":[{"@type":"SearchAction","target":{"@type":"EntryPoint","urlTemplate":"https:\/\/www.triathlon.barcelona\/es\/?s={search_term_string}"},"query-input":{"@type":"PropertyValueSpecification","valueRequired":true,"valueName":"search_term_string"}}],"inLanguage":"es"},{"@type":"Organization","@id":"https:\/\/www.triathlon.barcelona\/es\/#organization","name":"Challenge Barcelona Triathlon","alternateName":"Challenge Barcelona","url":"https:\/\/www.triathlon.barcelona\/es\/","logo":{"@type":"ImageObject","inLanguage":"es","@id":"https:\/\/www.triathlon.barcelona\/es\/#\/schema\/logo\/image\/","url":"https:\/\/www.triathlon.barcelona\/wp-content\/uploads\/2024\/06\/logo-challenge-barcelona.png","contentUrl":"https:\/\/www.triathlon.barcelona\/wp-content\/uploads\/2024\/06\/logo-challenge-barcelona.png","width":3209,"height":729,"caption":"Challenge Barcelona Triathlon"},"image":{"@id":"https:\/\/www.triathlon.barcelona\/es\/#\/schema\/logo\/image\/"},"sameAs":["https:\/\/www.facebook.com\/barcelonatriathlon","https:\/\/x.com\/bcn_triathlon","https:\/\/www.instagram.com\/barcelonatriathlon\/"]},{"@type":"Person","@id":"https:\/\/www.triathlon.barcelona\/es\/#\/schema\/person\/812f46a7af75bae5296e42e5b503d1e6","name":"david","image":{"@type":"ImageObject","inLanguage":"es","@id":"https:\/\/www.triathlon.barcelona\/es\/#\/schema\/person\/image\/","url":"https:\/\/secure.gravatar.com\/avatar\/f3b6b2a94c48d199ba05b31c711ca66bc5650a0dc06074dd63ae046df043d8e8?s=96&d=mm&r=g","contentUrl":"https:\/\/secure.gravatar.com\/avatar\/f3b6b2a94c48d199ba05b31c711ca66bc5650a0dc06074dd63ae046df043d8e8?s=96&d=mm&r=g","caption":"david"},"sameAs":["https:\/\/www.triathlon.barcelona"],"url":"https:\/\/www.triathlon.barcelona\/es\/author\/david\/"}]}},"_links":{"self":[{"href":"https:\/\/www.triathlon.barcelona\/es\/wp-json\/wp\/v2\/posts\/6923","targetHints":{"allow":["GET"]}}],"collection":[{"href":"https:\/\/www.triathlon.barcelona\/es\/wp-json\/wp\/v2\/posts"}],"about":[{"href":"https:\/\/www.triathlon.barcelona\/es\/wp-json\/wp\/v2\/types\/post"}],"author":[{"embeddable":true,"href":"https:\/\/www.triathlon.barcelona\/es\/wp-json\/wp\/v2\/users\/1"}],"replies":[{"embeddable":true,"href":"https:\/\/www.triathlon.barcelona\/es\/wp-json\/wp\/v2\/comments?post=6923"}],"version-history":[{"count":0,"href":"https:\/\/www.triathlon.barcelona\/es\/wp-json\/wp\/v2\/posts\/6923\/revisions"}],"wp:featuredmedia":[{"embeddable":true,"href":"https:\/\/www.triathlon.barcelona\/es\/wp-json\/wp\/v2\/media\/6930"}],"wp:attachment":[{"href":"https:\/\/www.triathlon.barcelona\/es\/wp-json\/wp\/v2\/media?parent=6923"}],"wp:term":[{"taxonomy":"category","embeddable":true,"href":"https:\/\/www.triathlon.barcelona\/es\/wp-json\/wp\/v2\/categories?post=6923"},{"taxonomy":"post_tag","embeddable":true,"href":"https:\/\/www.triathlon.barcelona\/es\/wp-json\/wp\/v2\/tags?post=6923"}],"curies":[{"name":"wp","href":"https:\/\/api.w.org\/{rel}","templated":true}]}}