{"id":7343,"date":"2023-08-18T08:00:35","date_gmt":"2023-08-18T06:00:35","guid":{"rendered":"https:\/\/www.triathlon.barcelona\/?p=7343"},"modified":"2023-08-18T10:12:14","modified_gmt":"2023-08-18T08:12:14","slug":"casi-2500-triatletas-inscritos-en-el-challenge-barcelona-triathlon-a-50-dias-de-la-prueba","status":"publish","type":"post","link":"https:\/\/www.triathlon.barcelona\/es\/casi-2500-triatletas-inscritos-en-el-challenge-barcelona-triathlon-a-50-dias-de-la-prueba\/","title":{"rendered":"Casi 2500 triatletas inscritos en el Challenge Barcelona Triathlon a 50 d\u00edas de la prueba"},"content":{"rendered":"<p><strong>M\u00e1s de 30 atletas profesionales de diversas nacionalidades han confirmado su participaci\u00f3n<\/strong><!--more--><\/p>\n<p>A solo 50 d\u00edas para la emocionante celebraci\u00f3n del Challenge Barcelona Triathlon, la expectaci\u00f3n est\u00e1 en aumento con cerca de 2500 personas inscritas para afrontar el desaf\u00edo en la vibrante ciudad catalana. Entre los inscritos, m\u00e1s de 30 triatletas profesionales venidos y venidas de diferentes pa\u00edses han confirmado su participaci\u00f3n, prometiendo una competencia internacional de alto nivel.<\/p>\n<p>Con un l\u00edmite de inscripciones establecido en 3000 participantes, el evento se est\u00e1 perfilando para convertirse en uno de los triatlones m\u00e1s multitudinarios en todo el territorio espa\u00f1ol. La espectacularidad de Barcelona como tel\u00f3n de fondo, un recorrido desafiante y una comunidad apasionada de triatletas crean el escenario perfecto para un evento deportivo inolvidable.<\/p>\n<p>El Challenge Barcelona Triathlon no solo destaca por su atractivo para los y las atletas profesionales, sino tambi\u00e9n por ofrecer una oportunidad excepcional a entusiastas y amateurs que desean desafiar sus propios l\u00edmites. El domingo 8 de octubre promete un d\u00eda de intensa competencia, adem\u00e1s de un hito en la historia del deporte espa\u00f1ol, uniendo a atletas de todo el mundo en su pasi\u00f3n compartida por el triatl\u00f3n.<\/p>\n<p>A continuaci\u00f3n, se puede observar el listado provisional de triatletas profesionales que estar\u00e1n en la l\u00ednea de salida:<\/p>\n<h3>HOMBRES<\/h3>\n<table width=\"100%\">\n<tbody>\n<tr>\n<td><strong>NOMBRE<\/strong><\/td>\n<td><strong>RANKING PTO<\/strong><\/td>\n<td><strong>PA\u00cdS<\/strong><\/td>\n<\/tr>\n<tr>\n<td>Frederic Funk<\/td>\n<td>19<\/td>\n<td>GER<\/td>\n<\/tr>\n<tr>\n<td>Antonio Benito<\/td>\n<td>32<\/td>\n<td>ESP<\/td>\n<\/tr>\n<tr>\n<td>David McNamee<\/td>\n<td>36<\/td>\n<td>UK<\/td>\n<\/tr>\n<tr>\n<td>Jonathan Wayafee<\/td>\n<td>94<\/td>\n<td>BEL<\/td>\n<\/tr>\n<tr>\n<td>Albert Moreno<\/td>\n<td>136<\/td>\n<td>ESP<\/td>\n<\/tr>\n<tr>\n<td>Colin Szuch<\/td>\n<td>142<\/td>\n<td>USA<\/td>\n<\/tr>\n<tr>\n<td>Ernest Mantell<\/td>\n<td>177<\/td>\n<td>USA<\/td>\n<\/tr>\n<tr>\n<td>Thomas Vanhalst<\/td>\n<td>213<\/td>\n<td>BEL<\/td>\n<\/tr>\n<tr>\n<td>Guillem Montiel<\/td>\n<td>232<\/td>\n<td>ESP<\/td>\n<\/tr>\n<tr>\n<td>Guillem Rojas<\/td>\n<td>248<\/td>\n<td>ESP<\/td>\n<\/tr>\n<tr>\n<td>Julen Diez<\/td>\n<td>300<\/td>\n<td>ESP<\/td>\n<\/tr>\n<tr>\n<td>Roger Many\u00e0<\/td>\n<td>330<\/td>\n<td>ESP<\/td>\n<\/tr>\n<tr>\n<td>I\u00f1aqui Baldellou<\/td>\n<td>337<\/td>\n<td>ESP<\/td>\n<\/tr>\n<tr>\n<td>Simon Billeau<\/td>\n<td>404<\/td>\n<td>FRA<\/td>\n<\/tr>\n<tr>\n<td>Cesc Artigues<\/td>\n<td>415<\/td>\n<td>ESP<\/td>\n<\/tr>\n<tr>\n<td>Steven Rosinski<\/td>\n<td>536<\/td>\n<td>USA<\/td>\n<\/tr>\n<tr>\n<td>Diego Mentrida<\/td>\n<td>591<\/td>\n<td>ESP<\/td>\n<\/tr>\n<tr>\n<td>Tom Vander Hoogerstraete<\/td>\n<td>618<\/td>\n<td>BEL<\/td>\n<\/tr>\n<tr>\n<td>Sebastian Fuchs<\/td>\n<td>653<\/td>\n<td>AUS<\/td>\n<\/tr>\n<tr>\n<td>Oriol Gili<\/td>\n<td>839<\/td>\n<td>ESP<\/td>\n<\/tr>\n<tr>\n<td>Jordi Garcia<\/td>\n<td>&#8211;<\/td>\n<td>ESP<\/td>\n<\/tr>\n<tr>\n<td>Ander Noain<\/td>\n<td>&#8211;<\/td>\n<td>ESP<\/td>\n<\/tr>\n<tr>\n<td>Jannik Schaufler<\/td>\n<td>&#8211;<\/td>\n<td>GER<\/td>\n<\/tr>\n<tr>\n<td>Juan David Prada<\/td>\n<td>&#8211;<\/td>\n<td>COL<\/td>\n<\/tr>\n<tr>\n<td>Nils Lorenz<\/td>\n<td>&#8211;<\/td>\n<td>GER<\/td>\n<\/tr>\n<tr>\n<td>Daniel Tolosa<\/td>\n<td>&#8211;<\/td>\n<td>ESP<\/td>\n<\/tr>\n<\/tbody>\n<\/table>\n<h3>MUJERES<\/h3>\n<table width=\"100%\">\n<tbody>\n<tr>\n<td><strong>NOMBRE<\/strong><\/td>\n<td><strong>RANKING PTO<\/strong><\/td>\n<td><strong>PA\u00cdS<\/strong><\/td>\n<\/tr>\n<tr>\n<td>Emma Pallant<\/td>\n<td>8<\/td>\n<td>UK<\/td>\n<\/tr>\n<tr>\n<td>Sara Perez<\/td>\n<td>22<\/td>\n<td>ESP<\/td>\n<\/tr>\n<tr>\n<td>Margie Santimaria<\/td>\n<td>51<\/td>\n<td>ITA<\/td>\n<\/tr>\n<tr>\n<td>Helene Alberdi<\/td>\n<td>70<\/td>\n<td>ESP<\/td>\n<\/tr>\n<tr>\n<td>Justine Guerard<\/td>\n<td>96<\/td>\n<td>FRA<\/td>\n<\/tr>\n<tr>\n<td>Shiva Leisner<\/td>\n<td>155<\/td>\n<td>DEN<\/td>\n<\/tr>\n<tr>\n<td>Marta Sanchez<\/td>\n<td>176<\/td>\n<td>ESP<\/td>\n<\/tr>\n<tr>\n<td>Steffie Le Benezic<\/td>\n<td>284<\/td>\n<td>ESP<\/td>\n<\/tr>\n<tr>\n<td>Isabel Sterr<\/td>\n<td>&#8211;<\/td>\n<td>GER<\/td>\n<\/tr>\n<tr>\n<td>Marta Borbon<\/td>\n<td>&#8211;<\/td>\n<td>ESP<\/td>\n<\/tr>\n<\/tbody>\n<\/table>\n","protected":false},"excerpt":{"rendered":"<p>M\u00e1s de 30 atletas profesionales de diversas nacionalidades han confirmado su participaci\u00f3n<\/p>\n","protected":false},"author":1,"featured_media":7323,"comment_status":"closed","ping_status":"closed","sticky":false,"template":"","format":"standard","meta":{"_monsterinsights_skip_tracking":false,"site-sidebar-layout":"default","site-content-layout":"default","ast-site-content-layout":"default","site-content-style":"default","site-sidebar-style":"default","ast-global-header-display":"","ast-banner-title-visibility":"","ast-main-header-display":"","ast-hfb-above-header-display":"","ast-hfb-below-header-display":"","ast-hfb-mobile-header-display":"","site-post-title":"","ast-breadcrumbs-content":"","ast-featured-img":"","footer-sml-layout":"","ast-disable-related-posts":"","theme-transparent-header-meta":"default","adv-header-id-meta":"","stick-header-meta":"default","header-above-stick-meta":"","header-main-stick-meta":"","header-below-stick-meta":"","astra-migrate-meta-layouts":"set","ast-page-background-enabled":"default","ast-page-background-meta":{"desktop":{"background-color":"","background-image":"","background-repeat":"repeat","background-position":"center center","background-size":"auto","background-attachment":"scroll","background-type":"","background-media":"","overlay-type":"","overlay-color":"","overlay-opacity":"","overlay-gradient":""},"tablet":{"background-color":"","background-image":"","background-repeat":"repeat","background-position":"center center","background-size":"auto","background-attachment":"scroll","background-type":"","background-media":"","overlay-type":"","overlay-color":"","overlay-opacity":"","overlay-gradient":""},"mobile":{"background-color":"","background-image":"","background-repeat":"repeat","background-position":"center center","background-size":"auto","background-attachment":"scroll","background-type":"","background-media":"","overlay-type":"","overlay-color":"","overlay-opacity":"","overlay-gradient":""}},"ast-content-background-meta":{"desktop":{"background-color":"var(--ast-global-color-5)","background-image":"","background-repeat":"repeat","background-position":"center center","background-size":"auto","background-attachment":"scroll","background-type":"","background-media":"","overlay-type":"","overlay-color":"","overlay-opacity":"","overlay-gradient":""},"tablet":{"background-color":"var(--ast-global-color-5)","background-image":"","background-repeat":"repeat","background-position":"center center","background-size":"auto","background-attachment":"scroll","background-type":"","background-media":"","overlay-type":"","overlay-color":"","overlay-opacity":"","overlay-gradient":""},"mobile":{"background-color":"var(--ast-global-color-5)","background-image":"","background-repeat":"repeat","background-position":"center center","background-size":"auto","background-attachment":"scroll","background-type":"","background-media":"","overlay-type":"","overlay-color":"","overlay-opacity":"","overlay-gradient":""}},"footnotes":""},"categories":[8],"tags":[],"class_list":["post-7343","post","type-post","status-publish","format-standard","has-post-thumbnail","hentry","category-noticias"],"yoast_head":"<!-- This site is optimized with the Yoast SEO plugin v27.1 - https:\/\/yoast.com\/product\/yoast-seo-wordpress\/ -->\n<title>Casi 2500 triatletas inscritos en el Challenge Barcelona Triathlon a 50 d\u00edas de la prueba - Challenge Barcelona Triatl\u00f3<\/title>\n<meta name=\"robots\" content=\"index, follow, max-snippet:-1, max-image-preview:large, max-video-preview:-1\" \/>\n<link rel=\"canonical\" href=\"https:\/\/www.triathlon.barcelona\/es\/casi-2500-triatletas-inscritos-en-el-challenge-barcelona-triathlon-a-50-dias-de-la-prueba\/\" \/>\n<meta property=\"og:locale\" content=\"es_ES\" \/>\n<meta property=\"og:type\" content=\"article\" \/>\n<meta property=\"og:title\" content=\"Casi 2500 triatletas inscritos en el Challenge Barcelona Triathlon a 50 d\u00edas de la prueba - Challenge Barcelona Triatl\u00f3\" \/>\n<meta property=\"og:description\" content=\"M\u00e1s de 30 atletas profesionales de diversas nacionalidades han confirmado su participaci\u00f3n\" \/>\n<meta property=\"og:url\" content=\"https:\/\/www.triathlon.barcelona\/es\/casi-2500-triatletas-inscritos-en-el-challenge-barcelona-triathlon-a-50-dias-de-la-prueba\/\" \/>\n<meta property=\"og:site_name\" content=\"Challenge Barcelona Triatl\u00f3\" \/>\n<meta property=\"article:publisher\" content=\"https:\/\/www.facebook.com\/barcelonatriathlon\" \/>\n<meta property=\"article:published_time\" content=\"2023-08-18T06:00:35+00:00\" \/>\n<meta property=\"article:modified_time\" content=\"2023-08-18T08:12:14+00:00\" \/>\n<meta property=\"og:image\" content=\"https:\/\/www.triathlon.barcelona\/wp-content\/uploads\/2023\/08\/230818-pros-chbcn2023.jpg\" \/>\n\t<meta property=\"og:image:width\" content=\"1920\" \/>\n\t<meta property=\"og:image:height\" content=\"1280\" \/>\n\t<meta property=\"og:image:type\" content=\"image\/jpeg\" \/>\n<meta name=\"author\" content=\"david\" \/>\n<meta name=\"twitter:card\" content=\"summary_large_image\" \/>\n<meta name=\"twitter:creator\" content=\"@bcn_triathlon\" \/>\n<meta name=\"twitter:site\" content=\"@bcn_triathlon\" \/>\n<meta name=\"twitter:label1\" content=\"Escrito por\" \/>\n\t<meta name=\"twitter:data1\" content=\"david\" \/>\n\t<meta name=\"twitter:label2\" content=\"Tiempo de lectura\" \/>\n\t<meta name=\"twitter:data2\" content=\"2 minutos\" \/>\n<script type=\"application\/ld+json\" class=\"yoast-schema-graph\">{\"@context\":\"https:\/\/schema.org\",\"@graph\":[{\"@type\":\"Article\",\"@id\":\"https:\/\/www.triathlon.barcelona\/es\/casi-2500-triatletas-inscritos-en-el-challenge-barcelona-triathlon-a-50-dias-de-la-prueba\/#article\",\"isPartOf\":{\"@id\":\"https:\/\/www.triathlon.barcelona\/es\/casi-2500-triatletas-inscritos-en-el-challenge-barcelona-triathlon-a-50-dias-de-la-prueba\/\"},\"author\":{\"name\":\"david\",\"@id\":\"https:\/\/www.triathlon.barcelona\/es\/#\/schema\/person\/812f46a7af75bae5296e42e5b503d1e6\"},\"headline\":\"Casi 2500 triatletas inscritos en el Challenge Barcelona Triathlon a 50 d\u00edas de la prueba\",\"datePublished\":\"2023-08-18T06:00:35+00:00\",\"dateModified\":\"2023-08-18T08:12:14+00:00\",\"mainEntityOfPage\":{\"@id\":\"https:\/\/www.triathlon.barcelona\/es\/casi-2500-triatletas-inscritos-en-el-challenge-barcelona-triathlon-a-50-dias-de-la-prueba\/\"},\"wordCount\":372,\"publisher\":{\"@id\":\"https:\/\/www.triathlon.barcelona\/es\/#organization\"},\"image\":{\"@id\":\"https:\/\/www.triathlon.barcelona\/es\/casi-2500-triatletas-inscritos-en-el-challenge-barcelona-triathlon-a-50-dias-de-la-prueba\/#primaryimage\"},\"thumbnailUrl\":\"https:\/\/www.triathlon.barcelona\/wp-content\/uploads\/2023\/08\/230818-pros-chbcn2023.jpg\",\"articleSection\":[\"Noticias\"],\"inLanguage\":\"es\"},{\"@type\":\"WebPage\",\"@id\":\"https:\/\/www.triathlon.barcelona\/es\/casi-2500-triatletas-inscritos-en-el-challenge-barcelona-triathlon-a-50-dias-de-la-prueba\/\",\"url\":\"https:\/\/www.triathlon.barcelona\/es\/casi-2500-triatletas-inscritos-en-el-challenge-barcelona-triathlon-a-50-dias-de-la-prueba\/\",\"name\":\"Casi 2500 triatletas inscritos en el Challenge Barcelona Triathlon a 50 d\u00edas de la prueba - Challenge Barcelona Triatl\u00f3\",\"isPartOf\":{\"@id\":\"https:\/\/www.triathlon.barcelona\/es\/#website\"},\"primaryImageOfPage\":{\"@id\":\"https:\/\/www.triathlon.barcelona\/es\/casi-2500-triatletas-inscritos-en-el-challenge-barcelona-triathlon-a-50-dias-de-la-prueba\/#primaryimage\"},\"image\":{\"@id\":\"https:\/\/www.triathlon.barcelona\/es\/casi-2500-triatletas-inscritos-en-el-challenge-barcelona-triathlon-a-50-dias-de-la-prueba\/#primaryimage\"},\"thumbnailUrl\":\"https:\/\/www.triathlon.barcelona\/wp-content\/uploads\/2023\/08\/230818-pros-chbcn2023.jpg\",\"datePublished\":\"2023-08-18T06:00:35+00:00\",\"dateModified\":\"2023-08-18T08:12:14+00:00\",\"breadcrumb\":{\"@id\":\"https:\/\/www.triathlon.barcelona\/es\/casi-2500-triatletas-inscritos-en-el-challenge-barcelona-triathlon-a-50-dias-de-la-prueba\/#breadcrumb\"},\"inLanguage\":\"es\",\"potentialAction\":[{\"@type\":\"ReadAction\",\"target\":[\"https:\/\/www.triathlon.barcelona\/es\/casi-2500-triatletas-inscritos-en-el-challenge-barcelona-triathlon-a-50-dias-de-la-prueba\/\"]}]},{\"@type\":\"ImageObject\",\"inLanguage\":\"es\",\"@id\":\"https:\/\/www.triathlon.barcelona\/es\/casi-2500-triatletas-inscritos-en-el-challenge-barcelona-triathlon-a-50-dias-de-la-prueba\/#primaryimage\",\"url\":\"https:\/\/www.triathlon.barcelona\/wp-content\/uploads\/2023\/08\/230818-pros-chbcn2023.jpg\",\"contentUrl\":\"https:\/\/www.triathlon.barcelona\/wp-content\/uploads\/2023\/08\/230818-pros-chbcn2023.jpg\",\"width\":1920,\"height\":1280},{\"@type\":\"BreadcrumbList\",\"@id\":\"https:\/\/www.triathlon.barcelona\/es\/casi-2500-triatletas-inscritos-en-el-challenge-barcelona-triathlon-a-50-dias-de-la-prueba\/#breadcrumb\",\"itemListElement\":[{\"@type\":\"ListItem\",\"position\":1,\"name\":\"Inicio\",\"item\":\"https:\/\/www.triathlon.barcelona\/es\/\"},{\"@type\":\"ListItem\",\"position\":2,\"name\":\"Casi 2500 triatletas inscritos en el Challenge Barcelona Triathlon a 50 d\u00edas de la prueba\"}]},{\"@type\":\"WebSite\",\"@id\":\"https:\/\/www.triathlon.barcelona\/es\/#website\",\"url\":\"https:\/\/www.triathlon.barcelona\/es\/\",\"name\":\"Challenge Barcelona Triathlon\",\"description\":\"\",\"publisher\":{\"@id\":\"https:\/\/www.triathlon.barcelona\/es\/#organization\"},\"alternateName\":\"Challenge Barcelona\",\"potentialAction\":[{\"@type\":\"SearchAction\",\"target\":{\"@type\":\"EntryPoint\",\"urlTemplate\":\"https:\/\/www.triathlon.barcelona\/es\/?s={search_term_string}\"},\"query-input\":{\"@type\":\"PropertyValueSpecification\",\"valueRequired\":true,\"valueName\":\"search_term_string\"}}],\"inLanguage\":\"es\"},{\"@type\":\"Organization\",\"@id\":\"https:\/\/www.triathlon.barcelona\/es\/#organization\",\"name\":\"Challenge Barcelona Triathlon\",\"alternateName\":\"Challenge Barcelona\",\"url\":\"https:\/\/www.triathlon.barcelona\/es\/\",\"logo\":{\"@type\":\"ImageObject\",\"inLanguage\":\"es\",\"@id\":\"https:\/\/www.triathlon.barcelona\/es\/#\/schema\/logo\/image\/\",\"url\":\"https:\/\/www.triathlon.barcelona\/wp-content\/uploads\/2024\/06\/logo-challenge-barcelona.png\",\"contentUrl\":\"https:\/\/www.triathlon.barcelona\/wp-content\/uploads\/2024\/06\/logo-challenge-barcelona.png\",\"width\":3209,\"height\":729,\"caption\":\"Challenge Barcelona Triathlon\"},\"image\":{\"@id\":\"https:\/\/www.triathlon.barcelona\/es\/#\/schema\/logo\/image\/\"},\"sameAs\":[\"https:\/\/www.facebook.com\/barcelonatriathlon\",\"https:\/\/x.com\/bcn_triathlon\",\"https:\/\/www.instagram.com\/barcelonatriathlon\/\"]},{\"@type\":\"Person\",\"@id\":\"https:\/\/www.triathlon.barcelona\/es\/#\/schema\/person\/812f46a7af75bae5296e42e5b503d1e6\",\"name\":\"david\",\"image\":{\"@type\":\"ImageObject\",\"inLanguage\":\"es\",\"@id\":\"https:\/\/www.triathlon.barcelona\/es\/#\/schema\/person\/image\/\",\"url\":\"https:\/\/secure.gravatar.com\/avatar\/f3b6b2a94c48d199ba05b31c711ca66bc5650a0dc06074dd63ae046df043d8e8?s=96&d=mm&r=g\",\"contentUrl\":\"https:\/\/secure.gravatar.com\/avatar\/f3b6b2a94c48d199ba05b31c711ca66bc5650a0dc06074dd63ae046df043d8e8?s=96&d=mm&r=g\",\"caption\":\"david\"},\"sameAs\":[\"https:\/\/www.triathlon.barcelona\"],\"url\":\"https:\/\/www.triathlon.barcelona\/es\/author\/david\/\"}]}<\/script>\n<!-- \/ Yoast SEO plugin. -->","yoast_head_json":{"title":"Casi 2500 triatletas inscritos en el Challenge Barcelona Triathlon a 50 d\u00edas de la prueba - Challenge Barcelona Triatl\u00f3","robots":{"index":"index","follow":"follow","max-snippet":"max-snippet:-1","max-image-preview":"max-image-preview:large","max-video-preview":"max-video-preview:-1"},"canonical":"https:\/\/www.triathlon.barcelona\/es\/casi-2500-triatletas-inscritos-en-el-challenge-barcelona-triathlon-a-50-dias-de-la-prueba\/","og_locale":"es_ES","og_type":"article","og_title":"Casi 2500 triatletas inscritos en el Challenge Barcelona Triathlon a 50 d\u00edas de la prueba - Challenge Barcelona Triatl\u00f3","og_description":"M\u00e1s de 30 atletas profesionales de diversas nacionalidades han confirmado su participaci\u00f3n","og_url":"https:\/\/www.triathlon.barcelona\/es\/casi-2500-triatletas-inscritos-en-el-challenge-barcelona-triathlon-a-50-dias-de-la-prueba\/","og_site_name":"Challenge Barcelona Triatl\u00f3","article_publisher":"https:\/\/www.facebook.com\/barcelonatriathlon","article_published_time":"2023-08-18T06:00:35+00:00","article_modified_time":"2023-08-18T08:12:14+00:00","og_image":[{"width":1920,"height":1280,"url":"https:\/\/www.triathlon.barcelona\/wp-content\/uploads\/2023\/08\/230818-pros-chbcn2023.jpg","type":"image\/jpeg"}],"author":"david","twitter_card":"summary_large_image","twitter_creator":"@bcn_triathlon","twitter_site":"@bcn_triathlon","twitter_misc":{"Escrito por":"david","Tiempo de lectura":"2 minutos"},"schema":{"@context":"https:\/\/schema.org","@graph":[{"@type":"Article","@id":"https:\/\/www.triathlon.barcelona\/es\/casi-2500-triatletas-inscritos-en-el-challenge-barcelona-triathlon-a-50-dias-de-la-prueba\/#article","isPartOf":{"@id":"https:\/\/www.triathlon.barcelona\/es\/casi-2500-triatletas-inscritos-en-el-challenge-barcelona-triathlon-a-50-dias-de-la-prueba\/"},"author":{"name":"david","@id":"https:\/\/www.triathlon.barcelona\/es\/#\/schema\/person\/812f46a7af75bae5296e42e5b503d1e6"},"headline":"Casi 2500 triatletas inscritos en el Challenge Barcelona Triathlon a 50 d\u00edas de la prueba","datePublished":"2023-08-18T06:00:35+00:00","dateModified":"2023-08-18T08:12:14+00:00","mainEntityOfPage":{"@id":"https:\/\/www.triathlon.barcelona\/es\/casi-2500-triatletas-inscritos-en-el-challenge-barcelona-triathlon-a-50-dias-de-la-prueba\/"},"wordCount":372,"publisher":{"@id":"https:\/\/www.triathlon.barcelona\/es\/#organization"},"image":{"@id":"https:\/\/www.triathlon.barcelona\/es\/casi-2500-triatletas-inscritos-en-el-challenge-barcelona-triathlon-a-50-dias-de-la-prueba\/#primaryimage"},"thumbnailUrl":"https:\/\/www.triathlon.barcelona\/wp-content\/uploads\/2023\/08\/230818-pros-chbcn2023.jpg","articleSection":["Noticias"],"inLanguage":"es"},{"@type":"WebPage","@id":"https:\/\/www.triathlon.barcelona\/es\/casi-2500-triatletas-inscritos-en-el-challenge-barcelona-triathlon-a-50-dias-de-la-prueba\/","url":"https:\/\/www.triathlon.barcelona\/es\/casi-2500-triatletas-inscritos-en-el-challenge-barcelona-triathlon-a-50-dias-de-la-prueba\/","name":"Casi 2500 triatletas inscritos en el Challenge Barcelona Triathlon a 50 d\u00edas de la prueba - Challenge Barcelona Triatl\u00f3","isPartOf":{"@id":"https:\/\/www.triathlon.barcelona\/es\/#website"},"primaryImageOfPage":{"@id":"https:\/\/www.triathlon.barcelona\/es\/casi-2500-triatletas-inscritos-en-el-challenge-barcelona-triathlon-a-50-dias-de-la-prueba\/#primaryimage"},"image":{"@id":"https:\/\/www.triathlon.barcelona\/es\/casi-2500-triatletas-inscritos-en-el-challenge-barcelona-triathlon-a-50-dias-de-la-prueba\/#primaryimage"},"thumbnailUrl":"https:\/\/www.triathlon.barcelona\/wp-content\/uploads\/2023\/08\/230818-pros-chbcn2023.jpg","datePublished":"2023-08-18T06:00:35+00:00","dateModified":"2023-08-18T08:12:14+00:00","breadcrumb":{"@id":"https:\/\/www.triathlon.barcelona\/es\/casi-2500-triatletas-inscritos-en-el-challenge-barcelona-triathlon-a-50-dias-de-la-prueba\/#breadcrumb"},"inLanguage":"es","potentialAction":[{"@type":"ReadAction","target":["https:\/\/www.triathlon.barcelona\/es\/casi-2500-triatletas-inscritos-en-el-challenge-barcelona-triathlon-a-50-dias-de-la-prueba\/"]}]},{"@type":"ImageObject","inLanguage":"es","@id":"https:\/\/www.triathlon.barcelona\/es\/casi-2500-triatletas-inscritos-en-el-challenge-barcelona-triathlon-a-50-dias-de-la-prueba\/#primaryimage","url":"https:\/\/www.triathlon.barcelona\/wp-content\/uploads\/2023\/08\/230818-pros-chbcn2023.jpg","contentUrl":"https:\/\/www.triathlon.barcelona\/wp-content\/uploads\/2023\/08\/230818-pros-chbcn2023.jpg","width":1920,"height":1280},{"@type":"BreadcrumbList","@id":"https:\/\/www.triathlon.barcelona\/es\/casi-2500-triatletas-inscritos-en-el-challenge-barcelona-triathlon-a-50-dias-de-la-prueba\/#breadcrumb","itemListElement":[{"@type":"ListItem","position":1,"name":"Inicio","item":"https:\/\/www.triathlon.barcelona\/es\/"},{"@type":"ListItem","position":2,"name":"Casi 2500 triatletas inscritos en el Challenge Barcelona Triathlon a 50 d\u00edas de la prueba"}]},{"@type":"WebSite","@id":"https:\/\/www.triathlon.barcelona\/es\/#website","url":"https:\/\/www.triathlon.barcelona\/es\/","name":"Challenge Barcelona Triathlon","description":"","publisher":{"@id":"https:\/\/www.triathlon.barcelona\/es\/#organization"},"alternateName":"Challenge Barcelona","potentialAction":[{"@type":"SearchAction","target":{"@type":"EntryPoint","urlTemplate":"https:\/\/www.triathlon.barcelona\/es\/?s={search_term_string}"},"query-input":{"@type":"PropertyValueSpecification","valueRequired":true,"valueName":"search_term_string"}}],"inLanguage":"es"},{"@type":"Organization","@id":"https:\/\/www.triathlon.barcelona\/es\/#organization","name":"Challenge Barcelona Triathlon","alternateName":"Challenge Barcelona","url":"https:\/\/www.triathlon.barcelona\/es\/","logo":{"@type":"ImageObject","inLanguage":"es","@id":"https:\/\/www.triathlon.barcelona\/es\/#\/schema\/logo\/image\/","url":"https:\/\/www.triathlon.barcelona\/wp-content\/uploads\/2024\/06\/logo-challenge-barcelona.png","contentUrl":"https:\/\/www.triathlon.barcelona\/wp-content\/uploads\/2024\/06\/logo-challenge-barcelona.png","width":3209,"height":729,"caption":"Challenge Barcelona Triathlon"},"image":{"@id":"https:\/\/www.triathlon.barcelona\/es\/#\/schema\/logo\/image\/"},"sameAs":["https:\/\/www.facebook.com\/barcelonatriathlon","https:\/\/x.com\/bcn_triathlon","https:\/\/www.instagram.com\/barcelonatriathlon\/"]},{"@type":"Person","@id":"https:\/\/www.triathlon.barcelona\/es\/#\/schema\/person\/812f46a7af75bae5296e42e5b503d1e6","name":"david","image":{"@type":"ImageObject","inLanguage":"es","@id":"https:\/\/www.triathlon.barcelona\/es\/#\/schema\/person\/image\/","url":"https:\/\/secure.gravatar.com\/avatar\/f3b6b2a94c48d199ba05b31c711ca66bc5650a0dc06074dd63ae046df043d8e8?s=96&d=mm&r=g","contentUrl":"https:\/\/secure.gravatar.com\/avatar\/f3b6b2a94c48d199ba05b31c711ca66bc5650a0dc06074dd63ae046df043d8e8?s=96&d=mm&r=g","caption":"david"},"sameAs":["https:\/\/www.triathlon.barcelona"],"url":"https:\/\/www.triathlon.barcelona\/es\/author\/david\/"}]}},"_links":{"self":[{"href":"https:\/\/www.triathlon.barcelona\/es\/wp-json\/wp\/v2\/posts\/7343","targetHints":{"allow":["GET"]}}],"collection":[{"href":"https:\/\/www.triathlon.barcelona\/es\/wp-json\/wp\/v2\/posts"}],"about":[{"href":"https:\/\/www.triathlon.barcelona\/es\/wp-json\/wp\/v2\/types\/post"}],"author":[{"embeddable":true,"href":"https:\/\/www.triathlon.barcelona\/es\/wp-json\/wp\/v2\/users\/1"}],"replies":[{"embeddable":true,"href":"https:\/\/www.triathlon.barcelona\/es\/wp-json\/wp\/v2\/comments?post=7343"}],"version-history":[{"count":0,"href":"https:\/\/www.triathlon.barcelona\/es\/wp-json\/wp\/v2\/posts\/7343\/revisions"}],"wp:featuredmedia":[{"embeddable":true,"href":"https:\/\/www.triathlon.barcelona\/es\/wp-json\/wp\/v2\/media\/7323"}],"wp:attachment":[{"href":"https:\/\/www.triathlon.barcelona\/es\/wp-json\/wp\/v2\/media?parent=7343"}],"wp:term":[{"taxonomy":"category","embeddable":true,"href":"https:\/\/www.triathlon.barcelona\/es\/wp-json\/wp\/v2\/categories?post=7343"},{"taxonomy":"post_tag","embeddable":true,"href":"https:\/\/www.triathlon.barcelona\/es\/wp-json\/wp\/v2\/tags?post=7343"}],"curies":[{"name":"wp","href":"https:\/\/api.w.org\/{rel}","templated":true}]}}