{"id":7403,"date":"2023-09-21T12:02:51","date_gmt":"2023-09-21T10:02:51","guid":{"rendered":"https:\/\/www.triathlon.barcelona\/?p=7403"},"modified":"2023-09-21T12:29:34","modified_gmt":"2023-09-21T10:29:34","slug":"alistair-brownlee-y-emma-pallant-encabezan-la-selecta-start-list-del-challenge-barcelona-triathlon-2023","status":"publish","type":"post","link":"https:\/\/www.triathlon.barcelona\/es\/alistair-brownlee-y-emma-pallant-encabezan-la-selecta-start-list-del-challenge-barcelona-triathlon-2023\/","title":{"rendered":"Alistair Brownlee y Emma Pallant encabezan la selecta start list del Challenge Barcelona Triathlon 2023"},"content":{"rendered":"<p><strong>\u00a1\u00daltimos 100 dorsales disponibles! Las inscripciones se cerrar\u00e1n al alcanzar la cifra m\u00e1xima de 3.200 participantes<\/strong><!--more--><\/p>\n<p>El Challenge Barcelona Triathlon 2023 promete ser un evento sin precedentes, con un elenco de estrellas que incluye al ilustre Alistair Brownlee, campe\u00f3n ol\u00edmpico y mundial o la destacada presencia de Emma Pallant, subcampeona del Mundo de Triatl\u00f3n de Larga Distancia.<\/p>\n<p>Alistair Brownlee, natural del Reino Unido, cuenta con un impresionante palmar\u00e9s que incluye dos medallas de oro ol\u00edmpicas en triatl\u00f3n en los Juegos Ol\u00edmpicos de Londres 2012 y R\u00edo 2016, as\u00ed como dos t\u00edtulos de campe\u00f3n del Mundo de Triatl\u00f3n y cinco Campeonatos de Europa de Triatl\u00f3n en su historial. Adem\u00e1s, ha sido subcampe\u00f3n del Mundo en Media Distancia en dos ocasiones, concretamente en 2019 y 2018.<\/p>\n<p>La triatleta inglesa Emma Pallant, conocida por su destacada actuaci\u00f3n como subcampeona del Mundo de Triatl\u00f3n en Larga Distancia en 2022 y subcampeona en el Challenge \u00abThe Championship\u00bb \u0160amor\u00edn 2022, se perfila como una de las favoritas para llevarse el Challenge Barcelona Triathlon de este a\u00f1o.<\/p>\n<p>Pero no son los \u00fanicos nombres destacados en este emocionante evento. El Challenge Barcelona Triathlon 2023 tambi\u00e9n contar\u00e1 con la presencia de otros triatletas profesionales de renombre, como Frederic Funk, subcampe\u00f3n del Mundo de Triatl\u00f3n de Media Distancia en 2022; Cameron Wurf, ciclista profesional del Ineos y segundo en el Ironman Austria 2023; Antonio Benito, subcampe\u00f3n del Mundo de Triatl\u00f3n de Larga Distancia en 2023; Sara P\u00e9rez, campeona del Challenge \u00abThe Championship\u00bb \u0160amor\u00edn 2022; Imogen Simmonds, tercera en el Mundial de Triatl\u00f3n de Media Distancia en 2023; y Lucy Buckingham, tercera en el Challenge \u00abThe Championship\u00bb \u0160amor\u00edn 2022.<\/p>\n<p>La emoci\u00f3n por esta nueva edici\u00f3n es palpable, con solo 100 dorsales restantes antes de alcanzar el l\u00edmite de inscripciones, que est\u00e1 establecido en 3.200 participantes. Se espera que el Challenge Barcelona Triathlon de este a\u00f1o sea una experiencia inolvidable tanto para los atletas como para los espectadores. Los y las participantes ya se preparan para presenciar una competici\u00f3n \u00e9pica en el \u00fanico triatl\u00f3n que se vive y se disfruta en el coraz\u00f3n de Barcelona.<\/p>\n<p><em>Fotos: Triathlon Today \/ Independent<\/em><\/p>\n","protected":false},"excerpt":{"rendered":"<p>\u00a1\u00daltimos 100 dorsales disponibles! Las inscripciones se cerrar\u00e1n al alcanzar la cifra m\u00e1xima de 3.200 participantes<\/p>\n","protected":false},"author":1,"featured_media":7398,"comment_status":"closed","ping_status":"closed","sticky":false,"template":"","format":"standard","meta":{"_monsterinsights_skip_tracking":false,"site-sidebar-layout":"default","site-content-layout":"","ast-site-content-layout":"default","site-content-style":"default","site-sidebar-style":"default","ast-global-header-display":"","ast-banner-title-visibility":"","ast-main-header-display":"","ast-hfb-above-header-display":"","ast-hfb-below-header-display":"","ast-hfb-mobile-header-display":"","site-post-title":"","ast-breadcrumbs-content":"","ast-featured-img":"","footer-sml-layout":"","ast-disable-related-posts":"","theme-transparent-header-meta":"default","adv-header-id-meta":"","stick-header-meta":"default","header-above-stick-meta":"","header-main-stick-meta":"","header-below-stick-meta":"","astra-migrate-meta-layouts":"set","ast-page-background-enabled":"default","ast-page-background-meta":{"desktop":{"background-color":"","background-image":"","background-repeat":"repeat","background-position":"center center","background-size":"auto","background-attachment":"scroll","background-type":"","background-media":"","overlay-type":"","overlay-color":"","overlay-opacity":"","overlay-gradient":""},"tablet":{"background-color":"","background-image":"","background-repeat":"repeat","background-position":"center center","background-size":"auto","background-attachment":"scroll","background-type":"","background-media":"","overlay-type":"","overlay-color":"","overlay-opacity":"","overlay-gradient":""},"mobile":{"background-color":"","background-image":"","background-repeat":"repeat","background-position":"center center","background-size":"auto","background-attachment":"scroll","background-type":"","background-media":"","overlay-type":"","overlay-color":"","overlay-opacity":"","overlay-gradient":""}},"ast-content-background-meta":{"desktop":{"background-color":"var(--ast-global-color-5)","background-image":"","background-repeat":"repeat","background-position":"center center","background-size":"auto","background-attachment":"scroll","background-type":"","background-media":"","overlay-type":"","overlay-color":"","overlay-opacity":"","overlay-gradient":""},"tablet":{"background-color":"var(--ast-global-color-5)","background-image":"","background-repeat":"repeat","background-position":"center center","background-size":"auto","background-attachment":"scroll","background-type":"","background-media":"","overlay-type":"","overlay-color":"","overlay-opacity":"","overlay-gradient":""},"mobile":{"background-color":"var(--ast-global-color-5)","background-image":"","background-repeat":"repeat","background-position":"center center","background-size":"auto","background-attachment":"scroll","background-type":"","background-media":"","overlay-type":"","overlay-color":"","overlay-opacity":"","overlay-gradient":""}},"footnotes":""},"categories":[8],"tags":[],"class_list":["post-7403","post","type-post","status-publish","format-standard","has-post-thumbnail","hentry","category-noticias"],"yoast_head":"<!-- This site is optimized with the Yoast SEO plugin v27.1 - https:\/\/yoast.com\/product\/yoast-seo-wordpress\/ -->\n<title>Alistair Brownlee y Emma Pallant encabezan la selecta start list del Challenge Barcelona Triathlon 2023 - Challenge Barcelona Triatl\u00f3<\/title>\n<meta name=\"robots\" content=\"index, follow, max-snippet:-1, max-image-preview:large, max-video-preview:-1\" \/>\n<link rel=\"canonical\" href=\"https:\/\/www.triathlon.barcelona\/es\/alistair-brownlee-y-emma-pallant-encabezan-la-selecta-start-list-del-challenge-barcelona-triathlon-2023\/\" \/>\n<meta property=\"og:locale\" content=\"es_ES\" \/>\n<meta property=\"og:type\" content=\"article\" \/>\n<meta property=\"og:title\" content=\"Alistair Brownlee y Emma Pallant encabezan la selecta start list del Challenge Barcelona Triathlon 2023 - Challenge Barcelona Triatl\u00f3\" \/>\n<meta property=\"og:description\" content=\"\u00a1\u00daltimos 100 dorsales disponibles! Las inscripciones se cerrar\u00e1n al alcanzar la cifra m\u00e1xima de 3.200 participantes\" \/>\n<meta property=\"og:url\" content=\"https:\/\/www.triathlon.barcelona\/es\/alistair-brownlee-y-emma-pallant-encabezan-la-selecta-start-list-del-challenge-barcelona-triathlon-2023\/\" \/>\n<meta property=\"og:site_name\" content=\"Challenge Barcelona Triatl\u00f3\" \/>\n<meta property=\"article:publisher\" content=\"https:\/\/www.facebook.com\/barcelonatriathlon\" \/>\n<meta property=\"article:published_time\" content=\"2023-09-21T10:02:51+00:00\" \/>\n<meta property=\"article:modified_time\" content=\"2023-09-21T10:29:34+00:00\" \/>\n<meta property=\"og:image\" content=\"https:\/\/www.triathlon.barcelona\/wp-content\/uploads\/2023\/09\/230921-brownlee-pallant-chbcn2023.jpg\" \/>\n\t<meta property=\"og:image:width\" content=\"1920\" \/>\n\t<meta property=\"og:image:height\" content=\"1280\" \/>\n\t<meta property=\"og:image:type\" content=\"image\/jpeg\" \/>\n<meta name=\"author\" content=\"david\" \/>\n<meta name=\"twitter:card\" content=\"summary_large_image\" \/>\n<meta name=\"twitter:creator\" content=\"@bcn_triathlon\" \/>\n<meta name=\"twitter:site\" content=\"@bcn_triathlon\" \/>\n<meta name=\"twitter:label1\" content=\"Escrito por\" \/>\n\t<meta name=\"twitter:data1\" content=\"david\" \/>\n\t<meta name=\"twitter:label2\" content=\"Tiempo de lectura\" \/>\n\t<meta name=\"twitter:data2\" content=\"2 minutos\" \/>\n<script type=\"application\/ld+json\" class=\"yoast-schema-graph\">{\"@context\":\"https:\/\/schema.org\",\"@graph\":[{\"@type\":\"Article\",\"@id\":\"https:\/\/www.triathlon.barcelona\/es\/alistair-brownlee-y-emma-pallant-encabezan-la-selecta-start-list-del-challenge-barcelona-triathlon-2023\/#article\",\"isPartOf\":{\"@id\":\"https:\/\/www.triathlon.barcelona\/es\/alistair-brownlee-y-emma-pallant-encabezan-la-selecta-start-list-del-challenge-barcelona-triathlon-2023\/\"},\"author\":{\"name\":\"david\",\"@id\":\"https:\/\/www.triathlon.barcelona\/es\/#\/schema\/person\/812f46a7af75bae5296e42e5b503d1e6\"},\"headline\":\"Alistair Brownlee y Emma Pallant encabezan la selecta start list del Challenge Barcelona Triathlon 2023\",\"datePublished\":\"2023-09-21T10:02:51+00:00\",\"dateModified\":\"2023-09-21T10:29:34+00:00\",\"mainEntityOfPage\":{\"@id\":\"https:\/\/www.triathlon.barcelona\/es\/alistair-brownlee-y-emma-pallant-encabezan-la-selecta-start-list-del-challenge-barcelona-triathlon-2023\/\"},\"wordCount\":379,\"publisher\":{\"@id\":\"https:\/\/www.triathlon.barcelona\/es\/#organization\"},\"image\":{\"@id\":\"https:\/\/www.triathlon.barcelona\/es\/alistair-brownlee-y-emma-pallant-encabezan-la-selecta-start-list-del-challenge-barcelona-triathlon-2023\/#primaryimage\"},\"thumbnailUrl\":\"https:\/\/www.triathlon.barcelona\/wp-content\/uploads\/2023\/09\/230921-brownlee-pallant-chbcn2023.jpg\",\"articleSection\":[\"Noticias\"],\"inLanguage\":\"es\"},{\"@type\":\"WebPage\",\"@id\":\"https:\/\/www.triathlon.barcelona\/es\/alistair-brownlee-y-emma-pallant-encabezan-la-selecta-start-list-del-challenge-barcelona-triathlon-2023\/\",\"url\":\"https:\/\/www.triathlon.barcelona\/es\/alistair-brownlee-y-emma-pallant-encabezan-la-selecta-start-list-del-challenge-barcelona-triathlon-2023\/\",\"name\":\"Alistair Brownlee y Emma Pallant encabezan la selecta start list del Challenge Barcelona Triathlon 2023 - Challenge Barcelona Triatl\u00f3\",\"isPartOf\":{\"@id\":\"https:\/\/www.triathlon.barcelona\/es\/#website\"},\"primaryImageOfPage\":{\"@id\":\"https:\/\/www.triathlon.barcelona\/es\/alistair-brownlee-y-emma-pallant-encabezan-la-selecta-start-list-del-challenge-barcelona-triathlon-2023\/#primaryimage\"},\"image\":{\"@id\":\"https:\/\/www.triathlon.barcelona\/es\/alistair-brownlee-y-emma-pallant-encabezan-la-selecta-start-list-del-challenge-barcelona-triathlon-2023\/#primaryimage\"},\"thumbnailUrl\":\"https:\/\/www.triathlon.barcelona\/wp-content\/uploads\/2023\/09\/230921-brownlee-pallant-chbcn2023.jpg\",\"datePublished\":\"2023-09-21T10:02:51+00:00\",\"dateModified\":\"2023-09-21T10:29:34+00:00\",\"breadcrumb\":{\"@id\":\"https:\/\/www.triathlon.barcelona\/es\/alistair-brownlee-y-emma-pallant-encabezan-la-selecta-start-list-del-challenge-barcelona-triathlon-2023\/#breadcrumb\"},\"inLanguage\":\"es\",\"potentialAction\":[{\"@type\":\"ReadAction\",\"target\":[\"https:\/\/www.triathlon.barcelona\/es\/alistair-brownlee-y-emma-pallant-encabezan-la-selecta-start-list-del-challenge-barcelona-triathlon-2023\/\"]}]},{\"@type\":\"ImageObject\",\"inLanguage\":\"es\",\"@id\":\"https:\/\/www.triathlon.barcelona\/es\/alistair-brownlee-y-emma-pallant-encabezan-la-selecta-start-list-del-challenge-barcelona-triathlon-2023\/#primaryimage\",\"url\":\"https:\/\/www.triathlon.barcelona\/wp-content\/uploads\/2023\/09\/230921-brownlee-pallant-chbcn2023.jpg\",\"contentUrl\":\"https:\/\/www.triathlon.barcelona\/wp-content\/uploads\/2023\/09\/230921-brownlee-pallant-chbcn2023.jpg\",\"width\":1920,\"height\":1280},{\"@type\":\"BreadcrumbList\",\"@id\":\"https:\/\/www.triathlon.barcelona\/es\/alistair-brownlee-y-emma-pallant-encabezan-la-selecta-start-list-del-challenge-barcelona-triathlon-2023\/#breadcrumb\",\"itemListElement\":[{\"@type\":\"ListItem\",\"position\":1,\"name\":\"Inicio\",\"item\":\"https:\/\/www.triathlon.barcelona\/es\/\"},{\"@type\":\"ListItem\",\"position\":2,\"name\":\"Alistair Brownlee y Emma Pallant encabezan la selecta start list del Challenge Barcelona Triathlon 2023\"}]},{\"@type\":\"WebSite\",\"@id\":\"https:\/\/www.triathlon.barcelona\/es\/#website\",\"url\":\"https:\/\/www.triathlon.barcelona\/es\/\",\"name\":\"Challenge Barcelona Triathlon\",\"description\":\"\",\"publisher\":{\"@id\":\"https:\/\/www.triathlon.barcelona\/es\/#organization\"},\"alternateName\":\"Challenge Barcelona\",\"potentialAction\":[{\"@type\":\"SearchAction\",\"target\":{\"@type\":\"EntryPoint\",\"urlTemplate\":\"https:\/\/www.triathlon.barcelona\/es\/?s={search_term_string}\"},\"query-input\":{\"@type\":\"PropertyValueSpecification\",\"valueRequired\":true,\"valueName\":\"search_term_string\"}}],\"inLanguage\":\"es\"},{\"@type\":\"Organization\",\"@id\":\"https:\/\/www.triathlon.barcelona\/es\/#organization\",\"name\":\"Challenge Barcelona Triathlon\",\"alternateName\":\"Challenge Barcelona\",\"url\":\"https:\/\/www.triathlon.barcelona\/es\/\",\"logo\":{\"@type\":\"ImageObject\",\"inLanguage\":\"es\",\"@id\":\"https:\/\/www.triathlon.barcelona\/es\/#\/schema\/logo\/image\/\",\"url\":\"https:\/\/www.triathlon.barcelona\/wp-content\/uploads\/2024\/06\/logo-challenge-barcelona.png\",\"contentUrl\":\"https:\/\/www.triathlon.barcelona\/wp-content\/uploads\/2024\/06\/logo-challenge-barcelona.png\",\"width\":3209,\"height\":729,\"caption\":\"Challenge Barcelona Triathlon\"},\"image\":{\"@id\":\"https:\/\/www.triathlon.barcelona\/es\/#\/schema\/logo\/image\/\"},\"sameAs\":[\"https:\/\/www.facebook.com\/barcelonatriathlon\",\"https:\/\/x.com\/bcn_triathlon\",\"https:\/\/www.instagram.com\/barcelonatriathlon\/\"]},{\"@type\":\"Person\",\"@id\":\"https:\/\/www.triathlon.barcelona\/es\/#\/schema\/person\/812f46a7af75bae5296e42e5b503d1e6\",\"name\":\"david\",\"image\":{\"@type\":\"ImageObject\",\"inLanguage\":\"es\",\"@id\":\"https:\/\/www.triathlon.barcelona\/es\/#\/schema\/person\/image\/\",\"url\":\"https:\/\/secure.gravatar.com\/avatar\/f3b6b2a94c48d199ba05b31c711ca66bc5650a0dc06074dd63ae046df043d8e8?s=96&d=mm&r=g\",\"contentUrl\":\"https:\/\/secure.gravatar.com\/avatar\/f3b6b2a94c48d199ba05b31c711ca66bc5650a0dc06074dd63ae046df043d8e8?s=96&d=mm&r=g\",\"caption\":\"david\"},\"sameAs\":[\"https:\/\/www.triathlon.barcelona\"],\"url\":\"https:\/\/www.triathlon.barcelona\/es\/author\/david\/\"}]}<\/script>\n<!-- \/ Yoast SEO plugin. -->","yoast_head_json":{"title":"Alistair Brownlee y Emma Pallant encabezan la selecta start list del Challenge Barcelona Triathlon 2023 - Challenge Barcelona Triatl\u00f3","robots":{"index":"index","follow":"follow","max-snippet":"max-snippet:-1","max-image-preview":"max-image-preview:large","max-video-preview":"max-video-preview:-1"},"canonical":"https:\/\/www.triathlon.barcelona\/es\/alistair-brownlee-y-emma-pallant-encabezan-la-selecta-start-list-del-challenge-barcelona-triathlon-2023\/","og_locale":"es_ES","og_type":"article","og_title":"Alistair Brownlee y Emma Pallant encabezan la selecta start list del Challenge Barcelona Triathlon 2023 - Challenge Barcelona Triatl\u00f3","og_description":"\u00a1\u00daltimos 100 dorsales disponibles! Las inscripciones se cerrar\u00e1n al alcanzar la cifra m\u00e1xima de 3.200 participantes","og_url":"https:\/\/www.triathlon.barcelona\/es\/alistair-brownlee-y-emma-pallant-encabezan-la-selecta-start-list-del-challenge-barcelona-triathlon-2023\/","og_site_name":"Challenge Barcelona Triatl\u00f3","article_publisher":"https:\/\/www.facebook.com\/barcelonatriathlon","article_published_time":"2023-09-21T10:02:51+00:00","article_modified_time":"2023-09-21T10:29:34+00:00","og_image":[{"width":1920,"height":1280,"url":"https:\/\/www.triathlon.barcelona\/wp-content\/uploads\/2023\/09\/230921-brownlee-pallant-chbcn2023.jpg","type":"image\/jpeg"}],"author":"david","twitter_card":"summary_large_image","twitter_creator":"@bcn_triathlon","twitter_site":"@bcn_triathlon","twitter_misc":{"Escrito por":"david","Tiempo de lectura":"2 minutos"},"schema":{"@context":"https:\/\/schema.org","@graph":[{"@type":"Article","@id":"https:\/\/www.triathlon.barcelona\/es\/alistair-brownlee-y-emma-pallant-encabezan-la-selecta-start-list-del-challenge-barcelona-triathlon-2023\/#article","isPartOf":{"@id":"https:\/\/www.triathlon.barcelona\/es\/alistair-brownlee-y-emma-pallant-encabezan-la-selecta-start-list-del-challenge-barcelona-triathlon-2023\/"},"author":{"name":"david","@id":"https:\/\/www.triathlon.barcelona\/es\/#\/schema\/person\/812f46a7af75bae5296e42e5b503d1e6"},"headline":"Alistair Brownlee y Emma Pallant encabezan la selecta start list del Challenge Barcelona Triathlon 2023","datePublished":"2023-09-21T10:02:51+00:00","dateModified":"2023-09-21T10:29:34+00:00","mainEntityOfPage":{"@id":"https:\/\/www.triathlon.barcelona\/es\/alistair-brownlee-y-emma-pallant-encabezan-la-selecta-start-list-del-challenge-barcelona-triathlon-2023\/"},"wordCount":379,"publisher":{"@id":"https:\/\/www.triathlon.barcelona\/es\/#organization"},"image":{"@id":"https:\/\/www.triathlon.barcelona\/es\/alistair-brownlee-y-emma-pallant-encabezan-la-selecta-start-list-del-challenge-barcelona-triathlon-2023\/#primaryimage"},"thumbnailUrl":"https:\/\/www.triathlon.barcelona\/wp-content\/uploads\/2023\/09\/230921-brownlee-pallant-chbcn2023.jpg","articleSection":["Noticias"],"inLanguage":"es"},{"@type":"WebPage","@id":"https:\/\/www.triathlon.barcelona\/es\/alistair-brownlee-y-emma-pallant-encabezan-la-selecta-start-list-del-challenge-barcelona-triathlon-2023\/","url":"https:\/\/www.triathlon.barcelona\/es\/alistair-brownlee-y-emma-pallant-encabezan-la-selecta-start-list-del-challenge-barcelona-triathlon-2023\/","name":"Alistair Brownlee y Emma Pallant encabezan la selecta start list del Challenge Barcelona Triathlon 2023 - Challenge Barcelona Triatl\u00f3","isPartOf":{"@id":"https:\/\/www.triathlon.barcelona\/es\/#website"},"primaryImageOfPage":{"@id":"https:\/\/www.triathlon.barcelona\/es\/alistair-brownlee-y-emma-pallant-encabezan-la-selecta-start-list-del-challenge-barcelona-triathlon-2023\/#primaryimage"},"image":{"@id":"https:\/\/www.triathlon.barcelona\/es\/alistair-brownlee-y-emma-pallant-encabezan-la-selecta-start-list-del-challenge-barcelona-triathlon-2023\/#primaryimage"},"thumbnailUrl":"https:\/\/www.triathlon.barcelona\/wp-content\/uploads\/2023\/09\/230921-brownlee-pallant-chbcn2023.jpg","datePublished":"2023-09-21T10:02:51+00:00","dateModified":"2023-09-21T10:29:34+00:00","breadcrumb":{"@id":"https:\/\/www.triathlon.barcelona\/es\/alistair-brownlee-y-emma-pallant-encabezan-la-selecta-start-list-del-challenge-barcelona-triathlon-2023\/#breadcrumb"},"inLanguage":"es","potentialAction":[{"@type":"ReadAction","target":["https:\/\/www.triathlon.barcelona\/es\/alistair-brownlee-y-emma-pallant-encabezan-la-selecta-start-list-del-challenge-barcelona-triathlon-2023\/"]}]},{"@type":"ImageObject","inLanguage":"es","@id":"https:\/\/www.triathlon.barcelona\/es\/alistair-brownlee-y-emma-pallant-encabezan-la-selecta-start-list-del-challenge-barcelona-triathlon-2023\/#primaryimage","url":"https:\/\/www.triathlon.barcelona\/wp-content\/uploads\/2023\/09\/230921-brownlee-pallant-chbcn2023.jpg","contentUrl":"https:\/\/www.triathlon.barcelona\/wp-content\/uploads\/2023\/09\/230921-brownlee-pallant-chbcn2023.jpg","width":1920,"height":1280},{"@type":"BreadcrumbList","@id":"https:\/\/www.triathlon.barcelona\/es\/alistair-brownlee-y-emma-pallant-encabezan-la-selecta-start-list-del-challenge-barcelona-triathlon-2023\/#breadcrumb","itemListElement":[{"@type":"ListItem","position":1,"name":"Inicio","item":"https:\/\/www.triathlon.barcelona\/es\/"},{"@type":"ListItem","position":2,"name":"Alistair Brownlee y Emma Pallant encabezan la selecta start list del Challenge Barcelona Triathlon 2023"}]},{"@type":"WebSite","@id":"https:\/\/www.triathlon.barcelona\/es\/#website","url":"https:\/\/www.triathlon.barcelona\/es\/","name":"Challenge Barcelona Triathlon","description":"","publisher":{"@id":"https:\/\/www.triathlon.barcelona\/es\/#organization"},"alternateName":"Challenge Barcelona","potentialAction":[{"@type":"SearchAction","target":{"@type":"EntryPoint","urlTemplate":"https:\/\/www.triathlon.barcelona\/es\/?s={search_term_string}"},"query-input":{"@type":"PropertyValueSpecification","valueRequired":true,"valueName":"search_term_string"}}],"inLanguage":"es"},{"@type":"Organization","@id":"https:\/\/www.triathlon.barcelona\/es\/#organization","name":"Challenge Barcelona Triathlon","alternateName":"Challenge Barcelona","url":"https:\/\/www.triathlon.barcelona\/es\/","logo":{"@type":"ImageObject","inLanguage":"es","@id":"https:\/\/www.triathlon.barcelona\/es\/#\/schema\/logo\/image\/","url":"https:\/\/www.triathlon.barcelona\/wp-content\/uploads\/2024\/06\/logo-challenge-barcelona.png","contentUrl":"https:\/\/www.triathlon.barcelona\/wp-content\/uploads\/2024\/06\/logo-challenge-barcelona.png","width":3209,"height":729,"caption":"Challenge Barcelona Triathlon"},"image":{"@id":"https:\/\/www.triathlon.barcelona\/es\/#\/schema\/logo\/image\/"},"sameAs":["https:\/\/www.facebook.com\/barcelonatriathlon","https:\/\/x.com\/bcn_triathlon","https:\/\/www.instagram.com\/barcelonatriathlon\/"]},{"@type":"Person","@id":"https:\/\/www.triathlon.barcelona\/es\/#\/schema\/person\/812f46a7af75bae5296e42e5b503d1e6","name":"david","image":{"@type":"ImageObject","inLanguage":"es","@id":"https:\/\/www.triathlon.barcelona\/es\/#\/schema\/person\/image\/","url":"https:\/\/secure.gravatar.com\/avatar\/f3b6b2a94c48d199ba05b31c711ca66bc5650a0dc06074dd63ae046df043d8e8?s=96&d=mm&r=g","contentUrl":"https:\/\/secure.gravatar.com\/avatar\/f3b6b2a94c48d199ba05b31c711ca66bc5650a0dc06074dd63ae046df043d8e8?s=96&d=mm&r=g","caption":"david"},"sameAs":["https:\/\/www.triathlon.barcelona"],"url":"https:\/\/www.triathlon.barcelona\/es\/author\/david\/"}]}},"_links":{"self":[{"href":"https:\/\/www.triathlon.barcelona\/es\/wp-json\/wp\/v2\/posts\/7403","targetHints":{"allow":["GET"]}}],"collection":[{"href":"https:\/\/www.triathlon.barcelona\/es\/wp-json\/wp\/v2\/posts"}],"about":[{"href":"https:\/\/www.triathlon.barcelona\/es\/wp-json\/wp\/v2\/types\/post"}],"author":[{"embeddable":true,"href":"https:\/\/www.triathlon.barcelona\/es\/wp-json\/wp\/v2\/users\/1"}],"replies":[{"embeddable":true,"href":"https:\/\/www.triathlon.barcelona\/es\/wp-json\/wp\/v2\/comments?post=7403"}],"version-history":[{"count":0,"href":"https:\/\/www.triathlon.barcelona\/es\/wp-json\/wp\/v2\/posts\/7403\/revisions"}],"wp:featuredmedia":[{"embeddable":true,"href":"https:\/\/www.triathlon.barcelona\/es\/wp-json\/wp\/v2\/media\/7398"}],"wp:attachment":[{"href":"https:\/\/www.triathlon.barcelona\/es\/wp-json\/wp\/v2\/media?parent=7403"}],"wp:term":[{"taxonomy":"category","embeddable":true,"href":"https:\/\/www.triathlon.barcelona\/es\/wp-json\/wp\/v2\/categories?post=7403"},{"taxonomy":"post_tag","embeddable":true,"href":"https:\/\/www.triathlon.barcelona\/es\/wp-json\/wp\/v2\/tags?post=7403"}],"curies":[{"name":"wp","href":"https:\/\/api.w.org\/{rel}","templated":true}]}}