{"id":7712,"date":"2023-10-09T12:46:51","date_gmt":"2023-10-09T10:46:51","guid":{"rendered":"https:\/\/www.triathlon.barcelona\/?p=7712"},"modified":"2023-10-09T19:52:13","modified_gmt":"2023-10-09T17:52:13","slug":"youri-keulen-e-imogen-simmonds-coronan-el-challenge-barcelona-triathlon-2023","status":"publish","type":"post","link":"https:\/\/www.triathlon.barcelona\/es\/youri-keulen-e-imogen-simmonds-coronan-el-challenge-barcelona-triathlon-2023\/","title":{"rendered":"Youri Keulen e Imogen Simmonds coronan el Challenge Barcelona Triathlon 2023"},"content":{"rendered":"<p><strong>En un emocionante d\u00eda de triatl\u00f3n en el coraz\u00f3n de Barcelona, \u200b\u200bYouri Keulen e Imogen Simmonds se han proclamado campeones del Challenge Barcelona Triathlon 2023<\/strong><span id=\"more-7704\"><\/span><!--more--><\/p>\n<p><strong>La edici\u00f3n de este a\u00f1o, que present\u00f3 como novedad la distancia \u00c9lite Short de 1.5 km de nataci\u00f3n, 60 km de ciclismo y 15 km de carrera a pie, ha atra\u00eddo a atletas de todo el mundo y ha prometido un apasionante espect\u00e1culo deportivo<\/strong><\/p>\n<p>En la modalidad masculina, el neerland\u00e9s Youri Keulen ha protagonizado una actuaci\u00f3n excelente, empezando en noveno lugar despu\u00e9s de la nataci\u00f3n, pero recuperando terreno r\u00e1pidamente durante la etapa de ciclismo.\u00a0Uno de los favoritos, el doble campe\u00f3n ol\u00edmpico Alistair Brownlee, ha sido uno de los competidores destacados mostrando el dominio en bicicleta.\u00a0Ambos l\u00edderes han mantenido un emocionante duelo durante la carrera a pie, pero fue Keulen quien ha logrado mantener su ventaja y cruzar la l\u00ednea de meta en 2 horas, 29 minutos y 15 segundos, seguido de cerca por Brownlee en 2 horas, 29 minutos y 36 segundos. El alem\u00e1n Wilhelm Hirsch ha completado el podio en tercera posici\u00f3n con un tiempo de 2 horas, 30 minutos y 55 segundos.<\/p>\n<p>En la modalidad femenina, la suiza Imogen Simmonds no ha tenido el arranque deseado. Ha salido s\u00e9ptima en el sector de nataci\u00f3n, pero ha logrado recuperarse en la etapa de ciclismo. Realmente, ha sido la brit\u00e1nica Lucy Buckingham quien ha liderado la nataci\u00f3n con un tiempo de 19 minutos y 11 segundos, seguida de cerca por la barcelonesa Sara P\u00e9rez, que ha tenido que abandonar en el sector de ciclismo.\u00a0Simmonds, pese a estar resfriada, ha demostrado su fortaleza en la bicicleta. Durante la carrera a pie, la suiza ha tomado la delantera, asegurando el tercer t\u00edtulo de la temporada con un tiempo de 2 horas, 49 minutos y 44 segundos. Buckingham se ha llevado la segunda posici\u00f3n en 2 horas, 52 minutos y 38 segundos, mientras que la alemana Caroline Pohle ha completado el podio en tercer lugar con un tiempo de 2 horas, 53 minutos y 9 segundos.<\/p>\n<p>En esta edici\u00f3n, el Challenge Barcelona Triathlon ha agotado las 3.200 plazas disponibles y ha logrado una gran representaci\u00f3n de atletas internacionales venidos y venidas de hasta 57 pa\u00edses distintos.\u00a0Adem\u00e1s, destaca la elevada participaci\u00f3n femenina, que se consolida con un 30% del total.<\/p>\n<p>El evento internacional de triatl\u00f3n ha ofrecido a los participantes y las participantes la oportunidad de competir en diversas distancias, desde la desafiante \u00c9lite Short hasta la Ol\u00edmpica, la Sprint, la Super Sprint, la Junior Challenge y el Aquatl\u00f3. La ciudad de Barcelona ha proporcionado un tel\u00f3n de fondo ic\u00f3nico para este evento deportivo de clase mundial.<\/p>\n<p>&nbsp;<\/p>\n<p><strong><a href=\"https:\/\/www.triathlon.barcelona\/es\/atletas\/informacion-prueba\/clasificaciones\/\">Clasificaciones 2023<\/a><\/strong><\/p>\n<p><strong><a href=\"https:\/\/www.dropbox.com\/scl\/fo\/ou58gjlkkh61mt7td94pr\/h?rlkey=xlvmcs76tapzvl2agm235zf24&amp;dl=0\" target=\"_blank\" rel=\"noopener\">Fotograf\u00edas del Challenge Barcelona Triathlon 2023<\/a><\/strong><\/p>\n<p>&nbsp;<\/p>\n<p><strong>Entrevistas en meta:<\/strong><\/p>\n<p>Youri Keulen \u2013\u00a0\u00a0<a href=\"https:\/\/youtu.be\/EJmz_DUkf5M\">https:\/\/youtu.be\/EJmz_DUkf5M<\/a><\/p>\n<p>Alistair Brownlee \u2013\u00a0\u00a0<a href=\"https:\/\/youtu.be\/bzqRBTTS13k\">https:\/\/youtu.be\/bzqRBTTS13k<\/a><\/p>\n<p>Im\u00f3geno Simmonds \u2013\u00a0\u00a0<a href=\"https:\/\/youtu.be\/607F-pBp9CA\">https:\/\/youtu.be\/607F-pBp9CA<\/a><\/p>\n","protected":false},"excerpt":{"rendered":"<p>En un emocionante d\u00eda de triatl\u00f3n en el coraz\u00f3n de Barcelona, \u200b\u200bYouri Keulen e Imogen Simmonds se han proclamado campeones del Challenge Barcelona Triathlon 2023<\/p>\n","protected":false},"author":1,"featured_media":7707,"comment_status":"closed","ping_status":"closed","sticky":false,"template":"","format":"standard","meta":{"_monsterinsights_skip_tracking":false,"site-sidebar-layout":"default","site-content-layout":"","ast-site-content-layout":"default","site-content-style":"default","site-sidebar-style":"default","ast-global-header-display":"","ast-banner-title-visibility":"","ast-main-header-display":"","ast-hfb-above-header-display":"","ast-hfb-below-header-display":"","ast-hfb-mobile-header-display":"","site-post-title":"","ast-breadcrumbs-content":"","ast-featured-img":"","footer-sml-layout":"","ast-disable-related-posts":"","theme-transparent-header-meta":"default","adv-header-id-meta":"","stick-header-meta":"default","header-above-stick-meta":"","header-main-stick-meta":"","header-below-stick-meta":"","astra-migrate-meta-layouts":"set","ast-page-background-enabled":"default","ast-page-background-meta":{"desktop":{"background-color":"","background-image":"","background-repeat":"repeat","background-position":"center center","background-size":"auto","background-attachment":"scroll","background-type":"","background-media":"","overlay-type":"","overlay-color":"","overlay-opacity":"","overlay-gradient":""},"tablet":{"background-color":"","background-image":"","background-repeat":"repeat","background-position":"center center","background-size":"auto","background-attachment":"scroll","background-type":"","background-media":"","overlay-type":"","overlay-color":"","overlay-opacity":"","overlay-gradient":""},"mobile":{"background-color":"","background-image":"","background-repeat":"repeat","background-position":"center center","background-size":"auto","background-attachment":"scroll","background-type":"","background-media":"","overlay-type":"","overlay-color":"","overlay-opacity":"","overlay-gradient":""}},"ast-content-background-meta":{"desktop":{"background-color":"var(--ast-global-color-5)","background-image":"","background-repeat":"repeat","background-position":"center center","background-size":"auto","background-attachment":"scroll","background-type":"","background-media":"","overlay-type":"","overlay-color":"","overlay-opacity":"","overlay-gradient":""},"tablet":{"background-color":"var(--ast-global-color-5)","background-image":"","background-repeat":"repeat","background-position":"center center","background-size":"auto","background-attachment":"scroll","background-type":"","background-media":"","overlay-type":"","overlay-color":"","overlay-opacity":"","overlay-gradient":""},"mobile":{"background-color":"var(--ast-global-color-5)","background-image":"","background-repeat":"repeat","background-position":"center center","background-size":"auto","background-attachment":"scroll","background-type":"","background-media":"","overlay-type":"","overlay-color":"","overlay-opacity":"","overlay-gradient":""}},"footnotes":""},"categories":[8],"tags":[],"class_list":["post-7712","post","type-post","status-publish","format-standard","has-post-thumbnail","hentry","category-noticias"],"yoast_head":"<!-- This site is optimized with the Yoast SEO plugin v27.1 - https:\/\/yoast.com\/product\/yoast-seo-wordpress\/ -->\n<title>Youri Keulen e Imogen Simmonds coronan el Challenge Barcelona Triathlon 2023 - Challenge Barcelona Triatl\u00f3<\/title>\n<meta name=\"robots\" content=\"index, follow, max-snippet:-1, max-image-preview:large, max-video-preview:-1\" \/>\n<link rel=\"canonical\" href=\"https:\/\/www.triathlon.barcelona\/es\/youri-keulen-e-imogen-simmonds-coronan-el-challenge-barcelona-triathlon-2023\/\" \/>\n<meta property=\"og:locale\" content=\"es_ES\" \/>\n<meta property=\"og:type\" content=\"article\" \/>\n<meta property=\"og:title\" content=\"Youri Keulen e Imogen Simmonds coronan el Challenge Barcelona Triathlon 2023 - Challenge Barcelona Triatl\u00f3\" \/>\n<meta property=\"og:description\" content=\"En un emocionante d\u00eda de triatl\u00f3n en el coraz\u00f3n de Barcelona, \u200b\u200bYouri Keulen e Imogen Simmonds se han proclamado campeones del Challenge Barcelona Triathlon 2023\" \/>\n<meta property=\"og:url\" content=\"https:\/\/www.triathlon.barcelona\/es\/youri-keulen-e-imogen-simmonds-coronan-el-challenge-barcelona-triathlon-2023\/\" \/>\n<meta property=\"og:site_name\" content=\"Challenge Barcelona Triatl\u00f3\" \/>\n<meta property=\"article:publisher\" content=\"https:\/\/www.facebook.com\/barcelonatriathlon\" \/>\n<meta property=\"article:published_time\" content=\"2023-10-09T10:46:51+00:00\" \/>\n<meta property=\"article:modified_time\" content=\"2023-10-09T17:52:13+00:00\" \/>\n<meta property=\"og:image\" content=\"https:\/\/www.triathlon.barcelona\/wp-content\/uploads\/2023\/10\/231008-gunyadors-chbcn2023.jpg\" \/>\n\t<meta property=\"og:image:width\" content=\"1920\" \/>\n\t<meta property=\"og:image:height\" content=\"1280\" \/>\n\t<meta property=\"og:image:type\" content=\"image\/jpeg\" \/>\n<meta name=\"author\" content=\"david\" \/>\n<meta name=\"twitter:card\" content=\"summary_large_image\" \/>\n<meta name=\"twitter:creator\" content=\"@bcn_triathlon\" \/>\n<meta name=\"twitter:site\" content=\"@bcn_triathlon\" \/>\n<meta name=\"twitter:label1\" content=\"Escrito por\" \/>\n\t<meta name=\"twitter:data1\" content=\"david\" \/>\n\t<meta name=\"twitter:label2\" content=\"Tiempo de lectura\" \/>\n\t<meta name=\"twitter:data2\" content=\"3 minutos\" \/>\n<script type=\"application\/ld+json\" class=\"yoast-schema-graph\">{\"@context\":\"https:\/\/schema.org\",\"@graph\":[{\"@type\":\"Article\",\"@id\":\"https:\/\/www.triathlon.barcelona\/es\/youri-keulen-e-imogen-simmonds-coronan-el-challenge-barcelona-triathlon-2023\/#article\",\"isPartOf\":{\"@id\":\"https:\/\/www.triathlon.barcelona\/es\/youri-keulen-e-imogen-simmonds-coronan-el-challenge-barcelona-triathlon-2023\/\"},\"author\":{\"name\":\"david\",\"@id\":\"https:\/\/www.triathlon.barcelona\/es\/#\/schema\/person\/812f46a7af75bae5296e42e5b503d1e6\"},\"headline\":\"Youri Keulen e Imogen Simmonds coronan el Challenge Barcelona Triathlon 2023\",\"datePublished\":\"2023-10-09T10:46:51+00:00\",\"dateModified\":\"2023-10-09T17:52:13+00:00\",\"mainEntityOfPage\":{\"@id\":\"https:\/\/www.triathlon.barcelona\/es\/youri-keulen-e-imogen-simmonds-coronan-el-challenge-barcelona-triathlon-2023\/\"},\"wordCount\":495,\"publisher\":{\"@id\":\"https:\/\/www.triathlon.barcelona\/es\/#organization\"},\"image\":{\"@id\":\"https:\/\/www.triathlon.barcelona\/es\/youri-keulen-e-imogen-simmonds-coronan-el-challenge-barcelona-triathlon-2023\/#primaryimage\"},\"thumbnailUrl\":\"https:\/\/www.triathlon.barcelona\/wp-content\/uploads\/2023\/10\/231008-gunyadors-chbcn2023.jpg\",\"articleSection\":[\"Noticias\"],\"inLanguage\":\"es\"},{\"@type\":\"WebPage\",\"@id\":\"https:\/\/www.triathlon.barcelona\/es\/youri-keulen-e-imogen-simmonds-coronan-el-challenge-barcelona-triathlon-2023\/\",\"url\":\"https:\/\/www.triathlon.barcelona\/es\/youri-keulen-e-imogen-simmonds-coronan-el-challenge-barcelona-triathlon-2023\/\",\"name\":\"Youri Keulen e Imogen Simmonds coronan el Challenge Barcelona Triathlon 2023 - Challenge Barcelona Triatl\u00f3\",\"isPartOf\":{\"@id\":\"https:\/\/www.triathlon.barcelona\/es\/#website\"},\"primaryImageOfPage\":{\"@id\":\"https:\/\/www.triathlon.barcelona\/es\/youri-keulen-e-imogen-simmonds-coronan-el-challenge-barcelona-triathlon-2023\/#primaryimage\"},\"image\":{\"@id\":\"https:\/\/www.triathlon.barcelona\/es\/youri-keulen-e-imogen-simmonds-coronan-el-challenge-barcelona-triathlon-2023\/#primaryimage\"},\"thumbnailUrl\":\"https:\/\/www.triathlon.barcelona\/wp-content\/uploads\/2023\/10\/231008-gunyadors-chbcn2023.jpg\",\"datePublished\":\"2023-10-09T10:46:51+00:00\",\"dateModified\":\"2023-10-09T17:52:13+00:00\",\"breadcrumb\":{\"@id\":\"https:\/\/www.triathlon.barcelona\/es\/youri-keulen-e-imogen-simmonds-coronan-el-challenge-barcelona-triathlon-2023\/#breadcrumb\"},\"inLanguage\":\"es\",\"potentialAction\":[{\"@type\":\"ReadAction\",\"target\":[\"https:\/\/www.triathlon.barcelona\/es\/youri-keulen-e-imogen-simmonds-coronan-el-challenge-barcelona-triathlon-2023\/\"]}]},{\"@type\":\"ImageObject\",\"inLanguage\":\"es\",\"@id\":\"https:\/\/www.triathlon.barcelona\/es\/youri-keulen-e-imogen-simmonds-coronan-el-challenge-barcelona-triathlon-2023\/#primaryimage\",\"url\":\"https:\/\/www.triathlon.barcelona\/wp-content\/uploads\/2023\/10\/231008-gunyadors-chbcn2023.jpg\",\"contentUrl\":\"https:\/\/www.triathlon.barcelona\/wp-content\/uploads\/2023\/10\/231008-gunyadors-chbcn2023.jpg\",\"width\":1920,\"height\":1280},{\"@type\":\"BreadcrumbList\",\"@id\":\"https:\/\/www.triathlon.barcelona\/es\/youri-keulen-e-imogen-simmonds-coronan-el-challenge-barcelona-triathlon-2023\/#breadcrumb\",\"itemListElement\":[{\"@type\":\"ListItem\",\"position\":1,\"name\":\"Inicio\",\"item\":\"https:\/\/www.triathlon.barcelona\/es\/\"},{\"@type\":\"ListItem\",\"position\":2,\"name\":\"Youri Keulen e Imogen Simmonds coronan el Challenge Barcelona Triathlon 2023\"}]},{\"@type\":\"WebSite\",\"@id\":\"https:\/\/www.triathlon.barcelona\/es\/#website\",\"url\":\"https:\/\/www.triathlon.barcelona\/es\/\",\"name\":\"Challenge Barcelona Triathlon\",\"description\":\"\",\"publisher\":{\"@id\":\"https:\/\/www.triathlon.barcelona\/es\/#organization\"},\"alternateName\":\"Challenge Barcelona\",\"potentialAction\":[{\"@type\":\"SearchAction\",\"target\":{\"@type\":\"EntryPoint\",\"urlTemplate\":\"https:\/\/www.triathlon.barcelona\/es\/?s={search_term_string}\"},\"query-input\":{\"@type\":\"PropertyValueSpecification\",\"valueRequired\":true,\"valueName\":\"search_term_string\"}}],\"inLanguage\":\"es\"},{\"@type\":\"Organization\",\"@id\":\"https:\/\/www.triathlon.barcelona\/es\/#organization\",\"name\":\"Challenge Barcelona Triathlon\",\"alternateName\":\"Challenge Barcelona\",\"url\":\"https:\/\/www.triathlon.barcelona\/es\/\",\"logo\":{\"@type\":\"ImageObject\",\"inLanguage\":\"es\",\"@id\":\"https:\/\/www.triathlon.barcelona\/es\/#\/schema\/logo\/image\/\",\"url\":\"https:\/\/www.triathlon.barcelona\/wp-content\/uploads\/2024\/06\/logo-challenge-barcelona.png\",\"contentUrl\":\"https:\/\/www.triathlon.barcelona\/wp-content\/uploads\/2024\/06\/logo-challenge-barcelona.png\",\"width\":3209,\"height\":729,\"caption\":\"Challenge Barcelona Triathlon\"},\"image\":{\"@id\":\"https:\/\/www.triathlon.barcelona\/es\/#\/schema\/logo\/image\/\"},\"sameAs\":[\"https:\/\/www.facebook.com\/barcelonatriathlon\",\"https:\/\/x.com\/bcn_triathlon\",\"https:\/\/www.instagram.com\/barcelonatriathlon\/\"]},{\"@type\":\"Person\",\"@id\":\"https:\/\/www.triathlon.barcelona\/es\/#\/schema\/person\/812f46a7af75bae5296e42e5b503d1e6\",\"name\":\"david\",\"image\":{\"@type\":\"ImageObject\",\"inLanguage\":\"es\",\"@id\":\"https:\/\/www.triathlon.barcelona\/es\/#\/schema\/person\/image\/\",\"url\":\"https:\/\/secure.gravatar.com\/avatar\/f3b6b2a94c48d199ba05b31c711ca66bc5650a0dc06074dd63ae046df043d8e8?s=96&d=mm&r=g\",\"contentUrl\":\"https:\/\/secure.gravatar.com\/avatar\/f3b6b2a94c48d199ba05b31c711ca66bc5650a0dc06074dd63ae046df043d8e8?s=96&d=mm&r=g\",\"caption\":\"david\"},\"sameAs\":[\"https:\/\/www.triathlon.barcelona\"],\"url\":\"https:\/\/www.triathlon.barcelona\/es\/author\/david\/\"}]}<\/script>\n<!-- \/ Yoast SEO plugin. -->","yoast_head_json":{"title":"Youri Keulen e Imogen Simmonds coronan el Challenge Barcelona Triathlon 2023 - Challenge Barcelona Triatl\u00f3","robots":{"index":"index","follow":"follow","max-snippet":"max-snippet:-1","max-image-preview":"max-image-preview:large","max-video-preview":"max-video-preview:-1"},"canonical":"https:\/\/www.triathlon.barcelona\/es\/youri-keulen-e-imogen-simmonds-coronan-el-challenge-barcelona-triathlon-2023\/","og_locale":"es_ES","og_type":"article","og_title":"Youri Keulen e Imogen Simmonds coronan el Challenge Barcelona Triathlon 2023 - Challenge Barcelona Triatl\u00f3","og_description":"En un emocionante d\u00eda de triatl\u00f3n en el coraz\u00f3n de Barcelona, \u200b\u200bYouri Keulen e Imogen Simmonds se han proclamado campeones del Challenge Barcelona Triathlon 2023","og_url":"https:\/\/www.triathlon.barcelona\/es\/youri-keulen-e-imogen-simmonds-coronan-el-challenge-barcelona-triathlon-2023\/","og_site_name":"Challenge Barcelona Triatl\u00f3","article_publisher":"https:\/\/www.facebook.com\/barcelonatriathlon","article_published_time":"2023-10-09T10:46:51+00:00","article_modified_time":"2023-10-09T17:52:13+00:00","og_image":[{"width":1920,"height":1280,"url":"https:\/\/www.triathlon.barcelona\/wp-content\/uploads\/2023\/10\/231008-gunyadors-chbcn2023.jpg","type":"image\/jpeg"}],"author":"david","twitter_card":"summary_large_image","twitter_creator":"@bcn_triathlon","twitter_site":"@bcn_triathlon","twitter_misc":{"Escrito por":"david","Tiempo de lectura":"3 minutos"},"schema":{"@context":"https:\/\/schema.org","@graph":[{"@type":"Article","@id":"https:\/\/www.triathlon.barcelona\/es\/youri-keulen-e-imogen-simmonds-coronan-el-challenge-barcelona-triathlon-2023\/#article","isPartOf":{"@id":"https:\/\/www.triathlon.barcelona\/es\/youri-keulen-e-imogen-simmonds-coronan-el-challenge-barcelona-triathlon-2023\/"},"author":{"name":"david","@id":"https:\/\/www.triathlon.barcelona\/es\/#\/schema\/person\/812f46a7af75bae5296e42e5b503d1e6"},"headline":"Youri Keulen e Imogen Simmonds coronan el Challenge Barcelona Triathlon 2023","datePublished":"2023-10-09T10:46:51+00:00","dateModified":"2023-10-09T17:52:13+00:00","mainEntityOfPage":{"@id":"https:\/\/www.triathlon.barcelona\/es\/youri-keulen-e-imogen-simmonds-coronan-el-challenge-barcelona-triathlon-2023\/"},"wordCount":495,"publisher":{"@id":"https:\/\/www.triathlon.barcelona\/es\/#organization"},"image":{"@id":"https:\/\/www.triathlon.barcelona\/es\/youri-keulen-e-imogen-simmonds-coronan-el-challenge-barcelona-triathlon-2023\/#primaryimage"},"thumbnailUrl":"https:\/\/www.triathlon.barcelona\/wp-content\/uploads\/2023\/10\/231008-gunyadors-chbcn2023.jpg","articleSection":["Noticias"],"inLanguage":"es"},{"@type":"WebPage","@id":"https:\/\/www.triathlon.barcelona\/es\/youri-keulen-e-imogen-simmonds-coronan-el-challenge-barcelona-triathlon-2023\/","url":"https:\/\/www.triathlon.barcelona\/es\/youri-keulen-e-imogen-simmonds-coronan-el-challenge-barcelona-triathlon-2023\/","name":"Youri Keulen e Imogen Simmonds coronan el Challenge Barcelona Triathlon 2023 - Challenge Barcelona Triatl\u00f3","isPartOf":{"@id":"https:\/\/www.triathlon.barcelona\/es\/#website"},"primaryImageOfPage":{"@id":"https:\/\/www.triathlon.barcelona\/es\/youri-keulen-e-imogen-simmonds-coronan-el-challenge-barcelona-triathlon-2023\/#primaryimage"},"image":{"@id":"https:\/\/www.triathlon.barcelona\/es\/youri-keulen-e-imogen-simmonds-coronan-el-challenge-barcelona-triathlon-2023\/#primaryimage"},"thumbnailUrl":"https:\/\/www.triathlon.barcelona\/wp-content\/uploads\/2023\/10\/231008-gunyadors-chbcn2023.jpg","datePublished":"2023-10-09T10:46:51+00:00","dateModified":"2023-10-09T17:52:13+00:00","breadcrumb":{"@id":"https:\/\/www.triathlon.barcelona\/es\/youri-keulen-e-imogen-simmonds-coronan-el-challenge-barcelona-triathlon-2023\/#breadcrumb"},"inLanguage":"es","potentialAction":[{"@type":"ReadAction","target":["https:\/\/www.triathlon.barcelona\/es\/youri-keulen-e-imogen-simmonds-coronan-el-challenge-barcelona-triathlon-2023\/"]}]},{"@type":"ImageObject","inLanguage":"es","@id":"https:\/\/www.triathlon.barcelona\/es\/youri-keulen-e-imogen-simmonds-coronan-el-challenge-barcelona-triathlon-2023\/#primaryimage","url":"https:\/\/www.triathlon.barcelona\/wp-content\/uploads\/2023\/10\/231008-gunyadors-chbcn2023.jpg","contentUrl":"https:\/\/www.triathlon.barcelona\/wp-content\/uploads\/2023\/10\/231008-gunyadors-chbcn2023.jpg","width":1920,"height":1280},{"@type":"BreadcrumbList","@id":"https:\/\/www.triathlon.barcelona\/es\/youri-keulen-e-imogen-simmonds-coronan-el-challenge-barcelona-triathlon-2023\/#breadcrumb","itemListElement":[{"@type":"ListItem","position":1,"name":"Inicio","item":"https:\/\/www.triathlon.barcelona\/es\/"},{"@type":"ListItem","position":2,"name":"Youri Keulen e Imogen Simmonds coronan el Challenge Barcelona Triathlon 2023"}]},{"@type":"WebSite","@id":"https:\/\/www.triathlon.barcelona\/es\/#website","url":"https:\/\/www.triathlon.barcelona\/es\/","name":"Challenge Barcelona Triathlon","description":"","publisher":{"@id":"https:\/\/www.triathlon.barcelona\/es\/#organization"},"alternateName":"Challenge Barcelona","potentialAction":[{"@type":"SearchAction","target":{"@type":"EntryPoint","urlTemplate":"https:\/\/www.triathlon.barcelona\/es\/?s={search_term_string}"},"query-input":{"@type":"PropertyValueSpecification","valueRequired":true,"valueName":"search_term_string"}}],"inLanguage":"es"},{"@type":"Organization","@id":"https:\/\/www.triathlon.barcelona\/es\/#organization","name":"Challenge Barcelona Triathlon","alternateName":"Challenge Barcelona","url":"https:\/\/www.triathlon.barcelona\/es\/","logo":{"@type":"ImageObject","inLanguage":"es","@id":"https:\/\/www.triathlon.barcelona\/es\/#\/schema\/logo\/image\/","url":"https:\/\/www.triathlon.barcelona\/wp-content\/uploads\/2024\/06\/logo-challenge-barcelona.png","contentUrl":"https:\/\/www.triathlon.barcelona\/wp-content\/uploads\/2024\/06\/logo-challenge-barcelona.png","width":3209,"height":729,"caption":"Challenge Barcelona Triathlon"},"image":{"@id":"https:\/\/www.triathlon.barcelona\/es\/#\/schema\/logo\/image\/"},"sameAs":["https:\/\/www.facebook.com\/barcelonatriathlon","https:\/\/x.com\/bcn_triathlon","https:\/\/www.instagram.com\/barcelonatriathlon\/"]},{"@type":"Person","@id":"https:\/\/www.triathlon.barcelona\/es\/#\/schema\/person\/812f46a7af75bae5296e42e5b503d1e6","name":"david","image":{"@type":"ImageObject","inLanguage":"es","@id":"https:\/\/www.triathlon.barcelona\/es\/#\/schema\/person\/image\/","url":"https:\/\/secure.gravatar.com\/avatar\/f3b6b2a94c48d199ba05b31c711ca66bc5650a0dc06074dd63ae046df043d8e8?s=96&d=mm&r=g","contentUrl":"https:\/\/secure.gravatar.com\/avatar\/f3b6b2a94c48d199ba05b31c711ca66bc5650a0dc06074dd63ae046df043d8e8?s=96&d=mm&r=g","caption":"david"},"sameAs":["https:\/\/www.triathlon.barcelona"],"url":"https:\/\/www.triathlon.barcelona\/es\/author\/david\/"}]}},"_links":{"self":[{"href":"https:\/\/www.triathlon.barcelona\/es\/wp-json\/wp\/v2\/posts\/7712","targetHints":{"allow":["GET"]}}],"collection":[{"href":"https:\/\/www.triathlon.barcelona\/es\/wp-json\/wp\/v2\/posts"}],"about":[{"href":"https:\/\/www.triathlon.barcelona\/es\/wp-json\/wp\/v2\/types\/post"}],"author":[{"embeddable":true,"href":"https:\/\/www.triathlon.barcelona\/es\/wp-json\/wp\/v2\/users\/1"}],"replies":[{"embeddable":true,"href":"https:\/\/www.triathlon.barcelona\/es\/wp-json\/wp\/v2\/comments?post=7712"}],"version-history":[{"count":0,"href":"https:\/\/www.triathlon.barcelona\/es\/wp-json\/wp\/v2\/posts\/7712\/revisions"}],"wp:featuredmedia":[{"embeddable":true,"href":"https:\/\/www.triathlon.barcelona\/es\/wp-json\/wp\/v2\/media\/7707"}],"wp:attachment":[{"href":"https:\/\/www.triathlon.barcelona\/es\/wp-json\/wp\/v2\/media?parent=7712"}],"wp:term":[{"taxonomy":"category","embeddable":true,"href":"https:\/\/www.triathlon.barcelona\/es\/wp-json\/wp\/v2\/categories?post=7712"},{"taxonomy":"post_tag","embeddable":true,"href":"https:\/\/www.triathlon.barcelona\/es\/wp-json\/wp\/v2\/tags?post=7712"}],"curies":[{"name":"wp","href":"https:\/\/api.w.org\/{rel}","templated":true}]}}