{"id":8605,"date":"2024-02-29T00:05:48","date_gmt":"2024-02-28T23:05:48","guid":{"rendered":"https:\/\/www.triathlon.barcelona\/?p=8605"},"modified":"2024-02-29T13:35:41","modified_gmt":"2024-02-29T12:35:41","slug":"el-challenge-barcelona-triathlon-abre-sus-inscripciones","status":"publish","type":"post","link":"https:\/\/www.triathlon.barcelona\/es\/el-challenge-barcelona-triathlon-abre-sus-inscripciones\/","title":{"rendered":"El Challenge Barcelona Triathlon abre sus inscripciones"},"content":{"rendered":"<p><strong>La edici\u00f3n de este a\u00f1o se celebrar\u00e1 el domingo 27 de octubre<\/strong><span id=\"more-8599\"><\/span><!--more--><\/p>\n<p><strong>La esperada cita internacional del triatl\u00f3n vuelve con emocionantes novedades y la oportunidad \u00fanica de unirse a la distancia Short<\/strong><\/p>\n<p>El Challenge Barcelona Triathlon, uno de los eventos m\u00e1s destacados en el mundo del triatl\u00f3n, abre sus inscripciones para la nueva edici\u00f3n que se celebrar\u00e1 el 27 de octubre de 2024. A partir de hoy, 29 de febrero, los apasionados y las apasionadas de este deporte podr\u00e1n asegurar su participaci\u00f3n en esta emblem\u00e1tica competici\u00f3n.<\/p>\n<p>\u201cBarcelona ya ha reservado una nueva jornada en su vibrante calendario deportivo de este a\u00f1o 2024. S\u00f3lo unos d\u00edas despu\u00e9s de cerrar la 37\u00aa Copa Am\u00e9rica, el 27 de octubre la ciudad volver\u00e1 a estar en el centro de la actualidad deportiva con la nueva edici\u00f3n del Challenge Barcelona Triathlon.\u00a0Hoy abrimos inscripciones y comienza la cuenta atr\u00e1s por esta gran prueba que el a\u00f1o pasado logr\u00f3 agotar dorsales y creci\u00f3 de forma muy significativa.\u00a0Nuestra ciudad volver\u00e1 a vibrar con los triatletas de todo el mundo que no querr\u00e1n perderse una de las competiciones m\u00e1s emocionantes y bonitas del mundo\u201d, ha declarado el concejal de Deportes, David Escud\u00e9.<\/p>\n<p><strong>Precio especial por tiempo limitado<\/strong><\/p>\n<p>Del 29 de febrero al 31 de marzo de 2024, los y las participantes podr\u00e1n aprovechar un precio especial al inscribirse en cualquiera de las distancias confirmadas para esta edici\u00f3n:<\/p>\n<ul>\n<li><strong>Short:<\/strong> 1.500 metros de recorrido de nataci\u00f3n con 2 vueltas, 56 kil\u00f3metros de circuito de ciclismo con 5 vueltas y 15 kil\u00f3metros del tramo de la carrera a pie con 3 vueltas.<\/li>\n<li><strong>Ol\u00edmpico<\/strong>: 1.500 metros de recorrido de nataci\u00f3n con 1 vuelta, 40 kil\u00f3metros de circuito de ciclismo con 4 vueltas y 10 kil\u00f3metros del tramo de la carrera a pie con 2 vueltas.<\/li>\n<li><strong>Sprint<\/strong>: 750 metros de recorrido de nataci\u00f3n con 1 vuelta, 20 kil\u00f3metros de circuito de ciclismo con 2 vueltas y 5 kil\u00f3metros del tramo de la carrera a pie con 1 vuelta.<\/li>\n<li><strong>Junior Challenge<\/strong>: 300 metros de recorrido de nataci\u00f3n con 1 vuelta, 9 kil\u00f3metros de circuito de ciclismo a 1 vuelta y 1,5 kil\u00f3metros del tramo de la carrera a pie con 1 vuelta.<\/li>\n<li><strong>Acuatl\u00f3n<\/strong>: 750 metros de recorrido de nataci\u00f3n con 1 vuelta y 5 kil\u00f3metros del tramo de la carrera a pie con 1 vuelta.<\/li>\n<\/ul>\n<p>La participaci\u00f3n en cada una de las distancias ser\u00e1 individual, a excepci\u00f3n del Ol\u00edmpico y Sprint que se podr\u00e1n realizar tambi\u00e9n en modalidad pareja o relieve.<\/p>\n<p><strong>Oportunidad \u00fanica de participar en el Short<\/strong><\/p>\n<p>Una de las grandes novedades de este a\u00f1o es la apertura de 80 plazas para atletas no profesionales en la distancia Short.\u00a0Aquellas personas que quieran inscribirse en esta distancia tendr\u00e1n que cumplir dos requisitos fundamentales: ser atletas federados en triatl\u00f3n y aceptar y cumplir los tiempos de corte y el reglamento establecidos por esta distancia.<\/p>\n<p>Un a\u00f1o m\u00e1s, el Challenge Barcelona Triathlon repartir\u00e1 25.000 euros en premios por esta distancia Short, que adem\u00e1s ser\u00e1 puntuable para el\u00a0<strong>World Challenge Bonus<\/strong>, una iniciativa que Challenge Family ofrece a los y las atletas de \u00e9lite la oportunidad de competir por un ranking con una bolsa de premios de 125.000 euros.\u00a0Por otra parte, la prueba tambi\u00e9n ser\u00e1 puntuable por el\u00a0<strong>Ranking de la PTO<\/strong>, la Organizaci\u00f3n de Triatletas Profesionales, y clasificatoria por el\u00a0<strong>The Championship de Challenge Family<\/strong>, un campeonato anual que re\u00fane a los y las mejores triatletas del mundo en Samorin (Eslovaquia).<\/p>\n<p><strong>Junior Challenge y Tri Expo<\/strong><\/p>\n<p>Como ya ocurri\u00f3 en la edici\u00f3n de 2023, el Challenge Barcelona Triathlon volver\u00e1 a ofrecer una opci\u00f3n para los m\u00e1s j\u00f3venes con el objetivo de promocionar y hacer llegar esta prueba a los adolescentes mientras disfrutan del mejor escenario y con la m\u00e1xima seguridad.\u00a0As\u00ed, los chicos y chicas de entre 12 y 17 a\u00f1os que deseen participar tienen la opci\u00f3n de hacerlo con una distancia\u00a0<em>Super Sprint<\/em>\u00a0con los mismos servicios que los adultos.<\/p>\n<p>Adem\u00e1s de la competici\u00f3n, un a\u00f1o m\u00e1s volver\u00e1 la\u00a0<strong>Tri Expo<\/strong>, la feria del triatl\u00f3n que tendr\u00e1 lugar el viernes 25 de octubre de 15 a 19 horas y el s\u00e1bado 26 de octubre de 10 a 18 horas en el Complejo Deportivo Municipal La Mar Bella, donde tanto triatletas como aficionados y aficionadas podr\u00e1n acceder a la Feria de expositores de material deportivo especializado y tambi\u00e9n al merchandising de la prueba.<\/p>\n<p>&nbsp;<\/p>\n<p><strong>Materiales complementarios:<\/strong><\/p>\n<p><a href=\"https:\/\/we.tl\/t-alHWOvBPke\" target=\"_blank\" rel=\"noopener\">V\u00eddeo presentaci\u00f3n de la nueva edici\u00f3n<\/a><\/p>\n<p><a href=\"https:\/\/flic.kr\/s\/aHBqjAXJJS\" target=\"_blank\" rel=\"noopener\">Fotograf\u00edas del Challenge Barcelona Triathlon 2023<\/a><\/p>\n","protected":false},"excerpt":{"rendered":"<p>La edici\u00f3n de este a\u00f1o se celebrar\u00e1 el domingo 27 de octubre<\/p>\n","protected":false},"author":1,"featured_media":8602,"comment_status":"closed","ping_status":"closed","sticky":false,"template":"","format":"standard","meta":{"_monsterinsights_skip_tracking":false,"site-sidebar-layout":"default","site-content-layout":"","ast-site-content-layout":"default","site-content-style":"default","site-sidebar-style":"default","ast-global-header-display":"","ast-banner-title-visibility":"","ast-main-header-display":"","ast-hfb-above-header-display":"","ast-hfb-below-header-display":"","ast-hfb-mobile-header-display":"","site-post-title":"","ast-breadcrumbs-content":"","ast-featured-img":"","footer-sml-layout":"","ast-disable-related-posts":"","theme-transparent-header-meta":"default","adv-header-id-meta":"","stick-header-meta":"default","header-above-stick-meta":"","header-main-stick-meta":"","header-below-stick-meta":"","astra-migrate-meta-layouts":"set","ast-page-background-enabled":"default","ast-page-background-meta":{"desktop":{"background-color":"","background-image":"","background-repeat":"repeat","background-position":"center center","background-size":"auto","background-attachment":"scroll","background-type":"","background-media":"","overlay-type":"","overlay-color":"","overlay-opacity":"","overlay-gradient":""},"tablet":{"background-color":"","background-image":"","background-repeat":"repeat","background-position":"center center","background-size":"auto","background-attachment":"scroll","background-type":"","background-media":"","overlay-type":"","overlay-color":"","overlay-opacity":"","overlay-gradient":""},"mobile":{"background-color":"","background-image":"","background-repeat":"repeat","background-position":"center center","background-size":"auto","background-attachment":"scroll","background-type":"","background-media":"","overlay-type":"","overlay-color":"","overlay-opacity":"","overlay-gradient":""}},"ast-content-background-meta":{"desktop":{"background-color":"var(--ast-global-color-5)","background-image":"","background-repeat":"repeat","background-position":"center center","background-size":"auto","background-attachment":"scroll","background-type":"","background-media":"","overlay-type":"","overlay-color":"","overlay-opacity":"","overlay-gradient":""},"tablet":{"background-color":"var(--ast-global-color-5)","background-image":"","background-repeat":"repeat","background-position":"center center","background-size":"auto","background-attachment":"scroll","background-type":"","background-media":"","overlay-type":"","overlay-color":"","overlay-opacity":"","overlay-gradient":""},"mobile":{"background-color":"var(--ast-global-color-5)","background-image":"","background-repeat":"repeat","background-position":"center center","background-size":"auto","background-attachment":"scroll","background-type":"","background-media":"","overlay-type":"","overlay-color":"","overlay-opacity":"","overlay-gradient":""}},"footnotes":""},"categories":[8],"tags":[],"class_list":["post-8605","post","type-post","status-publish","format-standard","has-post-thumbnail","hentry","category-noticias"],"yoast_head":"<!-- This site is optimized with the Yoast SEO plugin v27.1 - https:\/\/yoast.com\/product\/yoast-seo-wordpress\/ -->\n<title>El Challenge Barcelona Triathlon abre sus inscripciones - Challenge Barcelona Triatl\u00f3<\/title>\n<meta name=\"robots\" content=\"index, follow, max-snippet:-1, max-image-preview:large, max-video-preview:-1\" \/>\n<link rel=\"canonical\" href=\"https:\/\/www.triathlon.barcelona\/es\/el-challenge-barcelona-triathlon-abre-sus-inscripciones\/\" \/>\n<meta property=\"og:locale\" content=\"es_ES\" \/>\n<meta property=\"og:type\" content=\"article\" \/>\n<meta property=\"og:title\" content=\"El Challenge Barcelona Triathlon abre sus inscripciones - Challenge Barcelona Triatl\u00f3\" \/>\n<meta property=\"og:description\" content=\"La edici\u00f3n de este a\u00f1o se celebrar\u00e1 el domingo 27 de octubre\" \/>\n<meta property=\"og:url\" content=\"https:\/\/www.triathlon.barcelona\/es\/el-challenge-barcelona-triathlon-abre-sus-inscripciones\/\" \/>\n<meta property=\"og:site_name\" content=\"Challenge Barcelona Triatl\u00f3\" \/>\n<meta property=\"article:publisher\" content=\"https:\/\/www.facebook.com\/barcelonatriathlon\" \/>\n<meta property=\"article:published_time\" content=\"2024-02-28T23:05:48+00:00\" \/>\n<meta property=\"article:modified_time\" content=\"2024-02-29T12:35:41+00:00\" \/>\n<meta property=\"og:image\" content=\"https:\/\/www.triathlon.barcelona\/wp-content\/uploads\/2024\/02\/240229-obertura-inscripcions-chbcn2024.jpg\" \/>\n\t<meta property=\"og:image:width\" content=\"1920\" \/>\n\t<meta property=\"og:image:height\" content=\"1280\" \/>\n\t<meta property=\"og:image:type\" content=\"image\/jpeg\" \/>\n<meta name=\"author\" content=\"david\" \/>\n<meta name=\"twitter:card\" content=\"summary_large_image\" \/>\n<meta name=\"twitter:creator\" content=\"@bcn_triathlon\" \/>\n<meta name=\"twitter:site\" content=\"@bcn_triathlon\" \/>\n<meta name=\"twitter:label1\" content=\"Escrito por\" \/>\n\t<meta name=\"twitter:data1\" content=\"david\" \/>\n\t<meta name=\"twitter:label2\" content=\"Tiempo de lectura\" \/>\n\t<meta name=\"twitter:data2\" content=\"5 minutos\" \/>\n<script type=\"application\/ld+json\" class=\"yoast-schema-graph\">{\"@context\":\"https:\/\/schema.org\",\"@graph\":[{\"@type\":\"Article\",\"@id\":\"https:\/\/www.triathlon.barcelona\/es\/el-challenge-barcelona-triathlon-abre-sus-inscripciones\/#article\",\"isPartOf\":{\"@id\":\"https:\/\/www.triathlon.barcelona\/es\/el-challenge-barcelona-triathlon-abre-sus-inscripciones\/\"},\"author\":{\"name\":\"david\",\"@id\":\"https:\/\/www.triathlon.barcelona\/es\/#\/schema\/person\/812f46a7af75bae5296e42e5b503d1e6\"},\"headline\":\"El Challenge Barcelona Triathlon abre sus inscripciones\",\"datePublished\":\"2024-02-28T23:05:48+00:00\",\"dateModified\":\"2024-02-29T12:35:41+00:00\",\"mainEntityOfPage\":{\"@id\":\"https:\/\/www.triathlon.barcelona\/es\/el-challenge-barcelona-triathlon-abre-sus-inscripciones\/\"},\"wordCount\":762,\"publisher\":{\"@id\":\"https:\/\/www.triathlon.barcelona\/es\/#organization\"},\"image\":{\"@id\":\"https:\/\/www.triathlon.barcelona\/es\/el-challenge-barcelona-triathlon-abre-sus-inscripciones\/#primaryimage\"},\"thumbnailUrl\":\"https:\/\/www.triathlon.barcelona\/wp-content\/uploads\/2024\/02\/240229-obertura-inscripcions-chbcn2024.jpg\",\"articleSection\":[\"Noticias\"],\"inLanguage\":\"es\"},{\"@type\":\"WebPage\",\"@id\":\"https:\/\/www.triathlon.barcelona\/es\/el-challenge-barcelona-triathlon-abre-sus-inscripciones\/\",\"url\":\"https:\/\/www.triathlon.barcelona\/es\/el-challenge-barcelona-triathlon-abre-sus-inscripciones\/\",\"name\":\"El Challenge Barcelona Triathlon abre sus inscripciones - Challenge Barcelona Triatl\u00f3\",\"isPartOf\":{\"@id\":\"https:\/\/www.triathlon.barcelona\/es\/#website\"},\"primaryImageOfPage\":{\"@id\":\"https:\/\/www.triathlon.barcelona\/es\/el-challenge-barcelona-triathlon-abre-sus-inscripciones\/#primaryimage\"},\"image\":{\"@id\":\"https:\/\/www.triathlon.barcelona\/es\/el-challenge-barcelona-triathlon-abre-sus-inscripciones\/#primaryimage\"},\"thumbnailUrl\":\"https:\/\/www.triathlon.barcelona\/wp-content\/uploads\/2024\/02\/240229-obertura-inscripcions-chbcn2024.jpg\",\"datePublished\":\"2024-02-28T23:05:48+00:00\",\"dateModified\":\"2024-02-29T12:35:41+00:00\",\"breadcrumb\":{\"@id\":\"https:\/\/www.triathlon.barcelona\/es\/el-challenge-barcelona-triathlon-abre-sus-inscripciones\/#breadcrumb\"},\"inLanguage\":\"es\",\"potentialAction\":[{\"@type\":\"ReadAction\",\"target\":[\"https:\/\/www.triathlon.barcelona\/es\/el-challenge-barcelona-triathlon-abre-sus-inscripciones\/\"]}]},{\"@type\":\"ImageObject\",\"inLanguage\":\"es\",\"@id\":\"https:\/\/www.triathlon.barcelona\/es\/el-challenge-barcelona-triathlon-abre-sus-inscripciones\/#primaryimage\",\"url\":\"https:\/\/www.triathlon.barcelona\/wp-content\/uploads\/2024\/02\/240229-obertura-inscripcions-chbcn2024.jpg\",\"contentUrl\":\"https:\/\/www.triathlon.barcelona\/wp-content\/uploads\/2024\/02\/240229-obertura-inscripcions-chbcn2024.jpg\",\"width\":1920,\"height\":1280},{\"@type\":\"BreadcrumbList\",\"@id\":\"https:\/\/www.triathlon.barcelona\/es\/el-challenge-barcelona-triathlon-abre-sus-inscripciones\/#breadcrumb\",\"itemListElement\":[{\"@type\":\"ListItem\",\"position\":1,\"name\":\"Inicio\",\"item\":\"https:\/\/www.triathlon.barcelona\/es\/\"},{\"@type\":\"ListItem\",\"position\":2,\"name\":\"El Challenge Barcelona Triathlon abre sus inscripciones\"}]},{\"@type\":\"WebSite\",\"@id\":\"https:\/\/www.triathlon.barcelona\/es\/#website\",\"url\":\"https:\/\/www.triathlon.barcelona\/es\/\",\"name\":\"Challenge Barcelona Triathlon\",\"description\":\"\",\"publisher\":{\"@id\":\"https:\/\/www.triathlon.barcelona\/es\/#organization\"},\"alternateName\":\"Challenge Barcelona\",\"potentialAction\":[{\"@type\":\"SearchAction\",\"target\":{\"@type\":\"EntryPoint\",\"urlTemplate\":\"https:\/\/www.triathlon.barcelona\/es\/?s={search_term_string}\"},\"query-input\":{\"@type\":\"PropertyValueSpecification\",\"valueRequired\":true,\"valueName\":\"search_term_string\"}}],\"inLanguage\":\"es\"},{\"@type\":\"Organization\",\"@id\":\"https:\/\/www.triathlon.barcelona\/es\/#organization\",\"name\":\"Challenge Barcelona Triathlon\",\"alternateName\":\"Challenge Barcelona\",\"url\":\"https:\/\/www.triathlon.barcelona\/es\/\",\"logo\":{\"@type\":\"ImageObject\",\"inLanguage\":\"es\",\"@id\":\"https:\/\/www.triathlon.barcelona\/es\/#\/schema\/logo\/image\/\",\"url\":\"https:\/\/www.triathlon.barcelona\/wp-content\/uploads\/2024\/06\/logo-challenge-barcelona.png\",\"contentUrl\":\"https:\/\/www.triathlon.barcelona\/wp-content\/uploads\/2024\/06\/logo-challenge-barcelona.png\",\"width\":3209,\"height\":729,\"caption\":\"Challenge Barcelona Triathlon\"},\"image\":{\"@id\":\"https:\/\/www.triathlon.barcelona\/es\/#\/schema\/logo\/image\/\"},\"sameAs\":[\"https:\/\/www.facebook.com\/barcelonatriathlon\",\"https:\/\/x.com\/bcn_triathlon\",\"https:\/\/www.instagram.com\/barcelonatriathlon\/\"]},{\"@type\":\"Person\",\"@id\":\"https:\/\/www.triathlon.barcelona\/es\/#\/schema\/person\/812f46a7af75bae5296e42e5b503d1e6\",\"name\":\"david\",\"image\":{\"@type\":\"ImageObject\",\"inLanguage\":\"es\",\"@id\":\"https:\/\/www.triathlon.barcelona\/es\/#\/schema\/person\/image\/\",\"url\":\"https:\/\/secure.gravatar.com\/avatar\/f3b6b2a94c48d199ba05b31c711ca66bc5650a0dc06074dd63ae046df043d8e8?s=96&d=mm&r=g\",\"contentUrl\":\"https:\/\/secure.gravatar.com\/avatar\/f3b6b2a94c48d199ba05b31c711ca66bc5650a0dc06074dd63ae046df043d8e8?s=96&d=mm&r=g\",\"caption\":\"david\"},\"sameAs\":[\"https:\/\/www.triathlon.barcelona\"],\"url\":\"https:\/\/www.triathlon.barcelona\/es\/author\/david\/\"}]}<\/script>\n<!-- \/ Yoast SEO plugin. -->","yoast_head_json":{"title":"El Challenge Barcelona Triathlon abre sus inscripciones - Challenge Barcelona Triatl\u00f3","robots":{"index":"index","follow":"follow","max-snippet":"max-snippet:-1","max-image-preview":"max-image-preview:large","max-video-preview":"max-video-preview:-1"},"canonical":"https:\/\/www.triathlon.barcelona\/es\/el-challenge-barcelona-triathlon-abre-sus-inscripciones\/","og_locale":"es_ES","og_type":"article","og_title":"El Challenge Barcelona Triathlon abre sus inscripciones - Challenge Barcelona Triatl\u00f3","og_description":"La edici\u00f3n de este a\u00f1o se celebrar\u00e1 el domingo 27 de octubre","og_url":"https:\/\/www.triathlon.barcelona\/es\/el-challenge-barcelona-triathlon-abre-sus-inscripciones\/","og_site_name":"Challenge Barcelona Triatl\u00f3","article_publisher":"https:\/\/www.facebook.com\/barcelonatriathlon","article_published_time":"2024-02-28T23:05:48+00:00","article_modified_time":"2024-02-29T12:35:41+00:00","og_image":[{"width":1920,"height":1280,"url":"https:\/\/www.triathlon.barcelona\/wp-content\/uploads\/2024\/02\/240229-obertura-inscripcions-chbcn2024.jpg","type":"image\/jpeg"}],"author":"david","twitter_card":"summary_large_image","twitter_creator":"@bcn_triathlon","twitter_site":"@bcn_triathlon","twitter_misc":{"Escrito por":"david","Tiempo de lectura":"5 minutos"},"schema":{"@context":"https:\/\/schema.org","@graph":[{"@type":"Article","@id":"https:\/\/www.triathlon.barcelona\/es\/el-challenge-barcelona-triathlon-abre-sus-inscripciones\/#article","isPartOf":{"@id":"https:\/\/www.triathlon.barcelona\/es\/el-challenge-barcelona-triathlon-abre-sus-inscripciones\/"},"author":{"name":"david","@id":"https:\/\/www.triathlon.barcelona\/es\/#\/schema\/person\/812f46a7af75bae5296e42e5b503d1e6"},"headline":"El Challenge Barcelona Triathlon abre sus inscripciones","datePublished":"2024-02-28T23:05:48+00:00","dateModified":"2024-02-29T12:35:41+00:00","mainEntityOfPage":{"@id":"https:\/\/www.triathlon.barcelona\/es\/el-challenge-barcelona-triathlon-abre-sus-inscripciones\/"},"wordCount":762,"publisher":{"@id":"https:\/\/www.triathlon.barcelona\/es\/#organization"},"image":{"@id":"https:\/\/www.triathlon.barcelona\/es\/el-challenge-barcelona-triathlon-abre-sus-inscripciones\/#primaryimage"},"thumbnailUrl":"https:\/\/www.triathlon.barcelona\/wp-content\/uploads\/2024\/02\/240229-obertura-inscripcions-chbcn2024.jpg","articleSection":["Noticias"],"inLanguage":"es"},{"@type":"WebPage","@id":"https:\/\/www.triathlon.barcelona\/es\/el-challenge-barcelona-triathlon-abre-sus-inscripciones\/","url":"https:\/\/www.triathlon.barcelona\/es\/el-challenge-barcelona-triathlon-abre-sus-inscripciones\/","name":"El Challenge Barcelona Triathlon abre sus inscripciones - Challenge Barcelona Triatl\u00f3","isPartOf":{"@id":"https:\/\/www.triathlon.barcelona\/es\/#website"},"primaryImageOfPage":{"@id":"https:\/\/www.triathlon.barcelona\/es\/el-challenge-barcelona-triathlon-abre-sus-inscripciones\/#primaryimage"},"image":{"@id":"https:\/\/www.triathlon.barcelona\/es\/el-challenge-barcelona-triathlon-abre-sus-inscripciones\/#primaryimage"},"thumbnailUrl":"https:\/\/www.triathlon.barcelona\/wp-content\/uploads\/2024\/02\/240229-obertura-inscripcions-chbcn2024.jpg","datePublished":"2024-02-28T23:05:48+00:00","dateModified":"2024-02-29T12:35:41+00:00","breadcrumb":{"@id":"https:\/\/www.triathlon.barcelona\/es\/el-challenge-barcelona-triathlon-abre-sus-inscripciones\/#breadcrumb"},"inLanguage":"es","potentialAction":[{"@type":"ReadAction","target":["https:\/\/www.triathlon.barcelona\/es\/el-challenge-barcelona-triathlon-abre-sus-inscripciones\/"]}]},{"@type":"ImageObject","inLanguage":"es","@id":"https:\/\/www.triathlon.barcelona\/es\/el-challenge-barcelona-triathlon-abre-sus-inscripciones\/#primaryimage","url":"https:\/\/www.triathlon.barcelona\/wp-content\/uploads\/2024\/02\/240229-obertura-inscripcions-chbcn2024.jpg","contentUrl":"https:\/\/www.triathlon.barcelona\/wp-content\/uploads\/2024\/02\/240229-obertura-inscripcions-chbcn2024.jpg","width":1920,"height":1280},{"@type":"BreadcrumbList","@id":"https:\/\/www.triathlon.barcelona\/es\/el-challenge-barcelona-triathlon-abre-sus-inscripciones\/#breadcrumb","itemListElement":[{"@type":"ListItem","position":1,"name":"Inicio","item":"https:\/\/www.triathlon.barcelona\/es\/"},{"@type":"ListItem","position":2,"name":"El Challenge Barcelona Triathlon abre sus inscripciones"}]},{"@type":"WebSite","@id":"https:\/\/www.triathlon.barcelona\/es\/#website","url":"https:\/\/www.triathlon.barcelona\/es\/","name":"Challenge Barcelona Triathlon","description":"","publisher":{"@id":"https:\/\/www.triathlon.barcelona\/es\/#organization"},"alternateName":"Challenge Barcelona","potentialAction":[{"@type":"SearchAction","target":{"@type":"EntryPoint","urlTemplate":"https:\/\/www.triathlon.barcelona\/es\/?s={search_term_string}"},"query-input":{"@type":"PropertyValueSpecification","valueRequired":true,"valueName":"search_term_string"}}],"inLanguage":"es"},{"@type":"Organization","@id":"https:\/\/www.triathlon.barcelona\/es\/#organization","name":"Challenge Barcelona Triathlon","alternateName":"Challenge Barcelona","url":"https:\/\/www.triathlon.barcelona\/es\/","logo":{"@type":"ImageObject","inLanguage":"es","@id":"https:\/\/www.triathlon.barcelona\/es\/#\/schema\/logo\/image\/","url":"https:\/\/www.triathlon.barcelona\/wp-content\/uploads\/2024\/06\/logo-challenge-barcelona.png","contentUrl":"https:\/\/www.triathlon.barcelona\/wp-content\/uploads\/2024\/06\/logo-challenge-barcelona.png","width":3209,"height":729,"caption":"Challenge Barcelona Triathlon"},"image":{"@id":"https:\/\/www.triathlon.barcelona\/es\/#\/schema\/logo\/image\/"},"sameAs":["https:\/\/www.facebook.com\/barcelonatriathlon","https:\/\/x.com\/bcn_triathlon","https:\/\/www.instagram.com\/barcelonatriathlon\/"]},{"@type":"Person","@id":"https:\/\/www.triathlon.barcelona\/es\/#\/schema\/person\/812f46a7af75bae5296e42e5b503d1e6","name":"david","image":{"@type":"ImageObject","inLanguage":"es","@id":"https:\/\/www.triathlon.barcelona\/es\/#\/schema\/person\/image\/","url":"https:\/\/secure.gravatar.com\/avatar\/f3b6b2a94c48d199ba05b31c711ca66bc5650a0dc06074dd63ae046df043d8e8?s=96&d=mm&r=g","contentUrl":"https:\/\/secure.gravatar.com\/avatar\/f3b6b2a94c48d199ba05b31c711ca66bc5650a0dc06074dd63ae046df043d8e8?s=96&d=mm&r=g","caption":"david"},"sameAs":["https:\/\/www.triathlon.barcelona"],"url":"https:\/\/www.triathlon.barcelona\/es\/author\/david\/"}]}},"_links":{"self":[{"href":"https:\/\/www.triathlon.barcelona\/es\/wp-json\/wp\/v2\/posts\/8605","targetHints":{"allow":["GET"]}}],"collection":[{"href":"https:\/\/www.triathlon.barcelona\/es\/wp-json\/wp\/v2\/posts"}],"about":[{"href":"https:\/\/www.triathlon.barcelona\/es\/wp-json\/wp\/v2\/types\/post"}],"author":[{"embeddable":true,"href":"https:\/\/www.triathlon.barcelona\/es\/wp-json\/wp\/v2\/users\/1"}],"replies":[{"embeddable":true,"href":"https:\/\/www.triathlon.barcelona\/es\/wp-json\/wp\/v2\/comments?post=8605"}],"version-history":[{"count":5,"href":"https:\/\/www.triathlon.barcelona\/es\/wp-json\/wp\/v2\/posts\/8605\/revisions"}],"predecessor-version":[{"id":8618,"href":"https:\/\/www.triathlon.barcelona\/es\/wp-json\/wp\/v2\/posts\/8605\/revisions\/8618"}],"wp:featuredmedia":[{"embeddable":true,"href":"https:\/\/www.triathlon.barcelona\/es\/wp-json\/wp\/v2\/media\/8602"}],"wp:attachment":[{"href":"https:\/\/www.triathlon.barcelona\/es\/wp-json\/wp\/v2\/media?parent=8605"}],"wp:term":[{"taxonomy":"category","embeddable":true,"href":"https:\/\/www.triathlon.barcelona\/es\/wp-json\/wp\/v2\/categories?post=8605"},{"taxonomy":"post_tag","embeddable":true,"href":"https:\/\/www.triathlon.barcelona\/es\/wp-json\/wp\/v2\/tags?post=8605"}],"curies":[{"name":"wp","href":"https:\/\/api.w.org\/{rel}","templated":true}]}}