{"id":9099,"date":"2024-05-15T11:48:10","date_gmt":"2024-05-15T09:48:10","guid":{"rendered":"https:\/\/www.triathlon.barcelona\/?p=9099"},"modified":"2024-05-15T11:54:20","modified_gmt":"2024-05-15T09:54:20","slug":"abiertas-las-inscripciones-para-la-5a-edicion-del-campus-joven-de-triatlon-en-el-pla-de-lestany","status":"publish","type":"post","link":"https:\/\/www.triathlon.barcelona\/es\/abiertas-las-inscripciones-para-la-5a-edicion-del-campus-joven-de-triatlon-en-el-pla-de-lestany\/","title":{"rendered":"Abiertas las inscripciones para la 5\u00aa edici\u00f3n del Campus Joven de Triatl\u00f3n en el Pla de l\u2019Estany"},"content":{"rendered":"<p><strong>El Campus Joven ACCT se Realizar\u00e1 del 21 al 26 de julio de 2024 y volver\u00e1 a tener el apoyo del Challenge Barcelona Triathlon<\/strong><!--more--><\/p>\n<p>El Campus Joven ACCT celebra su quinta edici\u00f3n del 21 al 26 de julio de 2024 en el Pla de l&#8217;Estany, consolid\u00e1ndose como una de las actividades preferidas por los j\u00f3venes triatletas de toda Catalunya. El evento, organizado por la Associaci\u00f3 Catalana de Clubs de Triatl\u00f3 (ACCT) y con el apoyo del Challenge Barcelona Triathlon, ofrece a los participantes una semana repleta de entrenamientos, actividades y competiciones en un entorno natural privilegiado.<\/p>\n<p>Durante seis d\u00edas, los participantes, pertenecientes a las categor\u00edas infantil, cadete, juvenil y junior (de 12 a 18 a\u00f1os), disfrutar\u00e1n de entrenamientos y actividades dirigidas por entrenadores calificados de diversos clubes catalanes. El programa incluye nataci\u00f3n en las aguas del Estany de Banyoles y en las instalaciones del CN Banyoles, ciclismo por las tranquilas carreteras del Pla de l\u2019Estany y carrera por los numerosos caminos y v\u00edas de la zona.<\/p>\n<p>El alojamiento ser\u00e1 en la Casa de Col\u00f2nies El Vil\u00e0, en el pueblo de Porqueres, junto al lago de Banyoles. Esta instalaci\u00f3n cuenta con piscina, pistas de baloncesto, voleibol, tenis y f\u00fatbol sala, proporcionando un entorno ideal para el desarrollo de las actividades del campus.<\/p>\n<p>El precio de inscripci\u00f3n es de 360\u20ac, e incluye cinco noches con pensi\u00f3n completa, seis d\u00edas de actividades y entrenamientos, equipaci\u00f3n del campus ACCT, obsequios, sorteos de material, acceso a las instalaciones deportivas y seguro de accidentes.<\/p>\n<p>Esta iniciativa se ha convertido en una referencia para los j\u00f3venes triatletas, gracias a la colaboraci\u00f3n de clubes de todo el territorio catal\u00e1n y la variedad de entrenadores y actividades que ofrece.<\/p>\n<p>Las <a href=\"https:\/\/www.triathlon.barcelona\/es\/campus-joven-acct\/\">inscripciones para el Campus Joven ACCT<\/a> ya est\u00e1n abiertas y se pueden realizar online a trav\u00e9s de la p\u00e1gina web del <a href=\"https:\/\/www.triathlon.barcelona\/es\/campus-joven-acct\/\">Challenge Barcelona Triathlon<\/a>. Las plazas son limitadas, por lo que se recomienda realizar la inscripci\u00f3n lo antes posible.<\/p>\n","protected":false},"excerpt":{"rendered":"<p>El Campus Joven ACCT se Realizar\u00e1 del 21 al 26 de julio de 2024 y volver\u00e1 a tener el apoyo del Challenge Barcelona Triathlon<\/p>\n","protected":false},"author":1,"featured_media":9097,"comment_status":"closed","ping_status":"closed","sticky":false,"template":"","format":"standard","meta":{"_monsterinsights_skip_tracking":false,"site-sidebar-layout":"default","site-content-layout":"","ast-site-content-layout":"default","site-content-style":"default","site-sidebar-style":"default","ast-global-header-display":"","ast-banner-title-visibility":"","ast-main-header-display":"","ast-hfb-above-header-display":"","ast-hfb-below-header-display":"","ast-hfb-mobile-header-display":"","site-post-title":"","ast-breadcrumbs-content":"","ast-featured-img":"","footer-sml-layout":"","ast-disable-related-posts":"","theme-transparent-header-meta":"default","adv-header-id-meta":"","stick-header-meta":"default","header-above-stick-meta":"","header-main-stick-meta":"","header-below-stick-meta":"","astra-migrate-meta-layouts":"set","ast-page-background-enabled":"default","ast-page-background-meta":{"desktop":{"background-color":"","background-image":"","background-repeat":"repeat","background-position":"center center","background-size":"auto","background-attachment":"scroll","background-type":"","background-media":"","overlay-type":"","overlay-color":"","overlay-opacity":"","overlay-gradient":""},"tablet":{"background-color":"","background-image":"","background-repeat":"repeat","background-position":"center center","background-size":"auto","background-attachment":"scroll","background-type":"","background-media":"","overlay-type":"","overlay-color":"","overlay-opacity":"","overlay-gradient":""},"mobile":{"background-color":"","background-image":"","background-repeat":"repeat","background-position":"center center","background-size":"auto","background-attachment":"scroll","background-type":"","background-media":"","overlay-type":"","overlay-color":"","overlay-opacity":"","overlay-gradient":""}},"ast-content-background-meta":{"desktop":{"background-color":"var(--ast-global-color-5)","background-image":"","background-repeat":"repeat","background-position":"center center","background-size":"auto","background-attachment":"scroll","background-type":"","background-media":"","overlay-type":"","overlay-color":"","overlay-opacity":"","overlay-gradient":""},"tablet":{"background-color":"var(--ast-global-color-5)","background-image":"","background-repeat":"repeat","background-position":"center center","background-size":"auto","background-attachment":"scroll","background-type":"","background-media":"","overlay-type":"","overlay-color":"","overlay-opacity":"","overlay-gradient":""},"mobile":{"background-color":"var(--ast-global-color-5)","background-image":"","background-repeat":"repeat","background-position":"center center","background-size":"auto","background-attachment":"scroll","background-type":"","background-media":"","overlay-type":"","overlay-color":"","overlay-opacity":"","overlay-gradient":""}},"footnotes":""},"categories":[8],"tags":[],"class_list":["post-9099","post","type-post","status-publish","format-standard","has-post-thumbnail","hentry","category-noticias"],"yoast_head":"<!-- This site is optimized with the Yoast SEO plugin v27.1 - https:\/\/yoast.com\/product\/yoast-seo-wordpress\/ -->\n<title>Abiertas las inscripciones para la 5\u00aa edici\u00f3n del Campus Joven de Triatl\u00f3n en el Pla de l\u2019Estany - Challenge Barcelona Triatl\u00f3<\/title>\n<meta name=\"robots\" content=\"index, follow, max-snippet:-1, max-image-preview:large, max-video-preview:-1\" \/>\n<link rel=\"canonical\" href=\"https:\/\/www.triathlon.barcelona\/es\/abiertas-las-inscripciones-para-la-5a-edicion-del-campus-joven-de-triatlon-en-el-pla-de-lestany\/\" \/>\n<meta property=\"og:locale\" content=\"es_ES\" \/>\n<meta property=\"og:type\" content=\"article\" \/>\n<meta property=\"og:title\" content=\"Abiertas las inscripciones para la 5\u00aa edici\u00f3n del Campus Joven de Triatl\u00f3n en el Pla de l\u2019Estany - Challenge Barcelona Triatl\u00f3\" \/>\n<meta property=\"og:description\" content=\"El Campus Joven ACCT se Realizar\u00e1 del 21 al 26 de julio de 2024 y volver\u00e1 a tener el apoyo del Challenge Barcelona Triathlon\" \/>\n<meta property=\"og:url\" content=\"https:\/\/www.triathlon.barcelona\/es\/abiertas-las-inscripciones-para-la-5a-edicion-del-campus-joven-de-triatlon-en-el-pla-de-lestany\/\" \/>\n<meta property=\"og:site_name\" content=\"Challenge Barcelona Triatl\u00f3\" \/>\n<meta property=\"article:publisher\" content=\"https:\/\/www.facebook.com\/barcelonatriathlon\" \/>\n<meta property=\"article:published_time\" content=\"2024-05-15T09:48:10+00:00\" \/>\n<meta property=\"article:modified_time\" content=\"2024-05-15T09:54:20+00:00\" \/>\n<meta property=\"og:image\" content=\"https:\/\/www.triathlon.barcelona\/wp-content\/uploads\/2024\/05\/240515-campus-acct-chbcn2024.jpg\" \/>\n\t<meta property=\"og:image:width\" content=\"1920\" \/>\n\t<meta property=\"og:image:height\" content=\"1280\" \/>\n\t<meta property=\"og:image:type\" content=\"image\/jpeg\" \/>\n<meta name=\"author\" content=\"david\" \/>\n<meta name=\"twitter:card\" content=\"summary_large_image\" \/>\n<meta name=\"twitter:creator\" content=\"@bcn_triathlon\" \/>\n<meta name=\"twitter:site\" content=\"@bcn_triathlon\" \/>\n<meta name=\"twitter:label1\" content=\"Escrito por\" \/>\n\t<meta name=\"twitter:data1\" content=\"david\" \/>\n\t<meta name=\"twitter:label2\" content=\"Tiempo de lectura\" \/>\n\t<meta name=\"twitter:data2\" content=\"2 minutos\" \/>\n<script type=\"application\/ld+json\" class=\"yoast-schema-graph\">{\"@context\":\"https:\/\/schema.org\",\"@graph\":[{\"@type\":\"Article\",\"@id\":\"https:\/\/www.triathlon.barcelona\/es\/abiertas-las-inscripciones-para-la-5a-edicion-del-campus-joven-de-triatlon-en-el-pla-de-lestany\/#article\",\"isPartOf\":{\"@id\":\"https:\/\/www.triathlon.barcelona\/es\/abiertas-las-inscripciones-para-la-5a-edicion-del-campus-joven-de-triatlon-en-el-pla-de-lestany\/\"},\"author\":{\"name\":\"david\",\"@id\":\"https:\/\/www.triathlon.barcelona\/es\/#\/schema\/person\/812f46a7af75bae5296e42e5b503d1e6\"},\"headline\":\"Abiertas las inscripciones para la 5\u00aa edici\u00f3n del Campus Joven de Triatl\u00f3n en el Pla de l\u2019Estany\",\"datePublished\":\"2024-05-15T09:48:10+00:00\",\"dateModified\":\"2024-05-15T09:54:20+00:00\",\"mainEntityOfPage\":{\"@id\":\"https:\/\/www.triathlon.barcelona\/es\/abiertas-las-inscripciones-para-la-5a-edicion-del-campus-joven-de-triatlon-en-el-pla-de-lestany\/\"},\"wordCount\":355,\"publisher\":{\"@id\":\"https:\/\/www.triathlon.barcelona\/es\/#organization\"},\"image\":{\"@id\":\"https:\/\/www.triathlon.barcelona\/es\/abiertas-las-inscripciones-para-la-5a-edicion-del-campus-joven-de-triatlon-en-el-pla-de-lestany\/#primaryimage\"},\"thumbnailUrl\":\"https:\/\/www.triathlon.barcelona\/wp-content\/uploads\/2024\/05\/240515-campus-acct-chbcn2024.jpg\",\"articleSection\":[\"Noticias\"],\"inLanguage\":\"es\"},{\"@type\":\"WebPage\",\"@id\":\"https:\/\/www.triathlon.barcelona\/es\/abiertas-las-inscripciones-para-la-5a-edicion-del-campus-joven-de-triatlon-en-el-pla-de-lestany\/\",\"url\":\"https:\/\/www.triathlon.barcelona\/es\/abiertas-las-inscripciones-para-la-5a-edicion-del-campus-joven-de-triatlon-en-el-pla-de-lestany\/\",\"name\":\"Abiertas las inscripciones para la 5\u00aa edici\u00f3n del Campus Joven de Triatl\u00f3n en el Pla de l\u2019Estany - Challenge Barcelona Triatl\u00f3\",\"isPartOf\":{\"@id\":\"https:\/\/www.triathlon.barcelona\/es\/#website\"},\"primaryImageOfPage\":{\"@id\":\"https:\/\/www.triathlon.barcelona\/es\/abiertas-las-inscripciones-para-la-5a-edicion-del-campus-joven-de-triatlon-en-el-pla-de-lestany\/#primaryimage\"},\"image\":{\"@id\":\"https:\/\/www.triathlon.barcelona\/es\/abiertas-las-inscripciones-para-la-5a-edicion-del-campus-joven-de-triatlon-en-el-pla-de-lestany\/#primaryimage\"},\"thumbnailUrl\":\"https:\/\/www.triathlon.barcelona\/wp-content\/uploads\/2024\/05\/240515-campus-acct-chbcn2024.jpg\",\"datePublished\":\"2024-05-15T09:48:10+00:00\",\"dateModified\":\"2024-05-15T09:54:20+00:00\",\"breadcrumb\":{\"@id\":\"https:\/\/www.triathlon.barcelona\/es\/abiertas-las-inscripciones-para-la-5a-edicion-del-campus-joven-de-triatlon-en-el-pla-de-lestany\/#breadcrumb\"},\"inLanguage\":\"es\",\"potentialAction\":[{\"@type\":\"ReadAction\",\"target\":[\"https:\/\/www.triathlon.barcelona\/es\/abiertas-las-inscripciones-para-la-5a-edicion-del-campus-joven-de-triatlon-en-el-pla-de-lestany\/\"]}]},{\"@type\":\"ImageObject\",\"inLanguage\":\"es\",\"@id\":\"https:\/\/www.triathlon.barcelona\/es\/abiertas-las-inscripciones-para-la-5a-edicion-del-campus-joven-de-triatlon-en-el-pla-de-lestany\/#primaryimage\",\"url\":\"https:\/\/www.triathlon.barcelona\/wp-content\/uploads\/2024\/05\/240515-campus-acct-chbcn2024.jpg\",\"contentUrl\":\"https:\/\/www.triathlon.barcelona\/wp-content\/uploads\/2024\/05\/240515-campus-acct-chbcn2024.jpg\",\"width\":1920,\"height\":1280},{\"@type\":\"BreadcrumbList\",\"@id\":\"https:\/\/www.triathlon.barcelona\/es\/abiertas-las-inscripciones-para-la-5a-edicion-del-campus-joven-de-triatlon-en-el-pla-de-lestany\/#breadcrumb\",\"itemListElement\":[{\"@type\":\"ListItem\",\"position\":1,\"name\":\"Inicio\",\"item\":\"https:\/\/www.triathlon.barcelona\/es\/\"},{\"@type\":\"ListItem\",\"position\":2,\"name\":\"Abiertas las inscripciones para la 5\u00aa edici\u00f3n del Campus Joven de Triatl\u00f3n en el Pla de l\u2019Estany\"}]},{\"@type\":\"WebSite\",\"@id\":\"https:\/\/www.triathlon.barcelona\/es\/#website\",\"url\":\"https:\/\/www.triathlon.barcelona\/es\/\",\"name\":\"Challenge Barcelona Triathlon\",\"description\":\"\",\"publisher\":{\"@id\":\"https:\/\/www.triathlon.barcelona\/es\/#organization\"},\"alternateName\":\"Challenge Barcelona\",\"potentialAction\":[{\"@type\":\"SearchAction\",\"target\":{\"@type\":\"EntryPoint\",\"urlTemplate\":\"https:\/\/www.triathlon.barcelona\/es\/?s={search_term_string}\"},\"query-input\":{\"@type\":\"PropertyValueSpecification\",\"valueRequired\":true,\"valueName\":\"search_term_string\"}}],\"inLanguage\":\"es\"},{\"@type\":\"Organization\",\"@id\":\"https:\/\/www.triathlon.barcelona\/es\/#organization\",\"name\":\"Challenge Barcelona Triathlon\",\"alternateName\":\"Challenge Barcelona\",\"url\":\"https:\/\/www.triathlon.barcelona\/es\/\",\"logo\":{\"@type\":\"ImageObject\",\"inLanguage\":\"es\",\"@id\":\"https:\/\/www.triathlon.barcelona\/es\/#\/schema\/logo\/image\/\",\"url\":\"https:\/\/www.triathlon.barcelona\/wp-content\/uploads\/2024\/06\/logo-challenge-barcelona.png\",\"contentUrl\":\"https:\/\/www.triathlon.barcelona\/wp-content\/uploads\/2024\/06\/logo-challenge-barcelona.png\",\"width\":3209,\"height\":729,\"caption\":\"Challenge Barcelona Triathlon\"},\"image\":{\"@id\":\"https:\/\/www.triathlon.barcelona\/es\/#\/schema\/logo\/image\/\"},\"sameAs\":[\"https:\/\/www.facebook.com\/barcelonatriathlon\",\"https:\/\/x.com\/bcn_triathlon\",\"https:\/\/www.instagram.com\/barcelonatriathlon\/\"]},{\"@type\":\"Person\",\"@id\":\"https:\/\/www.triathlon.barcelona\/es\/#\/schema\/person\/812f46a7af75bae5296e42e5b503d1e6\",\"name\":\"david\",\"image\":{\"@type\":\"ImageObject\",\"inLanguage\":\"es\",\"@id\":\"https:\/\/www.triathlon.barcelona\/es\/#\/schema\/person\/image\/\",\"url\":\"https:\/\/secure.gravatar.com\/avatar\/f3b6b2a94c48d199ba05b31c711ca66bc5650a0dc06074dd63ae046df043d8e8?s=96&d=mm&r=g\",\"contentUrl\":\"https:\/\/secure.gravatar.com\/avatar\/f3b6b2a94c48d199ba05b31c711ca66bc5650a0dc06074dd63ae046df043d8e8?s=96&d=mm&r=g\",\"caption\":\"david\"},\"sameAs\":[\"https:\/\/www.triathlon.barcelona\"],\"url\":\"https:\/\/www.triathlon.barcelona\/es\/author\/david\/\"}]}<\/script>\n<!-- \/ Yoast SEO plugin. -->","yoast_head_json":{"title":"Abiertas las inscripciones para la 5\u00aa edici\u00f3n del Campus Joven de Triatl\u00f3n en el Pla de l\u2019Estany - Challenge Barcelona Triatl\u00f3","robots":{"index":"index","follow":"follow","max-snippet":"max-snippet:-1","max-image-preview":"max-image-preview:large","max-video-preview":"max-video-preview:-1"},"canonical":"https:\/\/www.triathlon.barcelona\/es\/abiertas-las-inscripciones-para-la-5a-edicion-del-campus-joven-de-triatlon-en-el-pla-de-lestany\/","og_locale":"es_ES","og_type":"article","og_title":"Abiertas las inscripciones para la 5\u00aa edici\u00f3n del Campus Joven de Triatl\u00f3n en el Pla de l\u2019Estany - Challenge Barcelona Triatl\u00f3","og_description":"El Campus Joven ACCT se Realizar\u00e1 del 21 al 26 de julio de 2024 y volver\u00e1 a tener el apoyo del Challenge Barcelona Triathlon","og_url":"https:\/\/www.triathlon.barcelona\/es\/abiertas-las-inscripciones-para-la-5a-edicion-del-campus-joven-de-triatlon-en-el-pla-de-lestany\/","og_site_name":"Challenge Barcelona Triatl\u00f3","article_publisher":"https:\/\/www.facebook.com\/barcelonatriathlon","article_published_time":"2024-05-15T09:48:10+00:00","article_modified_time":"2024-05-15T09:54:20+00:00","og_image":[{"width":1920,"height":1280,"url":"https:\/\/www.triathlon.barcelona\/wp-content\/uploads\/2024\/05\/240515-campus-acct-chbcn2024.jpg","type":"image\/jpeg"}],"author":"david","twitter_card":"summary_large_image","twitter_creator":"@bcn_triathlon","twitter_site":"@bcn_triathlon","twitter_misc":{"Escrito por":"david","Tiempo de lectura":"2 minutos"},"schema":{"@context":"https:\/\/schema.org","@graph":[{"@type":"Article","@id":"https:\/\/www.triathlon.barcelona\/es\/abiertas-las-inscripciones-para-la-5a-edicion-del-campus-joven-de-triatlon-en-el-pla-de-lestany\/#article","isPartOf":{"@id":"https:\/\/www.triathlon.barcelona\/es\/abiertas-las-inscripciones-para-la-5a-edicion-del-campus-joven-de-triatlon-en-el-pla-de-lestany\/"},"author":{"name":"david","@id":"https:\/\/www.triathlon.barcelona\/es\/#\/schema\/person\/812f46a7af75bae5296e42e5b503d1e6"},"headline":"Abiertas las inscripciones para la 5\u00aa edici\u00f3n del Campus Joven de Triatl\u00f3n en el Pla de l\u2019Estany","datePublished":"2024-05-15T09:48:10+00:00","dateModified":"2024-05-15T09:54:20+00:00","mainEntityOfPage":{"@id":"https:\/\/www.triathlon.barcelona\/es\/abiertas-las-inscripciones-para-la-5a-edicion-del-campus-joven-de-triatlon-en-el-pla-de-lestany\/"},"wordCount":355,"publisher":{"@id":"https:\/\/www.triathlon.barcelona\/es\/#organization"},"image":{"@id":"https:\/\/www.triathlon.barcelona\/es\/abiertas-las-inscripciones-para-la-5a-edicion-del-campus-joven-de-triatlon-en-el-pla-de-lestany\/#primaryimage"},"thumbnailUrl":"https:\/\/www.triathlon.barcelona\/wp-content\/uploads\/2024\/05\/240515-campus-acct-chbcn2024.jpg","articleSection":["Noticias"],"inLanguage":"es"},{"@type":"WebPage","@id":"https:\/\/www.triathlon.barcelona\/es\/abiertas-las-inscripciones-para-la-5a-edicion-del-campus-joven-de-triatlon-en-el-pla-de-lestany\/","url":"https:\/\/www.triathlon.barcelona\/es\/abiertas-las-inscripciones-para-la-5a-edicion-del-campus-joven-de-triatlon-en-el-pla-de-lestany\/","name":"Abiertas las inscripciones para la 5\u00aa edici\u00f3n del Campus Joven de Triatl\u00f3n en el Pla de l\u2019Estany - Challenge Barcelona Triatl\u00f3","isPartOf":{"@id":"https:\/\/www.triathlon.barcelona\/es\/#website"},"primaryImageOfPage":{"@id":"https:\/\/www.triathlon.barcelona\/es\/abiertas-las-inscripciones-para-la-5a-edicion-del-campus-joven-de-triatlon-en-el-pla-de-lestany\/#primaryimage"},"image":{"@id":"https:\/\/www.triathlon.barcelona\/es\/abiertas-las-inscripciones-para-la-5a-edicion-del-campus-joven-de-triatlon-en-el-pla-de-lestany\/#primaryimage"},"thumbnailUrl":"https:\/\/www.triathlon.barcelona\/wp-content\/uploads\/2024\/05\/240515-campus-acct-chbcn2024.jpg","datePublished":"2024-05-15T09:48:10+00:00","dateModified":"2024-05-15T09:54:20+00:00","breadcrumb":{"@id":"https:\/\/www.triathlon.barcelona\/es\/abiertas-las-inscripciones-para-la-5a-edicion-del-campus-joven-de-triatlon-en-el-pla-de-lestany\/#breadcrumb"},"inLanguage":"es","potentialAction":[{"@type":"ReadAction","target":["https:\/\/www.triathlon.barcelona\/es\/abiertas-las-inscripciones-para-la-5a-edicion-del-campus-joven-de-triatlon-en-el-pla-de-lestany\/"]}]},{"@type":"ImageObject","inLanguage":"es","@id":"https:\/\/www.triathlon.barcelona\/es\/abiertas-las-inscripciones-para-la-5a-edicion-del-campus-joven-de-triatlon-en-el-pla-de-lestany\/#primaryimage","url":"https:\/\/www.triathlon.barcelona\/wp-content\/uploads\/2024\/05\/240515-campus-acct-chbcn2024.jpg","contentUrl":"https:\/\/www.triathlon.barcelona\/wp-content\/uploads\/2024\/05\/240515-campus-acct-chbcn2024.jpg","width":1920,"height":1280},{"@type":"BreadcrumbList","@id":"https:\/\/www.triathlon.barcelona\/es\/abiertas-las-inscripciones-para-la-5a-edicion-del-campus-joven-de-triatlon-en-el-pla-de-lestany\/#breadcrumb","itemListElement":[{"@type":"ListItem","position":1,"name":"Inicio","item":"https:\/\/www.triathlon.barcelona\/es\/"},{"@type":"ListItem","position":2,"name":"Abiertas las inscripciones para la 5\u00aa edici\u00f3n del Campus Joven de Triatl\u00f3n en el Pla de l\u2019Estany"}]},{"@type":"WebSite","@id":"https:\/\/www.triathlon.barcelona\/es\/#website","url":"https:\/\/www.triathlon.barcelona\/es\/","name":"Challenge Barcelona Triathlon","description":"","publisher":{"@id":"https:\/\/www.triathlon.barcelona\/es\/#organization"},"alternateName":"Challenge Barcelona","potentialAction":[{"@type":"SearchAction","target":{"@type":"EntryPoint","urlTemplate":"https:\/\/www.triathlon.barcelona\/es\/?s={search_term_string}"},"query-input":{"@type":"PropertyValueSpecification","valueRequired":true,"valueName":"search_term_string"}}],"inLanguage":"es"},{"@type":"Organization","@id":"https:\/\/www.triathlon.barcelona\/es\/#organization","name":"Challenge Barcelona Triathlon","alternateName":"Challenge Barcelona","url":"https:\/\/www.triathlon.barcelona\/es\/","logo":{"@type":"ImageObject","inLanguage":"es","@id":"https:\/\/www.triathlon.barcelona\/es\/#\/schema\/logo\/image\/","url":"https:\/\/www.triathlon.barcelona\/wp-content\/uploads\/2024\/06\/logo-challenge-barcelona.png","contentUrl":"https:\/\/www.triathlon.barcelona\/wp-content\/uploads\/2024\/06\/logo-challenge-barcelona.png","width":3209,"height":729,"caption":"Challenge Barcelona Triathlon"},"image":{"@id":"https:\/\/www.triathlon.barcelona\/es\/#\/schema\/logo\/image\/"},"sameAs":["https:\/\/www.facebook.com\/barcelonatriathlon","https:\/\/x.com\/bcn_triathlon","https:\/\/www.instagram.com\/barcelonatriathlon\/"]},{"@type":"Person","@id":"https:\/\/www.triathlon.barcelona\/es\/#\/schema\/person\/812f46a7af75bae5296e42e5b503d1e6","name":"david","image":{"@type":"ImageObject","inLanguage":"es","@id":"https:\/\/www.triathlon.barcelona\/es\/#\/schema\/person\/image\/","url":"https:\/\/secure.gravatar.com\/avatar\/f3b6b2a94c48d199ba05b31c711ca66bc5650a0dc06074dd63ae046df043d8e8?s=96&d=mm&r=g","contentUrl":"https:\/\/secure.gravatar.com\/avatar\/f3b6b2a94c48d199ba05b31c711ca66bc5650a0dc06074dd63ae046df043d8e8?s=96&d=mm&r=g","caption":"david"},"sameAs":["https:\/\/www.triathlon.barcelona"],"url":"https:\/\/www.triathlon.barcelona\/es\/author\/david\/"}]}},"_links":{"self":[{"href":"https:\/\/www.triathlon.barcelona\/es\/wp-json\/wp\/v2\/posts\/9099","targetHints":{"allow":["GET"]}}],"collection":[{"href":"https:\/\/www.triathlon.barcelona\/es\/wp-json\/wp\/v2\/posts"}],"about":[{"href":"https:\/\/www.triathlon.barcelona\/es\/wp-json\/wp\/v2\/types\/post"}],"author":[{"embeddable":true,"href":"https:\/\/www.triathlon.barcelona\/es\/wp-json\/wp\/v2\/users\/1"}],"replies":[{"embeddable":true,"href":"https:\/\/www.triathlon.barcelona\/es\/wp-json\/wp\/v2\/comments?post=9099"}],"version-history":[{"count":1,"href":"https:\/\/www.triathlon.barcelona\/es\/wp-json\/wp\/v2\/posts\/9099\/revisions"}],"predecessor-version":[{"id":9100,"href":"https:\/\/www.triathlon.barcelona\/es\/wp-json\/wp\/v2\/posts\/9099\/revisions\/9100"}],"wp:featuredmedia":[{"embeddable":true,"href":"https:\/\/www.triathlon.barcelona\/es\/wp-json\/wp\/v2\/media\/9097"}],"wp:attachment":[{"href":"https:\/\/www.triathlon.barcelona\/es\/wp-json\/wp\/v2\/media?parent=9099"}],"wp:term":[{"taxonomy":"category","embeddable":true,"href":"https:\/\/www.triathlon.barcelona\/es\/wp-json\/wp\/v2\/categories?post=9099"},{"taxonomy":"post_tag","embeddable":true,"href":"https:\/\/www.triathlon.barcelona\/es\/wp-json\/wp\/v2\/tags?post=9099"}],"curies":[{"name":"wp","href":"https:\/\/api.w.org\/{rel}","templated":true}]}}