{"id":9343,"date":"2024-06-14T12:00:17","date_gmt":"2024-06-14T10:00:17","guid":{"rendered":"https:\/\/www.triathlon.barcelona\/?p=9343"},"modified":"2024-06-14T01:25:37","modified_gmt":"2024-06-13T23:25:37","slug":"cambio-de-fecha-del-challenge-barcelona-triathlon-2024","status":"publish","type":"post","link":"https:\/\/www.triathlon.barcelona\/es\/cambio-de-fecha-del-challenge-barcelona-triathlon-2024\/","title":{"rendered":"Cambio de fecha del Challenge Barcelona Triathlon 2024"},"content":{"rendered":"<p><strong>La prueba pasa al domingo 3 de noviembre por el cambio de calendario y log\u00edstica de la Copa Am\u00e9rica de Vela<\/strong><!--more--><\/p>\n<p>Desde la organizaci\u00f3n del Challenge Barcelona Triathlon, queremos anunciar un importante cambio de fecha para la edici\u00f3n de este a\u00f1o. La competici\u00f3n, que inicialmente estaba programada para el 27 de octubre, se llevar\u00e1 a cabo una semana despu\u00e9s, el domingo 3 de noviembre de 2024.<\/p>\n<p>La decisi\u00f3n de modificar la fecha de la prueba ha sido tomada debido a cambios en el calendario y la log\u00edstica de la Copa Am\u00e9rica de Vela, que se celebra en Barcelona durante los meses de agosto, septiembre y octubre. Este evento de gran envergadura afecta significativamente el buen desarrollo del triatl\u00f3n, impactando tanto la log\u00edstica, movilidad, transporte y alojamientos, como tambi\u00e9n a la ciudadan\u00eda en general. La coincidencia de estos dos grandes eventos deportivos en la misma ciudad y en fechas similares hace imposible su coexistencia sin comprometer la calidad y seguridad del Challenge Barcelona Triathlon.<\/p>\n<p>Con este cambio, el Challenge Barcelona Triathlon se convierte en la \u00faltima prueba de triatl\u00f3n del a\u00f1o en Europa antes del inicio de la nueva temporada, ofreciendo a los atletas una oportunidad \u00fanica para cerrar su calendario competitivo en una de las ciudades m\u00e1s emblem\u00e1ticas del deporte.<\/p>\n<p>La organizaci\u00f3n ya ha enviado un correo electr\u00f3nico a todas las personas inscritas en la edici\u00f3n 2024, ofreciendo las siguientes opciones: mantener la inscripci\u00f3n para la nueva fecha en 2024, transferir la inscripci\u00f3n para la edici\u00f3n 2025 o cancelar la inscripci\u00f3n y recibir un reembolso. Los y las participantes tendr\u00e1n hasta el 25 de junio de 2024 para realizar cualquiera de estos cambios.<\/p>\n<p>Pedimos disculpas por cualquier inconveniente que este cambio pueda causar y agradecemos la comprensi\u00f3n y la colaboraci\u00f3n de todo el mundo. Desde la organizaci\u00f3n, seguimos comprometidos en trabajar arduamente para asegurar que el Challenge Barcelona Triathlon contin\u00fae siendo una experiencia deportiva \u00fanica y especial para todos los y las participantes.<\/p>\n<p>&nbsp;<\/p>\n<p>Atentamente,<\/p>\n<p>Organizaci\u00f3n del Challenge Barcelona Triathlon<\/p>\n","protected":false},"excerpt":{"rendered":"<p>La prueba pasa al domingo 3 de noviembre por el cambio de calendario y log\u00edstica de la Copa Am\u00e9rica de Vela<\/p>\n","protected":false},"author":1,"featured_media":9336,"comment_status":"closed","ping_status":"closed","sticky":false,"template":"","format":"standard","meta":{"_monsterinsights_skip_tracking":false,"site-sidebar-layout":"default","site-content-layout":"","ast-site-content-layout":"default","site-content-style":"default","site-sidebar-style":"default","ast-global-header-display":"","ast-banner-title-visibility":"","ast-main-header-display":"","ast-hfb-above-header-display":"","ast-hfb-below-header-display":"","ast-hfb-mobile-header-display":"","site-post-title":"","ast-breadcrumbs-content":"","ast-featured-img":"","footer-sml-layout":"","ast-disable-related-posts":"","theme-transparent-header-meta":"default","adv-header-id-meta":"","stick-header-meta":"default","header-above-stick-meta":"","header-main-stick-meta":"","header-below-stick-meta":"","astra-migrate-meta-layouts":"set","ast-page-background-enabled":"default","ast-page-background-meta":{"desktop":{"background-color":"","background-image":"","background-repeat":"repeat","background-position":"center center","background-size":"auto","background-attachment":"scroll","background-type":"","background-media":"","overlay-type":"","overlay-color":"","overlay-opacity":"","overlay-gradient":""},"tablet":{"background-color":"","background-image":"","background-repeat":"repeat","background-position":"center center","background-size":"auto","background-attachment":"scroll","background-type":"","background-media":"","overlay-type":"","overlay-color":"","overlay-opacity":"","overlay-gradient":""},"mobile":{"background-color":"","background-image":"","background-repeat":"repeat","background-position":"center center","background-size":"auto","background-attachment":"scroll","background-type":"","background-media":"","overlay-type":"","overlay-color":"","overlay-opacity":"","overlay-gradient":""}},"ast-content-background-meta":{"desktop":{"background-color":"var(--ast-global-color-5)","background-image":"","background-repeat":"repeat","background-position":"center center","background-size":"auto","background-attachment":"scroll","background-type":"","background-media":"","overlay-type":"","overlay-color":"","overlay-opacity":"","overlay-gradient":""},"tablet":{"background-color":"var(--ast-global-color-5)","background-image":"","background-repeat":"repeat","background-position":"center center","background-size":"auto","background-attachment":"scroll","background-type":"","background-media":"","overlay-type":"","overlay-color":"","overlay-opacity":"","overlay-gradient":""},"mobile":{"background-color":"var(--ast-global-color-5)","background-image":"","background-repeat":"repeat","background-position":"center center","background-size":"auto","background-attachment":"scroll","background-type":"","background-media":"","overlay-type":"","overlay-color":"","overlay-opacity":"","overlay-gradient":""}},"footnotes":""},"categories":[8],"tags":[],"class_list":["post-9343","post","type-post","status-publish","format-standard","has-post-thumbnail","hentry","category-noticias"],"yoast_head":"<!-- This site is optimized with the Yoast SEO plugin v27.1 - https:\/\/yoast.com\/product\/yoast-seo-wordpress\/ -->\n<title>Cambio de fecha del Challenge Barcelona Triathlon 2024 - Challenge Barcelona Triatl\u00f3<\/title>\n<meta name=\"robots\" content=\"index, follow, max-snippet:-1, max-image-preview:large, max-video-preview:-1\" \/>\n<link rel=\"canonical\" href=\"https:\/\/www.triathlon.barcelona\/es\/cambio-de-fecha-del-challenge-barcelona-triathlon-2024\/\" \/>\n<meta property=\"og:locale\" content=\"es_ES\" \/>\n<meta property=\"og:type\" content=\"article\" \/>\n<meta property=\"og:title\" content=\"Cambio de fecha del Challenge Barcelona Triathlon 2024 - Challenge Barcelona Triatl\u00f3\" \/>\n<meta property=\"og:description\" content=\"La prueba pasa al domingo 3 de noviembre por el cambio de calendario y log\u00edstica de la Copa Am\u00e9rica de Vela\" \/>\n<meta property=\"og:url\" content=\"https:\/\/www.triathlon.barcelona\/es\/cambio-de-fecha-del-challenge-barcelona-triathlon-2024\/\" \/>\n<meta property=\"og:site_name\" content=\"Challenge Barcelona Triatl\u00f3\" \/>\n<meta property=\"article:publisher\" content=\"https:\/\/www.facebook.com\/barcelonatriathlon\" \/>\n<meta property=\"article:published_time\" content=\"2024-06-14T10:00:17+00:00\" \/>\n<meta property=\"og:image\" content=\"https:\/\/www.triathlon.barcelona\/wp-content\/uploads\/2024\/06\/240614-canvidata-chbcn2024.jpg\" \/>\n\t<meta property=\"og:image:width\" content=\"1920\" \/>\n\t<meta property=\"og:image:height\" content=\"1280\" \/>\n\t<meta property=\"og:image:type\" content=\"image\/jpeg\" \/>\n<meta name=\"author\" content=\"david\" \/>\n<meta name=\"twitter:card\" content=\"summary_large_image\" \/>\n<meta name=\"twitter:creator\" content=\"@bcn_triathlon\" \/>\n<meta name=\"twitter:site\" content=\"@bcn_triathlon\" \/>\n<meta name=\"twitter:label1\" content=\"Escrito por\" \/>\n\t<meta name=\"twitter:data1\" content=\"david\" \/>\n\t<meta name=\"twitter:label2\" content=\"Tiempo de lectura\" \/>\n\t<meta name=\"twitter:data2\" content=\"2 minutos\" \/>\n<script type=\"application\/ld+json\" class=\"yoast-schema-graph\">{\"@context\":\"https:\/\/schema.org\",\"@graph\":[{\"@type\":\"Article\",\"@id\":\"https:\/\/www.triathlon.barcelona\/es\/cambio-de-fecha-del-challenge-barcelona-triathlon-2024\/#article\",\"isPartOf\":{\"@id\":\"https:\/\/www.triathlon.barcelona\/es\/cambio-de-fecha-del-challenge-barcelona-triathlon-2024\/\"},\"author\":{\"name\":\"david\",\"@id\":\"https:\/\/www.triathlon.barcelona\/es\/#\/schema\/person\/812f46a7af75bae5296e42e5b503d1e6\"},\"headline\":\"Cambio de fecha del Challenge Barcelona Triathlon 2024\",\"datePublished\":\"2024-06-14T10:00:17+00:00\",\"mainEntityOfPage\":{\"@id\":\"https:\/\/www.triathlon.barcelona\/es\/cambio-de-fecha-del-challenge-barcelona-triathlon-2024\/\"},\"wordCount\":359,\"publisher\":{\"@id\":\"https:\/\/www.triathlon.barcelona\/es\/#organization\"},\"image\":{\"@id\":\"https:\/\/www.triathlon.barcelona\/es\/cambio-de-fecha-del-challenge-barcelona-triathlon-2024\/#primaryimage\"},\"thumbnailUrl\":\"https:\/\/www.triathlon.barcelona\/wp-content\/uploads\/2024\/06\/240614-canvidata-chbcn2024.jpg\",\"articleSection\":[\"Noticias\"],\"inLanguage\":\"es\"},{\"@type\":\"WebPage\",\"@id\":\"https:\/\/www.triathlon.barcelona\/es\/cambio-de-fecha-del-challenge-barcelona-triathlon-2024\/\",\"url\":\"https:\/\/www.triathlon.barcelona\/es\/cambio-de-fecha-del-challenge-barcelona-triathlon-2024\/\",\"name\":\"Cambio de fecha del Challenge Barcelona Triathlon 2024 - Challenge Barcelona Triatl\u00f3\",\"isPartOf\":{\"@id\":\"https:\/\/www.triathlon.barcelona\/es\/#website\"},\"primaryImageOfPage\":{\"@id\":\"https:\/\/www.triathlon.barcelona\/es\/cambio-de-fecha-del-challenge-barcelona-triathlon-2024\/#primaryimage\"},\"image\":{\"@id\":\"https:\/\/www.triathlon.barcelona\/es\/cambio-de-fecha-del-challenge-barcelona-triathlon-2024\/#primaryimage\"},\"thumbnailUrl\":\"https:\/\/www.triathlon.barcelona\/wp-content\/uploads\/2024\/06\/240614-canvidata-chbcn2024.jpg\",\"datePublished\":\"2024-06-14T10:00:17+00:00\",\"breadcrumb\":{\"@id\":\"https:\/\/www.triathlon.barcelona\/es\/cambio-de-fecha-del-challenge-barcelona-triathlon-2024\/#breadcrumb\"},\"inLanguage\":\"es\",\"potentialAction\":[{\"@type\":\"ReadAction\",\"target\":[\"https:\/\/www.triathlon.barcelona\/es\/cambio-de-fecha-del-challenge-barcelona-triathlon-2024\/\"]}]},{\"@type\":\"ImageObject\",\"inLanguage\":\"es\",\"@id\":\"https:\/\/www.triathlon.barcelona\/es\/cambio-de-fecha-del-challenge-barcelona-triathlon-2024\/#primaryimage\",\"url\":\"https:\/\/www.triathlon.barcelona\/wp-content\/uploads\/2024\/06\/240614-canvidata-chbcn2024.jpg\",\"contentUrl\":\"https:\/\/www.triathlon.barcelona\/wp-content\/uploads\/2024\/06\/240614-canvidata-chbcn2024.jpg\",\"width\":1920,\"height\":1280},{\"@type\":\"BreadcrumbList\",\"@id\":\"https:\/\/www.triathlon.barcelona\/es\/cambio-de-fecha-del-challenge-barcelona-triathlon-2024\/#breadcrumb\",\"itemListElement\":[{\"@type\":\"ListItem\",\"position\":1,\"name\":\"Inicio\",\"item\":\"https:\/\/www.triathlon.barcelona\/es\/\"},{\"@type\":\"ListItem\",\"position\":2,\"name\":\"Cambio de fecha del Challenge Barcelona Triathlon 2024\"}]},{\"@type\":\"WebSite\",\"@id\":\"https:\/\/www.triathlon.barcelona\/es\/#website\",\"url\":\"https:\/\/www.triathlon.barcelona\/es\/\",\"name\":\"Challenge Barcelona Triathlon\",\"description\":\"\",\"publisher\":{\"@id\":\"https:\/\/www.triathlon.barcelona\/es\/#organization\"},\"alternateName\":\"Challenge Barcelona\",\"potentialAction\":[{\"@type\":\"SearchAction\",\"target\":{\"@type\":\"EntryPoint\",\"urlTemplate\":\"https:\/\/www.triathlon.barcelona\/es\/?s={search_term_string}\"},\"query-input\":{\"@type\":\"PropertyValueSpecification\",\"valueRequired\":true,\"valueName\":\"search_term_string\"}}],\"inLanguage\":\"es\"},{\"@type\":\"Organization\",\"@id\":\"https:\/\/www.triathlon.barcelona\/es\/#organization\",\"name\":\"Challenge Barcelona Triathlon\",\"alternateName\":\"Challenge Barcelona\",\"url\":\"https:\/\/www.triathlon.barcelona\/es\/\",\"logo\":{\"@type\":\"ImageObject\",\"inLanguage\":\"es\",\"@id\":\"https:\/\/www.triathlon.barcelona\/es\/#\/schema\/logo\/image\/\",\"url\":\"https:\/\/www.triathlon.barcelona\/wp-content\/uploads\/2024\/06\/logo-challenge-barcelona.png\",\"contentUrl\":\"https:\/\/www.triathlon.barcelona\/wp-content\/uploads\/2024\/06\/logo-challenge-barcelona.png\",\"width\":3209,\"height\":729,\"caption\":\"Challenge Barcelona Triathlon\"},\"image\":{\"@id\":\"https:\/\/www.triathlon.barcelona\/es\/#\/schema\/logo\/image\/\"},\"sameAs\":[\"https:\/\/www.facebook.com\/barcelonatriathlon\",\"https:\/\/x.com\/bcn_triathlon\",\"https:\/\/www.instagram.com\/barcelonatriathlon\/\"]},{\"@type\":\"Person\",\"@id\":\"https:\/\/www.triathlon.barcelona\/es\/#\/schema\/person\/812f46a7af75bae5296e42e5b503d1e6\",\"name\":\"david\",\"image\":{\"@type\":\"ImageObject\",\"inLanguage\":\"es\",\"@id\":\"https:\/\/www.triathlon.barcelona\/es\/#\/schema\/person\/image\/\",\"url\":\"https:\/\/secure.gravatar.com\/avatar\/f3b6b2a94c48d199ba05b31c711ca66bc5650a0dc06074dd63ae046df043d8e8?s=96&d=mm&r=g\",\"contentUrl\":\"https:\/\/secure.gravatar.com\/avatar\/f3b6b2a94c48d199ba05b31c711ca66bc5650a0dc06074dd63ae046df043d8e8?s=96&d=mm&r=g\",\"caption\":\"david\"},\"sameAs\":[\"https:\/\/www.triathlon.barcelona\"],\"url\":\"https:\/\/www.triathlon.barcelona\/es\/author\/david\/\"}]}<\/script>\n<!-- \/ Yoast SEO plugin. -->","yoast_head_json":{"title":"Cambio de fecha del Challenge Barcelona Triathlon 2024 - Challenge Barcelona Triatl\u00f3","robots":{"index":"index","follow":"follow","max-snippet":"max-snippet:-1","max-image-preview":"max-image-preview:large","max-video-preview":"max-video-preview:-1"},"canonical":"https:\/\/www.triathlon.barcelona\/es\/cambio-de-fecha-del-challenge-barcelona-triathlon-2024\/","og_locale":"es_ES","og_type":"article","og_title":"Cambio de fecha del Challenge Barcelona Triathlon 2024 - Challenge Barcelona Triatl\u00f3","og_description":"La prueba pasa al domingo 3 de noviembre por el cambio de calendario y log\u00edstica de la Copa Am\u00e9rica de Vela","og_url":"https:\/\/www.triathlon.barcelona\/es\/cambio-de-fecha-del-challenge-barcelona-triathlon-2024\/","og_site_name":"Challenge Barcelona Triatl\u00f3","article_publisher":"https:\/\/www.facebook.com\/barcelonatriathlon","article_published_time":"2024-06-14T10:00:17+00:00","og_image":[{"width":1920,"height":1280,"url":"https:\/\/www.triathlon.barcelona\/wp-content\/uploads\/2024\/06\/240614-canvidata-chbcn2024.jpg","type":"image\/jpeg"}],"author":"david","twitter_card":"summary_large_image","twitter_creator":"@bcn_triathlon","twitter_site":"@bcn_triathlon","twitter_misc":{"Escrito por":"david","Tiempo de lectura":"2 minutos"},"schema":{"@context":"https:\/\/schema.org","@graph":[{"@type":"Article","@id":"https:\/\/www.triathlon.barcelona\/es\/cambio-de-fecha-del-challenge-barcelona-triathlon-2024\/#article","isPartOf":{"@id":"https:\/\/www.triathlon.barcelona\/es\/cambio-de-fecha-del-challenge-barcelona-triathlon-2024\/"},"author":{"name":"david","@id":"https:\/\/www.triathlon.barcelona\/es\/#\/schema\/person\/812f46a7af75bae5296e42e5b503d1e6"},"headline":"Cambio de fecha del Challenge Barcelona Triathlon 2024","datePublished":"2024-06-14T10:00:17+00:00","mainEntityOfPage":{"@id":"https:\/\/www.triathlon.barcelona\/es\/cambio-de-fecha-del-challenge-barcelona-triathlon-2024\/"},"wordCount":359,"publisher":{"@id":"https:\/\/www.triathlon.barcelona\/es\/#organization"},"image":{"@id":"https:\/\/www.triathlon.barcelona\/es\/cambio-de-fecha-del-challenge-barcelona-triathlon-2024\/#primaryimage"},"thumbnailUrl":"https:\/\/www.triathlon.barcelona\/wp-content\/uploads\/2024\/06\/240614-canvidata-chbcn2024.jpg","articleSection":["Noticias"],"inLanguage":"es"},{"@type":"WebPage","@id":"https:\/\/www.triathlon.barcelona\/es\/cambio-de-fecha-del-challenge-barcelona-triathlon-2024\/","url":"https:\/\/www.triathlon.barcelona\/es\/cambio-de-fecha-del-challenge-barcelona-triathlon-2024\/","name":"Cambio de fecha del Challenge Barcelona Triathlon 2024 - Challenge Barcelona Triatl\u00f3","isPartOf":{"@id":"https:\/\/www.triathlon.barcelona\/es\/#website"},"primaryImageOfPage":{"@id":"https:\/\/www.triathlon.barcelona\/es\/cambio-de-fecha-del-challenge-barcelona-triathlon-2024\/#primaryimage"},"image":{"@id":"https:\/\/www.triathlon.barcelona\/es\/cambio-de-fecha-del-challenge-barcelona-triathlon-2024\/#primaryimage"},"thumbnailUrl":"https:\/\/www.triathlon.barcelona\/wp-content\/uploads\/2024\/06\/240614-canvidata-chbcn2024.jpg","datePublished":"2024-06-14T10:00:17+00:00","breadcrumb":{"@id":"https:\/\/www.triathlon.barcelona\/es\/cambio-de-fecha-del-challenge-barcelona-triathlon-2024\/#breadcrumb"},"inLanguage":"es","potentialAction":[{"@type":"ReadAction","target":["https:\/\/www.triathlon.barcelona\/es\/cambio-de-fecha-del-challenge-barcelona-triathlon-2024\/"]}]},{"@type":"ImageObject","inLanguage":"es","@id":"https:\/\/www.triathlon.barcelona\/es\/cambio-de-fecha-del-challenge-barcelona-triathlon-2024\/#primaryimage","url":"https:\/\/www.triathlon.barcelona\/wp-content\/uploads\/2024\/06\/240614-canvidata-chbcn2024.jpg","contentUrl":"https:\/\/www.triathlon.barcelona\/wp-content\/uploads\/2024\/06\/240614-canvidata-chbcn2024.jpg","width":1920,"height":1280},{"@type":"BreadcrumbList","@id":"https:\/\/www.triathlon.barcelona\/es\/cambio-de-fecha-del-challenge-barcelona-triathlon-2024\/#breadcrumb","itemListElement":[{"@type":"ListItem","position":1,"name":"Inicio","item":"https:\/\/www.triathlon.barcelona\/es\/"},{"@type":"ListItem","position":2,"name":"Cambio de fecha del Challenge Barcelona Triathlon 2024"}]},{"@type":"WebSite","@id":"https:\/\/www.triathlon.barcelona\/es\/#website","url":"https:\/\/www.triathlon.barcelona\/es\/","name":"Challenge Barcelona Triathlon","description":"","publisher":{"@id":"https:\/\/www.triathlon.barcelona\/es\/#organization"},"alternateName":"Challenge Barcelona","potentialAction":[{"@type":"SearchAction","target":{"@type":"EntryPoint","urlTemplate":"https:\/\/www.triathlon.barcelona\/es\/?s={search_term_string}"},"query-input":{"@type":"PropertyValueSpecification","valueRequired":true,"valueName":"search_term_string"}}],"inLanguage":"es"},{"@type":"Organization","@id":"https:\/\/www.triathlon.barcelona\/es\/#organization","name":"Challenge Barcelona Triathlon","alternateName":"Challenge Barcelona","url":"https:\/\/www.triathlon.barcelona\/es\/","logo":{"@type":"ImageObject","inLanguage":"es","@id":"https:\/\/www.triathlon.barcelona\/es\/#\/schema\/logo\/image\/","url":"https:\/\/www.triathlon.barcelona\/wp-content\/uploads\/2024\/06\/logo-challenge-barcelona.png","contentUrl":"https:\/\/www.triathlon.barcelona\/wp-content\/uploads\/2024\/06\/logo-challenge-barcelona.png","width":3209,"height":729,"caption":"Challenge Barcelona Triathlon"},"image":{"@id":"https:\/\/www.triathlon.barcelona\/es\/#\/schema\/logo\/image\/"},"sameAs":["https:\/\/www.facebook.com\/barcelonatriathlon","https:\/\/x.com\/bcn_triathlon","https:\/\/www.instagram.com\/barcelonatriathlon\/"]},{"@type":"Person","@id":"https:\/\/www.triathlon.barcelona\/es\/#\/schema\/person\/812f46a7af75bae5296e42e5b503d1e6","name":"david","image":{"@type":"ImageObject","inLanguage":"es","@id":"https:\/\/www.triathlon.barcelona\/es\/#\/schema\/person\/image\/","url":"https:\/\/secure.gravatar.com\/avatar\/f3b6b2a94c48d199ba05b31c711ca66bc5650a0dc06074dd63ae046df043d8e8?s=96&d=mm&r=g","contentUrl":"https:\/\/secure.gravatar.com\/avatar\/f3b6b2a94c48d199ba05b31c711ca66bc5650a0dc06074dd63ae046df043d8e8?s=96&d=mm&r=g","caption":"david"},"sameAs":["https:\/\/www.triathlon.barcelona"],"url":"https:\/\/www.triathlon.barcelona\/es\/author\/david\/"}]}},"_links":{"self":[{"href":"https:\/\/www.triathlon.barcelona\/es\/wp-json\/wp\/v2\/posts\/9343","targetHints":{"allow":["GET"]}}],"collection":[{"href":"https:\/\/www.triathlon.barcelona\/es\/wp-json\/wp\/v2\/posts"}],"about":[{"href":"https:\/\/www.triathlon.barcelona\/es\/wp-json\/wp\/v2\/types\/post"}],"author":[{"embeddable":true,"href":"https:\/\/www.triathlon.barcelona\/es\/wp-json\/wp\/v2\/users\/1"}],"replies":[{"embeddable":true,"href":"https:\/\/www.triathlon.barcelona\/es\/wp-json\/wp\/v2\/comments?post=9343"}],"version-history":[{"count":1,"href":"https:\/\/www.triathlon.barcelona\/es\/wp-json\/wp\/v2\/posts\/9343\/revisions"}],"predecessor-version":[{"id":9344,"href":"https:\/\/www.triathlon.barcelona\/es\/wp-json\/wp\/v2\/posts\/9343\/revisions\/9344"}],"wp:featuredmedia":[{"embeddable":true,"href":"https:\/\/www.triathlon.barcelona\/es\/wp-json\/wp\/v2\/media\/9336"}],"wp:attachment":[{"href":"https:\/\/www.triathlon.barcelona\/es\/wp-json\/wp\/v2\/media?parent=9343"}],"wp:term":[{"taxonomy":"category","embeddable":true,"href":"https:\/\/www.triathlon.barcelona\/es\/wp-json\/wp\/v2\/categories?post=9343"},{"taxonomy":"post_tag","embeddable":true,"href":"https:\/\/www.triathlon.barcelona\/es\/wp-json\/wp\/v2\/tags?post=9343"}],"curies":[{"name":"wp","href":"https:\/\/api.w.org\/{rel}","templated":true}]}}