{"id":9439,"date":"2024-07-17T14:36:00","date_gmt":"2024-07-17T12:36:00","guid":{"rendered":"https:\/\/www.triathlon.barcelona\/?p=9439"},"modified":"2024-07-17T14:58:05","modified_gmt":"2024-07-17T12:58:05","slug":"federacio-acell-y-challenge-barcelona-triathlon-renuevan-su-compromiso-con-el-proyecto-triatlon-sin-fronteras","status":"publish","type":"post","link":"https:\/\/www.triathlon.barcelona\/es\/federacio-acell-y-challenge-barcelona-triathlon-renuevan-su-compromiso-con-el-proyecto-triatlon-sin-fronteras\/","title":{"rendered":"Federaci\u00f3 ACELL y Challenge Barcelona Triathlon renuevan su compromiso con el proyecto \u00abTriatl\u00f3n Sin Fronteras\u00bb"},"content":{"rendered":"<p><strong><span>Por segundo a\u00f1o consecutivo, se unen fuerzas para preparar a deportistas con necesidades especiales<\/span><\/strong><span id=\"more-9426\"><\/span><!--more--><\/p>\n<p><span>La\u00a0<\/span><a href=\"https:\/\/federacioacell.org\/\" target=\"_blank\" rel=\"noopener\"><span>Federaci\u00f3n ACELL<\/span><\/a><span>\u00a0y Challenge Barcelona Triathlon han anunciado, por segundo a\u00f1o consecutivo, la colaboraci\u00f3n en el proyecto social \u201cTriatl\u00f3n Sin Fronteras\u201d. Esta iniciativa, financiada por la\u00a0<\/span><a href=\"https:\/\/fundacionlacaixa.org\/es\/\" target=\"_blank\" rel=\"noopener\"><span>Fundaci\u00f3n la Caixa<\/span><\/a><span>\u00a0, tiene como objetivo incluir a los y las deportistas de la Escuela Deportiva ACELL de Atletismo y Nataci\u00f3n en esta prestigiosa competici\u00f3n.<\/span><\/p>\n<p><span>Durante cuatro meses, los y las deportistas participan en entrenamientos intensivos y sesiones adaptadas, dirigidas por los t\u00e9cnicos de\u00a0<\/span><a href=\"https:\/\/www.proamtraining.com\/\" target=\"_blank\" rel=\"noopener\"><span>PROAM<\/span><\/a><span>\u00a0, para prepararse de cara al triatl\u00f3n. Este proyecto tambi\u00e9n cuenta con el apoyo del Institut Barcelona Esports y subraya el compromiso de la ciudad de Barcelona con la inclusi\u00f3n y el deporte para todas las personas.<\/span><\/p>\n<p><span>\u201cTriatl\u00f3n Sin Fronteras\u201d no s\u00f3lo proporciona una experiencia \u00fanica a estos y estas atletas, sino que tambi\u00e9n visibiliza la importancia de la inclusi\u00f3n en el deporte. El Challenge Barcelona Triathlon reafirma su compromiso con romper barreras y demostrar que el triatl\u00f3n es accesible para todos, independientemente de sus capacidades.<\/span><\/p>\n<p><span>Este proyecto se erige como ejemplo inspirador de integraci\u00f3n y superaci\u00f3n, animando a otros eventos deportivos a seguir este camino hacia la inclusi\u00f3n total. La colaboraci\u00f3n entre la Federaci\u00f3n ACELL, la Fundaci\u00f3n la Caixa y el Challenge Barcelona Triathlon demuestra que el deporte puede unir a las personas y superar l\u00edmites, rompiendo fronteras para la igualdad.<\/span><\/p>\n","protected":false},"excerpt":{"rendered":"<p>Por segundo a\u00f1o consecutivo, se unen fuerzas para preparar a deportistas con necesidades especiales<\/p>\n","protected":false},"author":1,"featured_media":9429,"comment_status":"closed","ping_status":"closed","sticky":false,"template":"","format":"standard","meta":{"_monsterinsights_skip_tracking":false,"site-sidebar-layout":"default","site-content-layout":"","ast-site-content-layout":"default","site-content-style":"default","site-sidebar-style":"default","ast-global-header-display":"","ast-banner-title-visibility":"","ast-main-header-display":"","ast-hfb-above-header-display":"","ast-hfb-below-header-display":"","ast-hfb-mobile-header-display":"","site-post-title":"","ast-breadcrumbs-content":"","ast-featured-img":"","footer-sml-layout":"","ast-disable-related-posts":"","theme-transparent-header-meta":"default","adv-header-id-meta":"","stick-header-meta":"default","header-above-stick-meta":"","header-main-stick-meta":"","header-below-stick-meta":"","astra-migrate-meta-layouts":"set","ast-page-background-enabled":"default","ast-page-background-meta":{"desktop":{"background-color":"","background-image":"","background-repeat":"repeat","background-position":"center center","background-size":"auto","background-attachment":"scroll","background-type":"","background-media":"","overlay-type":"","overlay-color":"","overlay-opacity":"","overlay-gradient":""},"tablet":{"background-color":"","background-image":"","background-repeat":"repeat","background-position":"center center","background-size":"auto","background-attachment":"scroll","background-type":"","background-media":"","overlay-type":"","overlay-color":"","overlay-opacity":"","overlay-gradient":""},"mobile":{"background-color":"","background-image":"","background-repeat":"repeat","background-position":"center center","background-size":"auto","background-attachment":"scroll","background-type":"","background-media":"","overlay-type":"","overlay-color":"","overlay-opacity":"","overlay-gradient":""}},"ast-content-background-meta":{"desktop":{"background-color":"var(--ast-global-color-5)","background-image":"","background-repeat":"repeat","background-position":"center center","background-size":"auto","background-attachment":"scroll","background-type":"","background-media":"","overlay-type":"","overlay-color":"","overlay-opacity":"","overlay-gradient":""},"tablet":{"background-color":"var(--ast-global-color-5)","background-image":"","background-repeat":"repeat","background-position":"center center","background-size":"auto","background-attachment":"scroll","background-type":"","background-media":"","overlay-type":"","overlay-color":"","overlay-opacity":"","overlay-gradient":""},"mobile":{"background-color":"var(--ast-global-color-5)","background-image":"","background-repeat":"repeat","background-position":"center center","background-size":"auto","background-attachment":"scroll","background-type":"","background-media":"","overlay-type":"","overlay-color":"","overlay-opacity":"","overlay-gradient":""}},"footnotes":""},"categories":[8],"tags":[],"class_list":["post-9439","post","type-post","status-publish","format-standard","has-post-thumbnail","hentry","category-noticias"],"yoast_head":"<!-- This site is optimized with the Yoast SEO plugin v27.1 - https:\/\/yoast.com\/product\/yoast-seo-wordpress\/ -->\n<title>Federaci\u00f3 ACELL y Challenge Barcelona Triathlon renuevan su compromiso con el proyecto &quot;Triatl\u00f3n Sin Fronteras&quot; - Challenge Barcelona Triatl\u00f3<\/title>\n<meta name=\"robots\" content=\"index, follow, max-snippet:-1, max-image-preview:large, max-video-preview:-1\" \/>\n<link rel=\"canonical\" href=\"https:\/\/www.triathlon.barcelona\/es\/federacio-acell-y-challenge-barcelona-triathlon-renuevan-su-compromiso-con-el-proyecto-triatlon-sin-fronteras\/\" \/>\n<meta property=\"og:locale\" content=\"es_ES\" \/>\n<meta property=\"og:type\" content=\"article\" \/>\n<meta property=\"og:title\" content=\"Federaci\u00f3 ACELL y Challenge Barcelona Triathlon renuevan su compromiso con el proyecto &quot;Triatl\u00f3n Sin Fronteras&quot; - Challenge Barcelona Triatl\u00f3\" \/>\n<meta property=\"og:description\" content=\"Por segundo a\u00f1o consecutivo, se unen fuerzas para preparar a deportistas con necesidades especiales\" \/>\n<meta property=\"og:url\" content=\"https:\/\/www.triathlon.barcelona\/es\/federacio-acell-y-challenge-barcelona-triathlon-renuevan-su-compromiso-con-el-proyecto-triatlon-sin-fronteras\/\" \/>\n<meta property=\"og:site_name\" content=\"Challenge Barcelona Triatl\u00f3\" \/>\n<meta property=\"article:publisher\" content=\"https:\/\/www.facebook.com\/barcelonatriathlon\" \/>\n<meta property=\"article:published_time\" content=\"2024-07-17T12:36:00+00:00\" \/>\n<meta property=\"article:modified_time\" content=\"2024-07-17T12:58:05+00:00\" \/>\n<meta property=\"og:image\" content=\"https:\/\/www.triathlon.barcelona\/wp-content\/uploads\/2024\/07\/240717-acell-chbcn2024.jpg\" \/>\n\t<meta property=\"og:image:width\" content=\"1920\" \/>\n\t<meta property=\"og:image:height\" content=\"1280\" \/>\n\t<meta property=\"og:image:type\" content=\"image\/jpeg\" \/>\n<meta name=\"author\" content=\"david\" \/>\n<meta name=\"twitter:card\" content=\"summary_large_image\" \/>\n<meta name=\"twitter:creator\" content=\"@bcn_triathlon\" \/>\n<meta name=\"twitter:site\" content=\"@bcn_triathlon\" \/>\n<meta name=\"twitter:label1\" content=\"Escrito por\" \/>\n\t<meta name=\"twitter:data1\" content=\"david\" \/>\n\t<meta name=\"twitter:label2\" content=\"Tiempo de lectura\" \/>\n\t<meta name=\"twitter:data2\" content=\"2 minutos\" \/>\n<script type=\"application\/ld+json\" class=\"yoast-schema-graph\">{\"@context\":\"https:\/\/schema.org\",\"@graph\":[{\"@type\":\"Article\",\"@id\":\"https:\/\/www.triathlon.barcelona\/es\/federacio-acell-y-challenge-barcelona-triathlon-renuevan-su-compromiso-con-el-proyecto-triatlon-sin-fronteras\/#article\",\"isPartOf\":{\"@id\":\"https:\/\/www.triathlon.barcelona\/es\/federacio-acell-y-challenge-barcelona-triathlon-renuevan-su-compromiso-con-el-proyecto-triatlon-sin-fronteras\/\"},\"author\":{\"name\":\"david\",\"@id\":\"https:\/\/www.triathlon.barcelona\/es\/#\/schema\/person\/812f46a7af75bae5296e42e5b503d1e6\"},\"headline\":\"Federaci\u00f3 ACELL y Challenge Barcelona Triathlon renuevan su compromiso con el proyecto \u00abTriatl\u00f3n Sin Fronteras\u00bb\",\"datePublished\":\"2024-07-17T12:36:00+00:00\",\"dateModified\":\"2024-07-17T12:58:05+00:00\",\"mainEntityOfPage\":{\"@id\":\"https:\/\/www.triathlon.barcelona\/es\/federacio-acell-y-challenge-barcelona-triathlon-renuevan-su-compromiso-con-el-proyecto-triatlon-sin-fronteras\/\"},\"wordCount\":267,\"publisher\":{\"@id\":\"https:\/\/www.triathlon.barcelona\/es\/#organization\"},\"image\":{\"@id\":\"https:\/\/www.triathlon.barcelona\/es\/federacio-acell-y-challenge-barcelona-triathlon-renuevan-su-compromiso-con-el-proyecto-triatlon-sin-fronteras\/#primaryimage\"},\"thumbnailUrl\":\"https:\/\/www.triathlon.barcelona\/wp-content\/uploads\/2024\/07\/240717-acell-chbcn2024.jpg\",\"articleSection\":[\"Noticias\"],\"inLanguage\":\"es\"},{\"@type\":\"WebPage\",\"@id\":\"https:\/\/www.triathlon.barcelona\/es\/federacio-acell-y-challenge-barcelona-triathlon-renuevan-su-compromiso-con-el-proyecto-triatlon-sin-fronteras\/\",\"url\":\"https:\/\/www.triathlon.barcelona\/es\/federacio-acell-y-challenge-barcelona-triathlon-renuevan-su-compromiso-con-el-proyecto-triatlon-sin-fronteras\/\",\"name\":\"Federaci\u00f3 ACELL y Challenge Barcelona Triathlon renuevan su compromiso con el proyecto \\\"Triatl\u00f3n Sin Fronteras\\\" - Challenge Barcelona Triatl\u00f3\",\"isPartOf\":{\"@id\":\"https:\/\/www.triathlon.barcelona\/es\/#website\"},\"primaryImageOfPage\":{\"@id\":\"https:\/\/www.triathlon.barcelona\/es\/federacio-acell-y-challenge-barcelona-triathlon-renuevan-su-compromiso-con-el-proyecto-triatlon-sin-fronteras\/#primaryimage\"},\"image\":{\"@id\":\"https:\/\/www.triathlon.barcelona\/es\/federacio-acell-y-challenge-barcelona-triathlon-renuevan-su-compromiso-con-el-proyecto-triatlon-sin-fronteras\/#primaryimage\"},\"thumbnailUrl\":\"https:\/\/www.triathlon.barcelona\/wp-content\/uploads\/2024\/07\/240717-acell-chbcn2024.jpg\",\"datePublished\":\"2024-07-17T12:36:00+00:00\",\"dateModified\":\"2024-07-17T12:58:05+00:00\",\"breadcrumb\":{\"@id\":\"https:\/\/www.triathlon.barcelona\/es\/federacio-acell-y-challenge-barcelona-triathlon-renuevan-su-compromiso-con-el-proyecto-triatlon-sin-fronteras\/#breadcrumb\"},\"inLanguage\":\"es\",\"potentialAction\":[{\"@type\":\"ReadAction\",\"target\":[\"https:\/\/www.triathlon.barcelona\/es\/federacio-acell-y-challenge-barcelona-triathlon-renuevan-su-compromiso-con-el-proyecto-triatlon-sin-fronteras\/\"]}]},{\"@type\":\"ImageObject\",\"inLanguage\":\"es\",\"@id\":\"https:\/\/www.triathlon.barcelona\/es\/federacio-acell-y-challenge-barcelona-triathlon-renuevan-su-compromiso-con-el-proyecto-triatlon-sin-fronteras\/#primaryimage\",\"url\":\"https:\/\/www.triathlon.barcelona\/wp-content\/uploads\/2024\/07\/240717-acell-chbcn2024.jpg\",\"contentUrl\":\"https:\/\/www.triathlon.barcelona\/wp-content\/uploads\/2024\/07\/240717-acell-chbcn2024.jpg\",\"width\":1920,\"height\":1280},{\"@type\":\"BreadcrumbList\",\"@id\":\"https:\/\/www.triathlon.barcelona\/es\/federacio-acell-y-challenge-barcelona-triathlon-renuevan-su-compromiso-con-el-proyecto-triatlon-sin-fronteras\/#breadcrumb\",\"itemListElement\":[{\"@type\":\"ListItem\",\"position\":1,\"name\":\"Inicio\",\"item\":\"https:\/\/www.triathlon.barcelona\/es\/\"},{\"@type\":\"ListItem\",\"position\":2,\"name\":\"Federaci\u00f3 ACELL y Challenge Barcelona Triathlon renuevan su compromiso con el proyecto &#8220;Triatl\u00f3n Sin Fronteras&#8221;\"}]},{\"@type\":\"WebSite\",\"@id\":\"https:\/\/www.triathlon.barcelona\/es\/#website\",\"url\":\"https:\/\/www.triathlon.barcelona\/es\/\",\"name\":\"Challenge Barcelona Triathlon\",\"description\":\"\",\"publisher\":{\"@id\":\"https:\/\/www.triathlon.barcelona\/es\/#organization\"},\"alternateName\":\"Challenge Barcelona\",\"potentialAction\":[{\"@type\":\"SearchAction\",\"target\":{\"@type\":\"EntryPoint\",\"urlTemplate\":\"https:\/\/www.triathlon.barcelona\/es\/?s={search_term_string}\"},\"query-input\":{\"@type\":\"PropertyValueSpecification\",\"valueRequired\":true,\"valueName\":\"search_term_string\"}}],\"inLanguage\":\"es\"},{\"@type\":\"Organization\",\"@id\":\"https:\/\/www.triathlon.barcelona\/es\/#organization\",\"name\":\"Challenge Barcelona Triathlon\",\"alternateName\":\"Challenge Barcelona\",\"url\":\"https:\/\/www.triathlon.barcelona\/es\/\",\"logo\":{\"@type\":\"ImageObject\",\"inLanguage\":\"es\",\"@id\":\"https:\/\/www.triathlon.barcelona\/es\/#\/schema\/logo\/image\/\",\"url\":\"https:\/\/www.triathlon.barcelona\/wp-content\/uploads\/2024\/06\/logo-challenge-barcelona.png\",\"contentUrl\":\"https:\/\/www.triathlon.barcelona\/wp-content\/uploads\/2024\/06\/logo-challenge-barcelona.png\",\"width\":3209,\"height\":729,\"caption\":\"Challenge Barcelona Triathlon\"},\"image\":{\"@id\":\"https:\/\/www.triathlon.barcelona\/es\/#\/schema\/logo\/image\/\"},\"sameAs\":[\"https:\/\/www.facebook.com\/barcelonatriathlon\",\"https:\/\/x.com\/bcn_triathlon\",\"https:\/\/www.instagram.com\/barcelonatriathlon\/\"]},{\"@type\":\"Person\",\"@id\":\"https:\/\/www.triathlon.barcelona\/es\/#\/schema\/person\/812f46a7af75bae5296e42e5b503d1e6\",\"name\":\"david\",\"image\":{\"@type\":\"ImageObject\",\"inLanguage\":\"es\",\"@id\":\"https:\/\/www.triathlon.barcelona\/es\/#\/schema\/person\/image\/\",\"url\":\"https:\/\/secure.gravatar.com\/avatar\/f3b6b2a94c48d199ba05b31c711ca66bc5650a0dc06074dd63ae046df043d8e8?s=96&d=mm&r=g\",\"contentUrl\":\"https:\/\/secure.gravatar.com\/avatar\/f3b6b2a94c48d199ba05b31c711ca66bc5650a0dc06074dd63ae046df043d8e8?s=96&d=mm&r=g\",\"caption\":\"david\"},\"sameAs\":[\"https:\/\/www.triathlon.barcelona\"],\"url\":\"https:\/\/www.triathlon.barcelona\/es\/author\/david\/\"}]}<\/script>\n<!-- \/ Yoast SEO plugin. -->","yoast_head_json":{"title":"Federaci\u00f3 ACELL y Challenge Barcelona Triathlon renuevan su compromiso con el proyecto \"Triatl\u00f3n Sin Fronteras\" - Challenge Barcelona Triatl\u00f3","robots":{"index":"index","follow":"follow","max-snippet":"max-snippet:-1","max-image-preview":"max-image-preview:large","max-video-preview":"max-video-preview:-1"},"canonical":"https:\/\/www.triathlon.barcelona\/es\/federacio-acell-y-challenge-barcelona-triathlon-renuevan-su-compromiso-con-el-proyecto-triatlon-sin-fronteras\/","og_locale":"es_ES","og_type":"article","og_title":"Federaci\u00f3 ACELL y Challenge Barcelona Triathlon renuevan su compromiso con el proyecto \"Triatl\u00f3n Sin Fronteras\" - Challenge Barcelona Triatl\u00f3","og_description":"Por segundo a\u00f1o consecutivo, se unen fuerzas para preparar a deportistas con necesidades especiales","og_url":"https:\/\/www.triathlon.barcelona\/es\/federacio-acell-y-challenge-barcelona-triathlon-renuevan-su-compromiso-con-el-proyecto-triatlon-sin-fronteras\/","og_site_name":"Challenge Barcelona Triatl\u00f3","article_publisher":"https:\/\/www.facebook.com\/barcelonatriathlon","article_published_time":"2024-07-17T12:36:00+00:00","article_modified_time":"2024-07-17T12:58:05+00:00","og_image":[{"width":1920,"height":1280,"url":"https:\/\/www.triathlon.barcelona\/wp-content\/uploads\/2024\/07\/240717-acell-chbcn2024.jpg","type":"image\/jpeg"}],"author":"david","twitter_card":"summary_large_image","twitter_creator":"@bcn_triathlon","twitter_site":"@bcn_triathlon","twitter_misc":{"Escrito por":"david","Tiempo de lectura":"2 minutos"},"schema":{"@context":"https:\/\/schema.org","@graph":[{"@type":"Article","@id":"https:\/\/www.triathlon.barcelona\/es\/federacio-acell-y-challenge-barcelona-triathlon-renuevan-su-compromiso-con-el-proyecto-triatlon-sin-fronteras\/#article","isPartOf":{"@id":"https:\/\/www.triathlon.barcelona\/es\/federacio-acell-y-challenge-barcelona-triathlon-renuevan-su-compromiso-con-el-proyecto-triatlon-sin-fronteras\/"},"author":{"name":"david","@id":"https:\/\/www.triathlon.barcelona\/es\/#\/schema\/person\/812f46a7af75bae5296e42e5b503d1e6"},"headline":"Federaci\u00f3 ACELL y Challenge Barcelona Triathlon renuevan su compromiso con el proyecto \u00abTriatl\u00f3n Sin Fronteras\u00bb","datePublished":"2024-07-17T12:36:00+00:00","dateModified":"2024-07-17T12:58:05+00:00","mainEntityOfPage":{"@id":"https:\/\/www.triathlon.barcelona\/es\/federacio-acell-y-challenge-barcelona-triathlon-renuevan-su-compromiso-con-el-proyecto-triatlon-sin-fronteras\/"},"wordCount":267,"publisher":{"@id":"https:\/\/www.triathlon.barcelona\/es\/#organization"},"image":{"@id":"https:\/\/www.triathlon.barcelona\/es\/federacio-acell-y-challenge-barcelona-triathlon-renuevan-su-compromiso-con-el-proyecto-triatlon-sin-fronteras\/#primaryimage"},"thumbnailUrl":"https:\/\/www.triathlon.barcelona\/wp-content\/uploads\/2024\/07\/240717-acell-chbcn2024.jpg","articleSection":["Noticias"],"inLanguage":"es"},{"@type":"WebPage","@id":"https:\/\/www.triathlon.barcelona\/es\/federacio-acell-y-challenge-barcelona-triathlon-renuevan-su-compromiso-con-el-proyecto-triatlon-sin-fronteras\/","url":"https:\/\/www.triathlon.barcelona\/es\/federacio-acell-y-challenge-barcelona-triathlon-renuevan-su-compromiso-con-el-proyecto-triatlon-sin-fronteras\/","name":"Federaci\u00f3 ACELL y Challenge Barcelona Triathlon renuevan su compromiso con el proyecto \"Triatl\u00f3n Sin Fronteras\" - Challenge Barcelona Triatl\u00f3","isPartOf":{"@id":"https:\/\/www.triathlon.barcelona\/es\/#website"},"primaryImageOfPage":{"@id":"https:\/\/www.triathlon.barcelona\/es\/federacio-acell-y-challenge-barcelona-triathlon-renuevan-su-compromiso-con-el-proyecto-triatlon-sin-fronteras\/#primaryimage"},"image":{"@id":"https:\/\/www.triathlon.barcelona\/es\/federacio-acell-y-challenge-barcelona-triathlon-renuevan-su-compromiso-con-el-proyecto-triatlon-sin-fronteras\/#primaryimage"},"thumbnailUrl":"https:\/\/www.triathlon.barcelona\/wp-content\/uploads\/2024\/07\/240717-acell-chbcn2024.jpg","datePublished":"2024-07-17T12:36:00+00:00","dateModified":"2024-07-17T12:58:05+00:00","breadcrumb":{"@id":"https:\/\/www.triathlon.barcelona\/es\/federacio-acell-y-challenge-barcelona-triathlon-renuevan-su-compromiso-con-el-proyecto-triatlon-sin-fronteras\/#breadcrumb"},"inLanguage":"es","potentialAction":[{"@type":"ReadAction","target":["https:\/\/www.triathlon.barcelona\/es\/federacio-acell-y-challenge-barcelona-triathlon-renuevan-su-compromiso-con-el-proyecto-triatlon-sin-fronteras\/"]}]},{"@type":"ImageObject","inLanguage":"es","@id":"https:\/\/www.triathlon.barcelona\/es\/federacio-acell-y-challenge-barcelona-triathlon-renuevan-su-compromiso-con-el-proyecto-triatlon-sin-fronteras\/#primaryimage","url":"https:\/\/www.triathlon.barcelona\/wp-content\/uploads\/2024\/07\/240717-acell-chbcn2024.jpg","contentUrl":"https:\/\/www.triathlon.barcelona\/wp-content\/uploads\/2024\/07\/240717-acell-chbcn2024.jpg","width":1920,"height":1280},{"@type":"BreadcrumbList","@id":"https:\/\/www.triathlon.barcelona\/es\/federacio-acell-y-challenge-barcelona-triathlon-renuevan-su-compromiso-con-el-proyecto-triatlon-sin-fronteras\/#breadcrumb","itemListElement":[{"@type":"ListItem","position":1,"name":"Inicio","item":"https:\/\/www.triathlon.barcelona\/es\/"},{"@type":"ListItem","position":2,"name":"Federaci\u00f3 ACELL y Challenge Barcelona Triathlon renuevan su compromiso con el proyecto &#8220;Triatl\u00f3n Sin Fronteras&#8221;"}]},{"@type":"WebSite","@id":"https:\/\/www.triathlon.barcelona\/es\/#website","url":"https:\/\/www.triathlon.barcelona\/es\/","name":"Challenge Barcelona Triathlon","description":"","publisher":{"@id":"https:\/\/www.triathlon.barcelona\/es\/#organization"},"alternateName":"Challenge Barcelona","potentialAction":[{"@type":"SearchAction","target":{"@type":"EntryPoint","urlTemplate":"https:\/\/www.triathlon.barcelona\/es\/?s={search_term_string}"},"query-input":{"@type":"PropertyValueSpecification","valueRequired":true,"valueName":"search_term_string"}}],"inLanguage":"es"},{"@type":"Organization","@id":"https:\/\/www.triathlon.barcelona\/es\/#organization","name":"Challenge Barcelona Triathlon","alternateName":"Challenge Barcelona","url":"https:\/\/www.triathlon.barcelona\/es\/","logo":{"@type":"ImageObject","inLanguage":"es","@id":"https:\/\/www.triathlon.barcelona\/es\/#\/schema\/logo\/image\/","url":"https:\/\/www.triathlon.barcelona\/wp-content\/uploads\/2024\/06\/logo-challenge-barcelona.png","contentUrl":"https:\/\/www.triathlon.barcelona\/wp-content\/uploads\/2024\/06\/logo-challenge-barcelona.png","width":3209,"height":729,"caption":"Challenge Barcelona Triathlon"},"image":{"@id":"https:\/\/www.triathlon.barcelona\/es\/#\/schema\/logo\/image\/"},"sameAs":["https:\/\/www.facebook.com\/barcelonatriathlon","https:\/\/x.com\/bcn_triathlon","https:\/\/www.instagram.com\/barcelonatriathlon\/"]},{"@type":"Person","@id":"https:\/\/www.triathlon.barcelona\/es\/#\/schema\/person\/812f46a7af75bae5296e42e5b503d1e6","name":"david","image":{"@type":"ImageObject","inLanguage":"es","@id":"https:\/\/www.triathlon.barcelona\/es\/#\/schema\/person\/image\/","url":"https:\/\/secure.gravatar.com\/avatar\/f3b6b2a94c48d199ba05b31c711ca66bc5650a0dc06074dd63ae046df043d8e8?s=96&d=mm&r=g","contentUrl":"https:\/\/secure.gravatar.com\/avatar\/f3b6b2a94c48d199ba05b31c711ca66bc5650a0dc06074dd63ae046df043d8e8?s=96&d=mm&r=g","caption":"david"},"sameAs":["https:\/\/www.triathlon.barcelona"],"url":"https:\/\/www.triathlon.barcelona\/es\/author\/david\/"}]}},"_links":{"self":[{"href":"https:\/\/www.triathlon.barcelona\/es\/wp-json\/wp\/v2\/posts\/9439","targetHints":{"allow":["GET"]}}],"collection":[{"href":"https:\/\/www.triathlon.barcelona\/es\/wp-json\/wp\/v2\/posts"}],"about":[{"href":"https:\/\/www.triathlon.barcelona\/es\/wp-json\/wp\/v2\/types\/post"}],"author":[{"embeddable":true,"href":"https:\/\/www.triathlon.barcelona\/es\/wp-json\/wp\/v2\/users\/1"}],"replies":[{"embeddable":true,"href":"https:\/\/www.triathlon.barcelona\/es\/wp-json\/wp\/v2\/comments?post=9439"}],"version-history":[{"count":1,"href":"https:\/\/www.triathlon.barcelona\/es\/wp-json\/wp\/v2\/posts\/9439\/revisions"}],"predecessor-version":[{"id":9440,"href":"https:\/\/www.triathlon.barcelona\/es\/wp-json\/wp\/v2\/posts\/9439\/revisions\/9440"}],"wp:featuredmedia":[{"embeddable":true,"href":"https:\/\/www.triathlon.barcelona\/es\/wp-json\/wp\/v2\/media\/9429"}],"wp:attachment":[{"href":"https:\/\/www.triathlon.barcelona\/es\/wp-json\/wp\/v2\/media?parent=9439"}],"wp:term":[{"taxonomy":"category","embeddable":true,"href":"https:\/\/www.triathlon.barcelona\/es\/wp-json\/wp\/v2\/categories?post=9439"},{"taxonomy":"post_tag","embeddable":true,"href":"https:\/\/www.triathlon.barcelona\/es\/wp-json\/wp\/v2\/tags?post=9439"}],"curies":[{"name":"wp","href":"https:\/\/api.w.org\/{rel}","templated":true}]}}